{"id":8255,"date":"2025-08-16T09:09:36","date_gmt":"2025-08-16T07:09:36","guid":{"rendered":"https:\/\/veritasinfo.org\/?p=8255"},"modified":"2025-08-16T09:09:36","modified_gmt":"2025-08-16T07:09:36","slug":"perleshje-mes-protestuesve-dhe-policise-ne-serbi","status":"publish","type":"post","link":"https:\/\/veritasinfo.org\/?p=8255","title":{"rendered":"P\u00ebrleshje mes protestuesve dhe policis\u00eb n\u00eb Serbi"},"content":{"rendered":"<p>Beograd, 16 Gusht 2025<\/p>\n<p>Protesta antiqeveritare n\u00eb Serbi u mbajt\u00ebn edhe t\u00eb premten mbr\u00ebma n\u00eb disa qytete serbe. Gjat\u00eb protestave jan\u00eb sh\u00ebnuar incidente.<\/p>\n<p>N\u00eb qend\u00ebr t\u00eb Beogradit, xhandarm\u00ebria u p\u00ebrplas me demonstruesit antiqeveritar\u00eb, nd\u00ebrsa p\u00ebrleshje pati edhe n\u00eb Bulevardin e Mbretit Aleksand\u00ebr.<\/p>\n<p>Protestuesit hodh\u00ebn mjete piroteknike dhe dogj\u00ebn kontejner\u00eb. Policia u p\u00ebrgjigj me gaz lotsjell\u00ebs dhe i shp\u00ebrndau demonstruesit me automjete t\u00eb blinduara.<\/p>\n<p>Gjat\u00eb protestave raportohet se ka t\u00eb l\u00ebnduar.<\/p>\n<p>N\u00eb protestat e organizuara dit\u00ebve t\u00eb kaluara ka pasur p\u00ebrplasje t\u00eb ashpra mes demonstruesve antiqeveritar\u00eb dhe aktivist\u00ebve t\u00eb SNS-s\u00eb, t\u00eb cil\u00ebt i kan\u00eb goditur protestuesit me mjete piroteknike.<\/p>\n<p>Protestat antiqeveritare t\u00eb udh\u00ebhequra nga student\u00ebt kan\u00eb vazhduar n\u00eb Serbi p\u00ebr m\u00eb shum\u00eb se n\u00ebnt\u00eb muaj. Protestuesit k\u00ebrkojn\u00eb q\u00eb autoritetet t\u00eb mbajn\u00eb p\u00ebrgjegj\u00ebsi p\u00ebr vdekjen e 16 nga shembja e nj\u00eb strehe betoni n\u00eb stacionin e trenit n\u00eb Novi Sad, m\u00eb 1 n\u00ebntor 2024.<\/p>\n<p>N\u00eb Novi Sad, protesta p\u00ebrfundoi zyrtarisht rreth or\u00ebs 22:30 dhe tubimi kaloi i qet\u00eb.<\/p>\n<p>Protestat antiqeveritare u organizuan si reagim ndaj sulmeve t\u00eb mb\u00ebshtet\u00ebsve t\u00eb Partis\u00eb Progresive Serbe (SNS) ndaj kund\u00ebrshtar\u00ebve t\u00eb pushtetit n\u00eb dy qytete t\u00eb Vojvodin\u00ebs \u2013 n\u00eb V\u00ebrbas dhe Ba\u00e7ka Palank\u00eb \u2013 m\u00eb 12 gusht.<\/p>\n<p>Qeveria serbe mohon p\u00ebrgjegj\u00ebsin\u00eb p\u00ebr aksidentin dhe refuzon t\u00eb shpall\u00eb zgjedhje t\u00eb parakohshme, nj\u00eb nga k\u00ebrkesat e fundit t\u00eb organizator\u00ebve t\u00eb protestave masive.<\/p>\n<p>&nbsp;<\/p>\n","protected":false},"excerpt":{"rendered":"<p>Beograd, 16 Gusht 2025 Protesta antiqeveritare n\u00eb Serbi u mbajt\u00ebn edhe t\u00eb premten mbr\u00ebma n\u00eb disa qytete serbe. Gjat\u00eb protestave jan\u00eb sh\u00ebnuar incidente. N\u00eb qend\u00ebr<\/p>\n","protected":false},"author":1,"featured_media":8256,"comment_status":"open","ping_status":"open","sticky":false,"template":"","format":"standard","meta":{"footnotes":""},"categories":[72],"tags":[],"class_list":["post-8255","post","type-post","status-publish","format-standard","has-post-thumbnail","hentry","category-bota"],"yoast_head":"<!-- This site is optimized with the Yoast SEO plugin v25.3.1 - https:\/\/yoast.com\/wordpress\/plugins\/seo\/ -->\n<title>P\u00ebrleshje mes protestuesve dhe policis\u00eb n\u00eb Serbi -<\/title>\n<meta name=\"robots\" content=\"index, follow, max-snippet:-1, max-image-preview:large, max-video-preview:-1\" \/>\n<link rel=\"canonical\" href=\"https:\/\/veritasinfo.org\/?p=8255\" \/>\n<meta property=\"og:locale\" content=\"en_US\" \/>\n<meta property=\"og:type\" content=\"article\" \/>\n<meta property=\"og:title\" content=\"P\u00ebrleshje mes protestuesve dhe policis\u00eb n\u00eb Serbi -\" \/>\n<meta property=\"og:description\" content=\"Beograd, 16 Gusht 2025 Protesta antiqeveritare n\u00eb Serbi u mbajt\u00ebn edhe t\u00eb premten mbr\u00ebma n\u00eb disa qytete serbe. Gjat\u00eb protestave jan\u00eb sh\u00ebnuar incidente. N\u00eb qend\u00ebr\" \/>\n<meta property=\"og:url\" content=\"https:\/\/veritasinfo.org\/?p=8255\" \/>\n<meta property=\"article:published_time\" content=\"2025-08-16T07:09:36+00:00\" \/>\n<meta property=\"og:image\" content=\"https:\/\/veritasinfo.org\/wp-content\/uploads\/2025\/08\/IMG_3209.png\" \/>\n\t<meta property=\"og:image:width\" content=\"900\" \/>\n\t<meta property=\"og:image:height\" content=\"498\" \/>\n\t<meta property=\"og:image:type\" content=\"image\/png\" \/>\n<meta name=\"author\" content=\"admin\" \/>\n<meta name=\"twitter:card\" content=\"summary_large_image\" \/>\n<meta name=\"twitter:label1\" content=\"Written by\" \/>\n\t<meta name=\"twitter:data1\" content=\"admin\" \/>\n\t<meta name=\"twitter:label2\" content=\"Est. reading time\" \/>\n\t<meta name=\"twitter:data2\" content=\"2 minutes\" \/>\n<script type=\"application\/ld+json\" class=\"yoast-schema-graph\">{\"@context\":\"https:\/\/schema.org\",\"@graph\":[{\"@type\":\"WebPage\",\"@id\":\"https:\/\/veritasinfo.org\/?p=8255\",\"url\":\"https:\/\/veritasinfo.org\/?p=8255\",\"name\":\"P\u00ebrleshje mes protestuesve dhe policis\u00eb n\u00eb Serbi -\",\"isPartOf\":{\"@id\":\"https:\/\/veritasinfo.org\/#website\"},\"primaryImageOfPage\":{\"@id\":\"https:\/\/veritasinfo.org\/?p=8255#primaryimage\"},\"image\":{\"@id\":\"https:\/\/veritasinfo.org\/?p=8255#primaryimage\"},\"thumbnailUrl\":\"https:\/\/veritasinfo.org\/wp-content\/uploads\/2025\/08\/IMG_3209.png\",\"datePublished\":\"2025-08-16T07:09:36+00:00\",\"author\":{\"@id\":\"https:\/\/veritasinfo.org\/#\/schema\/person\/7701f8c088bece422266b100a712374f\"},\"breadcrumb\":{\"@id\":\"https:\/\/veritasinfo.org\/?p=8255#breadcrumb\"},\"inLanguage\":\"en-US\",\"potentialAction\":[{\"@type\":\"ReadAction\",\"target\":[\"https:\/\/veritasinfo.org\/?p=8255\"]}]},{\"@type\":\"ImageObject\",\"inLanguage\":\"en-US\",\"@id\":\"https:\/\/veritasinfo.org\/?p=8255#primaryimage\",\"url\":\"https:\/\/veritasinfo.org\/wp-content\/uploads\/2025\/08\/IMG_3209.png\",\"contentUrl\":\"https:\/\/veritasinfo.org\/wp-content\/uploads\/2025\/08\/IMG_3209.png\",\"width\":900,\"height\":498},{\"@type\":\"BreadcrumbList\",\"@id\":\"https:\/\/veritasinfo.org\/?p=8255#breadcrumb\",\"itemListElement\":[{\"@type\":\"ListItem\",\"position\":1,\"name\":\"Home\",\"item\":\"https:\/\/veritasinfo.org\/\"},{\"@type\":\"ListItem\",\"position\":2,\"name\":\"P\u00ebrleshje mes protestuesve dhe policis\u00eb n\u00eb Serbi\"}]},{\"@type\":\"WebSite\",\"@id\":\"https:\/\/veritasinfo.org\/#website\",\"url\":\"https:\/\/veritasinfo.org\/\",\"name\":\"\",\"description\":\"\",\"potentialAction\":[{\"@type\":\"SearchAction\",\"target\":{\"@type\":\"EntryPoint\",\"urlTemplate\":\"https:\/\/veritasinfo.org\/?s={search_term_string}\"},\"query-input\":{\"@type\":\"PropertyValueSpecification\",\"valueRequired\":true,\"valueName\":\"search_term_string\"}}],\"inLanguage\":\"en-US\"},{\"@type\":\"Person\",\"@id\":\"https:\/\/veritasinfo.org\/#\/schema\/person\/7701f8c088bece422266b100a712374f\",\"name\":\"admin\",\"image\":{\"@type\":\"ImageObject\",\"inLanguage\":\"en-US\",\"@id\":\"https:\/\/veritasinfo.org\/#\/schema\/person\/image\/\",\"url\":\"https:\/\/secure.gravatar.com\/avatar\/ea53aa3bf6c9a12d5fde8ce4deff43fef3885ae33cf60184161a50d6987cfd2f?s=96&d=mm&r=g\",\"contentUrl\":\"https:\/\/secure.gravatar.com\/avatar\/ea53aa3bf6c9a12d5fde8ce4deff43fef3885ae33cf60184161a50d6987cfd2f?s=96&d=mm&r=g\",\"caption\":\"admin\"},\"sameAs\":[\"https:\/\/veritasinfo.org\"],\"url\":\"https:\/\/veritasinfo.org\/?author=1\"}]}<\/script>\n<!-- \/ Yoast SEO plugin. -->","yoast_head_json":{"title":"P\u00ebrleshje mes protestuesve dhe policis\u00eb n\u00eb Serbi -","robots":{"index":"index","follow":"follow","max-snippet":"max-snippet:-1","max-image-preview":"max-image-preview:large","max-video-preview":"max-video-preview:-1"},"canonical":"https:\/\/veritasinfo.org\/?p=8255","og_locale":"en_US","og_type":"article","og_title":"P\u00ebrleshje mes protestuesve dhe policis\u00eb n\u00eb Serbi -","og_description":"Beograd, 16 Gusht 2025 Protesta antiqeveritare n\u00eb Serbi u mbajt\u00ebn edhe t\u00eb premten mbr\u00ebma n\u00eb disa qytete serbe. Gjat\u00eb protestave jan\u00eb sh\u00ebnuar incidente. N\u00eb qend\u00ebr","og_url":"https:\/\/veritasinfo.org\/?p=8255","article_published_time":"2025-08-16T07:09:36+00:00","og_image":[{"width":900,"height":498,"url":"https:\/\/veritasinfo.org\/wp-content\/uploads\/2025\/08\/IMG_3209.png","type":"image\/png"}],"author":"admin","twitter_card":"summary_large_image","twitter_misc":{"Written by":"admin","Est. reading time":"2 minutes"},"schema":{"@context":"https:\/\/schema.org","@graph":[{"@type":"WebPage","@id":"https:\/\/veritasinfo.org\/?p=8255","url":"https:\/\/veritasinfo.org\/?p=8255","name":"P\u00ebrleshje mes protestuesve dhe policis\u00eb n\u00eb Serbi -","isPartOf":{"@id":"https:\/\/veritasinfo.org\/#website"},"primaryImageOfPage":{"@id":"https:\/\/veritasinfo.org\/?p=8255#primaryimage"},"image":{"@id":"https:\/\/veritasinfo.org\/?p=8255#primaryimage"},"thumbnailUrl":"https:\/\/veritasinfo.org\/wp-content\/uploads\/2025\/08\/IMG_3209.png","datePublished":"2025-08-16T07:09:36+00:00","author":{"@id":"https:\/\/veritasinfo.org\/#\/schema\/person\/7701f8c088bece422266b100a712374f"},"breadcrumb":{"@id":"https:\/\/veritasinfo.org\/?p=8255#breadcrumb"},"inLanguage":"en-US","potentialAction":[{"@type":"ReadAction","target":["https:\/\/veritasinfo.org\/?p=8255"]}]},{"@type":"ImageObject","inLanguage":"en-US","@id":"https:\/\/veritasinfo.org\/?p=8255#primaryimage","url":"https:\/\/veritasinfo.org\/wp-content\/uploads\/2025\/08\/IMG_3209.png","contentUrl":"https:\/\/veritasinfo.org\/wp-content\/uploads\/2025\/08\/IMG_3209.png","width":900,"height":498},{"@type":"BreadcrumbList","@id":"https:\/\/veritasinfo.org\/?p=8255#breadcrumb","itemListElement":[{"@type":"ListItem","position":1,"name":"Home","item":"https:\/\/veritasinfo.org\/"},{"@type":"ListItem","position":2,"name":"P\u00ebrleshje mes protestuesve dhe policis\u00eb n\u00eb Serbi"}]},{"@type":"WebSite","@id":"https:\/\/veritasinfo.org\/#website","url":"https:\/\/veritasinfo.org\/","name":"","description":"","potentialAction":[{"@type":"SearchAction","target":{"@type":"EntryPoint","urlTemplate":"https:\/\/veritasinfo.org\/?s={search_term_string}"},"query-input":{"@type":"PropertyValueSpecification","valueRequired":true,"valueName":"search_term_string"}}],"inLanguage":"en-US"},{"@type":"Person","@id":"https:\/\/veritasinfo.org\/#\/schema\/person\/7701f8c088bece422266b100a712374f","name":"admin","image":{"@type":"ImageObject","inLanguage":"en-US","@id":"https:\/\/veritasinfo.org\/#\/schema\/person\/image\/","url":"https:\/\/secure.gravatar.com\/avatar\/ea53aa3bf6c9a12d5fde8ce4deff43fef3885ae33cf60184161a50d6987cfd2f?s=96&d=mm&r=g","contentUrl":"https:\/\/secure.gravatar.com\/avatar\/ea53aa3bf6c9a12d5fde8ce4deff43fef3885ae33cf60184161a50d6987cfd2f?s=96&d=mm&r=g","caption":"admin"},"sameAs":["https:\/\/veritasinfo.org"],"url":"https:\/\/veritasinfo.org\/?author=1"}]}},"featured_image_urls":{"full":["https:\/\/veritasinfo.org\/wp-content\/uploads\/2025\/08\/IMG_3209.png",900,498,false],"thumbnail":["https:\/\/veritasinfo.org\/wp-content\/uploads\/2025\/08\/IMG_3209-150x150.png",150,150,true],"medium":["https:\/\/veritasinfo.org\/wp-content\/uploads\/2025\/08\/IMG_3209-300x166.png",300,166,true],"medium_large":["https:\/\/veritasinfo.org\/wp-content\/uploads\/2025\/08\/IMG_3209-768x425.png",640,354,true],"large":["https:\/\/veritasinfo.org\/wp-content\/uploads\/2025\/08\/IMG_3209.png",640,354,false],"1536x1536":["https:\/\/veritasinfo.org\/wp-content\/uploads\/2025\/08\/IMG_3209.png",900,498,false],"2048x2048":["https:\/\/veritasinfo.org\/wp-content\/uploads\/2025\/08\/IMG_3209.png",900,498,false],"kreeti-slider-full":["https:\/\/veritasinfo.org\/wp-content\/uploads\/2025\/08\/IMG_3209.png",900,498,false],"kreeti-featured":["https:\/\/veritasinfo.org\/wp-content\/uploads\/2025\/08\/IMG_3209.png",900,498,false],"kreeti-medium":["https:\/\/veritasinfo.org\/wp-content\/uploads\/2025\/08\/IMG_3209.png",720,398,false],"kreeti-medium-square":["https:\/\/veritasinfo.org\/wp-content\/uploads\/2025\/08\/IMG_3209.png",350,194,false]},"author_info":{"info":["admin"]},"category_info":"<a href=\"https:\/\/veritasinfo.org\/?cat=72\" rel=\"category\">Bota<\/a>","tag_info":"Bota","comment_count":"0","_links":{"self":[{"href":"https:\/\/veritasinfo.org\/index.php?rest_route=\/wp\/v2\/posts\/8255","targetHints":{"allow":["GET"]}}],"collection":[{"href":"https:\/\/veritasinfo.org\/index.php?rest_route=\/wp\/v2\/posts"}],"about":[{"href":"https:\/\/veritasinfo.org\/index.php?rest_route=\/wp\/v2\/types\/post"}],"author":[{"embeddable":true,"href":"https:\/\/veritasinfo.org\/index.php?rest_route=\/wp\/v2\/users\/1"}],"replies":[{"embeddable":true,"href":"https:\/\/veritasinfo.org\/index.php?rest_route=%2Fwp%2Fv2%2Fcomments&post=8255"}],"version-history":[{"count":1,"href":"https:\/\/veritasinfo.org\/index.php?rest_route=\/wp\/v2\/posts\/8255\/revisions"}],"predecessor-version":[{"id":8257,"href":"https:\/\/veritasinfo.org\/index.php?rest_route=\/wp\/v2\/posts\/8255\/revisions\/8257"}],"wp:featuredmedia":[{"embeddable":true,"href":"https:\/\/veritasinfo.org\/index.php?rest_route=\/wp\/v2\/media\/8256"}],"wp:attachment":[{"href":"https:\/\/veritasinfo.org\/index.php?rest_route=%2Fwp%2Fv2%2Fmedia&parent=8255"}],"wp:term":[{"taxonomy":"category","embeddable":true,"href":"https:\/\/veritasinfo.org\/index.php?rest_route=%2Fwp%2Fv2%2Fcategories&post=8255"},{"taxonomy":"post_tag","embeddable":true,"href":"https:\/\/veritasinfo.org\/index.php?rest_route=%2Fwp%2Fv2%2Ftags&post=8255"}],"curies":[{"name":"wp","href":"https:\/\/api.w.org\/{rel}","templated":true}]}}