{"id":8241,"date":"2025-08-16T08:46:35","date_gmt":"2025-08-16T06:46:35","guid":{"rendered":"https:\/\/veritasinfo.org\/?p=8241"},"modified":"2025-08-16T08:46:35","modified_gmt":"2025-08-16T06:46:35","slug":"zyra-e-be-se-ne-kosove-dhe-misioni-i-osbe-se-mirepriten-vendimin-e-qeverise-per-miratimin-e-kredise-per-rtk-ne","status":"publish","type":"post","link":"https:\/\/veritasinfo.org\/?p=8241","title":{"rendered":"Zyra e BE-s\u00eb n\u00eb Kosov\u00eb dhe Misioni i OSBE-s\u00eb mir\u00ebprit\u00ebn vendimin e Qeveris\u00eb p\u00ebr miratimin e kredis\u00eb p\u00ebr RTK-n\u00eb"},"content":{"rendered":"<p>Prishtin\u00eb, 16 Gusht 2025<\/p>\n<p>Zyra e Bashkimit Europian n\u00eb Kosov\u00eb dhe Misioni i OSBE-s\u00eb e kan\u00eb mir\u00ebpritur <a href=\"https:\/\/kallxo.com\/lajm\/qeveria-ne-detyre-e-miraton-ne-parim-kerkesen-per-kredi-ne-vlere-2-5-milione-euro-te-bere-nga-rtk-ja\/\">miratimin n\u00eb parim<\/a> nga Qeveria n\u00eb detyr\u00eb t\u00eb k\u00ebrkes\u00ebs s\u00eb Radiotelevizionit t\u00eb Kosov\u00ebs p\u00ebr kredi deri n\u00eb 2,540,000 euro.<\/p>\n<p>BE-ja n\u00eb Kosov\u00eb ka vler\u00ebsuar se ky vendim i Qeveris\u00eb n\u00eb detyr\u00eb \u00ebsht\u00eb nj\u00eb hap i r\u00ebnd\u00ebsish\u00ebm \u00a0p\u00ebr t\u00eb siguruar vazhdim\u00ebsin\u00eb e RTK-s\u00eb dhe t\u00eb drejt\u00ebn e publikut p\u00ebr informacion.<\/p>\n<p>\u201cBE-ja b\u00ebn thirrje p\u00ebr miratimin e shpejt\u00eb t\u00eb Ligjit p\u00ebr RTK-n\u00eb p\u00ebr t\u00eb siguruar financim t\u00eb q\u00ebndruesh\u00ebm dhe stabilitet financiar.\u201d \u2013 thuhet n\u00eb <a href=\"https:\/\/www.facebook.com\/share\/p\/1SJPySVWtG\/\">reagimin e Zyr\u00ebs s\u00eb BE-s\u00eb<\/a>n\u00eb Kosov\u00eb.<\/p>\n<p>Kurse, Misioni i OSBE-s\u00eb n\u00eb Kosov\u00eb vler\u00ebson se RTK \u2013 si transmetues publik \u2013 ka nj\u00eb rol jetik p\u00ebr t\u00eb luajtur, duke mund\u00ebsuar lirin\u00eb e shprehjes, debatin demokratik dhe ofrimin e informacionit t\u00eb paansh\u00ebm p\u00ebr t\u00eb gjitha komunitetet.<\/p>\n<p>\u201cVazhdimi i funksionimit t\u00eb saj [RTK-s\u00eb] \u00ebsht\u00eb thelb\u00ebsor p\u00ebr jet\u00ebn demokratike dhe besueshm\u00ebrin\u00eb e Kosov\u00ebs, qeverisjen transparente dhe pozit\u00ebn e saj n\u00eb fush\u00ebn e medias. Si hap i m\u00ebtejsh\u00ebm, ne inkurajojm\u00eb nd\u00ebrmarrjen e veprimeve drejt nj\u00eb modeli t\u00eb q\u00ebndruesh\u00ebm dhe transparent t\u00eb financimit, q\u00eb garanton pavar\u00ebsin\u00eb e RTK-s\u00eb dhe rolin e saj si sh\u00ebrbim publik.\u201d \u2013 thuhet n\u00eb<a href=\"https:\/\/www.facebook.com\/100083306562304\/posts\/739571525496393\/?rdid=Ppw4sji5qhZwvuDD#\"> reagimin e Misionit t\u00eb OSBE-s\u00eb<\/a>.<\/p>\n<p>Edhe Asociacioni i Gazetar\u00ebve t\u00eb Kosov\u00ebs (AGK) e ka mir\u00ebpritur vendimin e Qeveris\u00eb n\u00eb detyr\u00eb p\u00ebrmes t\u00eb cilit miratoi n\u00eb parim k\u00ebrkes\u00ebn e RTK-s\u00eb p\u00ebr huamarrje.<\/p>\n<p>Sipas AGK-s\u00eb, n\u00ebp\u00ebrmjet k\u00ebtij vendimi mund\u00ebsohet funksionimi n\u00eb s\u00eb paku 3 muajt e ardhsh\u00ebm p\u00ebr RTK-n\u00eb, dhe ekzekutimi i pagave p\u00ebr 700 punonj\u00ebsit e saj.<\/p>\n<p>\u201cAGK-ja ka q\u00ebndruar pran\u00eb gazetar\u00ebve dhe punonj\u00ebsve t\u00eb tjer\u00eb t\u00eb RTK-s\u00eb q\u00eb prej fillimit dhe i p\u00ebrg\u00ebzon ata p\u00ebr kryerjen e detyrave me gjith\u00eb presionin financiar. AGK-ja e fton Qeverin\u00eb n\u00eb detyr\u00eb t\u00eb Kosov\u00ebs, dhe partin\u00eb politike q\u00eb e udh\u00ebheq at\u00eb, Vet\u00ebvendosje q\u00eb t\u00eb ndaloj\u00eb presionin e vazhduesh\u00ebm politik ndaj RTK-s\u00eb, t\u00eb ushtruar n\u00eb forma t\u00eb ndryshme.\u201d \u2013 thuhet n\u00eb <a href=\"https:\/\/www.facebook.com\/share\/p\/15WE6HTR3g\/\">reagimin<\/a> e AGK-s\u00eb.<\/p>\n<p>Miratimin e k\u00ebrkes\u00ebs s\u00eb RTK-s\u00eb Qeveria n\u00eb detyr\u00eb e Kosov\u00ebs e ka b\u00ebr\u00eb n\u00eb mbledhjen elektronike q\u00eb ka mbajtur t\u00eb premten, m\u00eb 15.08.2025.<\/p>\n<p>Gjat\u00eb dit\u00ebs, m\u00eb 15.08.2025, Hysen Hundozi, ushtruesi i detyr\u00ebs s\u00eb drejtorit t\u00eb p\u00ebrgjithsh\u00ebm t\u00eb RTK-s\u00eb, <a href=\"https:\/\/www.facebook.com\/share\/p\/1A8DMEUzxs\/\">njoftoi<\/a> n\u00eb Facebook se p\u00ebr shkak t\u00eb munges\u00ebs s\u00eb buxhetit t\u00eb RTK-s\u00eb, rrjedhimisht munges\u00ebs s\u00eb pagave p\u00ebr rreth 700 pun\u00ebtor\u00eb t\u00eb mediumit publik, kan\u00eb vendosur t\u00eb aplikojn\u00eb p\u00ebr kredi n\u00eb Ministrin\u00eb e Financave.<\/p>\n<p>Hundozi u \u00ebsht\u00eb drejtuar koleg\u00ebve t\u00eb tij duke u th\u00ebn\u00eb se menaxhmenti i RTK-s\u00eb nuk \u00ebsht\u00eb ndalur s\u00eb kontaktuari institucionet vendore e nd\u00ebrkomb\u00ebtare p\u00ebr t\u00eb gjetur nj\u00eb zgjidhje alternative p\u00ebr tejkalim t\u00eb situat\u00ebs.<\/p>\n<p>\u201cP\u00ebr shkak t\u00eb pamund\u00ebsis\u00eb p\u00ebr t\u00eb komunikuar drejtp\u00ebrdrejt me themeluesin ton\u00eb, Kuvendin e Kosov\u00ebs, ne iu kemi drejtuar Qeveris\u00eb s\u00eb Republik\u00ebs s\u00eb Kosov\u00ebs, me t\u00eb cil\u00ebn kemi shqyrtuar t\u00eb gjitha mund\u00ebsit\u00eb p\u00ebr tejkalimin e gjendjes\u201d \u2013 ka shkruar mes tjerash Hundozi.<\/p>\n<p>Sipas tij, jan\u00eb shqyrtuar alternativa t\u00eb shumta deri n\u00eb arritjen e nj\u00eb modaliteti t\u00eb ligjsh\u00ebm q\u00eb mund\u00ebson ndihm\u00ebn e Qeveris\u00eb p\u00ebr RTK-n\u00eb deri n\u00eb konstituim t\u00eb Kuvendit.<\/p>\n<p>\u201cK\u00ebrkesa jon\u00eb zyrtare p\u00ebr kredi \u00ebsht\u00eb dor\u00ebzuar n\u00eb Ministrin\u00eb e Financave dhe ajo po trajtohet me prioritet. Presim q\u00eb shum\u00eb shpejt ajo t\u00eb realizohet, n\u00eb m\u00ebnyr\u00eb q\u00eb ne t\u00eb vazhdojm\u00eb normalisht pun\u00ebn ton\u00eb\u201d \u2013 ka deklaruar Hundozi.<\/p>\n<p>&nbsp;<\/p>\n","protected":false},"excerpt":{"rendered":"<p>Prishtin\u00eb, 16 Gusht 2025 Zyra e Bashkimit Europian n\u00eb Kosov\u00eb dhe Misioni i OSBE-s\u00eb e kan\u00eb mir\u00ebpritur miratimin n\u00eb parim nga Qeveria n\u00eb detyr\u00eb t\u00eb<\/p>\n","protected":false},"author":1,"featured_media":8243,"comment_status":"open","ping_status":"open","sticky":false,"template":"","format":"standard","meta":{"footnotes":""},"categories":[60],"tags":[],"class_list":["post-8241","post","type-post","status-publish","format-standard","has-post-thumbnail","hentry","category-shoqerore-sq"],"yoast_head":"<!-- This site is optimized with the Yoast SEO plugin v25.3.1 - https:\/\/yoast.com\/wordpress\/plugins\/seo\/ -->\n<title>Zyra e BE-s\u00eb n\u00eb Kosov\u00eb dhe Misioni i OSBE-s\u00eb mir\u00ebprit\u00ebn vendimin e Qeveris\u00eb p\u00ebr miratimin e kredis\u00eb p\u00ebr RTK-n\u00eb -<\/title>\n<meta name=\"robots\" content=\"index, follow, max-snippet:-1, max-image-preview:large, max-video-preview:-1\" \/>\n<link rel=\"canonical\" href=\"https:\/\/veritasinfo.org\/?p=8241\" \/>\n<meta property=\"og:locale\" content=\"en_US\" \/>\n<meta property=\"og:type\" content=\"article\" \/>\n<meta property=\"og:title\" content=\"Zyra e BE-s\u00eb n\u00eb Kosov\u00eb dhe Misioni i OSBE-s\u00eb mir\u00ebprit\u00ebn vendimin e Qeveris\u00eb p\u00ebr miratimin e kredis\u00eb p\u00ebr RTK-n\u00eb -\" \/>\n<meta property=\"og:description\" content=\"Prishtin\u00eb, 16 Gusht 2025 Zyra e Bashkimit Europian n\u00eb Kosov\u00eb dhe Misioni i OSBE-s\u00eb e kan\u00eb mir\u00ebpritur miratimin n\u00eb parim nga Qeveria n\u00eb detyr\u00eb t\u00eb\" \/>\n<meta property=\"og:url\" content=\"https:\/\/veritasinfo.org\/?p=8241\" \/>\n<meta property=\"article:published_time\" content=\"2025-08-16T06:46:35+00:00\" \/>\n<meta property=\"og:image\" content=\"https:\/\/veritasinfo.org\/wp-content\/uploads\/2025\/08\/IMG_3207.jpeg\" \/>\n\t<meta property=\"og:image:width\" content=\"720\" \/>\n\t<meta property=\"og:image:height\" content=\"378\" \/>\n\t<meta property=\"og:image:type\" content=\"image\/jpeg\" \/>\n<meta name=\"author\" content=\"admin\" \/>\n<meta name=\"twitter:card\" content=\"summary_large_image\" \/>\n<meta name=\"twitter:label1\" content=\"Written by\" \/>\n\t<meta name=\"twitter:data1\" content=\"admin\" \/>\n\t<meta name=\"twitter:label2\" content=\"Est. reading time\" \/>\n\t<meta name=\"twitter:data2\" content=\"3 minutes\" \/>\n<script type=\"application\/ld+json\" class=\"yoast-schema-graph\">{\"@context\":\"https:\/\/schema.org\",\"@graph\":[{\"@type\":\"WebPage\",\"@id\":\"https:\/\/veritasinfo.org\/?p=8241\",\"url\":\"https:\/\/veritasinfo.org\/?p=8241\",\"name\":\"Zyra e BE-s\u00eb n\u00eb Kosov\u00eb dhe Misioni i OSBE-s\u00eb mir\u00ebprit\u00ebn vendimin e Qeveris\u00eb p\u00ebr miratimin e kredis\u00eb p\u00ebr RTK-n\u00eb -\",\"isPartOf\":{\"@id\":\"https:\/\/veritasinfo.org\/#website\"},\"primaryImageOfPage\":{\"@id\":\"https:\/\/veritasinfo.org\/?p=8241#primaryimage\"},\"image\":{\"@id\":\"https:\/\/veritasinfo.org\/?p=8241#primaryimage\"},\"thumbnailUrl\":\"https:\/\/veritasinfo.org\/wp-content\/uploads\/2025\/08\/IMG_3207.jpeg\",\"datePublished\":\"2025-08-16T06:46:35+00:00\",\"author\":{\"@id\":\"https:\/\/veritasinfo.org\/#\/schema\/person\/7701f8c088bece422266b100a712374f\"},\"breadcrumb\":{\"@id\":\"https:\/\/veritasinfo.org\/?p=8241#breadcrumb\"},\"inLanguage\":\"en-US\",\"potentialAction\":[{\"@type\":\"ReadAction\",\"target\":[\"https:\/\/veritasinfo.org\/?p=8241\"]}]},{\"@type\":\"ImageObject\",\"inLanguage\":\"en-US\",\"@id\":\"https:\/\/veritasinfo.org\/?p=8241#primaryimage\",\"url\":\"https:\/\/veritasinfo.org\/wp-content\/uploads\/2025\/08\/IMG_3207.jpeg\",\"contentUrl\":\"https:\/\/veritasinfo.org\/wp-content\/uploads\/2025\/08\/IMG_3207.jpeg\",\"width\":720,\"height\":378},{\"@type\":\"BreadcrumbList\",\"@id\":\"https:\/\/veritasinfo.org\/?p=8241#breadcrumb\",\"itemListElement\":[{\"@type\":\"ListItem\",\"position\":1,\"name\":\"Home\",\"item\":\"https:\/\/veritasinfo.org\/\"},{\"@type\":\"ListItem\",\"position\":2,\"name\":\"Zyra e BE-s\u00eb n\u00eb Kosov\u00eb dhe Misioni i OSBE-s\u00eb mir\u00ebprit\u00ebn vendimin e Qeveris\u00eb p\u00ebr miratimin e kredis\u00eb p\u00ebr RTK-n\u00eb\"}]},{\"@type\":\"WebSite\",\"@id\":\"https:\/\/veritasinfo.org\/#website\",\"url\":\"https:\/\/veritasinfo.org\/\",\"name\":\"\",\"description\":\"\",\"potentialAction\":[{\"@type\":\"SearchAction\",\"target\":{\"@type\":\"EntryPoint\",\"urlTemplate\":\"https:\/\/veritasinfo.org\/?s={search_term_string}\"},\"query-input\":{\"@type\":\"PropertyValueSpecification\",\"valueRequired\":true,\"valueName\":\"search_term_string\"}}],\"inLanguage\":\"en-US\"},{\"@type\":\"Person\",\"@id\":\"https:\/\/veritasinfo.org\/#\/schema\/person\/7701f8c088bece422266b100a712374f\",\"name\":\"admin\",\"image\":{\"@type\":\"ImageObject\",\"inLanguage\":\"en-US\",\"@id\":\"https:\/\/veritasinfo.org\/#\/schema\/person\/image\/\",\"url\":\"https:\/\/secure.gravatar.com\/avatar\/ea53aa3bf6c9a12d5fde8ce4deff43fef3885ae33cf60184161a50d6987cfd2f?s=96&d=mm&r=g\",\"contentUrl\":\"https:\/\/secure.gravatar.com\/avatar\/ea53aa3bf6c9a12d5fde8ce4deff43fef3885ae33cf60184161a50d6987cfd2f?s=96&d=mm&r=g\",\"caption\":\"admin\"},\"sameAs\":[\"https:\/\/veritasinfo.org\"],\"url\":\"https:\/\/veritasinfo.org\/?author=1\"}]}<\/script>\n<!-- \/ Yoast SEO plugin. -->","yoast_head_json":{"title":"Zyra e BE-s\u00eb n\u00eb Kosov\u00eb dhe Misioni i OSBE-s\u00eb mir\u00ebprit\u00ebn vendimin e Qeveris\u00eb p\u00ebr miratimin e kredis\u00eb p\u00ebr RTK-n\u00eb -","robots":{"index":"index","follow":"follow","max-snippet":"max-snippet:-1","max-image-preview":"max-image-preview:large","max-video-preview":"max-video-preview:-1"},"canonical":"https:\/\/veritasinfo.org\/?p=8241","og_locale":"en_US","og_type":"article","og_title":"Zyra e BE-s\u00eb n\u00eb Kosov\u00eb dhe Misioni i OSBE-s\u00eb mir\u00ebprit\u00ebn vendimin e Qeveris\u00eb p\u00ebr miratimin e kredis\u00eb p\u00ebr RTK-n\u00eb -","og_description":"Prishtin\u00eb, 16 Gusht 2025 Zyra e Bashkimit Europian n\u00eb Kosov\u00eb dhe Misioni i OSBE-s\u00eb e kan\u00eb mir\u00ebpritur miratimin n\u00eb parim nga Qeveria n\u00eb detyr\u00eb t\u00eb","og_url":"https:\/\/veritasinfo.org\/?p=8241","article_published_time":"2025-08-16T06:46:35+00:00","og_image":[{"width":720,"height":378,"url":"https:\/\/veritasinfo.org\/wp-content\/uploads\/2025\/08\/IMG_3207.jpeg","type":"image\/jpeg"}],"author":"admin","twitter_card":"summary_large_image","twitter_misc":{"Written by":"admin","Est. reading time":"3 minutes"},"schema":{"@context":"https:\/\/schema.org","@graph":[{"@type":"WebPage","@id":"https:\/\/veritasinfo.org\/?p=8241","url":"https:\/\/veritasinfo.org\/?p=8241","name":"Zyra e BE-s\u00eb n\u00eb Kosov\u00eb dhe Misioni i OSBE-s\u00eb mir\u00ebprit\u00ebn vendimin e Qeveris\u00eb p\u00ebr miratimin e kredis\u00eb p\u00ebr RTK-n\u00eb -","isPartOf":{"@id":"https:\/\/veritasinfo.org\/#website"},"primaryImageOfPage":{"@id":"https:\/\/veritasinfo.org\/?p=8241#primaryimage"},"image":{"@id":"https:\/\/veritasinfo.org\/?p=8241#primaryimage"},"thumbnailUrl":"https:\/\/veritasinfo.org\/wp-content\/uploads\/2025\/08\/IMG_3207.jpeg","datePublished":"2025-08-16T06:46:35+00:00","author":{"@id":"https:\/\/veritasinfo.org\/#\/schema\/person\/7701f8c088bece422266b100a712374f"},"breadcrumb":{"@id":"https:\/\/veritasinfo.org\/?p=8241#breadcrumb"},"inLanguage":"en-US","potentialAction":[{"@type":"ReadAction","target":["https:\/\/veritasinfo.org\/?p=8241"]}]},{"@type":"ImageObject","inLanguage":"en-US","@id":"https:\/\/veritasinfo.org\/?p=8241#primaryimage","url":"https:\/\/veritasinfo.org\/wp-content\/uploads\/2025\/08\/IMG_3207.jpeg","contentUrl":"https:\/\/veritasinfo.org\/wp-content\/uploads\/2025\/08\/IMG_3207.jpeg","width":720,"height":378},{"@type":"BreadcrumbList","@id":"https:\/\/veritasinfo.org\/?p=8241#breadcrumb","itemListElement":[{"@type":"ListItem","position":1,"name":"Home","item":"https:\/\/veritasinfo.org\/"},{"@type":"ListItem","position":2,"name":"Zyra e BE-s\u00eb n\u00eb Kosov\u00eb dhe Misioni i OSBE-s\u00eb mir\u00ebprit\u00ebn vendimin e Qeveris\u00eb p\u00ebr miratimin e kredis\u00eb p\u00ebr RTK-n\u00eb"}]},{"@type":"WebSite","@id":"https:\/\/veritasinfo.org\/#website","url":"https:\/\/veritasinfo.org\/","name":"","description":"","potentialAction":[{"@type":"SearchAction","target":{"@type":"EntryPoint","urlTemplate":"https:\/\/veritasinfo.org\/?s={search_term_string}"},"query-input":{"@type":"PropertyValueSpecification","valueRequired":true,"valueName":"search_term_string"}}],"inLanguage":"en-US"},{"@type":"Person","@id":"https:\/\/veritasinfo.org\/#\/schema\/person\/7701f8c088bece422266b100a712374f","name":"admin","image":{"@type":"ImageObject","inLanguage":"en-US","@id":"https:\/\/veritasinfo.org\/#\/schema\/person\/image\/","url":"https:\/\/secure.gravatar.com\/avatar\/ea53aa3bf6c9a12d5fde8ce4deff43fef3885ae33cf60184161a50d6987cfd2f?s=96&d=mm&r=g","contentUrl":"https:\/\/secure.gravatar.com\/avatar\/ea53aa3bf6c9a12d5fde8ce4deff43fef3885ae33cf60184161a50d6987cfd2f?s=96&d=mm&r=g","caption":"admin"},"sameAs":["https:\/\/veritasinfo.org"],"url":"https:\/\/veritasinfo.org\/?author=1"}]}},"featured_image_urls":{"full":["https:\/\/veritasinfo.org\/wp-content\/uploads\/2025\/08\/IMG_3207.jpeg",720,378,false],"thumbnail":["https:\/\/veritasinfo.org\/wp-content\/uploads\/2025\/08\/IMG_3207-150x150.jpeg",150,150,true],"medium":["https:\/\/veritasinfo.org\/wp-content\/uploads\/2025\/08\/IMG_3207-300x158.jpeg",300,158,true],"medium_large":["https:\/\/veritasinfo.org\/wp-content\/uploads\/2025\/08\/IMG_3207.jpeg",640,336,false],"large":["https:\/\/veritasinfo.org\/wp-content\/uploads\/2025\/08\/IMG_3207.jpeg",640,336,false],"1536x1536":["https:\/\/veritasinfo.org\/wp-content\/uploads\/2025\/08\/IMG_3207.jpeg",720,378,false],"2048x2048":["https:\/\/veritasinfo.org\/wp-content\/uploads\/2025\/08\/IMG_3207.jpeg",720,378,false],"kreeti-slider-full":["https:\/\/veritasinfo.org\/wp-content\/uploads\/2025\/08\/IMG_3207.jpeg",720,378,false],"kreeti-featured":["https:\/\/veritasinfo.org\/wp-content\/uploads\/2025\/08\/IMG_3207.jpeg",720,378,false],"kreeti-medium":["https:\/\/veritasinfo.org\/wp-content\/uploads\/2025\/08\/IMG_3207.jpeg",720,378,false],"kreeti-medium-square":["https:\/\/veritasinfo.org\/wp-content\/uploads\/2025\/08\/IMG_3207.jpeg",350,184,false]},"author_info":{"info":["admin"]},"category_info":"<a href=\"https:\/\/veritasinfo.org\/?cat=60\" rel=\"category\">Shoq\u00ebrore<\/a>","tag_info":"Shoq\u00ebrore","comment_count":"0","_links":{"self":[{"href":"https:\/\/veritasinfo.org\/index.php?rest_route=\/wp\/v2\/posts\/8241","targetHints":{"allow":["GET"]}}],"collection":[{"href":"https:\/\/veritasinfo.org\/index.php?rest_route=\/wp\/v2\/posts"}],"about":[{"href":"https:\/\/veritasinfo.org\/index.php?rest_route=\/wp\/v2\/types\/post"}],"author":[{"embeddable":true,"href":"https:\/\/veritasinfo.org\/index.php?rest_route=\/wp\/v2\/users\/1"}],"replies":[{"embeddable":true,"href":"https:\/\/veritasinfo.org\/index.php?rest_route=%2Fwp%2Fv2%2Fcomments&post=8241"}],"version-history":[{"count":1,"href":"https:\/\/veritasinfo.org\/index.php?rest_route=\/wp\/v2\/posts\/8241\/revisions"}],"predecessor-version":[{"id":8244,"href":"https:\/\/veritasinfo.org\/index.php?rest_route=\/wp\/v2\/posts\/8241\/revisions\/8244"}],"wp:featuredmedia":[{"embeddable":true,"href":"https:\/\/veritasinfo.org\/index.php?rest_route=\/wp\/v2\/media\/8243"}],"wp:attachment":[{"href":"https:\/\/veritasinfo.org\/index.php?rest_route=%2Fwp%2Fv2%2Fmedia&parent=8241"}],"wp:term":[{"taxonomy":"category","embeddable":true,"href":"https:\/\/veritasinfo.org\/index.php?rest_route=%2Fwp%2Fv2%2Fcategories&post=8241"},{"taxonomy":"post_tag","embeddable":true,"href":"https:\/\/veritasinfo.org\/index.php?rest_route=%2Fwp%2Fv2%2Ftags&post=8241"}],"curies":[{"name":"wp","href":"https:\/\/api.w.org\/{rel}","templated":true}]}}