{"id":8225,"date":"2025-08-15T22:37:31","date_gmt":"2025-08-15T20:37:31","guid":{"rendered":"https:\/\/veritasinfo.org\/?p=8225"},"modified":"2025-08-15T22:37:31","modified_gmt":"2025-08-15T20:37:31","slug":"ambasadori-finlandez-nissinen-kosova-ne-rruge-te-mire-ka-bere-hapa-perpara","status":"publish","type":"post","link":"https:\/\/veritasinfo.org\/?p=8225","title":{"rendered":"Ambasadori finlandez Nissinen: Kosova n\u00eb rrug\u00eb t\u00eb mir\u00eb,  ka b\u00ebr\u00eb hapa p\u00ebrpara"},"content":{"rendered":"<p>Prishtin\u00eb, 15 Gusht 2025<\/p>\n<p><strong>Ambasadori i Finland\u00ebs n\u00eb Kosov\u00eb, Matti Nissinen, ka dh\u00ebn\u00eb nj\u00eb intervist\u00eb lamtumir\u00ebse p\u00ebr Radio Televizionin e Kosov\u00ebs, n\u00eb p\u00ebrfundim t\u00eb mandatit t\u00eb tij diplomatik. Ai theksoi mb\u00ebshtetjen e vazhdueshme t\u00eb Finland\u00ebs p\u00ebr Kosov\u00ebn dhe shprehu optimiz\u00ebm p\u00ebr t\u00eb ardhmen e saj drejt integrimeve euroatlantike.<\/strong><\/p>\n<p>Ai n\u00ebnvizoi se Kosova ka b\u00ebr\u00eb p\u00ebrparim dhe se ai mbetet optimist p\u00ebr t\u00eb ardhmen e vendit n\u00eb Bashkimin Evropian dhe NATO.<\/p>\n<p>Ambasadori p\u00ebrmendi marr\u00ebdh\u00ebniet e shk\u00eblqyera mes dy vendeve, duke kujtuar trash\u00ebgimin\u00eb e nd\u00ebrmjet\u00ebsimit t\u00eb Martti Ahtisaarit dhe p\u00ebrkushtimin afatgjat\u00eb t\u00eb Finland\u00ebs ndaj Kosov\u00ebs. \u201cGjat\u00eb mandatit tim, kam dashur t\u00eb sigurohem q\u00eb bashk\u00ebpunimi bilateral t\u00eb jet\u00eb gjith\u00ebp\u00ebrfshir\u00ebs. Kemi investuar shum\u00eb n\u00eb p\u00ebrmir\u00ebsimin e tregtis\u00eb dhe n\u00eb ndarjen e p\u00ebrvojave rreth integrimeve,\u201d shtoi ai.<\/p>\n<p>Ai foli edhe p\u00ebr rolin e Finland\u00ebs n\u00eb mb\u00ebshtetjen e Kosov\u00ebs p\u00ebr integrimin n\u00eb BE dhe NATO. \u201cJemi nd\u00ebr p\u00ebrkrah\u00ebsit m\u00eb t\u00eb af\u00ebrt dhe m\u00eb t\u00eb m\u00ebdhenj t\u00eb Kosov\u00ebs n\u00eb \u00e7do nivel, nga Brukseli deri te forumet dypal\u00ebshe. Kemi ndar\u00eb p\u00ebrvojat tona p\u00ebr nd\u00ebrtimin e kapaciteteve institucionale q\u00eb i nevojiten nj\u00eb shteti n\u00eb rrug\u00ebtimin e tij drejt an\u00ebtar\u00ebsimit\u201d, tha ai.<\/p>\n<p>Nissinen vler\u00ebsoi hapat pozitiv\u00eb q\u00eb ka nd\u00ebrmarr\u00eb Kosova, ve\u00e7an\u00ebrisht n\u00eb aspektin ekonomik dhe n\u00eb raportet vjetore q\u00eb tregojn\u00eb p\u00ebrparim t\u00eb qart\u00eb.<\/p>\n","protected":false},"excerpt":{"rendered":"<p>Prishtin\u00eb, 15 Gusht 2025 Ambasadori i Finland\u00ebs n\u00eb Kosov\u00eb, Matti Nissinen, ka dh\u00ebn\u00eb nj\u00eb intervist\u00eb lamtumir\u00ebse p\u00ebr Radio Televizionin e Kosov\u00ebs, n\u00eb p\u00ebrfundim t\u00eb mandatit<\/p>\n","protected":false},"author":1,"featured_media":8227,"comment_status":"open","ping_status":"open","sticky":false,"template":"","format":"standard","meta":{"footnotes":""},"categories":[58],"tags":[],"class_list":["post-8225","post","type-post","status-publish","format-standard","has-post-thumbnail","hentry","category-politike-sq"],"yoast_head":"<!-- This site is optimized with the Yoast SEO plugin v25.3.1 - https:\/\/yoast.com\/wordpress\/plugins\/seo\/ -->\n<title>Ambasadori finlandez Nissinen: Kosova n\u00eb rrug\u00eb t\u00eb mir\u00eb, ka b\u00ebr\u00eb hapa p\u00ebrpara -<\/title>\n<meta name=\"robots\" content=\"index, follow, max-snippet:-1, max-image-preview:large, max-video-preview:-1\" \/>\n<link rel=\"canonical\" href=\"https:\/\/veritasinfo.org\/?p=8225\" \/>\n<meta property=\"og:locale\" content=\"en_US\" \/>\n<meta property=\"og:type\" content=\"article\" \/>\n<meta property=\"og:title\" content=\"Ambasadori finlandez Nissinen: Kosova n\u00eb rrug\u00eb t\u00eb mir\u00eb, ka b\u00ebr\u00eb hapa p\u00ebrpara -\" \/>\n<meta property=\"og:description\" content=\"Prishtin\u00eb, 15 Gusht 2025 Ambasadori i Finland\u00ebs n\u00eb Kosov\u00eb, Matti Nissinen, ka dh\u00ebn\u00eb nj\u00eb intervist\u00eb lamtumir\u00ebse p\u00ebr Radio Televizionin e Kosov\u00ebs, n\u00eb p\u00ebrfundim t\u00eb mandatit\" \/>\n<meta property=\"og:url\" content=\"https:\/\/veritasinfo.org\/?p=8225\" \/>\n<meta property=\"article:published_time\" content=\"2025-08-15T20:37:31+00:00\" \/>\n<meta property=\"og:image\" content=\"https:\/\/veritasinfo.org\/wp-content\/uploads\/2025\/08\/IMG_2562-1.jpeg\" \/>\n\t<meta property=\"og:image:width\" content=\"1000\" \/>\n\t<meta property=\"og:image:height\" content=\"666\" \/>\n\t<meta property=\"og:image:type\" content=\"image\/jpeg\" \/>\n<meta name=\"author\" content=\"admin\" \/>\n<meta name=\"twitter:card\" content=\"summary_large_image\" \/>\n<meta name=\"twitter:label1\" content=\"Written by\" \/>\n\t<meta name=\"twitter:data1\" content=\"admin\" \/>\n\t<meta name=\"twitter:label2\" content=\"Est. reading time\" \/>\n\t<meta name=\"twitter:data2\" content=\"2 minutes\" \/>\n<script type=\"application\/ld+json\" class=\"yoast-schema-graph\">{\"@context\":\"https:\/\/schema.org\",\"@graph\":[{\"@type\":\"WebPage\",\"@id\":\"https:\/\/veritasinfo.org\/?p=8225\",\"url\":\"https:\/\/veritasinfo.org\/?p=8225\",\"name\":\"Ambasadori finlandez Nissinen: Kosova n\u00eb rrug\u00eb t\u00eb mir\u00eb, ka b\u00ebr\u00eb hapa p\u00ebrpara -\",\"isPartOf\":{\"@id\":\"https:\/\/veritasinfo.org\/#website\"},\"primaryImageOfPage\":{\"@id\":\"https:\/\/veritasinfo.org\/?p=8225#primaryimage\"},\"image\":{\"@id\":\"https:\/\/veritasinfo.org\/?p=8225#primaryimage\"},\"thumbnailUrl\":\"https:\/\/veritasinfo.org\/wp-content\/uploads\/2025\/08\/IMG_2562-1.jpeg\",\"datePublished\":\"2025-08-15T20:37:31+00:00\",\"author\":{\"@id\":\"https:\/\/veritasinfo.org\/#\/schema\/person\/7701f8c088bece422266b100a712374f\"},\"breadcrumb\":{\"@id\":\"https:\/\/veritasinfo.org\/?p=8225#breadcrumb\"},\"inLanguage\":\"en-US\",\"potentialAction\":[{\"@type\":\"ReadAction\",\"target\":[\"https:\/\/veritasinfo.org\/?p=8225\"]}]},{\"@type\":\"ImageObject\",\"inLanguage\":\"en-US\",\"@id\":\"https:\/\/veritasinfo.org\/?p=8225#primaryimage\",\"url\":\"https:\/\/veritasinfo.org\/wp-content\/uploads\/2025\/08\/IMG_2562-1.jpeg\",\"contentUrl\":\"https:\/\/veritasinfo.org\/wp-content\/uploads\/2025\/08\/IMG_2562-1.jpeg\",\"width\":1000,\"height\":666},{\"@type\":\"BreadcrumbList\",\"@id\":\"https:\/\/veritasinfo.org\/?p=8225#breadcrumb\",\"itemListElement\":[{\"@type\":\"ListItem\",\"position\":1,\"name\":\"Home\",\"item\":\"https:\/\/veritasinfo.org\/\"},{\"@type\":\"ListItem\",\"position\":2,\"name\":\"Ambasadori finlandez Nissinen: Kosova n\u00eb rrug\u00eb t\u00eb mir\u00eb, ka b\u00ebr\u00eb hapa p\u00ebrpara\"}]},{\"@type\":\"WebSite\",\"@id\":\"https:\/\/veritasinfo.org\/#website\",\"url\":\"https:\/\/veritasinfo.org\/\",\"name\":\"\",\"description\":\"\",\"potentialAction\":[{\"@type\":\"SearchAction\",\"target\":{\"@type\":\"EntryPoint\",\"urlTemplate\":\"https:\/\/veritasinfo.org\/?s={search_term_string}\"},\"query-input\":{\"@type\":\"PropertyValueSpecification\",\"valueRequired\":true,\"valueName\":\"search_term_string\"}}],\"inLanguage\":\"en-US\"},{\"@type\":\"Person\",\"@id\":\"https:\/\/veritasinfo.org\/#\/schema\/person\/7701f8c088bece422266b100a712374f\",\"name\":\"admin\",\"image\":{\"@type\":\"ImageObject\",\"inLanguage\":\"en-US\",\"@id\":\"https:\/\/veritasinfo.org\/#\/schema\/person\/image\/\",\"url\":\"https:\/\/secure.gravatar.com\/avatar\/ea53aa3bf6c9a12d5fde8ce4deff43fef3885ae33cf60184161a50d6987cfd2f?s=96&d=mm&r=g\",\"contentUrl\":\"https:\/\/secure.gravatar.com\/avatar\/ea53aa3bf6c9a12d5fde8ce4deff43fef3885ae33cf60184161a50d6987cfd2f?s=96&d=mm&r=g\",\"caption\":\"admin\"},\"sameAs\":[\"https:\/\/veritasinfo.org\"],\"url\":\"https:\/\/veritasinfo.org\/?author=1\"}]}<\/script>\n<!-- \/ Yoast SEO plugin. -->","yoast_head_json":{"title":"Ambasadori finlandez Nissinen: Kosova n\u00eb rrug\u00eb t\u00eb mir\u00eb, ka b\u00ebr\u00eb hapa p\u00ebrpara -","robots":{"index":"index","follow":"follow","max-snippet":"max-snippet:-1","max-image-preview":"max-image-preview:large","max-video-preview":"max-video-preview:-1"},"canonical":"https:\/\/veritasinfo.org\/?p=8225","og_locale":"en_US","og_type":"article","og_title":"Ambasadori finlandez Nissinen: Kosova n\u00eb rrug\u00eb t\u00eb mir\u00eb, ka b\u00ebr\u00eb hapa p\u00ebrpara -","og_description":"Prishtin\u00eb, 15 Gusht 2025 Ambasadori i Finland\u00ebs n\u00eb Kosov\u00eb, Matti Nissinen, ka dh\u00ebn\u00eb nj\u00eb intervist\u00eb lamtumir\u00ebse p\u00ebr Radio Televizionin e Kosov\u00ebs, n\u00eb p\u00ebrfundim t\u00eb mandatit","og_url":"https:\/\/veritasinfo.org\/?p=8225","article_published_time":"2025-08-15T20:37:31+00:00","og_image":[{"width":1000,"height":666,"url":"https:\/\/veritasinfo.org\/wp-content\/uploads\/2025\/08\/IMG_2562-1.jpeg","type":"image\/jpeg"}],"author":"admin","twitter_card":"summary_large_image","twitter_misc":{"Written by":"admin","Est. reading time":"2 minutes"},"schema":{"@context":"https:\/\/schema.org","@graph":[{"@type":"WebPage","@id":"https:\/\/veritasinfo.org\/?p=8225","url":"https:\/\/veritasinfo.org\/?p=8225","name":"Ambasadori finlandez Nissinen: Kosova n\u00eb rrug\u00eb t\u00eb mir\u00eb, ka b\u00ebr\u00eb hapa p\u00ebrpara -","isPartOf":{"@id":"https:\/\/veritasinfo.org\/#website"},"primaryImageOfPage":{"@id":"https:\/\/veritasinfo.org\/?p=8225#primaryimage"},"image":{"@id":"https:\/\/veritasinfo.org\/?p=8225#primaryimage"},"thumbnailUrl":"https:\/\/veritasinfo.org\/wp-content\/uploads\/2025\/08\/IMG_2562-1.jpeg","datePublished":"2025-08-15T20:37:31+00:00","author":{"@id":"https:\/\/veritasinfo.org\/#\/schema\/person\/7701f8c088bece422266b100a712374f"},"breadcrumb":{"@id":"https:\/\/veritasinfo.org\/?p=8225#breadcrumb"},"inLanguage":"en-US","potentialAction":[{"@type":"ReadAction","target":["https:\/\/veritasinfo.org\/?p=8225"]}]},{"@type":"ImageObject","inLanguage":"en-US","@id":"https:\/\/veritasinfo.org\/?p=8225#primaryimage","url":"https:\/\/veritasinfo.org\/wp-content\/uploads\/2025\/08\/IMG_2562-1.jpeg","contentUrl":"https:\/\/veritasinfo.org\/wp-content\/uploads\/2025\/08\/IMG_2562-1.jpeg","width":1000,"height":666},{"@type":"BreadcrumbList","@id":"https:\/\/veritasinfo.org\/?p=8225#breadcrumb","itemListElement":[{"@type":"ListItem","position":1,"name":"Home","item":"https:\/\/veritasinfo.org\/"},{"@type":"ListItem","position":2,"name":"Ambasadori finlandez Nissinen: Kosova n\u00eb rrug\u00eb t\u00eb mir\u00eb, ka b\u00ebr\u00eb hapa p\u00ebrpara"}]},{"@type":"WebSite","@id":"https:\/\/veritasinfo.org\/#website","url":"https:\/\/veritasinfo.org\/","name":"","description":"","potentialAction":[{"@type":"SearchAction","target":{"@type":"EntryPoint","urlTemplate":"https:\/\/veritasinfo.org\/?s={search_term_string}"},"query-input":{"@type":"PropertyValueSpecification","valueRequired":true,"valueName":"search_term_string"}}],"inLanguage":"en-US"},{"@type":"Person","@id":"https:\/\/veritasinfo.org\/#\/schema\/person\/7701f8c088bece422266b100a712374f","name":"admin","image":{"@type":"ImageObject","inLanguage":"en-US","@id":"https:\/\/veritasinfo.org\/#\/schema\/person\/image\/","url":"https:\/\/secure.gravatar.com\/avatar\/ea53aa3bf6c9a12d5fde8ce4deff43fef3885ae33cf60184161a50d6987cfd2f?s=96&d=mm&r=g","contentUrl":"https:\/\/secure.gravatar.com\/avatar\/ea53aa3bf6c9a12d5fde8ce4deff43fef3885ae33cf60184161a50d6987cfd2f?s=96&d=mm&r=g","caption":"admin"},"sameAs":["https:\/\/veritasinfo.org"],"url":"https:\/\/veritasinfo.org\/?author=1"}]}},"featured_image_urls":{"full":["https:\/\/veritasinfo.org\/wp-content\/uploads\/2025\/08\/IMG_2562-1.jpeg",1000,666,false],"thumbnail":["https:\/\/veritasinfo.org\/wp-content\/uploads\/2025\/08\/IMG_2562-1-150x150.jpeg",150,150,true],"medium":["https:\/\/veritasinfo.org\/wp-content\/uploads\/2025\/08\/IMG_2562-1-300x200.jpeg",300,200,true],"medium_large":["https:\/\/veritasinfo.org\/wp-content\/uploads\/2025\/08\/IMG_2562-1-768x511.jpeg",640,426,true],"large":["https:\/\/veritasinfo.org\/wp-content\/uploads\/2025\/08\/IMG_2562-1.jpeg",640,426,false],"1536x1536":["https:\/\/veritasinfo.org\/wp-content\/uploads\/2025\/08\/IMG_2562-1.jpeg",1000,666,false],"2048x2048":["https:\/\/veritasinfo.org\/wp-content\/uploads\/2025\/08\/IMG_2562-1.jpeg",1000,666,false],"kreeti-slider-full":["https:\/\/veritasinfo.org\/wp-content\/uploads\/2025\/08\/IMG_2562-1.jpeg",1000,666,false],"kreeti-featured":["https:\/\/veritasinfo.org\/wp-content\/uploads\/2025\/08\/IMG_2562-1.jpeg",1000,666,false],"kreeti-medium":["https:\/\/veritasinfo.org\/wp-content\/uploads\/2025\/08\/IMG_2562-1.jpeg",720,480,false],"kreeti-medium-square":["https:\/\/veritasinfo.org\/wp-content\/uploads\/2025\/08\/IMG_2562-1.jpeg",350,233,false]},"author_info":{"info":["admin"]},"category_info":"<a href=\"https:\/\/veritasinfo.org\/?cat=58\" rel=\"category\">Politik\u00eb<\/a>","tag_info":"Politik\u00eb","comment_count":"0","_links":{"self":[{"href":"https:\/\/veritasinfo.org\/index.php?rest_route=\/wp\/v2\/posts\/8225","targetHints":{"allow":["GET"]}}],"collection":[{"href":"https:\/\/veritasinfo.org\/index.php?rest_route=\/wp\/v2\/posts"}],"about":[{"href":"https:\/\/veritasinfo.org\/index.php?rest_route=\/wp\/v2\/types\/post"}],"author":[{"embeddable":true,"href":"https:\/\/veritasinfo.org\/index.php?rest_route=\/wp\/v2\/users\/1"}],"replies":[{"embeddable":true,"href":"https:\/\/veritasinfo.org\/index.php?rest_route=%2Fwp%2Fv2%2Fcomments&post=8225"}],"version-history":[{"count":1,"href":"https:\/\/veritasinfo.org\/index.php?rest_route=\/wp\/v2\/posts\/8225\/revisions"}],"predecessor-version":[{"id":8228,"href":"https:\/\/veritasinfo.org\/index.php?rest_route=\/wp\/v2\/posts\/8225\/revisions\/8228"}],"wp:featuredmedia":[{"embeddable":true,"href":"https:\/\/veritasinfo.org\/index.php?rest_route=\/wp\/v2\/media\/8227"}],"wp:attachment":[{"href":"https:\/\/veritasinfo.org\/index.php?rest_route=%2Fwp%2Fv2%2Fmedia&parent=8225"}],"wp:term":[{"taxonomy":"category","embeddable":true,"href":"https:\/\/veritasinfo.org\/index.php?rest_route=%2Fwp%2Fv2%2Fcategories&post=8225"},{"taxonomy":"post_tag","embeddable":true,"href":"https:\/\/veritasinfo.org\/index.php?rest_route=%2Fwp%2Fv2%2Ftags&post=8225"}],"curies":[{"name":"wp","href":"https:\/\/api.w.org\/{rel}","templated":true}]}}