{"id":8204,"date":"2025-08-15T18:35:45","date_gmt":"2025-08-15T16:35:45","guid":{"rendered":"https:\/\/veritasinfo.org\/?p=8204"},"modified":"2025-08-15T18:48:27","modified_gmt":"2025-08-15T16:48:27","slug":"zgjedhjet-lokale-ne-veri-te-kosoves-lista-serbe-perballe-opozites-se-re-serbe","status":"publish","type":"post","link":"https:\/\/veritasinfo.org\/?p=8204","title":{"rendered":"Zgjedhjet Lokale n\u00eb Veri t\u00eb Kosov\u00ebs: Lista Serbe p\u00ebrball\u00eb opozit\u00ebs s\u00eb re serbe"},"content":{"rendered":"<p><strong>Mitrovic\u00eb e Veriut, 15 gusht 2025<\/strong><\/p>\n<p>N\u00eb komunat me shumic\u00eb serbe n\u00eb veri t\u00eb Kosov\u00ebs, Mitrovic\u00eb e Veriut, Zvecan, Zubin Potok dhe Leposaviq, p\u00ebrve\u00e7 List\u00ebs Serbe, po shfaqen edhe kandidat\u00eb t\u00eb rinj dhe subjekte t\u00eb reja\u00a0 t\u00eb opozit\u00ebs t\u00eb cilat do t\u2019ia m\u00ebsyjn\u00eb gar\u00ebs zgjedhore me 12 Tetor<\/p>\n<p>N\u00eb Mitrovic\u00ebn Veriore Milan Radojeviq ish-kryetar komune u nominua kandidat nga radh\u00ebt e \u00a0List\u00ebs Serbe (SL). Kund\u00ebrkandidat\u00ebt e tij do t\u00eb jen\u00eb Branko Veselinoviq, punonj\u00ebs sh\u00ebndet\u00ebsor n\u00eb pension, i cili u nominua nga L\u00ebvizja Popullore Serbe (SNP), Aleksandar Arsenijevi\u0107 u nominua p\u00ebr Demokracin\u00eb Serbe (SD) (dyshohet se n\u00eb posedim t\u00eb tij u gjet nj\u00eb sasi e madhe arm\u00ebsh, t\u00eb cilat ai pretendon se i jan\u00eb vendosur kund\u00ebr tij). Marko Jakshiq ish-punonj\u00ebs i gjykat\u00ebs s\u00eb Kosov\u00ebs, i cili dha dor\u00ebheqjen dy vjet m\u00eb par\u00eb s\u00eb bashku me punonj\u00ebs t\u00eb tjer\u00eb, u nominua nga Iniciativa Qytetare Veri (GIS) e sapothemeluar.<\/p>\n<p>P\u00ebr Zubin Potokun, n\u00eb gar\u00eb kund\u00ebr Millosh Peroviqit t\u00eb List\u00ebs Serbe do t\u00eb jen\u00eb kandidati i L\u00ebvizjes Popullore Serbe SNP, Milija Bishevac (kryetar i partis\u00eb). Nga radh\u00ebt e Unionit t\u00eb Serb\u00ebve t\u00eb Kosov\u00ebs, Stevan Vuloviq &#8211; ish-kryetar i komun\u00ebs dhe v\u00ebllai i Srgjan Vulloviqit, dhe ish-kryetar i List\u00ebs Serbe. Nga Demokracia Serbe, Danilo Maslak.<\/p>\n<p>N\u00eb Zve\u00e7an, Lista Serbe kandidon me Dragisha Milovi\u00e7in &#8211; nj\u00eb mjek, makina e t\u00eb cilit u dogj disa vite m\u00eb par\u00eb nd\u00ebrsa bashk\u00ebpunonte me Oliver Ivanovi\u00e7in, dhe tani ai \u00ebsht\u00eb an\u00ebtar i List\u00ebs Serbe). Kandidati nga Fronti i Demokracis\u00eb Serbe \u00ebsht\u00eb Zoran Obrenoviq (pronar i pishin\u00ebs s\u00eb mbyllur Oaz).<\/p>\n<p>N\u00eb Leposavi\u00e7, kandidati i List\u00ebs Serbe \u00ebsht\u00eb Zoran Todi\u00e7 &#8211; ish-kryetar komune, ish-bashk\u00ebpun\u00ebtor i ngusht\u00eb i Aleksandar Jablanoviqit dhe kryetar aktual i Organit t\u00eb P\u00ebrkohsh\u00ebm sipas sistemit serb. Kandidati p\u00ebr Demokracin\u00eb Serbe \u00ebsht\u00eb Vladimir Radosavljevi\u0107 (n\u00ebnkryetar i partis\u00eb) dhe Vesna Radosavljeviq po kandidon p\u00ebr partin\u00eb SPP t\u00eb Ministrit Nenad Rashi\u00e7.<\/p>\n","protected":false},"excerpt":{"rendered":"<p>Mitrovic\u00eb e Veriut, 15 gusht 2025 N\u00eb komunat me shumic\u00eb serbe n\u00eb veri t\u00eb Kosov\u00ebs, Mitrovic\u00eb e Veriut, Zvecan, Zubin Potok dhe Leposaviq, p\u00ebrve\u00e7 List\u00ebs<\/p>\n","protected":false},"author":2,"featured_media":8205,"comment_status":"open","ping_status":"open","sticky":false,"template":"","format":"standard","meta":{"footnotes":""},"categories":[58],"tags":[],"class_list":["post-8204","post","type-post","status-publish","format-standard","has-post-thumbnail","hentry","category-politike-sq"],"yoast_head":"<!-- This site is optimized with the Yoast SEO plugin v25.3.1 - https:\/\/yoast.com\/wordpress\/plugins\/seo\/ -->\n<title>Zgjedhjet Lokale n\u00eb Veri t\u00eb Kosov\u00ebs: Lista Serbe p\u00ebrball\u00eb opozit\u00ebs s\u00eb re serbe -<\/title>\n<meta name=\"robots\" content=\"index, follow, max-snippet:-1, max-image-preview:large, max-video-preview:-1\" \/>\n<link rel=\"canonical\" href=\"https:\/\/veritasinfo.org\/?p=8204\" \/>\n<meta property=\"og:locale\" content=\"en_US\" \/>\n<meta property=\"og:type\" content=\"article\" \/>\n<meta property=\"og:title\" content=\"Zgjedhjet Lokale n\u00eb Veri t\u00eb Kosov\u00ebs: Lista Serbe p\u00ebrball\u00eb opozit\u00ebs s\u00eb re serbe -\" \/>\n<meta property=\"og:description\" content=\"Mitrovic\u00eb e Veriut, 15 gusht 2025 N\u00eb komunat me shumic\u00eb serbe n\u00eb veri t\u00eb Kosov\u00ebs, Mitrovic\u00eb e Veriut, Zvecan, Zubin Potok dhe Leposaviq, p\u00ebrve\u00e7 List\u00ebs\" \/>\n<meta property=\"og:url\" content=\"https:\/\/veritasinfo.org\/?p=8204\" \/>\n<meta property=\"article:published_time\" content=\"2025-08-15T16:35:45+00:00\" \/>\n<meta property=\"article:modified_time\" content=\"2025-08-15T16:48:27+00:00\" \/>\n<meta property=\"og:image\" content=\"https:\/\/veritasinfo.org\/wp-content\/uploads\/2025\/08\/Zgjedhjet-veri.jpg\" \/>\n\t<meta property=\"og:image:width\" content=\"940\" \/>\n\t<meta property=\"og:image:height\" content=\"788\" \/>\n\t<meta property=\"og:image:type\" content=\"image\/jpeg\" \/>\n<meta name=\"author\" content=\"US1\" \/>\n<meta name=\"twitter:card\" content=\"summary_large_image\" \/>\n<meta name=\"twitter:label1\" content=\"Written by\" \/>\n\t<meta name=\"twitter:data1\" content=\"US1\" \/>\n\t<meta name=\"twitter:label2\" content=\"Est. reading time\" \/>\n\t<meta name=\"twitter:data2\" content=\"2 minutes\" \/>\n<script type=\"application\/ld+json\" class=\"yoast-schema-graph\">{\"@context\":\"https:\/\/schema.org\",\"@graph\":[{\"@type\":\"WebPage\",\"@id\":\"https:\/\/veritasinfo.org\/?p=8204\",\"url\":\"https:\/\/veritasinfo.org\/?p=8204\",\"name\":\"Zgjedhjet Lokale n\u00eb Veri t\u00eb Kosov\u00ebs: Lista Serbe p\u00ebrball\u00eb opozit\u00ebs s\u00eb re serbe -\",\"isPartOf\":{\"@id\":\"https:\/\/veritasinfo.org\/#website\"},\"primaryImageOfPage\":{\"@id\":\"https:\/\/veritasinfo.org\/?p=8204#primaryimage\"},\"image\":{\"@id\":\"https:\/\/veritasinfo.org\/?p=8204#primaryimage\"},\"thumbnailUrl\":\"https:\/\/veritasinfo.org\/wp-content\/uploads\/2025\/08\/Zgjedhjet-veri.jpg\",\"datePublished\":\"2025-08-15T16:35:45+00:00\",\"dateModified\":\"2025-08-15T16:48:27+00:00\",\"author\":{\"@id\":\"https:\/\/veritasinfo.org\/#\/schema\/person\/c2b8be262ea994d0995addca692c5e98\"},\"breadcrumb\":{\"@id\":\"https:\/\/veritasinfo.org\/?p=8204#breadcrumb\"},\"inLanguage\":\"en-US\",\"potentialAction\":[{\"@type\":\"ReadAction\",\"target\":[\"https:\/\/veritasinfo.org\/?p=8204\"]}]},{\"@type\":\"ImageObject\",\"inLanguage\":\"en-US\",\"@id\":\"https:\/\/veritasinfo.org\/?p=8204#primaryimage\",\"url\":\"https:\/\/veritasinfo.org\/wp-content\/uploads\/2025\/08\/Zgjedhjet-veri.jpg\",\"contentUrl\":\"https:\/\/veritasinfo.org\/wp-content\/uploads\/2025\/08\/Zgjedhjet-veri.jpg\",\"width\":940,\"height\":788},{\"@type\":\"BreadcrumbList\",\"@id\":\"https:\/\/veritasinfo.org\/?p=8204#breadcrumb\",\"itemListElement\":[{\"@type\":\"ListItem\",\"position\":1,\"name\":\"Home\",\"item\":\"https:\/\/veritasinfo.org\/\"},{\"@type\":\"ListItem\",\"position\":2,\"name\":\"Zgjedhjet Lokale n\u00eb Veri t\u00eb Kosov\u00ebs: Lista Serbe p\u00ebrball\u00eb opozit\u00ebs s\u00eb re serbe\"}]},{\"@type\":\"WebSite\",\"@id\":\"https:\/\/veritasinfo.org\/#website\",\"url\":\"https:\/\/veritasinfo.org\/\",\"name\":\"\",\"description\":\"\",\"potentialAction\":[{\"@type\":\"SearchAction\",\"target\":{\"@type\":\"EntryPoint\",\"urlTemplate\":\"https:\/\/veritasinfo.org\/?s={search_term_string}\"},\"query-input\":{\"@type\":\"PropertyValueSpecification\",\"valueRequired\":true,\"valueName\":\"search_term_string\"}}],\"inLanguage\":\"en-US\"},{\"@type\":\"Person\",\"@id\":\"https:\/\/veritasinfo.org\/#\/schema\/person\/c2b8be262ea994d0995addca692c5e98\",\"name\":\"US1\",\"image\":{\"@type\":\"ImageObject\",\"inLanguage\":\"en-US\",\"@id\":\"https:\/\/veritasinfo.org\/#\/schema\/person\/image\/\",\"url\":\"https:\/\/secure.gravatar.com\/avatar\/4e96a59bd256abf9956eb9963ac891a47461ffb364d47b0e9aab113328fdb75b?s=96&d=mm&r=g\",\"contentUrl\":\"https:\/\/secure.gravatar.com\/avatar\/4e96a59bd256abf9956eb9963ac891a47461ffb364d47b0e9aab113328fdb75b?s=96&d=mm&r=g\",\"caption\":\"US1\"},\"url\":\"https:\/\/veritasinfo.org\/?author=2\"}]}<\/script>\n<!-- \/ Yoast SEO plugin. -->","yoast_head_json":{"title":"Zgjedhjet Lokale n\u00eb Veri t\u00eb Kosov\u00ebs: Lista Serbe p\u00ebrball\u00eb opozit\u00ebs s\u00eb re serbe -","robots":{"index":"index","follow":"follow","max-snippet":"max-snippet:-1","max-image-preview":"max-image-preview:large","max-video-preview":"max-video-preview:-1"},"canonical":"https:\/\/veritasinfo.org\/?p=8204","og_locale":"en_US","og_type":"article","og_title":"Zgjedhjet Lokale n\u00eb Veri t\u00eb Kosov\u00ebs: Lista Serbe p\u00ebrball\u00eb opozit\u00ebs s\u00eb re serbe -","og_description":"Mitrovic\u00eb e Veriut, 15 gusht 2025 N\u00eb komunat me shumic\u00eb serbe n\u00eb veri t\u00eb Kosov\u00ebs, Mitrovic\u00eb e Veriut, Zvecan, Zubin Potok dhe Leposaviq, p\u00ebrve\u00e7 List\u00ebs","og_url":"https:\/\/veritasinfo.org\/?p=8204","article_published_time":"2025-08-15T16:35:45+00:00","article_modified_time":"2025-08-15T16:48:27+00:00","og_image":[{"width":940,"height":788,"url":"https:\/\/veritasinfo.org\/wp-content\/uploads\/2025\/08\/Zgjedhjet-veri.jpg","type":"image\/jpeg"}],"author":"US1","twitter_card":"summary_large_image","twitter_misc":{"Written by":"US1","Est. reading time":"2 minutes"},"schema":{"@context":"https:\/\/schema.org","@graph":[{"@type":"WebPage","@id":"https:\/\/veritasinfo.org\/?p=8204","url":"https:\/\/veritasinfo.org\/?p=8204","name":"Zgjedhjet Lokale n\u00eb Veri t\u00eb Kosov\u00ebs: Lista Serbe p\u00ebrball\u00eb opozit\u00ebs s\u00eb re serbe -","isPartOf":{"@id":"https:\/\/veritasinfo.org\/#website"},"primaryImageOfPage":{"@id":"https:\/\/veritasinfo.org\/?p=8204#primaryimage"},"image":{"@id":"https:\/\/veritasinfo.org\/?p=8204#primaryimage"},"thumbnailUrl":"https:\/\/veritasinfo.org\/wp-content\/uploads\/2025\/08\/Zgjedhjet-veri.jpg","datePublished":"2025-08-15T16:35:45+00:00","dateModified":"2025-08-15T16:48:27+00:00","author":{"@id":"https:\/\/veritasinfo.org\/#\/schema\/person\/c2b8be262ea994d0995addca692c5e98"},"breadcrumb":{"@id":"https:\/\/veritasinfo.org\/?p=8204#breadcrumb"},"inLanguage":"en-US","potentialAction":[{"@type":"ReadAction","target":["https:\/\/veritasinfo.org\/?p=8204"]}]},{"@type":"ImageObject","inLanguage":"en-US","@id":"https:\/\/veritasinfo.org\/?p=8204#primaryimage","url":"https:\/\/veritasinfo.org\/wp-content\/uploads\/2025\/08\/Zgjedhjet-veri.jpg","contentUrl":"https:\/\/veritasinfo.org\/wp-content\/uploads\/2025\/08\/Zgjedhjet-veri.jpg","width":940,"height":788},{"@type":"BreadcrumbList","@id":"https:\/\/veritasinfo.org\/?p=8204#breadcrumb","itemListElement":[{"@type":"ListItem","position":1,"name":"Home","item":"https:\/\/veritasinfo.org\/"},{"@type":"ListItem","position":2,"name":"Zgjedhjet Lokale n\u00eb Veri t\u00eb Kosov\u00ebs: Lista Serbe p\u00ebrball\u00eb opozit\u00ebs s\u00eb re serbe"}]},{"@type":"WebSite","@id":"https:\/\/veritasinfo.org\/#website","url":"https:\/\/veritasinfo.org\/","name":"","description":"","potentialAction":[{"@type":"SearchAction","target":{"@type":"EntryPoint","urlTemplate":"https:\/\/veritasinfo.org\/?s={search_term_string}"},"query-input":{"@type":"PropertyValueSpecification","valueRequired":true,"valueName":"search_term_string"}}],"inLanguage":"en-US"},{"@type":"Person","@id":"https:\/\/veritasinfo.org\/#\/schema\/person\/c2b8be262ea994d0995addca692c5e98","name":"US1","image":{"@type":"ImageObject","inLanguage":"en-US","@id":"https:\/\/veritasinfo.org\/#\/schema\/person\/image\/","url":"https:\/\/secure.gravatar.com\/avatar\/4e96a59bd256abf9956eb9963ac891a47461ffb364d47b0e9aab113328fdb75b?s=96&d=mm&r=g","contentUrl":"https:\/\/secure.gravatar.com\/avatar\/4e96a59bd256abf9956eb9963ac891a47461ffb364d47b0e9aab113328fdb75b?s=96&d=mm&r=g","caption":"US1"},"url":"https:\/\/veritasinfo.org\/?author=2"}]}},"featured_image_urls":{"full":["https:\/\/veritasinfo.org\/wp-content\/uploads\/2025\/08\/Zgjedhjet-veri.jpg",940,788,false],"thumbnail":["https:\/\/veritasinfo.org\/wp-content\/uploads\/2025\/08\/Zgjedhjet-veri-150x150.jpg",150,150,true],"medium":["https:\/\/veritasinfo.org\/wp-content\/uploads\/2025\/08\/Zgjedhjet-veri-300x251.jpg",300,251,true],"medium_large":["https:\/\/veritasinfo.org\/wp-content\/uploads\/2025\/08\/Zgjedhjet-veri-768x644.jpg",640,537,true],"large":["https:\/\/veritasinfo.org\/wp-content\/uploads\/2025\/08\/Zgjedhjet-veri.jpg",640,537,false],"1536x1536":["https:\/\/veritasinfo.org\/wp-content\/uploads\/2025\/08\/Zgjedhjet-veri.jpg",940,788,false],"2048x2048":["https:\/\/veritasinfo.org\/wp-content\/uploads\/2025\/08\/Zgjedhjet-veri.jpg",940,788,false],"kreeti-slider-full":["https:\/\/veritasinfo.org\/wp-content\/uploads\/2025\/08\/Zgjedhjet-veri.jpg",859,720,false],"kreeti-featured":["https:\/\/veritasinfo.org\/wp-content\/uploads\/2025\/08\/Zgjedhjet-veri.jpg",940,788,false],"kreeti-medium":["https:\/\/veritasinfo.org\/wp-content\/uploads\/2025\/08\/Zgjedhjet-veri.jpg",632,530,false],"kreeti-medium-square":["https:\/\/veritasinfo.org\/wp-content\/uploads\/2025\/08\/Zgjedhjet-veri.jpg",350,293,false]},"author_info":{"info":["US1"]},"category_info":"<a href=\"https:\/\/veritasinfo.org\/?cat=58\" rel=\"category\">Politik\u00eb<\/a>","tag_info":"Politik\u00eb","comment_count":"0","_links":{"self":[{"href":"https:\/\/veritasinfo.org\/index.php?rest_route=\/wp\/v2\/posts\/8204","targetHints":{"allow":["GET"]}}],"collection":[{"href":"https:\/\/veritasinfo.org\/index.php?rest_route=\/wp\/v2\/posts"}],"about":[{"href":"https:\/\/veritasinfo.org\/index.php?rest_route=\/wp\/v2\/types\/post"}],"author":[{"embeddable":true,"href":"https:\/\/veritasinfo.org\/index.php?rest_route=\/wp\/v2\/users\/2"}],"replies":[{"embeddable":true,"href":"https:\/\/veritasinfo.org\/index.php?rest_route=%2Fwp%2Fv2%2Fcomments&post=8204"}],"version-history":[{"count":3,"href":"https:\/\/veritasinfo.org\/index.php?rest_route=\/wp\/v2\/posts\/8204\/revisions"}],"predecessor-version":[{"id":8210,"href":"https:\/\/veritasinfo.org\/index.php?rest_route=\/wp\/v2\/posts\/8204\/revisions\/8210"}],"wp:featuredmedia":[{"embeddable":true,"href":"https:\/\/veritasinfo.org\/index.php?rest_route=\/wp\/v2\/media\/8205"}],"wp:attachment":[{"href":"https:\/\/veritasinfo.org\/index.php?rest_route=%2Fwp%2Fv2%2Fmedia&parent=8204"}],"wp:term":[{"taxonomy":"category","embeddable":true,"href":"https:\/\/veritasinfo.org\/index.php?rest_route=%2Fwp%2Fv2%2Fcategories&post=8204"},{"taxonomy":"post_tag","embeddable":true,"href":"https:\/\/veritasinfo.org\/index.php?rest_route=%2Fwp%2Fv2%2Ftags&post=8204"}],"curies":[{"name":"wp","href":"https:\/\/api.w.org\/{rel}","templated":true}]}}