{"id":8194,"date":"2025-08-15T17:32:25","date_gmt":"2025-08-15T15:32:25","guid":{"rendered":"https:\/\/veritasinfo.org\/?p=8194"},"modified":"2025-08-15T17:32:25","modified_gmt":"2025-08-15T15:32:25","slug":"mbyllet-kufiri-kosove-maqedoni-e-veriut-ne-glloboqice-shkaku-zjarrit","status":"publish","type":"post","link":"https:\/\/veritasinfo.org\/?p=8194","title":{"rendered":"Mbyllet kufiri Kosov\u00eb-Maqedoni e Veriut n\u00eb Glloboqic\u00eb, shkaku zjarrit"},"content":{"rendered":"<p>Glloboqic\u00eb, 15 Gusht 2025<\/p>\n<p><strong>Pika kufitare e Glloboqic\u00ebs, q\u00eb lidh Kosov\u00ebn me Maqedonin\u00eb e Veriut, \u00ebsht\u00eb mbyllur p\u00ebrkoh\u00ebsisht p\u00ebr shkak t\u00eb p\u00ebrhapjes s\u00eb zjarreve.<\/strong><\/p>\n<p>Sipas njoftimit zyrtar, pala maqedonase ka informuar autoritetet kosovare se nj\u00eb zjarr i madh \u00ebsht\u00eb afruar pran\u00eb rrug\u00ebs s\u00eb fshatit Jazhinc\u00eb, duke paraqitur rrezik p\u00ebr qarkullimin.<\/p>\n<p>\u201cRreth or\u00ebs 15:40, nga pala maqedonase jemi njoftuar se, p\u00ebr shkak t\u00eb zjarrit t\u00eb madh pran\u00eb rrug\u00ebs s\u00eb fshatit Jazhinc\u00eb dhe rrezikut nga p\u00ebrhapja e tij, me urdh\u00ebr t\u00eb Ministris\u00eb s\u00eb Pun\u00ebve t\u00eb Brendshme dhe shtabit t\u00eb krizave t\u00eb Republik\u00ebs s\u00eb Maqedonis\u00eb s\u00eb Veriut, \u00ebsht\u00eb mbyllur kufiri RKS\u2013RMV n\u00eb pik\u00ebn kufitare t\u00eb Glloboqic\u00ebs\u201d, thuhet n\u00eb njoftim.<\/p>\n","protected":false},"excerpt":{"rendered":"<p>Glloboqic\u00eb, 15 Gusht 2025 Pika kufitare e Glloboqic\u00ebs, q\u00eb lidh Kosov\u00ebn me Maqedonin\u00eb e Veriut, \u00ebsht\u00eb mbyllur p\u00ebrkoh\u00ebsisht p\u00ebr shkak t\u00eb p\u00ebrhapjes s\u00eb zjarreve. Sipas<\/p>\n","protected":false},"author":1,"featured_media":8195,"comment_status":"open","ping_status":"open","sticky":false,"template":"","format":"standard","meta":{"footnotes":""},"categories":[60],"tags":[],"class_list":["post-8194","post","type-post","status-publish","format-standard","has-post-thumbnail","hentry","category-shoqerore-sq"],"yoast_head":"<!-- This site is optimized with the Yoast SEO plugin v25.3.1 - https:\/\/yoast.com\/wordpress\/plugins\/seo\/ -->\n<title>Mbyllet kufiri Kosov\u00eb-Maqedoni e Veriut n\u00eb Glloboqic\u00eb, shkaku zjarrit -<\/title>\n<meta name=\"robots\" content=\"index, follow, max-snippet:-1, max-image-preview:large, max-video-preview:-1\" \/>\n<link rel=\"canonical\" href=\"https:\/\/veritasinfo.org\/?p=8194\" \/>\n<meta property=\"og:locale\" content=\"en_US\" \/>\n<meta property=\"og:type\" content=\"article\" \/>\n<meta property=\"og:title\" content=\"Mbyllet kufiri Kosov\u00eb-Maqedoni e Veriut n\u00eb Glloboqic\u00eb, shkaku zjarrit -\" \/>\n<meta property=\"og:description\" content=\"Glloboqic\u00eb, 15 Gusht 2025 Pika kufitare e Glloboqic\u00ebs, q\u00eb lidh Kosov\u00ebn me Maqedonin\u00eb e Veriut, \u00ebsht\u00eb mbyllur p\u00ebrkoh\u00ebsisht p\u00ebr shkak t\u00eb p\u00ebrhapjes s\u00eb zjarreve. Sipas\" \/>\n<meta property=\"og:url\" content=\"https:\/\/veritasinfo.org\/?p=8194\" \/>\n<meta property=\"article:published_time\" content=\"2025-08-15T15:32:25+00:00\" \/>\n<meta property=\"og:image\" content=\"https:\/\/veritasinfo.org\/wp-content\/uploads\/2025\/08\/IMG_2556.png\" \/>\n\t<meta property=\"og:image:width\" content=\"400\" \/>\n\t<meta property=\"og:image:height\" content=\"200\" \/>\n\t<meta property=\"og:image:type\" content=\"image\/png\" \/>\n<meta name=\"author\" content=\"admin\" \/>\n<meta name=\"twitter:card\" content=\"summary_large_image\" \/>\n<meta name=\"twitter:label1\" content=\"Written by\" \/>\n\t<meta name=\"twitter:data1\" content=\"admin\" \/>\n\t<meta name=\"twitter:label2\" content=\"Est. reading time\" \/>\n\t<meta name=\"twitter:data2\" content=\"1 minute\" \/>\n<script type=\"application\/ld+json\" class=\"yoast-schema-graph\">{\"@context\":\"https:\/\/schema.org\",\"@graph\":[{\"@type\":\"WebPage\",\"@id\":\"https:\/\/veritasinfo.org\/?p=8194\",\"url\":\"https:\/\/veritasinfo.org\/?p=8194\",\"name\":\"Mbyllet kufiri Kosov\u00eb-Maqedoni e Veriut n\u00eb Glloboqic\u00eb, shkaku zjarrit -\",\"isPartOf\":{\"@id\":\"https:\/\/veritasinfo.org\/#website\"},\"primaryImageOfPage\":{\"@id\":\"https:\/\/veritasinfo.org\/?p=8194#primaryimage\"},\"image\":{\"@id\":\"https:\/\/veritasinfo.org\/?p=8194#primaryimage\"},\"thumbnailUrl\":\"https:\/\/veritasinfo.org\/wp-content\/uploads\/2025\/08\/IMG_2556.png\",\"datePublished\":\"2025-08-15T15:32:25+00:00\",\"author\":{\"@id\":\"https:\/\/veritasinfo.org\/#\/schema\/person\/7701f8c088bece422266b100a712374f\"},\"breadcrumb\":{\"@id\":\"https:\/\/veritasinfo.org\/?p=8194#breadcrumb\"},\"inLanguage\":\"en-US\",\"potentialAction\":[{\"@type\":\"ReadAction\",\"target\":[\"https:\/\/veritasinfo.org\/?p=8194\"]}]},{\"@type\":\"ImageObject\",\"inLanguage\":\"en-US\",\"@id\":\"https:\/\/veritasinfo.org\/?p=8194#primaryimage\",\"url\":\"https:\/\/veritasinfo.org\/wp-content\/uploads\/2025\/08\/IMG_2556.png\",\"contentUrl\":\"https:\/\/veritasinfo.org\/wp-content\/uploads\/2025\/08\/IMG_2556.png\",\"width\":400,\"height\":200},{\"@type\":\"BreadcrumbList\",\"@id\":\"https:\/\/veritasinfo.org\/?p=8194#breadcrumb\",\"itemListElement\":[{\"@type\":\"ListItem\",\"position\":1,\"name\":\"Home\",\"item\":\"https:\/\/veritasinfo.org\/\"},{\"@type\":\"ListItem\",\"position\":2,\"name\":\"Mbyllet kufiri Kosov\u00eb-Maqedoni e Veriut n\u00eb Glloboqic\u00eb, shkaku zjarrit\"}]},{\"@type\":\"WebSite\",\"@id\":\"https:\/\/veritasinfo.org\/#website\",\"url\":\"https:\/\/veritasinfo.org\/\",\"name\":\"\",\"description\":\"\",\"potentialAction\":[{\"@type\":\"SearchAction\",\"target\":{\"@type\":\"EntryPoint\",\"urlTemplate\":\"https:\/\/veritasinfo.org\/?s={search_term_string}\"},\"query-input\":{\"@type\":\"PropertyValueSpecification\",\"valueRequired\":true,\"valueName\":\"search_term_string\"}}],\"inLanguage\":\"en-US\"},{\"@type\":\"Person\",\"@id\":\"https:\/\/veritasinfo.org\/#\/schema\/person\/7701f8c088bece422266b100a712374f\",\"name\":\"admin\",\"image\":{\"@type\":\"ImageObject\",\"inLanguage\":\"en-US\",\"@id\":\"https:\/\/veritasinfo.org\/#\/schema\/person\/image\/\",\"url\":\"https:\/\/secure.gravatar.com\/avatar\/ea53aa3bf6c9a12d5fde8ce4deff43fef3885ae33cf60184161a50d6987cfd2f?s=96&d=mm&r=g\",\"contentUrl\":\"https:\/\/secure.gravatar.com\/avatar\/ea53aa3bf6c9a12d5fde8ce4deff43fef3885ae33cf60184161a50d6987cfd2f?s=96&d=mm&r=g\",\"caption\":\"admin\"},\"sameAs\":[\"https:\/\/veritasinfo.org\"],\"url\":\"https:\/\/veritasinfo.org\/?author=1\"}]}<\/script>\n<!-- \/ Yoast SEO plugin. -->","yoast_head_json":{"title":"Mbyllet kufiri Kosov\u00eb-Maqedoni e Veriut n\u00eb Glloboqic\u00eb, shkaku zjarrit -","robots":{"index":"index","follow":"follow","max-snippet":"max-snippet:-1","max-image-preview":"max-image-preview:large","max-video-preview":"max-video-preview:-1"},"canonical":"https:\/\/veritasinfo.org\/?p=8194","og_locale":"en_US","og_type":"article","og_title":"Mbyllet kufiri Kosov\u00eb-Maqedoni e Veriut n\u00eb Glloboqic\u00eb, shkaku zjarrit -","og_description":"Glloboqic\u00eb, 15 Gusht 2025 Pika kufitare e Glloboqic\u00ebs, q\u00eb lidh Kosov\u00ebn me Maqedonin\u00eb e Veriut, \u00ebsht\u00eb mbyllur p\u00ebrkoh\u00ebsisht p\u00ebr shkak t\u00eb p\u00ebrhapjes s\u00eb zjarreve. Sipas","og_url":"https:\/\/veritasinfo.org\/?p=8194","article_published_time":"2025-08-15T15:32:25+00:00","og_image":[{"width":400,"height":200,"url":"https:\/\/veritasinfo.org\/wp-content\/uploads\/2025\/08\/IMG_2556.png","type":"image\/png"}],"author":"admin","twitter_card":"summary_large_image","twitter_misc":{"Written by":"admin","Est. reading time":"1 minute"},"schema":{"@context":"https:\/\/schema.org","@graph":[{"@type":"WebPage","@id":"https:\/\/veritasinfo.org\/?p=8194","url":"https:\/\/veritasinfo.org\/?p=8194","name":"Mbyllet kufiri Kosov\u00eb-Maqedoni e Veriut n\u00eb Glloboqic\u00eb, shkaku zjarrit -","isPartOf":{"@id":"https:\/\/veritasinfo.org\/#website"},"primaryImageOfPage":{"@id":"https:\/\/veritasinfo.org\/?p=8194#primaryimage"},"image":{"@id":"https:\/\/veritasinfo.org\/?p=8194#primaryimage"},"thumbnailUrl":"https:\/\/veritasinfo.org\/wp-content\/uploads\/2025\/08\/IMG_2556.png","datePublished":"2025-08-15T15:32:25+00:00","author":{"@id":"https:\/\/veritasinfo.org\/#\/schema\/person\/7701f8c088bece422266b100a712374f"},"breadcrumb":{"@id":"https:\/\/veritasinfo.org\/?p=8194#breadcrumb"},"inLanguage":"en-US","potentialAction":[{"@type":"ReadAction","target":["https:\/\/veritasinfo.org\/?p=8194"]}]},{"@type":"ImageObject","inLanguage":"en-US","@id":"https:\/\/veritasinfo.org\/?p=8194#primaryimage","url":"https:\/\/veritasinfo.org\/wp-content\/uploads\/2025\/08\/IMG_2556.png","contentUrl":"https:\/\/veritasinfo.org\/wp-content\/uploads\/2025\/08\/IMG_2556.png","width":400,"height":200},{"@type":"BreadcrumbList","@id":"https:\/\/veritasinfo.org\/?p=8194#breadcrumb","itemListElement":[{"@type":"ListItem","position":1,"name":"Home","item":"https:\/\/veritasinfo.org\/"},{"@type":"ListItem","position":2,"name":"Mbyllet kufiri Kosov\u00eb-Maqedoni e Veriut n\u00eb Glloboqic\u00eb, shkaku zjarrit"}]},{"@type":"WebSite","@id":"https:\/\/veritasinfo.org\/#website","url":"https:\/\/veritasinfo.org\/","name":"","description":"","potentialAction":[{"@type":"SearchAction","target":{"@type":"EntryPoint","urlTemplate":"https:\/\/veritasinfo.org\/?s={search_term_string}"},"query-input":{"@type":"PropertyValueSpecification","valueRequired":true,"valueName":"search_term_string"}}],"inLanguage":"en-US"},{"@type":"Person","@id":"https:\/\/veritasinfo.org\/#\/schema\/person\/7701f8c088bece422266b100a712374f","name":"admin","image":{"@type":"ImageObject","inLanguage":"en-US","@id":"https:\/\/veritasinfo.org\/#\/schema\/person\/image\/","url":"https:\/\/secure.gravatar.com\/avatar\/ea53aa3bf6c9a12d5fde8ce4deff43fef3885ae33cf60184161a50d6987cfd2f?s=96&d=mm&r=g","contentUrl":"https:\/\/secure.gravatar.com\/avatar\/ea53aa3bf6c9a12d5fde8ce4deff43fef3885ae33cf60184161a50d6987cfd2f?s=96&d=mm&r=g","caption":"admin"},"sameAs":["https:\/\/veritasinfo.org"],"url":"https:\/\/veritasinfo.org\/?author=1"}]}},"featured_image_urls":{"full":["https:\/\/veritasinfo.org\/wp-content\/uploads\/2025\/08\/IMG_2556.png",400,200,false],"thumbnail":["https:\/\/veritasinfo.org\/wp-content\/uploads\/2025\/08\/IMG_2556-150x150.png",150,150,true],"medium":["https:\/\/veritasinfo.org\/wp-content\/uploads\/2025\/08\/IMG_2556-300x150.png",300,150,true],"medium_large":["https:\/\/veritasinfo.org\/wp-content\/uploads\/2025\/08\/IMG_2556.png",400,200,false],"large":["https:\/\/veritasinfo.org\/wp-content\/uploads\/2025\/08\/IMG_2556.png",400,200,false],"1536x1536":["https:\/\/veritasinfo.org\/wp-content\/uploads\/2025\/08\/IMG_2556.png",400,200,false],"2048x2048":["https:\/\/veritasinfo.org\/wp-content\/uploads\/2025\/08\/IMG_2556.png",400,200,false],"kreeti-slider-full":["https:\/\/veritasinfo.org\/wp-content\/uploads\/2025\/08\/IMG_2556.png",400,200,false],"kreeti-featured":["https:\/\/veritasinfo.org\/wp-content\/uploads\/2025\/08\/IMG_2556.png",400,200,false],"kreeti-medium":["https:\/\/veritasinfo.org\/wp-content\/uploads\/2025\/08\/IMG_2556.png",400,200,false],"kreeti-medium-square":["https:\/\/veritasinfo.org\/wp-content\/uploads\/2025\/08\/IMG_2556.png",350,175,false]},"author_info":{"info":["admin"]},"category_info":"<a href=\"https:\/\/veritasinfo.org\/?cat=60\" rel=\"category\">Shoq\u00ebrore<\/a>","tag_info":"Shoq\u00ebrore","comment_count":"0","_links":{"self":[{"href":"https:\/\/veritasinfo.org\/index.php?rest_route=\/wp\/v2\/posts\/8194","targetHints":{"allow":["GET"]}}],"collection":[{"href":"https:\/\/veritasinfo.org\/index.php?rest_route=\/wp\/v2\/posts"}],"about":[{"href":"https:\/\/veritasinfo.org\/index.php?rest_route=\/wp\/v2\/types\/post"}],"author":[{"embeddable":true,"href":"https:\/\/veritasinfo.org\/index.php?rest_route=\/wp\/v2\/users\/1"}],"replies":[{"embeddable":true,"href":"https:\/\/veritasinfo.org\/index.php?rest_route=%2Fwp%2Fv2%2Fcomments&post=8194"}],"version-history":[{"count":1,"href":"https:\/\/veritasinfo.org\/index.php?rest_route=\/wp\/v2\/posts\/8194\/revisions"}],"predecessor-version":[{"id":8196,"href":"https:\/\/veritasinfo.org\/index.php?rest_route=\/wp\/v2\/posts\/8194\/revisions\/8196"}],"wp:featuredmedia":[{"embeddable":true,"href":"https:\/\/veritasinfo.org\/index.php?rest_route=\/wp\/v2\/media\/8195"}],"wp:attachment":[{"href":"https:\/\/veritasinfo.org\/index.php?rest_route=%2Fwp%2Fv2%2Fmedia&parent=8194"}],"wp:term":[{"taxonomy":"category","embeddable":true,"href":"https:\/\/veritasinfo.org\/index.php?rest_route=%2Fwp%2Fv2%2Fcategories&post=8194"},{"taxonomy":"post_tag","embeddable":true,"href":"https:\/\/veritasinfo.org\/index.php?rest_route=%2Fwp%2Fv2%2Ftags&post=8194"}],"curies":[{"name":"wp","href":"https:\/\/api.w.org\/{rel}","templated":true}]}}