{"id":8184,"date":"2025-08-15T14:06:26","date_gmt":"2025-08-15T12:06:26","guid":{"rendered":"https:\/\/veritasinfo.org\/?p=8184"},"modified":"2025-08-15T14:06:26","modified_gmt":"2025-08-15T12:06:26","slug":"mitrovica-ne-ritmin-e-artit-dhe-aktivizmit-ka-nisur-edicioni-i-15-te-i-green-fest","status":"publish","type":"post","link":"https:\/\/veritasinfo.org\/?p=8184","title":{"rendered":"Mitrovica n\u00eb ritmin e artit dhe aktivizmit \u2013 ka nisur edicioni i 15-t\u00eb i Green Fest"},"content":{"rendered":"<p data-start=\"0\" data-end=\"89\"><strong data-start=\"0\" data-end=\"87\">Gusht, 2025<\/strong><\/p>\n<p data-start=\"91\" data-end=\"548\">Q\u00eb nga 13 gushti, Mitrovica po jeton n\u00eb nj\u00eb atmosfer\u00eb krejt\u00ebsisht t\u00eb ve\u00e7ant\u00eb. Rrug\u00ebt, sheshet dhe hap\u00ebsirat kulturore t\u00eb qytetit jan\u00eb shnd\u00ebrruar n\u00eb nj\u00eb sken\u00eb t\u00eb gjall\u00eb ku takohen arti, muzika, kultura dhe aktivizmi mjedisor. Edicioni i 15-t\u00eb i <em data-start=\"335\" data-end=\"352\">Green Fest 2025<\/em> ka nisur me energji t\u00eb re dhe me nj\u00eb mision t\u00eb qart\u00eb: t\u00eb nd\u00ebrgjegj\u00ebsoj\u00eb individ\u00ebt dhe komunitetet p\u00ebr \u00e7\u00ebshtje t\u00eb r\u00ebnd\u00ebsishme mjedisore e sociale, duke i lidhur me fuqin\u00eb transformuese t\u00eb artit.<\/p>\n<p data-start=\"550\" data-end=\"868\">Tema e k\u00ebtij viti \u2013 <strong data-start=\"570\" data-end=\"587\">\u201cToksiciteti\u201d<\/strong> \u2013 fton publikun n\u00eb nj\u00eb reflektim t\u00eb gjer\u00eb mbi ndikimin e ndotjes kimike n\u00eb mjedis, sh\u00ebndetin publik dhe marr\u00ebdh\u00ebniet shoq\u00ebrore. P\u00ebrmes nj\u00eb programi pes\u00ebditor, festivali ofron nj\u00eb p\u00ebrzierje t\u00eb aktiviteteve edukative, artistike dhe arg\u00ebtuese, t\u00eb menduara p\u00ebr t\u00eb gjitha grupmoshat.<\/p>\n<p data-start=\"870\" data-end=\"1333\">\u00c7do m\u00ebngjes, pjes\u00ebmarr\u00ebsit kan\u00eb mund\u00ebsin\u00eb t\u00eb ndjekin <strong data-start=\"923\" data-end=\"960\">pun\u00ebtorin\u00eb e gazetaris\u00eb mjedisore<\/strong>, ku m\u00ebsojn\u00eb si t\u00eb hulumtojn\u00eb dhe raportojn\u00eb mbi \u00e7\u00ebshtjet e mjedisit. Pasditet sjellin <strong data-start=\"1047\" data-end=\"1062\">Green Talks<\/strong>, diskutime t\u00eb hapura mbi ndotjen kimike dhe sh\u00ebndetin mendor n\u00eb qytetet industriale, ku z\u00ebra nga fusha t\u00eb ndryshme ndajn\u00eb p\u00ebrvoja dhe ide. Nd\u00ebrkoh\u00eb, f\u00ebmij\u00ebt po shijojn\u00eb hap\u00ebsirat e tyre krijuese p\u00ebrmes <strong data-start=\"1265\" data-end=\"1279\">Green Kids<\/strong>, duke m\u00ebsuar p\u00ebr natyr\u00ebn n\u00ebp\u00ebrmjet loj\u00ebs dhe artit.<\/p>\n<p data-start=\"870\" data-end=\"1333\"><img fetchpriority=\"high\" decoding=\"async\" class=\"alignnone size-medium wp-image-8181\" src=\"https:\/\/veritasinfo.org\/wp-content\/uploads\/2025\/08\/532367065_1191742802993268_2822506549239027469_n-300x200.jpg\" alt=\"\" width=\"300\" height=\"200\" srcset=\"https:\/\/veritasinfo.org\/wp-content\/uploads\/2025\/08\/532367065_1191742802993268_2822506549239027469_n-300x200.jpg 300w, https:\/\/veritasinfo.org\/wp-content\/uploads\/2025\/08\/532367065_1191742802993268_2822506549239027469_n-1024x683.jpg 1024w, https:\/\/veritasinfo.org\/wp-content\/uploads\/2025\/08\/532367065_1191742802993268_2822506549239027469_n-768x512.jpg 768w, https:\/\/veritasinfo.org\/wp-content\/uploads\/2025\/08\/532367065_1191742802993268_2822506549239027469_n-1536x1025.jpg 1536w, https:\/\/veritasinfo.org\/wp-content\/uploads\/2025\/08\/532367065_1191742802993268_2822506549239027469_n.jpg 2048w\" sizes=\"(max-width: 300px) 100vw, 300px\" \/><\/p>\n<p data-start=\"1335\" data-end=\"1633\">Mbr\u00ebmjet e Mitrovic\u00ebs jan\u00eb kthyer n\u00eb nj\u00eb fest\u00eb t\u00eb madhe muzikore. Artist\u00eb t\u00eb njohur si <strong data-start=\"1422\" data-end=\"1444\">Armend Rexhepagiqi<\/strong>, <strong data-start=\"1446\" data-end=\"1460\">Yll Limani<\/strong>, <strong data-start=\"1462\" data-end=\"1478\">Gipsy Groove<\/strong>, <strong data-start=\"1480\" data-end=\"1494\">Offchestra<\/strong>, <strong data-start=\"1496\" data-end=\"1509\">La Fazani<\/strong>, <strong data-start=\"1511\" data-end=\"1526\">Ahmet Kilic<\/strong>, <strong data-start=\"1528\" data-end=\"1539\">DJ Wise<\/strong> dhe shum\u00eb t\u00eb tjer\u00eb po sjellin performanca q\u00eb mbushin qytetin me rit\u00ebm dhe energji pozitive.<\/p>\n<p data-start=\"1635\" data-end=\"2038\">Por Green Fest nuk \u00ebsht\u00eb vet\u00ebm muzik\u00eb. Programi p\u00ebrfshin edhe aktivitete n\u00eb natyr\u00eb si <strong data-start=\"1721\" data-end=\"1762\">kajak, \u00e7ikliz\u00ebm, yoga dhe ecje malore<\/strong>, duke i afruar pjes\u00ebmarr\u00ebsit me mjedisin q\u00eb festivali synon ta mbroj\u00eb. Ekspozita <strong data-start=\"1844\" data-end=\"1863\">\u201cLand Like You\u201d<\/strong>, dokumentari <strong data-start=\"1877\" data-end=\"1899\">\u201cSky Above Zenica\u201d<\/strong> dhe performancat e trup\u00ebs s\u00eb baletit po ofrojn\u00eb momente reflektimi mbi ndotjen, ndikimin e njeriut n\u00eb planet dhe mund\u00ebsit\u00eb p\u00ebr ndryshim.<\/p>\n<p data-start=\"2040\" data-end=\"2312\">Organizuar nga <strong data-start=\"2055\" data-end=\"2066\">\u201c7Arte\u201d<\/strong> n\u00eb bashk\u00ebpunim me <strong data-start=\"2085\" data-end=\"2109\">Komun\u00ebn e Mitrovic\u00ebs<\/strong>, <strong data-start=\"2111\" data-end=\"2136\">Ministrin\u00eb e Kultur\u00ebs<\/strong> dhe programin <strong data-start=\"2151\" data-end=\"2161\">EECSOK<\/strong> t\u00eb mb\u00ebshtetur nga <strong data-start=\"2180\" data-end=\"2188\">SIDA<\/strong>, festivali \u00ebsht\u00eb shnd\u00ebrruar n\u00eb nj\u00eb platform\u00eb ku bashk\u00ebpunojn\u00eb artist\u00eb, aktivist\u00eb dhe qytetar\u00eb nga komunitete t\u00eb ndryshme.<\/p>\n<p data-start=\"2314\" data-end=\"2473\">Ceremonia e mbylljes do t\u00eb mbahet n\u00eb <strong data-start=\"2351\" data-end=\"2374\">Kodr\u00ebn e Minator\u00ebve<\/strong> n\u00eb Mitrovic\u00ebn e Veriut, duke p\u00ebrcjell\u00eb nj\u00eb mesazh t\u00eb fuqish\u00ebm uniteti p\u00ebrmes artit dhe mjedisit.<\/p>\n<p data-start=\"2475\" data-end=\"2602\">P\u00ebr programin e plot\u00eb dhe m\u00eb shum\u00eb detaje, mund t\u00eb vizitoni: <a class=\"\" href=\"http:\/\/www.mitrovicagreenfest.com\" target=\"_new\" rel=\"noopener\" data-start=\"2536\" data-end=\"2599\">www.mitrovicagreenfest.com<\/a>.<\/p>\n","protected":false},"excerpt":{"rendered":"<p>Gusht, 2025 Q\u00eb nga 13 gushti, Mitrovica po jeton n\u00eb nj\u00eb atmosfer\u00eb krejt\u00ebsisht t\u00eb ve\u00e7ant\u00eb. Rrug\u00ebt, sheshet dhe hap\u00ebsirat kulturore t\u00eb qytetit jan\u00eb shnd\u00ebrruar n\u00eb<\/p>\n","protected":false},"author":1,"featured_media":8182,"comment_status":"open","ping_status":"open","sticky":false,"template":"","format":"standard","meta":{"footnotes":""},"categories":[52],"tags":[],"class_list":["post-8184","post","type-post","status-publish","format-standard","has-post-thumbnail","hentry","category-komunat-sq"],"yoast_head":"<!-- This site is optimized with the Yoast SEO plugin v25.3.1 - https:\/\/yoast.com\/wordpress\/plugins\/seo\/ -->\n<title>Mitrovica n\u00eb ritmin e artit dhe aktivizmit \u2013 ka nisur edicioni i 15-t\u00eb i Green Fest -<\/title>\n<meta name=\"robots\" content=\"index, follow, max-snippet:-1, max-image-preview:large, max-video-preview:-1\" \/>\n<link rel=\"canonical\" href=\"https:\/\/veritasinfo.org\/?p=8184\" \/>\n<meta property=\"og:locale\" content=\"en_US\" \/>\n<meta property=\"og:type\" content=\"article\" \/>\n<meta property=\"og:title\" content=\"Mitrovica n\u00eb ritmin e artit dhe aktivizmit \u2013 ka nisur edicioni i 15-t\u00eb i Green Fest -\" \/>\n<meta property=\"og:description\" content=\"Gusht, 2025 Q\u00eb nga 13 gushti, Mitrovica po jeton n\u00eb nj\u00eb atmosfer\u00eb krejt\u00ebsisht t\u00eb ve\u00e7ant\u00eb. Rrug\u00ebt, sheshet dhe hap\u00ebsirat kulturore t\u00eb qytetit jan\u00eb shnd\u00ebrruar n\u00eb\" \/>\n<meta property=\"og:url\" content=\"https:\/\/veritasinfo.org\/?p=8184\" \/>\n<meta property=\"article:published_time\" content=\"2025-08-15T12:06:26+00:00\" \/>\n<meta property=\"og:image\" content=\"https:\/\/veritasinfo.org\/wp-content\/uploads\/2025\/08\/green.jpg\" \/>\n\t<meta property=\"og:image:width\" content=\"2048\" \/>\n\t<meta property=\"og:image:height\" content=\"1366\" \/>\n\t<meta property=\"og:image:type\" content=\"image\/jpeg\" \/>\n<meta name=\"author\" content=\"admin\" \/>\n<meta name=\"twitter:card\" content=\"summary_large_image\" \/>\n<meta name=\"twitter:label1\" content=\"Written by\" \/>\n\t<meta name=\"twitter:data1\" content=\"admin\" \/>\n\t<meta name=\"twitter:label2\" content=\"Est. reading time\" \/>\n\t<meta name=\"twitter:data2\" content=\"2 minutes\" \/>\n<script type=\"application\/ld+json\" class=\"yoast-schema-graph\">{\"@context\":\"https:\/\/schema.org\",\"@graph\":[{\"@type\":\"WebPage\",\"@id\":\"https:\/\/veritasinfo.org\/?p=8184\",\"url\":\"https:\/\/veritasinfo.org\/?p=8184\",\"name\":\"Mitrovica n\u00eb ritmin e artit dhe aktivizmit \u2013 ka nisur edicioni i 15-t\u00eb i Green Fest -\",\"isPartOf\":{\"@id\":\"https:\/\/veritasinfo.org\/#website\"},\"primaryImageOfPage\":{\"@id\":\"https:\/\/veritasinfo.org\/?p=8184#primaryimage\"},\"image\":{\"@id\":\"https:\/\/veritasinfo.org\/?p=8184#primaryimage\"},\"thumbnailUrl\":\"https:\/\/veritasinfo.org\/wp-content\/uploads\/2025\/08\/green.jpg\",\"datePublished\":\"2025-08-15T12:06:26+00:00\",\"author\":{\"@id\":\"https:\/\/veritasinfo.org\/#\/schema\/person\/7701f8c088bece422266b100a712374f\"},\"breadcrumb\":{\"@id\":\"https:\/\/veritasinfo.org\/?p=8184#breadcrumb\"},\"inLanguage\":\"en-US\",\"potentialAction\":[{\"@type\":\"ReadAction\",\"target\":[\"https:\/\/veritasinfo.org\/?p=8184\"]}]},{\"@type\":\"ImageObject\",\"inLanguage\":\"en-US\",\"@id\":\"https:\/\/veritasinfo.org\/?p=8184#primaryimage\",\"url\":\"https:\/\/veritasinfo.org\/wp-content\/uploads\/2025\/08\/green.jpg\",\"contentUrl\":\"https:\/\/veritasinfo.org\/wp-content\/uploads\/2025\/08\/green.jpg\",\"width\":2048,\"height\":1366},{\"@type\":\"BreadcrumbList\",\"@id\":\"https:\/\/veritasinfo.org\/?p=8184#breadcrumb\",\"itemListElement\":[{\"@type\":\"ListItem\",\"position\":1,\"name\":\"Home\",\"item\":\"https:\/\/veritasinfo.org\/\"},{\"@type\":\"ListItem\",\"position\":2,\"name\":\"Mitrovica n\u00eb ritmin e artit dhe aktivizmit \u2013 ka nisur edicioni i 15-t\u00eb i Green Fest\"}]},{\"@type\":\"WebSite\",\"@id\":\"https:\/\/veritasinfo.org\/#website\",\"url\":\"https:\/\/veritasinfo.org\/\",\"name\":\"\",\"description\":\"\",\"potentialAction\":[{\"@type\":\"SearchAction\",\"target\":{\"@type\":\"EntryPoint\",\"urlTemplate\":\"https:\/\/veritasinfo.org\/?s={search_term_string}\"},\"query-input\":{\"@type\":\"PropertyValueSpecification\",\"valueRequired\":true,\"valueName\":\"search_term_string\"}}],\"inLanguage\":\"en-US\"},{\"@type\":\"Person\",\"@id\":\"https:\/\/veritasinfo.org\/#\/schema\/person\/7701f8c088bece422266b100a712374f\",\"name\":\"admin\",\"image\":{\"@type\":\"ImageObject\",\"inLanguage\":\"en-US\",\"@id\":\"https:\/\/veritasinfo.org\/#\/schema\/person\/image\/\",\"url\":\"https:\/\/secure.gravatar.com\/avatar\/ea53aa3bf6c9a12d5fde8ce4deff43fef3885ae33cf60184161a50d6987cfd2f?s=96&d=mm&r=g\",\"contentUrl\":\"https:\/\/secure.gravatar.com\/avatar\/ea53aa3bf6c9a12d5fde8ce4deff43fef3885ae33cf60184161a50d6987cfd2f?s=96&d=mm&r=g\",\"caption\":\"admin\"},\"sameAs\":[\"https:\/\/veritasinfo.org\"],\"url\":\"https:\/\/veritasinfo.org\/?author=1\"}]}<\/script>\n<!-- \/ Yoast SEO plugin. -->","yoast_head_json":{"title":"Mitrovica n\u00eb ritmin e artit dhe aktivizmit \u2013 ka nisur edicioni i 15-t\u00eb i Green Fest -","robots":{"index":"index","follow":"follow","max-snippet":"max-snippet:-1","max-image-preview":"max-image-preview:large","max-video-preview":"max-video-preview:-1"},"canonical":"https:\/\/veritasinfo.org\/?p=8184","og_locale":"en_US","og_type":"article","og_title":"Mitrovica n\u00eb ritmin e artit dhe aktivizmit \u2013 ka nisur edicioni i 15-t\u00eb i Green Fest -","og_description":"Gusht, 2025 Q\u00eb nga 13 gushti, Mitrovica po jeton n\u00eb nj\u00eb atmosfer\u00eb krejt\u00ebsisht t\u00eb ve\u00e7ant\u00eb. Rrug\u00ebt, sheshet dhe hap\u00ebsirat kulturore t\u00eb qytetit jan\u00eb shnd\u00ebrruar n\u00eb","og_url":"https:\/\/veritasinfo.org\/?p=8184","article_published_time":"2025-08-15T12:06:26+00:00","og_image":[{"width":2048,"height":1366,"url":"https:\/\/veritasinfo.org\/wp-content\/uploads\/2025\/08\/green.jpg","type":"image\/jpeg"}],"author":"admin","twitter_card":"summary_large_image","twitter_misc":{"Written by":"admin","Est. reading time":"2 minutes"},"schema":{"@context":"https:\/\/schema.org","@graph":[{"@type":"WebPage","@id":"https:\/\/veritasinfo.org\/?p=8184","url":"https:\/\/veritasinfo.org\/?p=8184","name":"Mitrovica n\u00eb ritmin e artit dhe aktivizmit \u2013 ka nisur edicioni i 15-t\u00eb i Green Fest -","isPartOf":{"@id":"https:\/\/veritasinfo.org\/#website"},"primaryImageOfPage":{"@id":"https:\/\/veritasinfo.org\/?p=8184#primaryimage"},"image":{"@id":"https:\/\/veritasinfo.org\/?p=8184#primaryimage"},"thumbnailUrl":"https:\/\/veritasinfo.org\/wp-content\/uploads\/2025\/08\/green.jpg","datePublished":"2025-08-15T12:06:26+00:00","author":{"@id":"https:\/\/veritasinfo.org\/#\/schema\/person\/7701f8c088bece422266b100a712374f"},"breadcrumb":{"@id":"https:\/\/veritasinfo.org\/?p=8184#breadcrumb"},"inLanguage":"en-US","potentialAction":[{"@type":"ReadAction","target":["https:\/\/veritasinfo.org\/?p=8184"]}]},{"@type":"ImageObject","inLanguage":"en-US","@id":"https:\/\/veritasinfo.org\/?p=8184#primaryimage","url":"https:\/\/veritasinfo.org\/wp-content\/uploads\/2025\/08\/green.jpg","contentUrl":"https:\/\/veritasinfo.org\/wp-content\/uploads\/2025\/08\/green.jpg","width":2048,"height":1366},{"@type":"BreadcrumbList","@id":"https:\/\/veritasinfo.org\/?p=8184#breadcrumb","itemListElement":[{"@type":"ListItem","position":1,"name":"Home","item":"https:\/\/veritasinfo.org\/"},{"@type":"ListItem","position":2,"name":"Mitrovica n\u00eb ritmin e artit dhe aktivizmit \u2013 ka nisur edicioni i 15-t\u00eb i Green Fest"}]},{"@type":"WebSite","@id":"https:\/\/veritasinfo.org\/#website","url":"https:\/\/veritasinfo.org\/","name":"","description":"","potentialAction":[{"@type":"SearchAction","target":{"@type":"EntryPoint","urlTemplate":"https:\/\/veritasinfo.org\/?s={search_term_string}"},"query-input":{"@type":"PropertyValueSpecification","valueRequired":true,"valueName":"search_term_string"}}],"inLanguage":"en-US"},{"@type":"Person","@id":"https:\/\/veritasinfo.org\/#\/schema\/person\/7701f8c088bece422266b100a712374f","name":"admin","image":{"@type":"ImageObject","inLanguage":"en-US","@id":"https:\/\/veritasinfo.org\/#\/schema\/person\/image\/","url":"https:\/\/secure.gravatar.com\/avatar\/ea53aa3bf6c9a12d5fde8ce4deff43fef3885ae33cf60184161a50d6987cfd2f?s=96&d=mm&r=g","contentUrl":"https:\/\/secure.gravatar.com\/avatar\/ea53aa3bf6c9a12d5fde8ce4deff43fef3885ae33cf60184161a50d6987cfd2f?s=96&d=mm&r=g","caption":"admin"},"sameAs":["https:\/\/veritasinfo.org"],"url":"https:\/\/veritasinfo.org\/?author=1"}]}},"featured_image_urls":{"full":["https:\/\/veritasinfo.org\/wp-content\/uploads\/2025\/08\/green.jpg",2048,1366,false],"thumbnail":["https:\/\/veritasinfo.org\/wp-content\/uploads\/2025\/08\/green-150x150.jpg",150,150,true],"medium":["https:\/\/veritasinfo.org\/wp-content\/uploads\/2025\/08\/green-300x200.jpg",300,200,true],"medium_large":["https:\/\/veritasinfo.org\/wp-content\/uploads\/2025\/08\/green-768x512.jpg",640,427,true],"large":["https:\/\/veritasinfo.org\/wp-content\/uploads\/2025\/08\/green-1024x683.jpg",640,427,true],"1536x1536":["https:\/\/veritasinfo.org\/wp-content\/uploads\/2025\/08\/green-1536x1025.jpg",1536,1025,true],"2048x2048":["https:\/\/veritasinfo.org\/wp-content\/uploads\/2025\/08\/green.jpg",2048,1366,false],"kreeti-slider-full":["https:\/\/veritasinfo.org\/wp-content\/uploads\/2025\/08\/green.jpg",1079,720,false],"kreeti-featured":["https:\/\/veritasinfo.org\/wp-content\/uploads\/2025\/08\/green.jpg",1024,683,false],"kreeti-medium":["https:\/\/veritasinfo.org\/wp-content\/uploads\/2025\/08\/green.jpg",720,480,false],"kreeti-medium-square":["https:\/\/veritasinfo.org\/wp-content\/uploads\/2025\/08\/green.jpg",350,233,false]},"author_info":{"info":["admin"]},"category_info":"<a href=\"https:\/\/veritasinfo.org\/?cat=52\" rel=\"category\">Komunat<\/a>","tag_info":"Komunat","comment_count":"0","_links":{"self":[{"href":"https:\/\/veritasinfo.org\/index.php?rest_route=\/wp\/v2\/posts\/8184","targetHints":{"allow":["GET"]}}],"collection":[{"href":"https:\/\/veritasinfo.org\/index.php?rest_route=\/wp\/v2\/posts"}],"about":[{"href":"https:\/\/veritasinfo.org\/index.php?rest_route=\/wp\/v2\/types\/post"}],"author":[{"embeddable":true,"href":"https:\/\/veritasinfo.org\/index.php?rest_route=\/wp\/v2\/users\/1"}],"replies":[{"embeddable":true,"href":"https:\/\/veritasinfo.org\/index.php?rest_route=%2Fwp%2Fv2%2Fcomments&post=8184"}],"version-history":[{"count":1,"href":"https:\/\/veritasinfo.org\/index.php?rest_route=\/wp\/v2\/posts\/8184\/revisions"}],"predecessor-version":[{"id":8185,"href":"https:\/\/veritasinfo.org\/index.php?rest_route=\/wp\/v2\/posts\/8184\/revisions\/8185"}],"wp:featuredmedia":[{"embeddable":true,"href":"https:\/\/veritasinfo.org\/index.php?rest_route=\/wp\/v2\/media\/8182"}],"wp:attachment":[{"href":"https:\/\/veritasinfo.org\/index.php?rest_route=%2Fwp%2Fv2%2Fmedia&parent=8184"}],"wp:term":[{"taxonomy":"category","embeddable":true,"href":"https:\/\/veritasinfo.org\/index.php?rest_route=%2Fwp%2Fv2%2Fcategories&post=8184"},{"taxonomy":"post_tag","embeddable":true,"href":"https:\/\/veritasinfo.org\/index.php?rest_route=%2Fwp%2Fv2%2Ftags&post=8184"}],"curies":[{"name":"wp","href":"https:\/\/api.w.org\/{rel}","templated":true}]}}