{"id":8175,"date":"2025-08-15T13:41:10","date_gmt":"2025-08-15T11:41:10","guid":{"rendered":"https:\/\/veritasinfo.org\/?p=8175"},"modified":"2025-08-15T13:41:10","modified_gmt":"2025-08-15T11:41:10","slug":"agjencia-per-privatesi-apelon-mediave-respektoni-privatesine-e-udhetareve-ne-aeroport","status":"publish","type":"post","link":"https:\/\/veritasinfo.org\/?p=8175","title":{"rendered":"Agjencia p\u00ebr Privat\u00ebsi apelon mediave: Respektoni privat\u00ebsin\u00eb e udh\u00ebtar\u00ebve n\u00eb aeroport"},"content":{"rendered":"<p>Prishtin\u00eb, 15 Gusht, 2025<\/p>\n<p><strong>Agjencia p\u00ebr Informim dhe Privat\u00ebsi u ka b\u00ebr\u00eb thirrje mediave q\u00eb t\u00eb respektojn\u00eb detyrimet ligjore t\u00eb p\u00ebrcaktuara me Ligjin p\u00ebr Mbrojtjen e t\u00eb Dh\u00ebnave Personale, duke garantuar privat\u00ebsin\u00eb e udh\u00ebtar\u00ebve n\u00eb Aeroportin Nd\u00ebrkomb\u00ebtar t\u00eb Prishtin\u00ebs \u201cAdem Jashari\u201d.<\/strong><\/p>\n<p>N\u00eb nj\u00eb reagim d\u00ebrguar redaksive, Agjencia njoftoi se ka pranuar ankesa dhe shqet\u00ebsime nga qytetar\u00eb t\u00eb Republik\u00ebs s\u00eb Kosov\u00ebs, t\u00eb cil\u00ebt p\u00ebrdorin aeroportin si destinacion udh\u00ebtimi, lidhur me pranin\u00eb e ekipeve mediatike dhe publikimin e xhirimeve t\u00eb realizuara brenda hap\u00ebsirave t\u00eb tij.<\/p>\n<p>\u201cDuhet t\u00eb respektohet mbrojtja e privat\u00ebsis\u00eb, ve\u00e7an\u00ebrisht n\u00eb situata t\u00eb ndjeshme personale ose familjare; t\u00eb shmangen regjistrimet apo publikimet pa p\u00eblqimin e qytetar\u00ebve; xhirimet dhe intervistat t\u00eb koordinohen me autoritetet p\u00ebrkat\u00ebse t\u00eb aeroportit; si dhe t\u00eb evitohet raportimi senzacionalist q\u00eb mund t\u00eb c\u00ebnoj\u00eb dinjitetin dhe t\u00eb drejtat personale t\u00eb udh\u00ebtar\u00ebve\u201d, thuhet n\u00eb njoftimin e Agjencis\u00eb.<\/p>\n","protected":false},"excerpt":{"rendered":"<p>Prishtin\u00eb, 15 Gusht, 2025 Agjencia p\u00ebr Informim dhe Privat\u00ebsi u ka b\u00ebr\u00eb thirrje mediave q\u00eb t\u00eb respektojn\u00eb detyrimet ligjore t\u00eb p\u00ebrcaktuara me Ligjin p\u00ebr Mbrojtjen<\/p>\n","protected":false},"author":1,"featured_media":8176,"comment_status":"open","ping_status":"open","sticky":false,"template":"","format":"standard","meta":{"footnotes":""},"categories":[60],"tags":[],"class_list":["post-8175","post","type-post","status-publish","format-standard","has-post-thumbnail","hentry","category-shoqerore-sq"],"yoast_head":"<!-- This site is optimized with the Yoast SEO plugin v25.3.1 - https:\/\/yoast.com\/wordpress\/plugins\/seo\/ -->\n<title>Agjencia p\u00ebr Privat\u00ebsi apelon mediave: Respektoni privat\u00ebsin\u00eb e udh\u00ebtar\u00ebve n\u00eb aeroport -<\/title>\n<meta name=\"robots\" content=\"index, follow, max-snippet:-1, max-image-preview:large, max-video-preview:-1\" \/>\n<link rel=\"canonical\" href=\"https:\/\/veritasinfo.org\/?p=8175\" \/>\n<meta property=\"og:locale\" content=\"en_US\" \/>\n<meta property=\"og:type\" content=\"article\" \/>\n<meta property=\"og:title\" content=\"Agjencia p\u00ebr Privat\u00ebsi apelon mediave: Respektoni privat\u00ebsin\u00eb e udh\u00ebtar\u00ebve n\u00eb aeroport -\" \/>\n<meta property=\"og:description\" content=\"Prishtin\u00eb, 15 Gusht, 2025 Agjencia p\u00ebr Informim dhe Privat\u00ebsi u ka b\u00ebr\u00eb thirrje mediave q\u00eb t\u00eb respektojn\u00eb detyrimet ligjore t\u00eb p\u00ebrcaktuara me Ligjin p\u00ebr Mbrojtjen\" \/>\n<meta property=\"og:url\" content=\"https:\/\/veritasinfo.org\/?p=8175\" \/>\n<meta property=\"article:published_time\" content=\"2025-08-15T11:41:10+00:00\" \/>\n<meta property=\"og:image\" content=\"https:\/\/veritasinfo.org\/wp-content\/uploads\/2025\/08\/IMG_2551.png\" \/>\n\t<meta property=\"og:image:width\" content=\"430\" \/>\n\t<meta property=\"og:image:height\" content=\"241\" \/>\n\t<meta property=\"og:image:type\" content=\"image\/png\" \/>\n<meta name=\"author\" content=\"admin\" \/>\n<meta name=\"twitter:card\" content=\"summary_large_image\" \/>\n<meta name=\"twitter:label1\" content=\"Written by\" \/>\n\t<meta name=\"twitter:data1\" content=\"admin\" \/>\n\t<meta name=\"twitter:label2\" content=\"Est. reading time\" \/>\n\t<meta name=\"twitter:data2\" content=\"1 minute\" \/>\n<script type=\"application\/ld+json\" class=\"yoast-schema-graph\">{\"@context\":\"https:\/\/schema.org\",\"@graph\":[{\"@type\":\"WebPage\",\"@id\":\"https:\/\/veritasinfo.org\/?p=8175\",\"url\":\"https:\/\/veritasinfo.org\/?p=8175\",\"name\":\"Agjencia p\u00ebr Privat\u00ebsi apelon mediave: Respektoni privat\u00ebsin\u00eb e udh\u00ebtar\u00ebve n\u00eb aeroport -\",\"isPartOf\":{\"@id\":\"https:\/\/veritasinfo.org\/#website\"},\"primaryImageOfPage\":{\"@id\":\"https:\/\/veritasinfo.org\/?p=8175#primaryimage\"},\"image\":{\"@id\":\"https:\/\/veritasinfo.org\/?p=8175#primaryimage\"},\"thumbnailUrl\":\"https:\/\/veritasinfo.org\/wp-content\/uploads\/2025\/08\/IMG_2551.png\",\"datePublished\":\"2025-08-15T11:41:10+00:00\",\"author\":{\"@id\":\"https:\/\/veritasinfo.org\/#\/schema\/person\/7701f8c088bece422266b100a712374f\"},\"breadcrumb\":{\"@id\":\"https:\/\/veritasinfo.org\/?p=8175#breadcrumb\"},\"inLanguage\":\"en-US\",\"potentialAction\":[{\"@type\":\"ReadAction\",\"target\":[\"https:\/\/veritasinfo.org\/?p=8175\"]}]},{\"@type\":\"ImageObject\",\"inLanguage\":\"en-US\",\"@id\":\"https:\/\/veritasinfo.org\/?p=8175#primaryimage\",\"url\":\"https:\/\/veritasinfo.org\/wp-content\/uploads\/2025\/08\/IMG_2551.png\",\"contentUrl\":\"https:\/\/veritasinfo.org\/wp-content\/uploads\/2025\/08\/IMG_2551.png\",\"width\":430,\"height\":241},{\"@type\":\"BreadcrumbList\",\"@id\":\"https:\/\/veritasinfo.org\/?p=8175#breadcrumb\",\"itemListElement\":[{\"@type\":\"ListItem\",\"position\":1,\"name\":\"Home\",\"item\":\"https:\/\/veritasinfo.org\/\"},{\"@type\":\"ListItem\",\"position\":2,\"name\":\"Agjencia p\u00ebr Privat\u00ebsi apelon mediave: Respektoni privat\u00ebsin\u00eb e udh\u00ebtar\u00ebve n\u00eb aeroport\"}]},{\"@type\":\"WebSite\",\"@id\":\"https:\/\/veritasinfo.org\/#website\",\"url\":\"https:\/\/veritasinfo.org\/\",\"name\":\"\",\"description\":\"\",\"potentialAction\":[{\"@type\":\"SearchAction\",\"target\":{\"@type\":\"EntryPoint\",\"urlTemplate\":\"https:\/\/veritasinfo.org\/?s={search_term_string}\"},\"query-input\":{\"@type\":\"PropertyValueSpecification\",\"valueRequired\":true,\"valueName\":\"search_term_string\"}}],\"inLanguage\":\"en-US\"},{\"@type\":\"Person\",\"@id\":\"https:\/\/veritasinfo.org\/#\/schema\/person\/7701f8c088bece422266b100a712374f\",\"name\":\"admin\",\"image\":{\"@type\":\"ImageObject\",\"inLanguage\":\"en-US\",\"@id\":\"https:\/\/veritasinfo.org\/#\/schema\/person\/image\/\",\"url\":\"https:\/\/secure.gravatar.com\/avatar\/ea53aa3bf6c9a12d5fde8ce4deff43fef3885ae33cf60184161a50d6987cfd2f?s=96&d=mm&r=g\",\"contentUrl\":\"https:\/\/secure.gravatar.com\/avatar\/ea53aa3bf6c9a12d5fde8ce4deff43fef3885ae33cf60184161a50d6987cfd2f?s=96&d=mm&r=g\",\"caption\":\"admin\"},\"sameAs\":[\"https:\/\/veritasinfo.org\"],\"url\":\"https:\/\/veritasinfo.org\/?author=1\"}]}<\/script>\n<!-- \/ Yoast SEO plugin. -->","yoast_head_json":{"title":"Agjencia p\u00ebr Privat\u00ebsi apelon mediave: Respektoni privat\u00ebsin\u00eb e udh\u00ebtar\u00ebve n\u00eb aeroport -","robots":{"index":"index","follow":"follow","max-snippet":"max-snippet:-1","max-image-preview":"max-image-preview:large","max-video-preview":"max-video-preview:-1"},"canonical":"https:\/\/veritasinfo.org\/?p=8175","og_locale":"en_US","og_type":"article","og_title":"Agjencia p\u00ebr Privat\u00ebsi apelon mediave: Respektoni privat\u00ebsin\u00eb e udh\u00ebtar\u00ebve n\u00eb aeroport -","og_description":"Prishtin\u00eb, 15 Gusht, 2025 Agjencia p\u00ebr Informim dhe Privat\u00ebsi u ka b\u00ebr\u00eb thirrje mediave q\u00eb t\u00eb respektojn\u00eb detyrimet ligjore t\u00eb p\u00ebrcaktuara me Ligjin p\u00ebr Mbrojtjen","og_url":"https:\/\/veritasinfo.org\/?p=8175","article_published_time":"2025-08-15T11:41:10+00:00","og_image":[{"width":430,"height":241,"url":"https:\/\/veritasinfo.org\/wp-content\/uploads\/2025\/08\/IMG_2551.png","type":"image\/png"}],"author":"admin","twitter_card":"summary_large_image","twitter_misc":{"Written by":"admin","Est. reading time":"1 minute"},"schema":{"@context":"https:\/\/schema.org","@graph":[{"@type":"WebPage","@id":"https:\/\/veritasinfo.org\/?p=8175","url":"https:\/\/veritasinfo.org\/?p=8175","name":"Agjencia p\u00ebr Privat\u00ebsi apelon mediave: Respektoni privat\u00ebsin\u00eb e udh\u00ebtar\u00ebve n\u00eb aeroport -","isPartOf":{"@id":"https:\/\/veritasinfo.org\/#website"},"primaryImageOfPage":{"@id":"https:\/\/veritasinfo.org\/?p=8175#primaryimage"},"image":{"@id":"https:\/\/veritasinfo.org\/?p=8175#primaryimage"},"thumbnailUrl":"https:\/\/veritasinfo.org\/wp-content\/uploads\/2025\/08\/IMG_2551.png","datePublished":"2025-08-15T11:41:10+00:00","author":{"@id":"https:\/\/veritasinfo.org\/#\/schema\/person\/7701f8c088bece422266b100a712374f"},"breadcrumb":{"@id":"https:\/\/veritasinfo.org\/?p=8175#breadcrumb"},"inLanguage":"en-US","potentialAction":[{"@type":"ReadAction","target":["https:\/\/veritasinfo.org\/?p=8175"]}]},{"@type":"ImageObject","inLanguage":"en-US","@id":"https:\/\/veritasinfo.org\/?p=8175#primaryimage","url":"https:\/\/veritasinfo.org\/wp-content\/uploads\/2025\/08\/IMG_2551.png","contentUrl":"https:\/\/veritasinfo.org\/wp-content\/uploads\/2025\/08\/IMG_2551.png","width":430,"height":241},{"@type":"BreadcrumbList","@id":"https:\/\/veritasinfo.org\/?p=8175#breadcrumb","itemListElement":[{"@type":"ListItem","position":1,"name":"Home","item":"https:\/\/veritasinfo.org\/"},{"@type":"ListItem","position":2,"name":"Agjencia p\u00ebr Privat\u00ebsi apelon mediave: Respektoni privat\u00ebsin\u00eb e udh\u00ebtar\u00ebve n\u00eb aeroport"}]},{"@type":"WebSite","@id":"https:\/\/veritasinfo.org\/#website","url":"https:\/\/veritasinfo.org\/","name":"","description":"","potentialAction":[{"@type":"SearchAction","target":{"@type":"EntryPoint","urlTemplate":"https:\/\/veritasinfo.org\/?s={search_term_string}"},"query-input":{"@type":"PropertyValueSpecification","valueRequired":true,"valueName":"search_term_string"}}],"inLanguage":"en-US"},{"@type":"Person","@id":"https:\/\/veritasinfo.org\/#\/schema\/person\/7701f8c088bece422266b100a712374f","name":"admin","image":{"@type":"ImageObject","inLanguage":"en-US","@id":"https:\/\/veritasinfo.org\/#\/schema\/person\/image\/","url":"https:\/\/secure.gravatar.com\/avatar\/ea53aa3bf6c9a12d5fde8ce4deff43fef3885ae33cf60184161a50d6987cfd2f?s=96&d=mm&r=g","contentUrl":"https:\/\/secure.gravatar.com\/avatar\/ea53aa3bf6c9a12d5fde8ce4deff43fef3885ae33cf60184161a50d6987cfd2f?s=96&d=mm&r=g","caption":"admin"},"sameAs":["https:\/\/veritasinfo.org"],"url":"https:\/\/veritasinfo.org\/?author=1"}]}},"featured_image_urls":{"full":["https:\/\/veritasinfo.org\/wp-content\/uploads\/2025\/08\/IMG_2551.png",430,241,false],"thumbnail":["https:\/\/veritasinfo.org\/wp-content\/uploads\/2025\/08\/IMG_2551-150x150.png",150,150,true],"medium":["https:\/\/veritasinfo.org\/wp-content\/uploads\/2025\/08\/IMG_2551-300x168.png",300,168,true],"medium_large":["https:\/\/veritasinfo.org\/wp-content\/uploads\/2025\/08\/IMG_2551.png",430,241,false],"large":["https:\/\/veritasinfo.org\/wp-content\/uploads\/2025\/08\/IMG_2551.png",430,241,false],"1536x1536":["https:\/\/veritasinfo.org\/wp-content\/uploads\/2025\/08\/IMG_2551.png",430,241,false],"2048x2048":["https:\/\/veritasinfo.org\/wp-content\/uploads\/2025\/08\/IMG_2551.png",430,241,false],"kreeti-slider-full":["https:\/\/veritasinfo.org\/wp-content\/uploads\/2025\/08\/IMG_2551.png",430,241,false],"kreeti-featured":["https:\/\/veritasinfo.org\/wp-content\/uploads\/2025\/08\/IMG_2551.png",430,241,false],"kreeti-medium":["https:\/\/veritasinfo.org\/wp-content\/uploads\/2025\/08\/IMG_2551.png",430,241,false],"kreeti-medium-square":["https:\/\/veritasinfo.org\/wp-content\/uploads\/2025\/08\/IMG_2551.png",350,196,false]},"author_info":{"info":["admin"]},"category_info":"<a href=\"https:\/\/veritasinfo.org\/?cat=60\" rel=\"category\">Shoq\u00ebrore<\/a>","tag_info":"Shoq\u00ebrore","comment_count":"0","_links":{"self":[{"href":"https:\/\/veritasinfo.org\/index.php?rest_route=\/wp\/v2\/posts\/8175","targetHints":{"allow":["GET"]}}],"collection":[{"href":"https:\/\/veritasinfo.org\/index.php?rest_route=\/wp\/v2\/posts"}],"about":[{"href":"https:\/\/veritasinfo.org\/index.php?rest_route=\/wp\/v2\/types\/post"}],"author":[{"embeddable":true,"href":"https:\/\/veritasinfo.org\/index.php?rest_route=\/wp\/v2\/users\/1"}],"replies":[{"embeddable":true,"href":"https:\/\/veritasinfo.org\/index.php?rest_route=%2Fwp%2Fv2%2Fcomments&post=8175"}],"version-history":[{"count":1,"href":"https:\/\/veritasinfo.org\/index.php?rest_route=\/wp\/v2\/posts\/8175\/revisions"}],"predecessor-version":[{"id":8177,"href":"https:\/\/veritasinfo.org\/index.php?rest_route=\/wp\/v2\/posts\/8175\/revisions\/8177"}],"wp:featuredmedia":[{"embeddable":true,"href":"https:\/\/veritasinfo.org\/index.php?rest_route=\/wp\/v2\/media\/8176"}],"wp:attachment":[{"href":"https:\/\/veritasinfo.org\/index.php?rest_route=%2Fwp%2Fv2%2Fmedia&parent=8175"}],"wp:term":[{"taxonomy":"category","embeddable":true,"href":"https:\/\/veritasinfo.org\/index.php?rest_route=%2Fwp%2Fv2%2Fcategories&post=8175"},{"taxonomy":"post_tag","embeddable":true,"href":"https:\/\/veritasinfo.org\/index.php?rest_route=%2Fwp%2Fv2%2Ftags&post=8175"}],"curies":[{"name":"wp","href":"https:\/\/api.w.org\/{rel}","templated":true}]}}