{"id":8170,"date":"2025-08-15T13:26:44","date_gmt":"2025-08-15T11:26:44","guid":{"rendered":"https:\/\/veritasinfo.org\/?p=8170"},"modified":"2025-08-15T13:26:44","modified_gmt":"2025-08-15T11:26:44","slug":"specialja-e-pranon-se-ka-pranuar-dokumente-nga-autoritetet-serbe","status":"publish","type":"post","link":"https:\/\/veritasinfo.org\/?p=8170","title":{"rendered":"Specialja e pranon se ka pranuar dokumente nga autoritetet serbe"},"content":{"rendered":"<p data-start=\"147\" data-end=\"217\"><strong data-start=\"147\" data-end=\"215\">15 gusht, 2025<\/strong><\/p>\n<p data-start=\"219\" data-end=\"578\">Ministrja n\u00eb detyr\u00eb e Drejt\u00ebsis\u00eb, Albulena Haxhiu, ka qen\u00eb zyrtarja e par\u00eb q\u00eb i ka b\u00ebr\u00eb me dije publikut n\u00eb Kosov\u00eb se Gjykata Speciale n\u00eb Hag\u00eb ka pranuar disa dokumente t\u00eb dor\u00ebzuara nga autoritetet e Serbis\u00eb, si prova materiale. Haxhiu dhe zyrtar\u00eb t\u00eb tjer\u00eb n\u00eb Kosov\u00eb kan\u00eb reaguar ashp\u00ebr ndaj k\u00ebtij vendimi. Nga ana tjet\u00ebr, Gjykata ka dh\u00ebn\u00eb shpjegimin e saj.<\/p>\n<p data-start=\"580\" data-end=\"803\">Si rrall\u00eb ndonj\u00ebher\u00eb, autoritetet e Kosov\u00ebs jan\u00eb mobilizuar dit\u00ebve t\u00eb fundit dhe e kan\u00eb kund\u00ebrshtuar nj\u00ebz\u00ebri vendimin e Gjykat\u00ebs Speciale p\u00ebr t\u00eb pranuar dokumente nga autoritetet e Serbis\u00eb n\u00eb cil\u00ebsin\u00eb e provave materiale.<\/p>\n<p data-start=\"805\" data-end=\"829\"><strong data-start=\"805\" data-end=\"827\">\u00c7far\u00eb tha gjykata?<\/strong><\/p>\n<p data-start=\"831\" data-end=\"1111\">Z\u00ebdh\u00ebn\u00ebsja e Gjykat\u00ebs Speciale, Angela Griep, i ka th\u00ebn\u00eb Radios Evropa e Lir\u00eb se paneli gjyq\u00ebsor e ka marr\u00eb vendimin p\u00ebr pranimin e materialeve serbe m\u00eb 29 maj dhe se u takon prokuroris\u00eb dhe mbrojtjes t\u00eb zgjedhin se cilat prova duan t\u2019i p\u00ebrdorin p\u00ebr t\u00eb mb\u00ebshtetur rastet e tyre.<\/p>\n<p data-start=\"1113\" data-end=\"1294\">Ajo ka sqaruar se provat pranohen mbi parimin <em data-start=\"1159\" data-end=\"1172\">prima facie<\/em>, q\u00eb do t\u00eb thot\u00eb \u201csipas p\u00ebrshtypjes s\u00eb par\u00eb\u201d, por kjo nuk n\u00ebnkupton se ato do t\u00eb p\u00ebrdoren domosdoshm\u00ebrisht n\u00eb aktgjykim.<\/p>\n<p data-start=\"1296\" data-end=\"1490\">\u201cPaneli gjyq\u00ebsor konstatoi se dokumentet n\u00eb fjal\u00eb jan\u00eb t\u00eb r\u00ebnd\u00ebsishme, p\u00ebr shembull, p\u00ebr vler\u00ebsimin e ekzistenc\u00ebs s\u00eb nj\u00eb konflikti t\u00eb armatosur midis U\u00c7K-s\u00eb dhe forcave serbe\u201d, ka th\u00ebn\u00eb Griep.<\/p>\n<p data-start=\"1492\" data-end=\"1629\">Ajo ka cituar panelin gjyq\u00ebsor t\u00eb ket\u00eb th\u00ebn\u00eb se dokumentet jan\u00eb autentike \u2013 me dat\u00eb, vul\u00eb, titull, num\u00ebr protokolli dhe t\u00eb n\u00ebnshkruara.<\/p>\n<p data-start=\"1631\" data-end=\"1844\">\u201cVlera provuese e k\u00ebtyre materialeve do t\u00eb varet, n\u00eb mas\u00eb t\u00eb madhe, nga shkalla n\u00eb t\u00eb cil\u00ebn pretendimet dhe informacioni q\u00eb ato p\u00ebrmbajn\u00eb mb\u00ebshteten ose kund\u00ebrshtohen nga prova t\u00eb tjera\u201d, ka theksuar z\u00ebdh\u00ebn\u00ebsja.<\/p>\n<p data-start=\"1846\" data-end=\"2124\">Sipas dokumenteve t\u00eb gjykat\u00ebs, mbrojtja ka kund\u00ebrshtuar pranimin e dokumenteve shtes\u00eb, duke argumentuar se dokumentet shtet\u00ebrore serbe duhet t\u2019i n\u00ebnshtrohen nj\u00eb vler\u00ebsimi m\u00eb kritik p\u00ebr shkak t\u00eb origjin\u00ebs s\u00eb tyre dhe se shum\u00eb prej tyre kan\u00eb lidhje minimale ose aspak me akuzat.<\/p>\n","protected":false},"excerpt":{"rendered":"<p>15 gusht, 2025 Ministrja n\u00eb detyr\u00eb e Drejt\u00ebsis\u00eb, Albulena Haxhiu, ka qen\u00eb zyrtarja e par\u00eb q\u00eb i ka b\u00ebr\u00eb me dije publikut n\u00eb Kosov\u00eb se<\/p>\n","protected":false},"author":1,"featured_media":8171,"comment_status":"open","ping_status":"open","sticky":false,"template":"","format":"standard","meta":{"footnotes":""},"categories":[58],"tags":[],"class_list":["post-8170","post","type-post","status-publish","format-standard","has-post-thumbnail","hentry","category-politike-sq"],"yoast_head":"<!-- This site is optimized with the Yoast SEO plugin v25.3.1 - https:\/\/yoast.com\/wordpress\/plugins\/seo\/ -->\n<title>Specialja e pranon se ka pranuar dokumente nga autoritetet serbe -<\/title>\n<meta name=\"robots\" content=\"index, follow, max-snippet:-1, max-image-preview:large, max-video-preview:-1\" \/>\n<link rel=\"canonical\" href=\"https:\/\/veritasinfo.org\/?p=8170\" \/>\n<meta property=\"og:locale\" content=\"en_US\" \/>\n<meta property=\"og:type\" content=\"article\" \/>\n<meta property=\"og:title\" content=\"Specialja e pranon se ka pranuar dokumente nga autoritetet serbe -\" \/>\n<meta property=\"og:description\" content=\"15 gusht, 2025 Ministrja n\u00eb detyr\u00eb e Drejt\u00ebsis\u00eb, Albulena Haxhiu, ka qen\u00eb zyrtarja e par\u00eb q\u00eb i ka b\u00ebr\u00eb me dije publikut n\u00eb Kosov\u00eb se\" \/>\n<meta property=\"og:url\" content=\"https:\/\/veritasinfo.org\/?p=8170\" \/>\n<meta property=\"article:published_time\" content=\"2025-08-15T11:26:44+00:00\" \/>\n<meta property=\"og:image\" content=\"https:\/\/veritasinfo.org\/wp-content\/uploads\/2025\/08\/E-pranuan-fajesine-sot-ne-Hage-mbahet-seance-per-Shalen.webp\" \/>\n\t<meta property=\"og:image:width\" content=\"850\" \/>\n\t<meta property=\"og:image:height\" content=\"478\" \/>\n\t<meta property=\"og:image:type\" content=\"image\/webp\" \/>\n<meta name=\"author\" content=\"admin\" \/>\n<meta name=\"twitter:card\" content=\"summary_large_image\" \/>\n<meta name=\"twitter:label1\" content=\"Written by\" \/>\n\t<meta name=\"twitter:data1\" content=\"admin\" \/>\n\t<meta name=\"twitter:label2\" content=\"Est. reading time\" \/>\n\t<meta name=\"twitter:data2\" content=\"2 minutes\" \/>\n<script type=\"application\/ld+json\" class=\"yoast-schema-graph\">{\"@context\":\"https:\/\/schema.org\",\"@graph\":[{\"@type\":\"WebPage\",\"@id\":\"https:\/\/veritasinfo.org\/?p=8170\",\"url\":\"https:\/\/veritasinfo.org\/?p=8170\",\"name\":\"Specialja e pranon se ka pranuar dokumente nga autoritetet serbe -\",\"isPartOf\":{\"@id\":\"https:\/\/veritasinfo.org\/#website\"},\"primaryImageOfPage\":{\"@id\":\"https:\/\/veritasinfo.org\/?p=8170#primaryimage\"},\"image\":{\"@id\":\"https:\/\/veritasinfo.org\/?p=8170#primaryimage\"},\"thumbnailUrl\":\"https:\/\/veritasinfo.org\/wp-content\/uploads\/2025\/08\/E-pranuan-fajesine-sot-ne-Hage-mbahet-seance-per-Shalen.webp\",\"datePublished\":\"2025-08-15T11:26:44+00:00\",\"author\":{\"@id\":\"https:\/\/veritasinfo.org\/#\/schema\/person\/7701f8c088bece422266b100a712374f\"},\"breadcrumb\":{\"@id\":\"https:\/\/veritasinfo.org\/?p=8170#breadcrumb\"},\"inLanguage\":\"en-US\",\"potentialAction\":[{\"@type\":\"ReadAction\",\"target\":[\"https:\/\/veritasinfo.org\/?p=8170\"]}]},{\"@type\":\"ImageObject\",\"inLanguage\":\"en-US\",\"@id\":\"https:\/\/veritasinfo.org\/?p=8170#primaryimage\",\"url\":\"https:\/\/veritasinfo.org\/wp-content\/uploads\/2025\/08\/E-pranuan-fajesine-sot-ne-Hage-mbahet-seance-per-Shalen.webp\",\"contentUrl\":\"https:\/\/veritasinfo.org\/wp-content\/uploads\/2025\/08\/E-pranuan-fajesine-sot-ne-Hage-mbahet-seance-per-Shalen.webp\",\"width\":850,\"height\":478},{\"@type\":\"BreadcrumbList\",\"@id\":\"https:\/\/veritasinfo.org\/?p=8170#breadcrumb\",\"itemListElement\":[{\"@type\":\"ListItem\",\"position\":1,\"name\":\"Home\",\"item\":\"https:\/\/veritasinfo.org\/\"},{\"@type\":\"ListItem\",\"position\":2,\"name\":\"Specialja e pranon se ka pranuar dokumente nga autoritetet serbe\"}]},{\"@type\":\"WebSite\",\"@id\":\"https:\/\/veritasinfo.org\/#website\",\"url\":\"https:\/\/veritasinfo.org\/\",\"name\":\"\",\"description\":\"\",\"potentialAction\":[{\"@type\":\"SearchAction\",\"target\":{\"@type\":\"EntryPoint\",\"urlTemplate\":\"https:\/\/veritasinfo.org\/?s={search_term_string}\"},\"query-input\":{\"@type\":\"PropertyValueSpecification\",\"valueRequired\":true,\"valueName\":\"search_term_string\"}}],\"inLanguage\":\"en-US\"},{\"@type\":\"Person\",\"@id\":\"https:\/\/veritasinfo.org\/#\/schema\/person\/7701f8c088bece422266b100a712374f\",\"name\":\"admin\",\"image\":{\"@type\":\"ImageObject\",\"inLanguage\":\"en-US\",\"@id\":\"https:\/\/veritasinfo.org\/#\/schema\/person\/image\/\",\"url\":\"https:\/\/secure.gravatar.com\/avatar\/ea53aa3bf6c9a12d5fde8ce4deff43fef3885ae33cf60184161a50d6987cfd2f?s=96&d=mm&r=g\",\"contentUrl\":\"https:\/\/secure.gravatar.com\/avatar\/ea53aa3bf6c9a12d5fde8ce4deff43fef3885ae33cf60184161a50d6987cfd2f?s=96&d=mm&r=g\",\"caption\":\"admin\"},\"sameAs\":[\"https:\/\/veritasinfo.org\"],\"url\":\"https:\/\/veritasinfo.org\/?author=1\"}]}<\/script>\n<!-- \/ Yoast SEO plugin. -->","yoast_head_json":{"title":"Specialja e pranon se ka pranuar dokumente nga autoritetet serbe -","robots":{"index":"index","follow":"follow","max-snippet":"max-snippet:-1","max-image-preview":"max-image-preview:large","max-video-preview":"max-video-preview:-1"},"canonical":"https:\/\/veritasinfo.org\/?p=8170","og_locale":"en_US","og_type":"article","og_title":"Specialja e pranon se ka pranuar dokumente nga autoritetet serbe -","og_description":"15 gusht, 2025 Ministrja n\u00eb detyr\u00eb e Drejt\u00ebsis\u00eb, Albulena Haxhiu, ka qen\u00eb zyrtarja e par\u00eb q\u00eb i ka b\u00ebr\u00eb me dije publikut n\u00eb Kosov\u00eb se","og_url":"https:\/\/veritasinfo.org\/?p=8170","article_published_time":"2025-08-15T11:26:44+00:00","og_image":[{"width":850,"height":478,"url":"https:\/\/veritasinfo.org\/wp-content\/uploads\/2025\/08\/E-pranuan-fajesine-sot-ne-Hage-mbahet-seance-per-Shalen.webp","type":"image\/webp"}],"author":"admin","twitter_card":"summary_large_image","twitter_misc":{"Written by":"admin","Est. reading time":"2 minutes"},"schema":{"@context":"https:\/\/schema.org","@graph":[{"@type":"WebPage","@id":"https:\/\/veritasinfo.org\/?p=8170","url":"https:\/\/veritasinfo.org\/?p=8170","name":"Specialja e pranon se ka pranuar dokumente nga autoritetet serbe -","isPartOf":{"@id":"https:\/\/veritasinfo.org\/#website"},"primaryImageOfPage":{"@id":"https:\/\/veritasinfo.org\/?p=8170#primaryimage"},"image":{"@id":"https:\/\/veritasinfo.org\/?p=8170#primaryimage"},"thumbnailUrl":"https:\/\/veritasinfo.org\/wp-content\/uploads\/2025\/08\/E-pranuan-fajesine-sot-ne-Hage-mbahet-seance-per-Shalen.webp","datePublished":"2025-08-15T11:26:44+00:00","author":{"@id":"https:\/\/veritasinfo.org\/#\/schema\/person\/7701f8c088bece422266b100a712374f"},"breadcrumb":{"@id":"https:\/\/veritasinfo.org\/?p=8170#breadcrumb"},"inLanguage":"en-US","potentialAction":[{"@type":"ReadAction","target":["https:\/\/veritasinfo.org\/?p=8170"]}]},{"@type":"ImageObject","inLanguage":"en-US","@id":"https:\/\/veritasinfo.org\/?p=8170#primaryimage","url":"https:\/\/veritasinfo.org\/wp-content\/uploads\/2025\/08\/E-pranuan-fajesine-sot-ne-Hage-mbahet-seance-per-Shalen.webp","contentUrl":"https:\/\/veritasinfo.org\/wp-content\/uploads\/2025\/08\/E-pranuan-fajesine-sot-ne-Hage-mbahet-seance-per-Shalen.webp","width":850,"height":478},{"@type":"BreadcrumbList","@id":"https:\/\/veritasinfo.org\/?p=8170#breadcrumb","itemListElement":[{"@type":"ListItem","position":1,"name":"Home","item":"https:\/\/veritasinfo.org\/"},{"@type":"ListItem","position":2,"name":"Specialja e pranon se ka pranuar dokumente nga autoritetet serbe"}]},{"@type":"WebSite","@id":"https:\/\/veritasinfo.org\/#website","url":"https:\/\/veritasinfo.org\/","name":"","description":"","potentialAction":[{"@type":"SearchAction","target":{"@type":"EntryPoint","urlTemplate":"https:\/\/veritasinfo.org\/?s={search_term_string}"},"query-input":{"@type":"PropertyValueSpecification","valueRequired":true,"valueName":"search_term_string"}}],"inLanguage":"en-US"},{"@type":"Person","@id":"https:\/\/veritasinfo.org\/#\/schema\/person\/7701f8c088bece422266b100a712374f","name":"admin","image":{"@type":"ImageObject","inLanguage":"en-US","@id":"https:\/\/veritasinfo.org\/#\/schema\/person\/image\/","url":"https:\/\/secure.gravatar.com\/avatar\/ea53aa3bf6c9a12d5fde8ce4deff43fef3885ae33cf60184161a50d6987cfd2f?s=96&d=mm&r=g","contentUrl":"https:\/\/secure.gravatar.com\/avatar\/ea53aa3bf6c9a12d5fde8ce4deff43fef3885ae33cf60184161a50d6987cfd2f?s=96&d=mm&r=g","caption":"admin"},"sameAs":["https:\/\/veritasinfo.org"],"url":"https:\/\/veritasinfo.org\/?author=1"}]}},"featured_image_urls":{"full":["https:\/\/veritasinfo.org\/wp-content\/uploads\/2025\/08\/E-pranuan-fajesine-sot-ne-Hage-mbahet-seance-per-Shalen.webp",850,478,false],"thumbnail":["https:\/\/veritasinfo.org\/wp-content\/uploads\/2025\/08\/E-pranuan-fajesine-sot-ne-Hage-mbahet-seance-per-Shalen-150x150.webp",150,150,true],"medium":["https:\/\/veritasinfo.org\/wp-content\/uploads\/2025\/08\/E-pranuan-fajesine-sot-ne-Hage-mbahet-seance-per-Shalen-300x169.webp",300,169,true],"medium_large":["https:\/\/veritasinfo.org\/wp-content\/uploads\/2025\/08\/E-pranuan-fajesine-sot-ne-Hage-mbahet-seance-per-Shalen-768x432.webp",640,360,true],"large":["https:\/\/veritasinfo.org\/wp-content\/uploads\/2025\/08\/E-pranuan-fajesine-sot-ne-Hage-mbahet-seance-per-Shalen.webp",640,360,false],"1536x1536":["https:\/\/veritasinfo.org\/wp-content\/uploads\/2025\/08\/E-pranuan-fajesine-sot-ne-Hage-mbahet-seance-per-Shalen.webp",850,478,false],"2048x2048":["https:\/\/veritasinfo.org\/wp-content\/uploads\/2025\/08\/E-pranuan-fajesine-sot-ne-Hage-mbahet-seance-per-Shalen.webp",850,478,false],"kreeti-slider-full":["https:\/\/veritasinfo.org\/wp-content\/uploads\/2025\/08\/E-pranuan-fajesine-sot-ne-Hage-mbahet-seance-per-Shalen.webp",850,478,false],"kreeti-featured":["https:\/\/veritasinfo.org\/wp-content\/uploads\/2025\/08\/E-pranuan-fajesine-sot-ne-Hage-mbahet-seance-per-Shalen.webp",850,478,false],"kreeti-medium":["https:\/\/veritasinfo.org\/wp-content\/uploads\/2025\/08\/E-pranuan-fajesine-sot-ne-Hage-mbahet-seance-per-Shalen.webp",720,405,false],"kreeti-medium-square":["https:\/\/veritasinfo.org\/wp-content\/uploads\/2025\/08\/E-pranuan-fajesine-sot-ne-Hage-mbahet-seance-per-Shalen.webp",350,197,false]},"author_info":{"info":["admin"]},"category_info":"<a href=\"https:\/\/veritasinfo.org\/?cat=58\" rel=\"category\">Politik\u00eb<\/a>","tag_info":"Politik\u00eb","comment_count":"0","_links":{"self":[{"href":"https:\/\/veritasinfo.org\/index.php?rest_route=\/wp\/v2\/posts\/8170","targetHints":{"allow":["GET"]}}],"collection":[{"href":"https:\/\/veritasinfo.org\/index.php?rest_route=\/wp\/v2\/posts"}],"about":[{"href":"https:\/\/veritasinfo.org\/index.php?rest_route=\/wp\/v2\/types\/post"}],"author":[{"embeddable":true,"href":"https:\/\/veritasinfo.org\/index.php?rest_route=\/wp\/v2\/users\/1"}],"replies":[{"embeddable":true,"href":"https:\/\/veritasinfo.org\/index.php?rest_route=%2Fwp%2Fv2%2Fcomments&post=8170"}],"version-history":[{"count":1,"href":"https:\/\/veritasinfo.org\/index.php?rest_route=\/wp\/v2\/posts\/8170\/revisions"}],"predecessor-version":[{"id":8172,"href":"https:\/\/veritasinfo.org\/index.php?rest_route=\/wp\/v2\/posts\/8170\/revisions\/8172"}],"wp:featuredmedia":[{"embeddable":true,"href":"https:\/\/veritasinfo.org\/index.php?rest_route=\/wp\/v2\/media\/8171"}],"wp:attachment":[{"href":"https:\/\/veritasinfo.org\/index.php?rest_route=%2Fwp%2Fv2%2Fmedia&parent=8170"}],"wp:term":[{"taxonomy":"category","embeddable":true,"href":"https:\/\/veritasinfo.org\/index.php?rest_route=%2Fwp%2Fv2%2Fcategories&post=8170"},{"taxonomy":"post_tag","embeddable":true,"href":"https:\/\/veritasinfo.org\/index.php?rest_route=%2Fwp%2Fv2%2Ftags&post=8170"}],"curies":[{"name":"wp","href":"https:\/\/api.w.org\/{rel}","templated":true}]}}