{"id":8165,"date":"2025-08-15T13:00:50","date_gmt":"2025-08-15T11:00:50","guid":{"rendered":"https:\/\/veritasinfo.org\/?p=8165"},"modified":"2025-08-15T13:00:50","modified_gmt":"2025-08-15T11:00:50","slug":"ne-prishtine-perurohen-4-ndertesa-sociale-te-rinovuara-me-standarde-te-larta-te-eficiences-se-energjise","status":"publish","type":"post","link":"https:\/\/veritasinfo.org\/?p=8165","title":{"rendered":"N\u00eb Prishtin\u00eb p\u00ebrurohen 4 nd\u00ebrtesa sociale t\u00eb rinovuara me standarde t\u00eb larta t\u00eb efi\u00e7ienc\u00ebs s\u00eb energjis\u00eb"},"content":{"rendered":"<p data-start=\"165\" data-end=\"376\">15 gusht, 2025<\/p>\n<p data-start=\"165\" data-end=\"376\">Fondi i Kosov\u00ebs p\u00ebr Efi\u00e7ienc\u00eb t\u00eb Energjis\u00eb ka inauguruar sot renovimin e kat\u00ebr nd\u00ebrtesave shum\u00ebbanesore sociale n\u00eb Komun\u00ebn e Prishtin\u00ebs, n\u00eb kuad\u00ebr t\u00eb projektit p\u00ebr zbatimin e masave t\u00eb efi\u00e7ienc\u00ebs s\u00eb energjis\u00eb.<\/p>\n<p data-start=\"378\" data-end=\"583\">Kryeministri n\u00eb detyr\u00eb, Albin Kurti, tha se nga k\u00ebto punime kan\u00eb p\u00ebrfituar 200 familje me gjithsej 790 banor\u00eb, me investim prej 1.24 milion\u00eb eurosh, nga t\u00eb cilat 90% jan\u00eb financuar nga Bashkimi Evropian.<\/p>\n<p data-start=\"585\" data-end=\"1242\">\u201cSot n\u00eb Prishtin\u00eb po inaugurojm\u00eb renovimin e 4 banesave sociale, ku jetojn\u00eb 200 familje ose 790 banor\u00eb. Pas p\u00ebrfundimit t\u00eb punimeve, banor\u00ebt do t\u00eb ken\u00eb dimra m\u00eb t\u00eb ngroht\u00eb dhe m\u00eb t\u00eb sigurt. Investimi i p\u00ebrgjithsh\u00ebm \u00ebsht\u00eb 1.24 milion\u00eb euro, prej t\u00eb cilave 90% nga BE-ja. Renovimi p\u00ebrfshin izolimin e kulmeve dhe mureve, nd\u00ebrrimin e dyerve e dritareve, vendosjen e sistemeve t\u00eb reja t\u00eb ngrohjes dhe masave t\u00eb siguris\u00eb. Ky projekt \u00ebsht\u00eb pjes\u00eb e nj\u00eb programi prej 6 milion\u00eb eurosh p\u00ebr 28 nd\u00ebrtesa sociale n\u00eb 13 komuna, q\u00eb p\u00ebrfshin 889 familje. Synimi yn\u00eb \u00ebsht\u00eb q\u00eb gjat\u00eb mandatit t\u00eb ardhsh\u00ebm t\u00eb rinovohen edhe 400 objekte t\u00eb tjera n\u00eb gjith\u00eb vendin,\u201d tha Kurti.<\/p>\n<p data-start=\"1244\" data-end=\"1483\">Ministrja n\u00eb detyr\u00eb e Ekonomis\u00eb, Artane Rizvanolli, theksoi se k\u00ebto kat\u00ebr nd\u00ebrtesa jan\u00eb pjes\u00eb e 28 objekteve q\u00eb po rinovohen n\u00eb gjith\u00eb Kosov\u00ebn, shumica e t\u00eb cilave do t\u00eb p\u00ebrfundojn\u00eb para dimrit, p\u00ebrve\u00e7 disa n\u00eb Prizren q\u00eb nis\u00ebn me vones\u00eb.<\/p>\n<p data-start=\"1485\" data-end=\"1908\">Nd\u00ebrsa, Alessandro Bianciardi nga Zyra e BE-s\u00eb n\u00eb Kosov\u00eb b\u00ebri t\u00eb ditur se vet\u00ebm p\u00ebr dy nd\u00ebrtesa sociale n\u00eb Prishtin\u00eb jan\u00eb investuar rreth 650 mij\u00eb euro, prej t\u00eb cilave 90% jan\u00eb financuar nga BE-ja dhe 10% nga Komuna e Prishtin\u00ebs. Ai tha se projekti ka mund\u00ebsuar izolim termik, vendosjen e dritareve t\u00eb reja me efi\u00e7ienc\u00eb energjetike, sistem ndri\u00e7imi, p\u00ebrmir\u00ebsim t\u00eb hap\u00ebsirave t\u00eb p\u00ebrbashk\u00ebta dhe z\u00ebvend\u00ebsim t\u00eb der\u00ebs hyr\u00ebse.<\/p>\n","protected":false},"excerpt":{"rendered":"<p>15 gusht, 2025 Fondi i Kosov\u00ebs p\u00ebr Efi\u00e7ienc\u00eb t\u00eb Energjis\u00eb ka inauguruar sot renovimin e kat\u00ebr nd\u00ebrtesave shum\u00ebbanesore sociale n\u00eb Komun\u00ebn e Prishtin\u00ebs, n\u00eb kuad\u00ebr<\/p>\n","protected":false},"author":1,"featured_media":8166,"comment_status":"open","ping_status":"open","sticky":false,"template":"","format":"standard","meta":{"footnotes":""},"categories":[60],"tags":[],"class_list":["post-8165","post","type-post","status-publish","format-standard","has-post-thumbnail","hentry","category-shoqerore-sq"],"yoast_head":"<!-- This site is optimized with the Yoast SEO plugin v25.3.1 - https:\/\/yoast.com\/wordpress\/plugins\/seo\/ -->\n<title>N\u00eb Prishtin\u00eb p\u00ebrurohen 4 nd\u00ebrtesa sociale t\u00eb rinovuara me standarde t\u00eb larta t\u00eb efi\u00e7ienc\u00ebs s\u00eb energjis\u00eb -<\/title>\n<meta name=\"robots\" content=\"index, follow, max-snippet:-1, max-image-preview:large, max-video-preview:-1\" \/>\n<link rel=\"canonical\" href=\"https:\/\/veritasinfo.org\/?p=8165\" \/>\n<meta property=\"og:locale\" content=\"en_US\" \/>\n<meta property=\"og:type\" content=\"article\" \/>\n<meta property=\"og:title\" content=\"N\u00eb Prishtin\u00eb p\u00ebrurohen 4 nd\u00ebrtesa sociale t\u00eb rinovuara me standarde t\u00eb larta t\u00eb efi\u00e7ienc\u00ebs s\u00eb energjis\u00eb -\" \/>\n<meta property=\"og:description\" content=\"15 gusht, 2025 Fondi i Kosov\u00ebs p\u00ebr Efi\u00e7ienc\u00eb t\u00eb Energjis\u00eb ka inauguruar sot renovimin e kat\u00ebr nd\u00ebrtesave shum\u00ebbanesore sociale n\u00eb Komun\u00ebn e Prishtin\u00ebs, n\u00eb kuad\u00ebr\" \/>\n<meta property=\"og:url\" content=\"https:\/\/veritasinfo.org\/?p=8165\" \/>\n<meta property=\"article:published_time\" content=\"2025-08-15T11:00:50+00:00\" \/>\n<meta property=\"og:image\" content=\"https:\/\/veritasinfo.org\/wp-content\/uploads\/2025\/08\/518257417_1194577285807596_7254694616341458538_n.jpg\" \/>\n\t<meta property=\"og:image:width\" content=\"2048\" \/>\n\t<meta property=\"og:image:height\" content=\"1365\" \/>\n\t<meta property=\"og:image:type\" content=\"image\/jpeg\" \/>\n<meta name=\"author\" content=\"admin\" \/>\n<meta name=\"twitter:card\" content=\"summary_large_image\" \/>\n<meta name=\"twitter:label1\" content=\"Written by\" \/>\n\t<meta name=\"twitter:data1\" content=\"admin\" \/>\n\t<meta name=\"twitter:label2\" content=\"Est. reading time\" \/>\n\t<meta name=\"twitter:data2\" content=\"2 minutes\" \/>\n<script type=\"application\/ld+json\" class=\"yoast-schema-graph\">{\"@context\":\"https:\/\/schema.org\",\"@graph\":[{\"@type\":\"WebPage\",\"@id\":\"https:\/\/veritasinfo.org\/?p=8165\",\"url\":\"https:\/\/veritasinfo.org\/?p=8165\",\"name\":\"N\u00eb Prishtin\u00eb p\u00ebrurohen 4 nd\u00ebrtesa sociale t\u00eb rinovuara me standarde t\u00eb larta t\u00eb efi\u00e7ienc\u00ebs s\u00eb energjis\u00eb -\",\"isPartOf\":{\"@id\":\"https:\/\/veritasinfo.org\/#website\"},\"primaryImageOfPage\":{\"@id\":\"https:\/\/veritasinfo.org\/?p=8165#primaryimage\"},\"image\":{\"@id\":\"https:\/\/veritasinfo.org\/?p=8165#primaryimage\"},\"thumbnailUrl\":\"https:\/\/veritasinfo.org\/wp-content\/uploads\/2025\/08\/518257417_1194577285807596_7254694616341458538_n.jpg\",\"datePublished\":\"2025-08-15T11:00:50+00:00\",\"author\":{\"@id\":\"https:\/\/veritasinfo.org\/#\/schema\/person\/7701f8c088bece422266b100a712374f\"},\"breadcrumb\":{\"@id\":\"https:\/\/veritasinfo.org\/?p=8165#breadcrumb\"},\"inLanguage\":\"en-US\",\"potentialAction\":[{\"@type\":\"ReadAction\",\"target\":[\"https:\/\/veritasinfo.org\/?p=8165\"]}]},{\"@type\":\"ImageObject\",\"inLanguage\":\"en-US\",\"@id\":\"https:\/\/veritasinfo.org\/?p=8165#primaryimage\",\"url\":\"https:\/\/veritasinfo.org\/wp-content\/uploads\/2025\/08\/518257417_1194577285807596_7254694616341458538_n.jpg\",\"contentUrl\":\"https:\/\/veritasinfo.org\/wp-content\/uploads\/2025\/08\/518257417_1194577285807596_7254694616341458538_n.jpg\",\"width\":2048,\"height\":1365},{\"@type\":\"BreadcrumbList\",\"@id\":\"https:\/\/veritasinfo.org\/?p=8165#breadcrumb\",\"itemListElement\":[{\"@type\":\"ListItem\",\"position\":1,\"name\":\"Home\",\"item\":\"https:\/\/veritasinfo.org\/\"},{\"@type\":\"ListItem\",\"position\":2,\"name\":\"N\u00eb Prishtin\u00eb p\u00ebrurohen 4 nd\u00ebrtesa sociale t\u00eb rinovuara me standarde t\u00eb larta t\u00eb efi\u00e7ienc\u00ebs s\u00eb energjis\u00eb\"}]},{\"@type\":\"WebSite\",\"@id\":\"https:\/\/veritasinfo.org\/#website\",\"url\":\"https:\/\/veritasinfo.org\/\",\"name\":\"\",\"description\":\"\",\"potentialAction\":[{\"@type\":\"SearchAction\",\"target\":{\"@type\":\"EntryPoint\",\"urlTemplate\":\"https:\/\/veritasinfo.org\/?s={search_term_string}\"},\"query-input\":{\"@type\":\"PropertyValueSpecification\",\"valueRequired\":true,\"valueName\":\"search_term_string\"}}],\"inLanguage\":\"en-US\"},{\"@type\":\"Person\",\"@id\":\"https:\/\/veritasinfo.org\/#\/schema\/person\/7701f8c088bece422266b100a712374f\",\"name\":\"admin\",\"image\":{\"@type\":\"ImageObject\",\"inLanguage\":\"en-US\",\"@id\":\"https:\/\/veritasinfo.org\/#\/schema\/person\/image\/\",\"url\":\"https:\/\/secure.gravatar.com\/avatar\/ea53aa3bf6c9a12d5fde8ce4deff43fef3885ae33cf60184161a50d6987cfd2f?s=96&d=mm&r=g\",\"contentUrl\":\"https:\/\/secure.gravatar.com\/avatar\/ea53aa3bf6c9a12d5fde8ce4deff43fef3885ae33cf60184161a50d6987cfd2f?s=96&d=mm&r=g\",\"caption\":\"admin\"},\"sameAs\":[\"https:\/\/veritasinfo.org\"],\"url\":\"https:\/\/veritasinfo.org\/?author=1\"}]}<\/script>\n<!-- \/ Yoast SEO plugin. -->","yoast_head_json":{"title":"N\u00eb Prishtin\u00eb p\u00ebrurohen 4 nd\u00ebrtesa sociale t\u00eb rinovuara me standarde t\u00eb larta t\u00eb efi\u00e7ienc\u00ebs s\u00eb energjis\u00eb -","robots":{"index":"index","follow":"follow","max-snippet":"max-snippet:-1","max-image-preview":"max-image-preview:large","max-video-preview":"max-video-preview:-1"},"canonical":"https:\/\/veritasinfo.org\/?p=8165","og_locale":"en_US","og_type":"article","og_title":"N\u00eb Prishtin\u00eb p\u00ebrurohen 4 nd\u00ebrtesa sociale t\u00eb rinovuara me standarde t\u00eb larta t\u00eb efi\u00e7ienc\u00ebs s\u00eb energjis\u00eb -","og_description":"15 gusht, 2025 Fondi i Kosov\u00ebs p\u00ebr Efi\u00e7ienc\u00eb t\u00eb Energjis\u00eb ka inauguruar sot renovimin e kat\u00ebr nd\u00ebrtesave shum\u00ebbanesore sociale n\u00eb Komun\u00ebn e Prishtin\u00ebs, n\u00eb kuad\u00ebr","og_url":"https:\/\/veritasinfo.org\/?p=8165","article_published_time":"2025-08-15T11:00:50+00:00","og_image":[{"width":2048,"height":1365,"url":"https:\/\/veritasinfo.org\/wp-content\/uploads\/2025\/08\/518257417_1194577285807596_7254694616341458538_n.jpg","type":"image\/jpeg"}],"author":"admin","twitter_card":"summary_large_image","twitter_misc":{"Written by":"admin","Est. reading time":"2 minutes"},"schema":{"@context":"https:\/\/schema.org","@graph":[{"@type":"WebPage","@id":"https:\/\/veritasinfo.org\/?p=8165","url":"https:\/\/veritasinfo.org\/?p=8165","name":"N\u00eb Prishtin\u00eb p\u00ebrurohen 4 nd\u00ebrtesa sociale t\u00eb rinovuara me standarde t\u00eb larta t\u00eb efi\u00e7ienc\u00ebs s\u00eb energjis\u00eb -","isPartOf":{"@id":"https:\/\/veritasinfo.org\/#website"},"primaryImageOfPage":{"@id":"https:\/\/veritasinfo.org\/?p=8165#primaryimage"},"image":{"@id":"https:\/\/veritasinfo.org\/?p=8165#primaryimage"},"thumbnailUrl":"https:\/\/veritasinfo.org\/wp-content\/uploads\/2025\/08\/518257417_1194577285807596_7254694616341458538_n.jpg","datePublished":"2025-08-15T11:00:50+00:00","author":{"@id":"https:\/\/veritasinfo.org\/#\/schema\/person\/7701f8c088bece422266b100a712374f"},"breadcrumb":{"@id":"https:\/\/veritasinfo.org\/?p=8165#breadcrumb"},"inLanguage":"en-US","potentialAction":[{"@type":"ReadAction","target":["https:\/\/veritasinfo.org\/?p=8165"]}]},{"@type":"ImageObject","inLanguage":"en-US","@id":"https:\/\/veritasinfo.org\/?p=8165#primaryimage","url":"https:\/\/veritasinfo.org\/wp-content\/uploads\/2025\/08\/518257417_1194577285807596_7254694616341458538_n.jpg","contentUrl":"https:\/\/veritasinfo.org\/wp-content\/uploads\/2025\/08\/518257417_1194577285807596_7254694616341458538_n.jpg","width":2048,"height":1365},{"@type":"BreadcrumbList","@id":"https:\/\/veritasinfo.org\/?p=8165#breadcrumb","itemListElement":[{"@type":"ListItem","position":1,"name":"Home","item":"https:\/\/veritasinfo.org\/"},{"@type":"ListItem","position":2,"name":"N\u00eb Prishtin\u00eb p\u00ebrurohen 4 nd\u00ebrtesa sociale t\u00eb rinovuara me standarde t\u00eb larta t\u00eb efi\u00e7ienc\u00ebs s\u00eb energjis\u00eb"}]},{"@type":"WebSite","@id":"https:\/\/veritasinfo.org\/#website","url":"https:\/\/veritasinfo.org\/","name":"","description":"","potentialAction":[{"@type":"SearchAction","target":{"@type":"EntryPoint","urlTemplate":"https:\/\/veritasinfo.org\/?s={search_term_string}"},"query-input":{"@type":"PropertyValueSpecification","valueRequired":true,"valueName":"search_term_string"}}],"inLanguage":"en-US"},{"@type":"Person","@id":"https:\/\/veritasinfo.org\/#\/schema\/person\/7701f8c088bece422266b100a712374f","name":"admin","image":{"@type":"ImageObject","inLanguage":"en-US","@id":"https:\/\/veritasinfo.org\/#\/schema\/person\/image\/","url":"https:\/\/secure.gravatar.com\/avatar\/ea53aa3bf6c9a12d5fde8ce4deff43fef3885ae33cf60184161a50d6987cfd2f?s=96&d=mm&r=g","contentUrl":"https:\/\/secure.gravatar.com\/avatar\/ea53aa3bf6c9a12d5fde8ce4deff43fef3885ae33cf60184161a50d6987cfd2f?s=96&d=mm&r=g","caption":"admin"},"sameAs":["https:\/\/veritasinfo.org"],"url":"https:\/\/veritasinfo.org\/?author=1"}]}},"featured_image_urls":{"full":["https:\/\/veritasinfo.org\/wp-content\/uploads\/2025\/08\/518257417_1194577285807596_7254694616341458538_n.jpg",2048,1365,false],"thumbnail":["https:\/\/veritasinfo.org\/wp-content\/uploads\/2025\/08\/518257417_1194577285807596_7254694616341458538_n-150x150.jpg",150,150,true],"medium":["https:\/\/veritasinfo.org\/wp-content\/uploads\/2025\/08\/518257417_1194577285807596_7254694616341458538_n-300x200.jpg",300,200,true],"medium_large":["https:\/\/veritasinfo.org\/wp-content\/uploads\/2025\/08\/518257417_1194577285807596_7254694616341458538_n-768x512.jpg",640,427,true],"large":["https:\/\/veritasinfo.org\/wp-content\/uploads\/2025\/08\/518257417_1194577285807596_7254694616341458538_n-1024x683.jpg",640,427,true],"1536x1536":["https:\/\/veritasinfo.org\/wp-content\/uploads\/2025\/08\/518257417_1194577285807596_7254694616341458538_n-1536x1024.jpg",1536,1024,true],"2048x2048":["https:\/\/veritasinfo.org\/wp-content\/uploads\/2025\/08\/518257417_1194577285807596_7254694616341458538_n.jpg",2048,1365,false],"kreeti-slider-full":["https:\/\/veritasinfo.org\/wp-content\/uploads\/2025\/08\/518257417_1194577285807596_7254694616341458538_n.jpg",1080,720,false],"kreeti-featured":["https:\/\/veritasinfo.org\/wp-content\/uploads\/2025\/08\/518257417_1194577285807596_7254694616341458538_n.jpg",1024,683,false],"kreeti-medium":["https:\/\/veritasinfo.org\/wp-content\/uploads\/2025\/08\/518257417_1194577285807596_7254694616341458538_n.jpg",720,480,false],"kreeti-medium-square":["https:\/\/veritasinfo.org\/wp-content\/uploads\/2025\/08\/518257417_1194577285807596_7254694616341458538_n.jpg",350,233,false]},"author_info":{"info":["admin"]},"category_info":"<a href=\"https:\/\/veritasinfo.org\/?cat=60\" rel=\"category\">Shoq\u00ebrore<\/a>","tag_info":"Shoq\u00ebrore","comment_count":"0","_links":{"self":[{"href":"https:\/\/veritasinfo.org\/index.php?rest_route=\/wp\/v2\/posts\/8165","targetHints":{"allow":["GET"]}}],"collection":[{"href":"https:\/\/veritasinfo.org\/index.php?rest_route=\/wp\/v2\/posts"}],"about":[{"href":"https:\/\/veritasinfo.org\/index.php?rest_route=\/wp\/v2\/types\/post"}],"author":[{"embeddable":true,"href":"https:\/\/veritasinfo.org\/index.php?rest_route=\/wp\/v2\/users\/1"}],"replies":[{"embeddable":true,"href":"https:\/\/veritasinfo.org\/index.php?rest_route=%2Fwp%2Fv2%2Fcomments&post=8165"}],"version-history":[{"count":1,"href":"https:\/\/veritasinfo.org\/index.php?rest_route=\/wp\/v2\/posts\/8165\/revisions"}],"predecessor-version":[{"id":8167,"href":"https:\/\/veritasinfo.org\/index.php?rest_route=\/wp\/v2\/posts\/8165\/revisions\/8167"}],"wp:featuredmedia":[{"embeddable":true,"href":"https:\/\/veritasinfo.org\/index.php?rest_route=\/wp\/v2\/media\/8166"}],"wp:attachment":[{"href":"https:\/\/veritasinfo.org\/index.php?rest_route=%2Fwp%2Fv2%2Fmedia&parent=8165"}],"wp:term":[{"taxonomy":"category","embeddable":true,"href":"https:\/\/veritasinfo.org\/index.php?rest_route=%2Fwp%2Fv2%2Fcategories&post=8165"},{"taxonomy":"post_tag","embeddable":true,"href":"https:\/\/veritasinfo.org\/index.php?rest_route=%2Fwp%2Fv2%2Ftags&post=8165"}],"curies":[{"name":"wp","href":"https:\/\/api.w.org\/{rel}","templated":true}]}}