{"id":8161,"date":"2025-08-15T12:29:25","date_gmt":"2025-08-15T10:29:25","guid":{"rendered":"https:\/\/veritasinfo.org\/?p=8161"},"modified":"2025-08-15T12:29:25","modified_gmt":"2025-08-15T10:29:25","slug":"specialja-refuzon-lirimin-e-perkohshem-per-veselin-selimin-dhe-krasniqin","status":"publish","type":"post","link":"https:\/\/veritasinfo.org\/?p=8161","title":{"rendered":"Specialja refuzon lirimin e p\u00ebrkohsh\u00ebm p\u00ebr Veselin, Selimin dhe Krasniqin"},"content":{"rendered":"<p data-start=\"61\" data-end=\"140\"><strong data-start=\"61\" data-end=\"138\">15 gusht, 2025<\/strong><\/p>\n<p data-start=\"142\" data-end=\"339\">Dhoma e Apelit e Gjykat\u00ebs Speciale ka refuzuar k\u00ebrkesat p\u00ebr lirim t\u00eb p\u00ebrkohsh\u00ebm t\u00eb Kadri Veselit, Rexhep Selimit dhe Jakup Krasniqit. Nd\u00ebrkoh\u00eb, Hashim Tha\u00e7i nuk ka paraqitur nj\u00eb k\u00ebrkes\u00eb t\u00eb till\u00eb.<\/p>\n<p data-start=\"341\" data-end=\"650\">\u201cSikurse \u00ebsht\u00eb b\u00ebr\u00eb e ditur m\u00eb her\u00ebt, pas refuzimit nga trupi gjykues t\u00eb k\u00ebrkesave t\u00eb tyre p\u00ebr lirim t\u00eb p\u00ebrkohsh\u00ebm, Kadri Veseli, Rexhep Selimi dhe Jakup Krasniqi i paraqit\u00ebn ankesat e tyre Dhom\u00ebs s\u00eb Apelit. M\u00eb 13 gusht 2025, Dhoma e Apelit i rr\u00ebzoi t\u00eb tre ankesat\u201d, thuhet n\u00eb njoftimin e Gjykat\u00ebs Speciale.<\/p>\n<p data-start=\"652\" data-end=\"862\">Mbrojtja e Veselit kishte argumentuar se \u00e7do rrezik i mbetur, i identifikuar nga trupi gjykues, mund t\u00eb menaxhohej n\u00eb m\u00ebnyr\u00eb efektive p\u00ebrmes lirimit t\u00eb p\u00ebrkohsh\u00ebm me kushte t\u00eb vendosura nga Policia e Kosov\u00ebs.<\/p>\n<p data-start=\"864\" data-end=\"950\">Edhe mbrojtja e Selimit i ishte referuar garancive t\u00eb ofruara nga Policia e Kosov\u00ebs.<\/p>\n<p data-start=\"952\" data-end=\"1140\">Ata gjithashtu kishin theksuar se p\u00ebrfundimi i paraqitjes s\u00eb \u00e7\u00ebshtjes nga Prokuroria e zvog\u00eblon ndjesh\u00ebm mund\u00ebsin\u00eb q\u00eb i akuzuari t\u00eb nd\u00ebrmarr\u00eb veprime q\u00eb do t\u00eb pengonin procesin gjyq\u00ebsor.<\/p>\n","protected":false},"excerpt":{"rendered":"<p>15 gusht, 2025 Dhoma e Apelit e Gjykat\u00ebs Speciale ka refuzuar k\u00ebrkesat p\u00ebr lirim t\u00eb p\u00ebrkohsh\u00ebm t\u00eb Kadri Veselit, Rexhep Selimit dhe Jakup Krasniqit. Nd\u00ebrkoh\u00eb,<\/p>\n","protected":false},"author":1,"featured_media":8159,"comment_status":"open","ping_status":"open","sticky":false,"template":"","format":"standard","meta":{"footnotes":""},"categories":[60],"tags":[],"class_list":["post-8161","post","type-post","status-publish","format-standard","has-post-thumbnail","hentry","category-shoqerore-sq"],"yoast_head":"<!-- This site is optimized with the Yoast SEO plugin v25.3.1 - https:\/\/yoast.com\/wordpress\/plugins\/seo\/ -->\n<title>Specialja refuzon lirimin e p\u00ebrkohsh\u00ebm p\u00ebr Veselin, Selimin dhe Krasniqin -<\/title>\n<meta name=\"robots\" content=\"index, follow, max-snippet:-1, max-image-preview:large, max-video-preview:-1\" \/>\n<link rel=\"canonical\" href=\"https:\/\/veritasinfo.org\/?p=8161\" \/>\n<meta property=\"og:locale\" content=\"en_US\" \/>\n<meta property=\"og:type\" content=\"article\" \/>\n<meta property=\"og:title\" content=\"Specialja refuzon lirimin e p\u00ebrkohsh\u00ebm p\u00ebr Veselin, Selimin dhe Krasniqin -\" \/>\n<meta property=\"og:description\" content=\"15 gusht, 2025 Dhoma e Apelit e Gjykat\u00ebs Speciale ka refuzuar k\u00ebrkesat p\u00ebr lirim t\u00eb p\u00ebrkohsh\u00ebm t\u00eb Kadri Veselit, Rexhep Selimit dhe Jakup Krasniqit. Nd\u00ebrkoh\u00eb,\" \/>\n<meta property=\"og:url\" content=\"https:\/\/veritasinfo.org\/?p=8161\" \/>\n<meta property=\"article:published_time\" content=\"2025-08-15T10:29:25+00:00\" \/>\n<meta property=\"og:image\" content=\"https:\/\/veritasinfo.org\/wp-content\/uploads\/2025\/08\/116896-ja-kur-eshte-caktuar-seanca-e-ardhshme-ndaj-hashim-thacit-kadri-veselit-jakup-krasniqit-dhe-rexhep-selimit-e1747827925262.webp\" \/>\n\t<meta property=\"og:image:width\" content=\"569\" \/>\n\t<meta property=\"og:image:height\" content=\"423\" \/>\n\t<meta property=\"og:image:type\" content=\"image\/webp\" \/>\n<meta name=\"author\" content=\"admin\" \/>\n<meta name=\"twitter:card\" content=\"summary_large_image\" \/>\n<meta name=\"twitter:label1\" content=\"Written by\" \/>\n\t<meta name=\"twitter:data1\" content=\"admin\" \/>\n\t<meta name=\"twitter:label2\" content=\"Est. reading time\" \/>\n\t<meta name=\"twitter:data2\" content=\"1 minute\" \/>\n<script type=\"application\/ld+json\" class=\"yoast-schema-graph\">{\"@context\":\"https:\/\/schema.org\",\"@graph\":[{\"@type\":\"WebPage\",\"@id\":\"https:\/\/veritasinfo.org\/?p=8161\",\"url\":\"https:\/\/veritasinfo.org\/?p=8161\",\"name\":\"Specialja refuzon lirimin e p\u00ebrkohsh\u00ebm p\u00ebr Veselin, Selimin dhe Krasniqin -\",\"isPartOf\":{\"@id\":\"https:\/\/veritasinfo.org\/#website\"},\"primaryImageOfPage\":{\"@id\":\"https:\/\/veritasinfo.org\/?p=8161#primaryimage\"},\"image\":{\"@id\":\"https:\/\/veritasinfo.org\/?p=8161#primaryimage\"},\"thumbnailUrl\":\"https:\/\/veritasinfo.org\/wp-content\/uploads\/2025\/08\/116896-ja-kur-eshte-caktuar-seanca-e-ardhshme-ndaj-hashim-thacit-kadri-veselit-jakup-krasniqit-dhe-rexhep-selimit-e1747827925262.webp\",\"datePublished\":\"2025-08-15T10:29:25+00:00\",\"author\":{\"@id\":\"https:\/\/veritasinfo.org\/#\/schema\/person\/7701f8c088bece422266b100a712374f\"},\"breadcrumb\":{\"@id\":\"https:\/\/veritasinfo.org\/?p=8161#breadcrumb\"},\"inLanguage\":\"en-US\",\"potentialAction\":[{\"@type\":\"ReadAction\",\"target\":[\"https:\/\/veritasinfo.org\/?p=8161\"]}]},{\"@type\":\"ImageObject\",\"inLanguage\":\"en-US\",\"@id\":\"https:\/\/veritasinfo.org\/?p=8161#primaryimage\",\"url\":\"https:\/\/veritasinfo.org\/wp-content\/uploads\/2025\/08\/116896-ja-kur-eshte-caktuar-seanca-e-ardhshme-ndaj-hashim-thacit-kadri-veselit-jakup-krasniqit-dhe-rexhep-selimit-e1747827925262.webp\",\"contentUrl\":\"https:\/\/veritasinfo.org\/wp-content\/uploads\/2025\/08\/116896-ja-kur-eshte-caktuar-seanca-e-ardhshme-ndaj-hashim-thacit-kadri-veselit-jakup-krasniqit-dhe-rexhep-selimit-e1747827925262.webp\",\"width\":569,\"height\":423},{\"@type\":\"BreadcrumbList\",\"@id\":\"https:\/\/veritasinfo.org\/?p=8161#breadcrumb\",\"itemListElement\":[{\"@type\":\"ListItem\",\"position\":1,\"name\":\"Home\",\"item\":\"https:\/\/veritasinfo.org\/\"},{\"@type\":\"ListItem\",\"position\":2,\"name\":\"Specialja refuzon lirimin e p\u00ebrkohsh\u00ebm p\u00ebr Veselin, Selimin dhe Krasniqin\"}]},{\"@type\":\"WebSite\",\"@id\":\"https:\/\/veritasinfo.org\/#website\",\"url\":\"https:\/\/veritasinfo.org\/\",\"name\":\"\",\"description\":\"\",\"potentialAction\":[{\"@type\":\"SearchAction\",\"target\":{\"@type\":\"EntryPoint\",\"urlTemplate\":\"https:\/\/veritasinfo.org\/?s={search_term_string}\"},\"query-input\":{\"@type\":\"PropertyValueSpecification\",\"valueRequired\":true,\"valueName\":\"search_term_string\"}}],\"inLanguage\":\"en-US\"},{\"@type\":\"Person\",\"@id\":\"https:\/\/veritasinfo.org\/#\/schema\/person\/7701f8c088bece422266b100a712374f\",\"name\":\"admin\",\"image\":{\"@type\":\"ImageObject\",\"inLanguage\":\"en-US\",\"@id\":\"https:\/\/veritasinfo.org\/#\/schema\/person\/image\/\",\"url\":\"https:\/\/secure.gravatar.com\/avatar\/ea53aa3bf6c9a12d5fde8ce4deff43fef3885ae33cf60184161a50d6987cfd2f?s=96&d=mm&r=g\",\"contentUrl\":\"https:\/\/secure.gravatar.com\/avatar\/ea53aa3bf6c9a12d5fde8ce4deff43fef3885ae33cf60184161a50d6987cfd2f?s=96&d=mm&r=g\",\"caption\":\"admin\"},\"sameAs\":[\"https:\/\/veritasinfo.org\"],\"url\":\"https:\/\/veritasinfo.org\/?author=1\"}]}<\/script>\n<!-- \/ Yoast SEO plugin. -->","yoast_head_json":{"title":"Specialja refuzon lirimin e p\u00ebrkohsh\u00ebm p\u00ebr Veselin, Selimin dhe Krasniqin -","robots":{"index":"index","follow":"follow","max-snippet":"max-snippet:-1","max-image-preview":"max-image-preview:large","max-video-preview":"max-video-preview:-1"},"canonical":"https:\/\/veritasinfo.org\/?p=8161","og_locale":"en_US","og_type":"article","og_title":"Specialja refuzon lirimin e p\u00ebrkohsh\u00ebm p\u00ebr Veselin, Selimin dhe Krasniqin -","og_description":"15 gusht, 2025 Dhoma e Apelit e Gjykat\u00ebs Speciale ka refuzuar k\u00ebrkesat p\u00ebr lirim t\u00eb p\u00ebrkohsh\u00ebm t\u00eb Kadri Veselit, Rexhep Selimit dhe Jakup Krasniqit. Nd\u00ebrkoh\u00eb,","og_url":"https:\/\/veritasinfo.org\/?p=8161","article_published_time":"2025-08-15T10:29:25+00:00","og_image":[{"width":569,"height":423,"url":"https:\/\/veritasinfo.org\/wp-content\/uploads\/2025\/08\/116896-ja-kur-eshte-caktuar-seanca-e-ardhshme-ndaj-hashim-thacit-kadri-veselit-jakup-krasniqit-dhe-rexhep-selimit-e1747827925262.webp","type":"image\/webp"}],"author":"admin","twitter_card":"summary_large_image","twitter_misc":{"Written by":"admin","Est. reading time":"1 minute"},"schema":{"@context":"https:\/\/schema.org","@graph":[{"@type":"WebPage","@id":"https:\/\/veritasinfo.org\/?p=8161","url":"https:\/\/veritasinfo.org\/?p=8161","name":"Specialja refuzon lirimin e p\u00ebrkohsh\u00ebm p\u00ebr Veselin, Selimin dhe Krasniqin -","isPartOf":{"@id":"https:\/\/veritasinfo.org\/#website"},"primaryImageOfPage":{"@id":"https:\/\/veritasinfo.org\/?p=8161#primaryimage"},"image":{"@id":"https:\/\/veritasinfo.org\/?p=8161#primaryimage"},"thumbnailUrl":"https:\/\/veritasinfo.org\/wp-content\/uploads\/2025\/08\/116896-ja-kur-eshte-caktuar-seanca-e-ardhshme-ndaj-hashim-thacit-kadri-veselit-jakup-krasniqit-dhe-rexhep-selimit-e1747827925262.webp","datePublished":"2025-08-15T10:29:25+00:00","author":{"@id":"https:\/\/veritasinfo.org\/#\/schema\/person\/7701f8c088bece422266b100a712374f"},"breadcrumb":{"@id":"https:\/\/veritasinfo.org\/?p=8161#breadcrumb"},"inLanguage":"en-US","potentialAction":[{"@type":"ReadAction","target":["https:\/\/veritasinfo.org\/?p=8161"]}]},{"@type":"ImageObject","inLanguage":"en-US","@id":"https:\/\/veritasinfo.org\/?p=8161#primaryimage","url":"https:\/\/veritasinfo.org\/wp-content\/uploads\/2025\/08\/116896-ja-kur-eshte-caktuar-seanca-e-ardhshme-ndaj-hashim-thacit-kadri-veselit-jakup-krasniqit-dhe-rexhep-selimit-e1747827925262.webp","contentUrl":"https:\/\/veritasinfo.org\/wp-content\/uploads\/2025\/08\/116896-ja-kur-eshte-caktuar-seanca-e-ardhshme-ndaj-hashim-thacit-kadri-veselit-jakup-krasniqit-dhe-rexhep-selimit-e1747827925262.webp","width":569,"height":423},{"@type":"BreadcrumbList","@id":"https:\/\/veritasinfo.org\/?p=8161#breadcrumb","itemListElement":[{"@type":"ListItem","position":1,"name":"Home","item":"https:\/\/veritasinfo.org\/"},{"@type":"ListItem","position":2,"name":"Specialja refuzon lirimin e p\u00ebrkohsh\u00ebm p\u00ebr Veselin, Selimin dhe Krasniqin"}]},{"@type":"WebSite","@id":"https:\/\/veritasinfo.org\/#website","url":"https:\/\/veritasinfo.org\/","name":"","description":"","potentialAction":[{"@type":"SearchAction","target":{"@type":"EntryPoint","urlTemplate":"https:\/\/veritasinfo.org\/?s={search_term_string}"},"query-input":{"@type":"PropertyValueSpecification","valueRequired":true,"valueName":"search_term_string"}}],"inLanguage":"en-US"},{"@type":"Person","@id":"https:\/\/veritasinfo.org\/#\/schema\/person\/7701f8c088bece422266b100a712374f","name":"admin","image":{"@type":"ImageObject","inLanguage":"en-US","@id":"https:\/\/veritasinfo.org\/#\/schema\/person\/image\/","url":"https:\/\/secure.gravatar.com\/avatar\/ea53aa3bf6c9a12d5fde8ce4deff43fef3885ae33cf60184161a50d6987cfd2f?s=96&d=mm&r=g","contentUrl":"https:\/\/secure.gravatar.com\/avatar\/ea53aa3bf6c9a12d5fde8ce4deff43fef3885ae33cf60184161a50d6987cfd2f?s=96&d=mm&r=g","caption":"admin"},"sameAs":["https:\/\/veritasinfo.org"],"url":"https:\/\/veritasinfo.org\/?author=1"}]}},"featured_image_urls":{"full":["https:\/\/veritasinfo.org\/wp-content\/uploads\/2025\/08\/116896-ja-kur-eshte-caktuar-seanca-e-ardhshme-ndaj-hashim-thacit-kadri-veselit-jakup-krasniqit-dhe-rexhep-selimit-e1747827925262.webp",569,423,false],"thumbnail":["https:\/\/veritasinfo.org\/wp-content\/uploads\/2025\/08\/116896-ja-kur-eshte-caktuar-seanca-e-ardhshme-ndaj-hashim-thacit-kadri-veselit-jakup-krasniqit-dhe-rexhep-selimit-e1747827925262-150x150.webp",150,150,true],"medium":["https:\/\/veritasinfo.org\/wp-content\/uploads\/2025\/08\/116896-ja-kur-eshte-caktuar-seanca-e-ardhshme-ndaj-hashim-thacit-kadri-veselit-jakup-krasniqit-dhe-rexhep-selimit-e1747827925262-300x223.webp",300,223,true],"medium_large":["https:\/\/veritasinfo.org\/wp-content\/uploads\/2025\/08\/116896-ja-kur-eshte-caktuar-seanca-e-ardhshme-ndaj-hashim-thacit-kadri-veselit-jakup-krasniqit-dhe-rexhep-selimit-e1747827925262.webp",569,423,false],"large":["https:\/\/veritasinfo.org\/wp-content\/uploads\/2025\/08\/116896-ja-kur-eshte-caktuar-seanca-e-ardhshme-ndaj-hashim-thacit-kadri-veselit-jakup-krasniqit-dhe-rexhep-selimit-e1747827925262.webp",569,423,false],"1536x1536":["https:\/\/veritasinfo.org\/wp-content\/uploads\/2025\/08\/116896-ja-kur-eshte-caktuar-seanca-e-ardhshme-ndaj-hashim-thacit-kadri-veselit-jakup-krasniqit-dhe-rexhep-selimit-e1747827925262.webp",569,423,false],"2048x2048":["https:\/\/veritasinfo.org\/wp-content\/uploads\/2025\/08\/116896-ja-kur-eshte-caktuar-seanca-e-ardhshme-ndaj-hashim-thacit-kadri-veselit-jakup-krasniqit-dhe-rexhep-selimit-e1747827925262.webp",569,423,false],"kreeti-slider-full":["https:\/\/veritasinfo.org\/wp-content\/uploads\/2025\/08\/116896-ja-kur-eshte-caktuar-seanca-e-ardhshme-ndaj-hashim-thacit-kadri-veselit-jakup-krasniqit-dhe-rexhep-selimit-e1747827925262.webp",569,423,false],"kreeti-featured":["https:\/\/veritasinfo.org\/wp-content\/uploads\/2025\/08\/116896-ja-kur-eshte-caktuar-seanca-e-ardhshme-ndaj-hashim-thacit-kadri-veselit-jakup-krasniqit-dhe-rexhep-selimit-e1747827925262.webp",569,423,false],"kreeti-medium":["https:\/\/veritasinfo.org\/wp-content\/uploads\/2025\/08\/116896-ja-kur-eshte-caktuar-seanca-e-ardhshme-ndaj-hashim-thacit-kadri-veselit-jakup-krasniqit-dhe-rexhep-selimit-e1747827925262.webp",569,423,false],"kreeti-medium-square":["https:\/\/veritasinfo.org\/wp-content\/uploads\/2025\/08\/116896-ja-kur-eshte-caktuar-seanca-e-ardhshme-ndaj-hashim-thacit-kadri-veselit-jakup-krasniqit-dhe-rexhep-selimit-e1747827925262.webp",350,260,false]},"author_info":{"info":["admin"]},"category_info":"<a href=\"https:\/\/veritasinfo.org\/?cat=60\" rel=\"category\">Shoq\u00ebrore<\/a>","tag_info":"Shoq\u00ebrore","comment_count":"0","_links":{"self":[{"href":"https:\/\/veritasinfo.org\/index.php?rest_route=\/wp\/v2\/posts\/8161","targetHints":{"allow":["GET"]}}],"collection":[{"href":"https:\/\/veritasinfo.org\/index.php?rest_route=\/wp\/v2\/posts"}],"about":[{"href":"https:\/\/veritasinfo.org\/index.php?rest_route=\/wp\/v2\/types\/post"}],"author":[{"embeddable":true,"href":"https:\/\/veritasinfo.org\/index.php?rest_route=\/wp\/v2\/users\/1"}],"replies":[{"embeddable":true,"href":"https:\/\/veritasinfo.org\/index.php?rest_route=%2Fwp%2Fv2%2Fcomments&post=8161"}],"version-history":[{"count":1,"href":"https:\/\/veritasinfo.org\/index.php?rest_route=\/wp\/v2\/posts\/8161\/revisions"}],"predecessor-version":[{"id":8162,"href":"https:\/\/veritasinfo.org\/index.php?rest_route=\/wp\/v2\/posts\/8161\/revisions\/8162"}],"wp:featuredmedia":[{"embeddable":true,"href":"https:\/\/veritasinfo.org\/index.php?rest_route=\/wp\/v2\/media\/8159"}],"wp:attachment":[{"href":"https:\/\/veritasinfo.org\/index.php?rest_route=%2Fwp%2Fv2%2Fmedia&parent=8161"}],"wp:term":[{"taxonomy":"category","embeddable":true,"href":"https:\/\/veritasinfo.org\/index.php?rest_route=%2Fwp%2Fv2%2Fcategories&post=8161"},{"taxonomy":"post_tag","embeddable":true,"href":"https:\/\/veritasinfo.org\/index.php?rest_route=%2Fwp%2Fv2%2Ftags&post=8161"}],"curies":[{"name":"wp","href":"https:\/\/api.w.org\/{rel}","templated":true}]}}