{"id":8150,"date":"2025-08-15T11:38:25","date_gmt":"2025-08-15T09:38:25","guid":{"rendered":"https:\/\/veritasinfo.org\/?p=8150"},"modified":"2025-08-15T11:38:25","modified_gmt":"2025-08-15T09:38:25","slug":"prokuroria-speciale-dorezon-aktakuze-per-debimin-e-popullsise-civile-gjate-luftes-ne-kosove","status":"publish","type":"post","link":"https:\/\/veritasinfo.org\/?p=8150","title":{"rendered":"Prokuroria Speciale dor\u00ebzon aktakuz\u00eb p\u00ebr d\u00ebbimin e popullsis\u00eb civile gjat\u00eb luft\u00ebs n\u00eb Kosov\u00eb"},"content":{"rendered":"<p><strong>Prishtin\u00eb, 15 gusht 2025<\/strong><\/p>\n<p>Prokuroria Speciale e Republik\u00ebs s\u00eb Kosov\u00ebs pritet t\u00eb dor\u00ebzoj\u00eb sot aktakuz\u00ebn q\u00eb lidhet me d\u00ebbimin e popullsis\u00eb civile nga territori i Kosov\u00ebs gjat\u00eb luft\u00ebs s\u00eb fundit.<\/p>\n<p>N\u00eb lidhje me k\u00ebt\u00eb zhvillim, Prokuroria Speciale ka paralajm\u00ebruar nj\u00eb konferenc\u00eb p\u00ebr media ku do t\u00eb b\u00ebhen publike detaje mbi aktakuz\u00ebn. Konferenca do t\u00eb mbahet sot n\u00eb or\u00ebn 11:00, n\u00eb Sall\u00ebn e Konferencave t\u00eb Zyr\u00ebs s\u00eb Kryeprokurorit t\u00eb Shtetit, n\u00eb Prishtin\u00eb.<\/p>\n<p>\u201cJu ftojm\u00eb t\u00eb merrni pjes\u00eb n\u00eb nj\u00eb konferenc\u00eb p\u00ebr media, e cila do t\u00eb mbahet me q\u00ebllim njoftimin publik mbi dor\u00ebzimin e aktakuz\u00ebs p\u00ebr d\u00ebbimin e popullsis\u00eb civile nga territori i Republik\u00ebs s\u00eb Kosov\u00ebs, gjat\u00eb periudh\u00ebs s\u00eb luft\u00ebs s\u00eb fundit\u201d, thuhet n\u00eb njoftimin e Prokuroris\u00eb Speciale.<\/p>\n<p>Ky zhvillim pritet t\u00eb sjell\u00eb reagime t\u00eb shumta, pasi b\u00ebhet fjal\u00eb p\u00ebr nj\u00eb nga akuzat m\u00eb t\u00eb ndjeshme t\u00eb lidhura me krimet e luft\u00ebs n\u00eb Kosov\u00eb.<\/p>\n","protected":false},"excerpt":{"rendered":"<p>Prishtin\u00eb, 15 gusht 2025 Prokuroria Speciale e Republik\u00ebs s\u00eb Kosov\u00ebs pritet t\u00eb dor\u00ebzoj\u00eb sot aktakuz\u00ebn q\u00eb lidhet me d\u00ebbimin e popullsis\u00eb civile nga territori i<\/p>\n","protected":false},"author":2,"featured_media":8151,"comment_status":"open","ping_status":"open","sticky":false,"template":"","format":"standard","meta":{"footnotes":""},"categories":[60],"tags":[],"class_list":["post-8150","post","type-post","status-publish","format-standard","has-post-thumbnail","hentry","category-shoqerore-sq"],"yoast_head":"<!-- This site is optimized with the Yoast SEO plugin v25.3.1 - https:\/\/yoast.com\/wordpress\/plugins\/seo\/ -->\n<title>Prokuroria Speciale dor\u00ebzon aktakuz\u00eb p\u00ebr d\u00ebbimin e popullsis\u00eb civile gjat\u00eb luft\u00ebs n\u00eb Kosov\u00eb -<\/title>\n<meta name=\"robots\" content=\"index, follow, max-snippet:-1, max-image-preview:large, max-video-preview:-1\" \/>\n<link rel=\"canonical\" href=\"https:\/\/veritasinfo.org\/?p=8150\" \/>\n<meta property=\"og:locale\" content=\"en_US\" \/>\n<meta property=\"og:type\" content=\"article\" \/>\n<meta property=\"og:title\" content=\"Prokuroria Speciale dor\u00ebzon aktakuz\u00eb p\u00ebr d\u00ebbimin e popullsis\u00eb civile gjat\u00eb luft\u00ebs n\u00eb Kosov\u00eb -\" \/>\n<meta property=\"og:description\" content=\"Prishtin\u00eb, 15 gusht 2025 Prokuroria Speciale e Republik\u00ebs s\u00eb Kosov\u00ebs pritet t\u00eb dor\u00ebzoj\u00eb sot aktakuz\u00ebn q\u00eb lidhet me d\u00ebbimin e popullsis\u00eb civile nga territori i\" \/>\n<meta property=\"og:url\" content=\"https:\/\/veritasinfo.org\/?p=8150\" \/>\n<meta property=\"article:published_time\" content=\"2025-08-15T09:38:25+00:00\" \/>\n<meta property=\"og:image\" content=\"https:\/\/veritasinfo.org\/wp-content\/uploads\/2025\/08\/Prokuroria-Speciale-2-scaled-1.jpg\" \/>\n\t<meta property=\"og:image:width\" content=\"2560\" \/>\n\t<meta property=\"og:image:height\" content=\"1441\" \/>\n\t<meta property=\"og:image:type\" content=\"image\/jpeg\" \/>\n<meta name=\"author\" content=\"US1\" \/>\n<meta name=\"twitter:card\" content=\"summary_large_image\" \/>\n<meta name=\"twitter:label1\" content=\"Written by\" \/>\n\t<meta name=\"twitter:data1\" content=\"US1\" \/>\n\t<meta name=\"twitter:label2\" content=\"Est. reading time\" \/>\n\t<meta name=\"twitter:data2\" content=\"1 minute\" \/>\n<script type=\"application\/ld+json\" class=\"yoast-schema-graph\">{\"@context\":\"https:\/\/schema.org\",\"@graph\":[{\"@type\":\"WebPage\",\"@id\":\"https:\/\/veritasinfo.org\/?p=8150\",\"url\":\"https:\/\/veritasinfo.org\/?p=8150\",\"name\":\"Prokuroria Speciale dor\u00ebzon aktakuz\u00eb p\u00ebr d\u00ebbimin e popullsis\u00eb civile gjat\u00eb luft\u00ebs n\u00eb Kosov\u00eb -\",\"isPartOf\":{\"@id\":\"https:\/\/veritasinfo.org\/#website\"},\"primaryImageOfPage\":{\"@id\":\"https:\/\/veritasinfo.org\/?p=8150#primaryimage\"},\"image\":{\"@id\":\"https:\/\/veritasinfo.org\/?p=8150#primaryimage\"},\"thumbnailUrl\":\"https:\/\/veritasinfo.org\/wp-content\/uploads\/2025\/08\/Prokuroria-Speciale-2-scaled-1.jpg\",\"datePublished\":\"2025-08-15T09:38:25+00:00\",\"author\":{\"@id\":\"https:\/\/veritasinfo.org\/#\/schema\/person\/c2b8be262ea994d0995addca692c5e98\"},\"breadcrumb\":{\"@id\":\"https:\/\/veritasinfo.org\/?p=8150#breadcrumb\"},\"inLanguage\":\"en-US\",\"potentialAction\":[{\"@type\":\"ReadAction\",\"target\":[\"https:\/\/veritasinfo.org\/?p=8150\"]}]},{\"@type\":\"ImageObject\",\"inLanguage\":\"en-US\",\"@id\":\"https:\/\/veritasinfo.org\/?p=8150#primaryimage\",\"url\":\"https:\/\/veritasinfo.org\/wp-content\/uploads\/2025\/08\/Prokuroria-Speciale-2-scaled-1.jpg\",\"contentUrl\":\"https:\/\/veritasinfo.org\/wp-content\/uploads\/2025\/08\/Prokuroria-Speciale-2-scaled-1.jpg\",\"width\":2560,\"height\":1441},{\"@type\":\"BreadcrumbList\",\"@id\":\"https:\/\/veritasinfo.org\/?p=8150#breadcrumb\",\"itemListElement\":[{\"@type\":\"ListItem\",\"position\":1,\"name\":\"Home\",\"item\":\"https:\/\/veritasinfo.org\/\"},{\"@type\":\"ListItem\",\"position\":2,\"name\":\"Prokuroria Speciale dor\u00ebzon aktakuz\u00eb p\u00ebr d\u00ebbimin e popullsis\u00eb civile gjat\u00eb luft\u00ebs n\u00eb Kosov\u00eb\"}]},{\"@type\":\"WebSite\",\"@id\":\"https:\/\/veritasinfo.org\/#website\",\"url\":\"https:\/\/veritasinfo.org\/\",\"name\":\"\",\"description\":\"\",\"potentialAction\":[{\"@type\":\"SearchAction\",\"target\":{\"@type\":\"EntryPoint\",\"urlTemplate\":\"https:\/\/veritasinfo.org\/?s={search_term_string}\"},\"query-input\":{\"@type\":\"PropertyValueSpecification\",\"valueRequired\":true,\"valueName\":\"search_term_string\"}}],\"inLanguage\":\"en-US\"},{\"@type\":\"Person\",\"@id\":\"https:\/\/veritasinfo.org\/#\/schema\/person\/c2b8be262ea994d0995addca692c5e98\",\"name\":\"US1\",\"image\":{\"@type\":\"ImageObject\",\"inLanguage\":\"en-US\",\"@id\":\"https:\/\/veritasinfo.org\/#\/schema\/person\/image\/\",\"url\":\"https:\/\/secure.gravatar.com\/avatar\/4e96a59bd256abf9956eb9963ac891a47461ffb364d47b0e9aab113328fdb75b?s=96&d=mm&r=g\",\"contentUrl\":\"https:\/\/secure.gravatar.com\/avatar\/4e96a59bd256abf9956eb9963ac891a47461ffb364d47b0e9aab113328fdb75b?s=96&d=mm&r=g\",\"caption\":\"US1\"},\"url\":\"https:\/\/veritasinfo.org\/?author=2\"}]}<\/script>\n<!-- \/ Yoast SEO plugin. -->","yoast_head_json":{"title":"Prokuroria Speciale dor\u00ebzon aktakuz\u00eb p\u00ebr d\u00ebbimin e popullsis\u00eb civile gjat\u00eb luft\u00ebs n\u00eb Kosov\u00eb -","robots":{"index":"index","follow":"follow","max-snippet":"max-snippet:-1","max-image-preview":"max-image-preview:large","max-video-preview":"max-video-preview:-1"},"canonical":"https:\/\/veritasinfo.org\/?p=8150","og_locale":"en_US","og_type":"article","og_title":"Prokuroria Speciale dor\u00ebzon aktakuz\u00eb p\u00ebr d\u00ebbimin e popullsis\u00eb civile gjat\u00eb luft\u00ebs n\u00eb Kosov\u00eb -","og_description":"Prishtin\u00eb, 15 gusht 2025 Prokuroria Speciale e Republik\u00ebs s\u00eb Kosov\u00ebs pritet t\u00eb dor\u00ebzoj\u00eb sot aktakuz\u00ebn q\u00eb lidhet me d\u00ebbimin e popullsis\u00eb civile nga territori i","og_url":"https:\/\/veritasinfo.org\/?p=8150","article_published_time":"2025-08-15T09:38:25+00:00","og_image":[{"width":2560,"height":1441,"url":"https:\/\/veritasinfo.org\/wp-content\/uploads\/2025\/08\/Prokuroria-Speciale-2-scaled-1.jpg","type":"image\/jpeg"}],"author":"US1","twitter_card":"summary_large_image","twitter_misc":{"Written by":"US1","Est. reading time":"1 minute"},"schema":{"@context":"https:\/\/schema.org","@graph":[{"@type":"WebPage","@id":"https:\/\/veritasinfo.org\/?p=8150","url":"https:\/\/veritasinfo.org\/?p=8150","name":"Prokuroria Speciale dor\u00ebzon aktakuz\u00eb p\u00ebr d\u00ebbimin e popullsis\u00eb civile gjat\u00eb luft\u00ebs n\u00eb Kosov\u00eb -","isPartOf":{"@id":"https:\/\/veritasinfo.org\/#website"},"primaryImageOfPage":{"@id":"https:\/\/veritasinfo.org\/?p=8150#primaryimage"},"image":{"@id":"https:\/\/veritasinfo.org\/?p=8150#primaryimage"},"thumbnailUrl":"https:\/\/veritasinfo.org\/wp-content\/uploads\/2025\/08\/Prokuroria-Speciale-2-scaled-1.jpg","datePublished":"2025-08-15T09:38:25+00:00","author":{"@id":"https:\/\/veritasinfo.org\/#\/schema\/person\/c2b8be262ea994d0995addca692c5e98"},"breadcrumb":{"@id":"https:\/\/veritasinfo.org\/?p=8150#breadcrumb"},"inLanguage":"en-US","potentialAction":[{"@type":"ReadAction","target":["https:\/\/veritasinfo.org\/?p=8150"]}]},{"@type":"ImageObject","inLanguage":"en-US","@id":"https:\/\/veritasinfo.org\/?p=8150#primaryimage","url":"https:\/\/veritasinfo.org\/wp-content\/uploads\/2025\/08\/Prokuroria-Speciale-2-scaled-1.jpg","contentUrl":"https:\/\/veritasinfo.org\/wp-content\/uploads\/2025\/08\/Prokuroria-Speciale-2-scaled-1.jpg","width":2560,"height":1441},{"@type":"BreadcrumbList","@id":"https:\/\/veritasinfo.org\/?p=8150#breadcrumb","itemListElement":[{"@type":"ListItem","position":1,"name":"Home","item":"https:\/\/veritasinfo.org\/"},{"@type":"ListItem","position":2,"name":"Prokuroria Speciale dor\u00ebzon aktakuz\u00eb p\u00ebr d\u00ebbimin e popullsis\u00eb civile gjat\u00eb luft\u00ebs n\u00eb Kosov\u00eb"}]},{"@type":"WebSite","@id":"https:\/\/veritasinfo.org\/#website","url":"https:\/\/veritasinfo.org\/","name":"","description":"","potentialAction":[{"@type":"SearchAction","target":{"@type":"EntryPoint","urlTemplate":"https:\/\/veritasinfo.org\/?s={search_term_string}"},"query-input":{"@type":"PropertyValueSpecification","valueRequired":true,"valueName":"search_term_string"}}],"inLanguage":"en-US"},{"@type":"Person","@id":"https:\/\/veritasinfo.org\/#\/schema\/person\/c2b8be262ea994d0995addca692c5e98","name":"US1","image":{"@type":"ImageObject","inLanguage":"en-US","@id":"https:\/\/veritasinfo.org\/#\/schema\/person\/image\/","url":"https:\/\/secure.gravatar.com\/avatar\/4e96a59bd256abf9956eb9963ac891a47461ffb364d47b0e9aab113328fdb75b?s=96&d=mm&r=g","contentUrl":"https:\/\/secure.gravatar.com\/avatar\/4e96a59bd256abf9956eb9963ac891a47461ffb364d47b0e9aab113328fdb75b?s=96&d=mm&r=g","caption":"US1"},"url":"https:\/\/veritasinfo.org\/?author=2"}]}},"featured_image_urls":{"full":["https:\/\/veritasinfo.org\/wp-content\/uploads\/2025\/08\/Prokuroria-Speciale-2-scaled-1.jpg",2560,1441,false],"thumbnail":["https:\/\/veritasinfo.org\/wp-content\/uploads\/2025\/08\/Prokuroria-Speciale-2-scaled-1-150x150.jpg",150,150,true],"medium":["https:\/\/veritasinfo.org\/wp-content\/uploads\/2025\/08\/Prokuroria-Speciale-2-scaled-1-300x169.jpg",300,169,true],"medium_large":["https:\/\/veritasinfo.org\/wp-content\/uploads\/2025\/08\/Prokuroria-Speciale-2-scaled-1-768x432.jpg",640,360,true],"large":["https:\/\/veritasinfo.org\/wp-content\/uploads\/2025\/08\/Prokuroria-Speciale-2-scaled-1-1024x576.jpg",640,360,true],"1536x1536":["https:\/\/veritasinfo.org\/wp-content\/uploads\/2025\/08\/Prokuroria-Speciale-2-scaled-1-1536x865.jpg",1536,865,true],"2048x2048":["https:\/\/veritasinfo.org\/wp-content\/uploads\/2025\/08\/Prokuroria-Speciale-2-scaled-1-2048x1153.jpg",2048,1153,true],"kreeti-slider-full":["https:\/\/veritasinfo.org\/wp-content\/uploads\/2025\/08\/Prokuroria-Speciale-2-scaled-1.jpg",1280,720,false],"kreeti-featured":["https:\/\/veritasinfo.org\/wp-content\/uploads\/2025\/08\/Prokuroria-Speciale-2-scaled-1.jpg",1024,576,false],"kreeti-medium":["https:\/\/veritasinfo.org\/wp-content\/uploads\/2025\/08\/Prokuroria-Speciale-2-scaled-1.jpg",720,405,false],"kreeti-medium-square":["https:\/\/veritasinfo.org\/wp-content\/uploads\/2025\/08\/Prokuroria-Speciale-2-scaled-1.jpg",350,197,false]},"author_info":{"info":["US1"]},"category_info":"<a href=\"https:\/\/veritasinfo.org\/?cat=60\" rel=\"category\">Shoq\u00ebrore<\/a>","tag_info":"Shoq\u00ebrore","comment_count":"0","_links":{"self":[{"href":"https:\/\/veritasinfo.org\/index.php?rest_route=\/wp\/v2\/posts\/8150","targetHints":{"allow":["GET"]}}],"collection":[{"href":"https:\/\/veritasinfo.org\/index.php?rest_route=\/wp\/v2\/posts"}],"about":[{"href":"https:\/\/veritasinfo.org\/index.php?rest_route=\/wp\/v2\/types\/post"}],"author":[{"embeddable":true,"href":"https:\/\/veritasinfo.org\/index.php?rest_route=\/wp\/v2\/users\/2"}],"replies":[{"embeddable":true,"href":"https:\/\/veritasinfo.org\/index.php?rest_route=%2Fwp%2Fv2%2Fcomments&post=8150"}],"version-history":[{"count":1,"href":"https:\/\/veritasinfo.org\/index.php?rest_route=\/wp\/v2\/posts\/8150\/revisions"}],"predecessor-version":[{"id":8152,"href":"https:\/\/veritasinfo.org\/index.php?rest_route=\/wp\/v2\/posts\/8150\/revisions\/8152"}],"wp:featuredmedia":[{"embeddable":true,"href":"https:\/\/veritasinfo.org\/index.php?rest_route=\/wp\/v2\/media\/8151"}],"wp:attachment":[{"href":"https:\/\/veritasinfo.org\/index.php?rest_route=%2Fwp%2Fv2%2Fmedia&parent=8150"}],"wp:term":[{"taxonomy":"category","embeddable":true,"href":"https:\/\/veritasinfo.org\/index.php?rest_route=%2Fwp%2Fv2%2Fcategories&post=8150"},{"taxonomy":"post_tag","embeddable":true,"href":"https:\/\/veritasinfo.org\/index.php?rest_route=%2Fwp%2Fv2%2Ftags&post=8150"}],"curies":[{"name":"wp","href":"https:\/\/api.w.org\/{rel}","templated":true}]}}