{"id":8144,"date":"2025-08-15T09:15:57","date_gmt":"2025-08-15T07:15:57","guid":{"rendered":"https:\/\/veritasinfo.org\/?p=8144"},"modified":"2025-08-15T09:16:29","modified_gmt":"2025-08-15T07:16:29","slug":"qytetaret-e-veriut-ankohen-per-bojkotin-e-regjistrimit-te-popullsise-ne-kosove-bojkoti-solli-goditje-ekonomike-per-serbet-vetes-ia-mbyllem-deren","status":"publish","type":"post","link":"https:\/\/veritasinfo.org\/?p=8144","title":{"rendered":"Qytetar\u00ebt e veriut ankohen p\u00ebr bojkotin e regjistrimit t\u00eb popullsis\u00eb n\u00eb Kosov\u00eb: \u201cBojkoti solli goditje ekonomike p\u00ebr serb\u00ebt, vetes ia mbyll\u00ebm der\u00ebn\u201d"},"content":{"rendered":"<p>15 gusht, 2025<\/p>\n<p>Bojkoti i regjistrimit t\u00eb popullsis\u00eb n\u00eb Kosov\u00eb tashm\u00eb po sjell pasoja serioze p\u00ebr komunitetin serb. P\u00ebr shkak t\u00eb pjes\u00ebmarrjes s\u00eb ul\u00ebt, Leposaviqi, Zubin Potoku, Zve\u00e7ani dhe Mitrovica e Veriut do t\u00eb paraqiten zyrtarisht me nj\u00eb num\u00ebr duksh\u00ebm m\u00eb t\u00eb vog\u00ebl banor\u00ebsh, gj\u00eb q\u00eb automatikisht n\u00ebnkupton m\u00eb pak para nga buxheti i Kosov\u00ebs.<\/p>\n<p>\u201eMenduam se me bojkot do t\u2019i d\u00ebrgonim nj\u00eb mesazh Prishtin\u00ebs, por doli q\u00eb vetes ia mbyll\u00ebm der\u00ebn. N\u00eb let\u00ebr na ka m\u00eb pak, prandaj do t\u00eb na japin edhe m\u00eb pak\u201c, thot\u00eb Milan Jovanoviq nga Zubin Potoku.<\/p>\n<p>Nga Leposaviqi vjen nj\u00eb ton i ngjash\u00ebm zhg\u00ebnjimi. \u201eKur e kupton se p\u00ebr shkak t\u00eb k\u00ebsaj do t\u00eb investohet m\u00eb pak n\u00eb shkoll\u00ebn ton\u00eb dhe n\u00eb qendr\u00ebn e sh\u00ebndetit, pyes veten n\u00ebse ia ka vlejtur? Politika na ka kushtuar p\u00ebrs\u00ebri\u201c, thekson m\u00ebsuesja Dragana Petroviq.<\/p>\n<p>N\u00eb Zve\u00e7an, qytetar\u00ebt frik\u00ebsohen nga pasojat afatgjata. \u201eKam frik\u00eb se tani do t\u00eb thon\u00eb se k\u00ebtu pothuajse nuk ka serb\u00eb, prandaj nuk ka nevoj\u00eb t\u00eb investohet. Kjo \u00ebsht\u00eb e rrezikshme, sepse k\u00ebshtu na shtyjn\u00eb drejt zhdukjes\u201c, thot\u00eb Marko, sip\u00ebrmarr\u00ebs privat.<\/p>\n<p>Nga Mitrovica e Veriut, mesazhi \u00ebsht\u00eb edhe m\u00eb i ashp\u00ebr. \u201eNe po e p\u00ebrjashtojm\u00eb vet\u00ebn nga proceset, e pastaj ankohemi pse nuk jemi n\u00eb tryez\u00eb. Regjistrimi \u00ebsht\u00eb statistik\u00eb. Duhej t\u00eb merrnim pjes\u00eb dhe t\u00eb k\u00ebrkonim t\u00eb drejtat tona\u201c, thot\u00eb Milena Stankoviq, studente.<\/p>\n<p>Nj\u00eb analist politik nga Gra\u00e7anica, i cili ka dashur t\u00eb mbetet anonim, paralajm\u00ebron p\u00ebr nj\u00eb pamje m\u00eb t\u00eb gjer\u00eb: \u201ePa t\u00eb dh\u00ebna zyrtare, bashk\u00ebsia nd\u00ebrkomb\u00ebtare do ta ket\u00eb gjithnj\u00eb e m\u00eb t\u00eb v\u00ebshtir\u00eb t\u00eb arsyetoj\u00eb programet e ve\u00e7anta p\u00ebr serb\u00ebt. Do t\u00eb jemi t\u00eb paduksh\u00ebm n\u00eb shifra, dhe kjo do t\u00eb thot\u00eb edhe t\u00eb paduksh\u00ebm n\u00eb buxhete dhe planet e zhvillimit.\u201c<\/p>\n<p>P\u00ebrfaq\u00ebsuesit e pushteteve lokale ende nuk kan\u00eb reaguar zyrtarisht, por burime nga Mitrovica e Veriut thon\u00eb se tashm\u00eb po shqyrtohet m\u00ebnyra se si fondet e humbura t\u00eb z\u00ebvend\u00ebsohen nga burime t\u00eb tjera.<\/p>\n<p>P\u00ebr shum\u00eb qytetar\u00eb, pyetja \u00ebsht\u00eb n\u00ebse sinjali politik q\u00eb d\u00ebrguan ia vlen koston ekonomike dhe shoq\u00ebrore q\u00eb do ta paguajn\u00eb n\u00eb dhjet\u00eb vitet e ardhshme, deri n\u00eb regjistrimin e radh\u00ebs.<\/p>\n","protected":false},"excerpt":{"rendered":"<p>15 gusht, 2025 Bojkoti i regjistrimit t\u00eb popullsis\u00eb n\u00eb Kosov\u00eb tashm\u00eb po sjell pasoja serioze p\u00ebr komunitetin serb. P\u00ebr shkak t\u00eb pjes\u00ebmarrjes s\u00eb ul\u00ebt, Leposaviqi,<\/p>\n","protected":false},"author":1,"featured_media":8145,"comment_status":"open","ping_status":"open","sticky":false,"template":"","format":"standard","meta":{"footnotes":""},"categories":[58],"tags":[],"class_list":["post-8144","post","type-post","status-publish","format-standard","has-post-thumbnail","hentry","category-politike-sq"],"yoast_head":"<!-- This site is optimized with the Yoast SEO plugin v25.3.1 - https:\/\/yoast.com\/wordpress\/plugins\/seo\/ -->\n<title>Qytetar\u00ebt e veriut ankohen p\u00ebr bojkotin e regjistrimit t\u00eb popullsis\u00eb n\u00eb Kosov\u00eb: \u201cBojkoti solli goditje ekonomike p\u00ebr serb\u00ebt, vetes ia mbyll\u00ebm der\u00ebn\u201d -<\/title>\n<meta name=\"robots\" content=\"index, follow, max-snippet:-1, max-image-preview:large, max-video-preview:-1\" \/>\n<link rel=\"canonical\" href=\"https:\/\/veritasinfo.org\/?p=8144\" \/>\n<meta property=\"og:locale\" content=\"en_US\" \/>\n<meta property=\"og:type\" content=\"article\" \/>\n<meta property=\"og:title\" content=\"Qytetar\u00ebt e veriut ankohen p\u00ebr bojkotin e regjistrimit t\u00eb popullsis\u00eb n\u00eb Kosov\u00eb: \u201cBojkoti solli goditje ekonomike p\u00ebr serb\u00ebt, vetes ia mbyll\u00ebm der\u00ebn\u201d -\" \/>\n<meta property=\"og:description\" content=\"15 gusht, 2025 Bojkoti i regjistrimit t\u00eb popullsis\u00eb n\u00eb Kosov\u00eb tashm\u00eb po sjell pasoja serioze p\u00ebr komunitetin serb. P\u00ebr shkak t\u00eb pjes\u00ebmarrjes s\u00eb ul\u00ebt, Leposaviqi,\" \/>\n<meta property=\"og:url\" content=\"https:\/\/veritasinfo.org\/?p=8144\" \/>\n<meta property=\"article:published_time\" content=\"2025-08-15T07:15:57+00:00\" \/>\n<meta property=\"article:modified_time\" content=\"2025-08-15T07:16:29+00:00\" \/>\n<meta property=\"og:image\" content=\"https:\/\/veritasinfo.org\/wp-content\/uploads\/2025\/08\/WhatsApp-Image-2025-08-15-at-09.14.10.jpeg\" \/>\n\t<meta property=\"og:image:width\" content=\"1600\" \/>\n\t<meta property=\"og:image:height\" content=\"1067\" \/>\n\t<meta property=\"og:image:type\" content=\"image\/jpeg\" \/>\n<meta name=\"author\" content=\"admin\" \/>\n<meta name=\"twitter:card\" content=\"summary_large_image\" \/>\n<meta name=\"twitter:label1\" content=\"Written by\" \/>\n\t<meta name=\"twitter:data1\" content=\"admin\" \/>\n\t<meta name=\"twitter:label2\" content=\"Est. reading time\" \/>\n\t<meta name=\"twitter:data2\" content=\"2 minutes\" \/>\n<script type=\"application\/ld+json\" class=\"yoast-schema-graph\">{\"@context\":\"https:\/\/schema.org\",\"@graph\":[{\"@type\":\"WebPage\",\"@id\":\"https:\/\/veritasinfo.org\/?p=8144\",\"url\":\"https:\/\/veritasinfo.org\/?p=8144\",\"name\":\"Qytetar\u00ebt e veriut ankohen p\u00ebr bojkotin e regjistrimit t\u00eb popullsis\u00eb n\u00eb Kosov\u00eb: \u201cBojkoti solli goditje ekonomike p\u00ebr serb\u00ebt, vetes ia mbyll\u00ebm der\u00ebn\u201d -\",\"isPartOf\":{\"@id\":\"https:\/\/veritasinfo.org\/#website\"},\"primaryImageOfPage\":{\"@id\":\"https:\/\/veritasinfo.org\/?p=8144#primaryimage\"},\"image\":{\"@id\":\"https:\/\/veritasinfo.org\/?p=8144#primaryimage\"},\"thumbnailUrl\":\"https:\/\/veritasinfo.org\/wp-content\/uploads\/2025\/08\/WhatsApp-Image-2025-08-15-at-09.14.10.jpeg\",\"datePublished\":\"2025-08-15T07:15:57+00:00\",\"dateModified\":\"2025-08-15T07:16:29+00:00\",\"author\":{\"@id\":\"https:\/\/veritasinfo.org\/#\/schema\/person\/7701f8c088bece422266b100a712374f\"},\"breadcrumb\":{\"@id\":\"https:\/\/veritasinfo.org\/?p=8144#breadcrumb\"},\"inLanguage\":\"en-US\",\"potentialAction\":[{\"@type\":\"ReadAction\",\"target\":[\"https:\/\/veritasinfo.org\/?p=8144\"]}]},{\"@type\":\"ImageObject\",\"inLanguage\":\"en-US\",\"@id\":\"https:\/\/veritasinfo.org\/?p=8144#primaryimage\",\"url\":\"https:\/\/veritasinfo.org\/wp-content\/uploads\/2025\/08\/WhatsApp-Image-2025-08-15-at-09.14.10.jpeg\",\"contentUrl\":\"https:\/\/veritasinfo.org\/wp-content\/uploads\/2025\/08\/WhatsApp-Image-2025-08-15-at-09.14.10.jpeg\",\"width\":1600,\"height\":1067},{\"@type\":\"BreadcrumbList\",\"@id\":\"https:\/\/veritasinfo.org\/?p=8144#breadcrumb\",\"itemListElement\":[{\"@type\":\"ListItem\",\"position\":1,\"name\":\"Home\",\"item\":\"https:\/\/veritasinfo.org\/\"},{\"@type\":\"ListItem\",\"position\":2,\"name\":\"Qytetar\u00ebt e veriut ankohen p\u00ebr bojkotin e regjistrimit t\u00eb popullsis\u00eb n\u00eb Kosov\u00eb: \u201cBojkoti solli goditje ekonomike p\u00ebr serb\u00ebt, vetes ia mbyll\u00ebm der\u00ebn\u201d\"}]},{\"@type\":\"WebSite\",\"@id\":\"https:\/\/veritasinfo.org\/#website\",\"url\":\"https:\/\/veritasinfo.org\/\",\"name\":\"\",\"description\":\"\",\"potentialAction\":[{\"@type\":\"SearchAction\",\"target\":{\"@type\":\"EntryPoint\",\"urlTemplate\":\"https:\/\/veritasinfo.org\/?s={search_term_string}\"},\"query-input\":{\"@type\":\"PropertyValueSpecification\",\"valueRequired\":true,\"valueName\":\"search_term_string\"}}],\"inLanguage\":\"en-US\"},{\"@type\":\"Person\",\"@id\":\"https:\/\/veritasinfo.org\/#\/schema\/person\/7701f8c088bece422266b100a712374f\",\"name\":\"admin\",\"image\":{\"@type\":\"ImageObject\",\"inLanguage\":\"en-US\",\"@id\":\"https:\/\/veritasinfo.org\/#\/schema\/person\/image\/\",\"url\":\"https:\/\/secure.gravatar.com\/avatar\/ea53aa3bf6c9a12d5fde8ce4deff43fef3885ae33cf60184161a50d6987cfd2f?s=96&d=mm&r=g\",\"contentUrl\":\"https:\/\/secure.gravatar.com\/avatar\/ea53aa3bf6c9a12d5fde8ce4deff43fef3885ae33cf60184161a50d6987cfd2f?s=96&d=mm&r=g\",\"caption\":\"admin\"},\"sameAs\":[\"https:\/\/veritasinfo.org\"],\"url\":\"https:\/\/veritasinfo.org\/?author=1\"}]}<\/script>\n<!-- \/ Yoast SEO plugin. -->","yoast_head_json":{"title":"Qytetar\u00ebt e veriut ankohen p\u00ebr bojkotin e regjistrimit t\u00eb popullsis\u00eb n\u00eb Kosov\u00eb: \u201cBojkoti solli goditje ekonomike p\u00ebr serb\u00ebt, vetes ia mbyll\u00ebm der\u00ebn\u201d -","robots":{"index":"index","follow":"follow","max-snippet":"max-snippet:-1","max-image-preview":"max-image-preview:large","max-video-preview":"max-video-preview:-1"},"canonical":"https:\/\/veritasinfo.org\/?p=8144","og_locale":"en_US","og_type":"article","og_title":"Qytetar\u00ebt e veriut ankohen p\u00ebr bojkotin e regjistrimit t\u00eb popullsis\u00eb n\u00eb Kosov\u00eb: \u201cBojkoti solli goditje ekonomike p\u00ebr serb\u00ebt, vetes ia mbyll\u00ebm der\u00ebn\u201d -","og_description":"15 gusht, 2025 Bojkoti i regjistrimit t\u00eb popullsis\u00eb n\u00eb Kosov\u00eb tashm\u00eb po sjell pasoja serioze p\u00ebr komunitetin serb. P\u00ebr shkak t\u00eb pjes\u00ebmarrjes s\u00eb ul\u00ebt, Leposaviqi,","og_url":"https:\/\/veritasinfo.org\/?p=8144","article_published_time":"2025-08-15T07:15:57+00:00","article_modified_time":"2025-08-15T07:16:29+00:00","og_image":[{"width":1600,"height":1067,"url":"https:\/\/veritasinfo.org\/wp-content\/uploads\/2025\/08\/WhatsApp-Image-2025-08-15-at-09.14.10.jpeg","type":"image\/jpeg"}],"author":"admin","twitter_card":"summary_large_image","twitter_misc":{"Written by":"admin","Est. reading time":"2 minutes"},"schema":{"@context":"https:\/\/schema.org","@graph":[{"@type":"WebPage","@id":"https:\/\/veritasinfo.org\/?p=8144","url":"https:\/\/veritasinfo.org\/?p=8144","name":"Qytetar\u00ebt e veriut ankohen p\u00ebr bojkotin e regjistrimit t\u00eb popullsis\u00eb n\u00eb Kosov\u00eb: \u201cBojkoti solli goditje ekonomike p\u00ebr serb\u00ebt, vetes ia mbyll\u00ebm der\u00ebn\u201d -","isPartOf":{"@id":"https:\/\/veritasinfo.org\/#website"},"primaryImageOfPage":{"@id":"https:\/\/veritasinfo.org\/?p=8144#primaryimage"},"image":{"@id":"https:\/\/veritasinfo.org\/?p=8144#primaryimage"},"thumbnailUrl":"https:\/\/veritasinfo.org\/wp-content\/uploads\/2025\/08\/WhatsApp-Image-2025-08-15-at-09.14.10.jpeg","datePublished":"2025-08-15T07:15:57+00:00","dateModified":"2025-08-15T07:16:29+00:00","author":{"@id":"https:\/\/veritasinfo.org\/#\/schema\/person\/7701f8c088bece422266b100a712374f"},"breadcrumb":{"@id":"https:\/\/veritasinfo.org\/?p=8144#breadcrumb"},"inLanguage":"en-US","potentialAction":[{"@type":"ReadAction","target":["https:\/\/veritasinfo.org\/?p=8144"]}]},{"@type":"ImageObject","inLanguage":"en-US","@id":"https:\/\/veritasinfo.org\/?p=8144#primaryimage","url":"https:\/\/veritasinfo.org\/wp-content\/uploads\/2025\/08\/WhatsApp-Image-2025-08-15-at-09.14.10.jpeg","contentUrl":"https:\/\/veritasinfo.org\/wp-content\/uploads\/2025\/08\/WhatsApp-Image-2025-08-15-at-09.14.10.jpeg","width":1600,"height":1067},{"@type":"BreadcrumbList","@id":"https:\/\/veritasinfo.org\/?p=8144#breadcrumb","itemListElement":[{"@type":"ListItem","position":1,"name":"Home","item":"https:\/\/veritasinfo.org\/"},{"@type":"ListItem","position":2,"name":"Qytetar\u00ebt e veriut ankohen p\u00ebr bojkotin e regjistrimit t\u00eb popullsis\u00eb n\u00eb Kosov\u00eb: \u201cBojkoti solli goditje ekonomike p\u00ebr serb\u00ebt, vetes ia mbyll\u00ebm der\u00ebn\u201d"}]},{"@type":"WebSite","@id":"https:\/\/veritasinfo.org\/#website","url":"https:\/\/veritasinfo.org\/","name":"","description":"","potentialAction":[{"@type":"SearchAction","target":{"@type":"EntryPoint","urlTemplate":"https:\/\/veritasinfo.org\/?s={search_term_string}"},"query-input":{"@type":"PropertyValueSpecification","valueRequired":true,"valueName":"search_term_string"}}],"inLanguage":"en-US"},{"@type":"Person","@id":"https:\/\/veritasinfo.org\/#\/schema\/person\/7701f8c088bece422266b100a712374f","name":"admin","image":{"@type":"ImageObject","inLanguage":"en-US","@id":"https:\/\/veritasinfo.org\/#\/schema\/person\/image\/","url":"https:\/\/secure.gravatar.com\/avatar\/ea53aa3bf6c9a12d5fde8ce4deff43fef3885ae33cf60184161a50d6987cfd2f?s=96&d=mm&r=g","contentUrl":"https:\/\/secure.gravatar.com\/avatar\/ea53aa3bf6c9a12d5fde8ce4deff43fef3885ae33cf60184161a50d6987cfd2f?s=96&d=mm&r=g","caption":"admin"},"sameAs":["https:\/\/veritasinfo.org"],"url":"https:\/\/veritasinfo.org\/?author=1"}]}},"featured_image_urls":{"full":["https:\/\/veritasinfo.org\/wp-content\/uploads\/2025\/08\/WhatsApp-Image-2025-08-15-at-09.14.10.jpeg",1600,1067,false],"thumbnail":["https:\/\/veritasinfo.org\/wp-content\/uploads\/2025\/08\/WhatsApp-Image-2025-08-15-at-09.14.10-150x150.jpeg",150,150,true],"medium":["https:\/\/veritasinfo.org\/wp-content\/uploads\/2025\/08\/WhatsApp-Image-2025-08-15-at-09.14.10-300x200.jpeg",300,200,true],"medium_large":["https:\/\/veritasinfo.org\/wp-content\/uploads\/2025\/08\/WhatsApp-Image-2025-08-15-at-09.14.10-768x512.jpeg",640,427,true],"large":["https:\/\/veritasinfo.org\/wp-content\/uploads\/2025\/08\/WhatsApp-Image-2025-08-15-at-09.14.10-1024x683.jpeg",640,427,true],"1536x1536":["https:\/\/veritasinfo.org\/wp-content\/uploads\/2025\/08\/WhatsApp-Image-2025-08-15-at-09.14.10-1536x1024.jpeg",1536,1024,true],"2048x2048":["https:\/\/veritasinfo.org\/wp-content\/uploads\/2025\/08\/WhatsApp-Image-2025-08-15-at-09.14.10.jpeg",1600,1067,false],"kreeti-slider-full":["https:\/\/veritasinfo.org\/wp-content\/uploads\/2025\/08\/WhatsApp-Image-2025-08-15-at-09.14.10.jpeg",1080,720,false],"kreeti-featured":["https:\/\/veritasinfo.org\/wp-content\/uploads\/2025\/08\/WhatsApp-Image-2025-08-15-at-09.14.10.jpeg",1024,683,false],"kreeti-medium":["https:\/\/veritasinfo.org\/wp-content\/uploads\/2025\/08\/WhatsApp-Image-2025-08-15-at-09.14.10.jpeg",720,480,false],"kreeti-medium-square":["https:\/\/veritasinfo.org\/wp-content\/uploads\/2025\/08\/WhatsApp-Image-2025-08-15-at-09.14.10.jpeg",350,233,false]},"author_info":{"info":["admin"]},"category_info":"<a href=\"https:\/\/veritasinfo.org\/?cat=58\" rel=\"category\">Politik\u00eb<\/a>","tag_info":"Politik\u00eb","comment_count":"0","_links":{"self":[{"href":"https:\/\/veritasinfo.org\/index.php?rest_route=\/wp\/v2\/posts\/8144","targetHints":{"allow":["GET"]}}],"collection":[{"href":"https:\/\/veritasinfo.org\/index.php?rest_route=\/wp\/v2\/posts"}],"about":[{"href":"https:\/\/veritasinfo.org\/index.php?rest_route=\/wp\/v2\/types\/post"}],"author":[{"embeddable":true,"href":"https:\/\/veritasinfo.org\/index.php?rest_route=\/wp\/v2\/users\/1"}],"replies":[{"embeddable":true,"href":"https:\/\/veritasinfo.org\/index.php?rest_route=%2Fwp%2Fv2%2Fcomments&post=8144"}],"version-history":[{"count":2,"href":"https:\/\/veritasinfo.org\/index.php?rest_route=\/wp\/v2\/posts\/8144\/revisions"}],"predecessor-version":[{"id":8147,"href":"https:\/\/veritasinfo.org\/index.php?rest_route=\/wp\/v2\/posts\/8144\/revisions\/8147"}],"wp:featuredmedia":[{"embeddable":true,"href":"https:\/\/veritasinfo.org\/index.php?rest_route=\/wp\/v2\/media\/8145"}],"wp:attachment":[{"href":"https:\/\/veritasinfo.org\/index.php?rest_route=%2Fwp%2Fv2%2Fmedia&parent=8144"}],"wp:term":[{"taxonomy":"category","embeddable":true,"href":"https:\/\/veritasinfo.org\/index.php?rest_route=%2Fwp%2Fv2%2Fcategories&post=8144"},{"taxonomy":"post_tag","embeddable":true,"href":"https:\/\/veritasinfo.org\/index.php?rest_route=%2Fwp%2Fv2%2Ftags&post=8144"}],"curies":[{"name":"wp","href":"https:\/\/api.w.org\/{rel}","templated":true}]}}