{"id":8135,"date":"2025-08-15T08:37:57","date_gmt":"2025-08-15T06:37:57","guid":{"rendered":"https:\/\/veritasinfo.org\/?p=8135"},"modified":"2025-08-15T08:40:41","modified_gmt":"2025-08-15T06:40:41","slug":"aleanca-shqiptare-pret-qe-te-shkoje-ne-balotazh-ne-gracanice","status":"publish","type":"post","link":"https:\/\/veritasinfo.org\/?p=8135","title":{"rendered":"Aleanca Shqiptare pret q\u00eb t\u00eb shkoj\u00eb n\u00eb balotazh n\u00eb Gra\u00e7anic\u00eb"},"content":{"rendered":"<p>Gra\u00e7anic\u00eb, 15 Gusht 2025<\/p>\n<p><strong>N\u00ebnkryetari i Komun\u00ebs s\u00eb Gra\u00e7anic\u00ebs, Leutrim Ajeti, mendon q\u00eb iniciativa Aleanca Shqiptare i ka gjasat reale t\u00eb shkoj\u00eb n\u00eb balotazh.<\/strong><\/p>\n<p>T\u00eb enjten n\u00eb \u201cInteraktiv\u201d t\u00eb KTV-s\u00eb, Ajeti, i cili \u00ebsht\u00eb edhe kandidat i k\u00ebsaj iniciative p\u00ebr kryetar t\u00eb Gra\u00e7anic\u00ebs, ka th\u00ebn\u00eb se gar\u00ebn e sheh t\u00eb ngusht\u00eb me List\u00ebn Serbe, e cila udh\u00ebheq\u00eb n\u00eb k\u00ebto kat\u00ebr vjet me komun\u00ebn.<\/p>\n<p>\u201cKemi nj\u00eb marr\u00ebveshje gjith\u00ebp\u00ebrfshir\u00ebse. Fillimisht kemi biseduar me nivelin qendror q\u00eb jemi n\u00eb bised\u00eb p\u00ebr t\u00eb arritur marr\u00ebveshje, na kan\u00eb th\u00ebn\u00eb t\u00eb vazhdojm\u00eb dhe jan\u00eb pajtuar me vendimet tona q\u00eb i kemi marr\u00eb nga kjo marr\u00ebveshje. Deri k\u00ebtu ka ardhur si pasoj\u00eb e tentativave t\u00eb m\u00ebhershme. Lista Serbe garon me kandidat e gjithashtu edhe partia e Nenad Rashiqit. Mendoj se i kemi gjasat reale p\u00ebr t\u00eb shkuar n\u00eb balotazh\u201d, ka th\u00ebn\u00eb ai.<\/p>\n<p>Ajeti ka shtuar se kan\u00eb qen\u00eb t\u00eb hapur p\u00ebr t\u00eb gjitha komunitetet q\u00eb t\u2019i d\u00ebrgojn\u00eb kandidat\u00ebt e tyre, por nuk kan\u00eb njoftuar askush p\u00ebr ndonj\u00eb kandidat.<\/p>\n","protected":false},"excerpt":{"rendered":"<p>Gra\u00e7anic\u00eb, 15 Gusht 2025 N\u00ebnkryetari i Komun\u00ebs s\u00eb Gra\u00e7anic\u00ebs, Leutrim Ajeti, mendon q\u00eb iniciativa Aleanca Shqiptare i ka gjasat reale t\u00eb shkoj\u00eb n\u00eb balotazh. T\u00eb<\/p>\n","protected":false},"author":1,"featured_media":8141,"comment_status":"open","ping_status":"open","sticky":false,"template":"","format":"standard","meta":{"footnotes":""},"categories":[58],"tags":[],"class_list":["post-8135","post","type-post","status-publish","format-standard","has-post-thumbnail","hentry","category-politike-sq"],"yoast_head":"<!-- This site is optimized with the Yoast SEO plugin v25.3.1 - https:\/\/yoast.com\/wordpress\/plugins\/seo\/ -->\n<title>Aleanca Shqiptare pret q\u00eb t\u00eb shkoj\u00eb n\u00eb balotazh n\u00eb Gra\u00e7anic\u00eb -<\/title>\n<meta name=\"robots\" content=\"index, follow, max-snippet:-1, max-image-preview:large, max-video-preview:-1\" \/>\n<link rel=\"canonical\" href=\"https:\/\/veritasinfo.org\/?p=8135\" \/>\n<meta property=\"og:locale\" content=\"en_US\" \/>\n<meta property=\"og:type\" content=\"article\" \/>\n<meta property=\"og:title\" content=\"Aleanca Shqiptare pret q\u00eb t\u00eb shkoj\u00eb n\u00eb balotazh n\u00eb Gra\u00e7anic\u00eb -\" \/>\n<meta property=\"og:description\" content=\"Gra\u00e7anic\u00eb, 15 Gusht 2025 N\u00ebnkryetari i Komun\u00ebs s\u00eb Gra\u00e7anic\u00ebs, Leutrim Ajeti, mendon q\u00eb iniciativa Aleanca Shqiptare i ka gjasat reale t\u00eb shkoj\u00eb n\u00eb balotazh. T\u00eb\" \/>\n<meta property=\"og:url\" content=\"https:\/\/veritasinfo.org\/?p=8135\" \/>\n<meta property=\"article:published_time\" content=\"2025-08-15T06:37:57+00:00\" \/>\n<meta property=\"article:modified_time\" content=\"2025-08-15T06:40:41+00:00\" \/>\n<meta property=\"og:image\" content=\"https:\/\/veritasinfo.org\/wp-content\/uploads\/2025\/08\/IMG_2542.png\" \/>\n\t<meta property=\"og:image:width\" content=\"778\" \/>\n\t<meta property=\"og:image:height\" content=\"457\" \/>\n\t<meta property=\"og:image:type\" content=\"image\/png\" \/>\n<meta name=\"author\" content=\"admin\" \/>\n<meta name=\"twitter:card\" content=\"summary_large_image\" \/>\n<meta name=\"twitter:label1\" content=\"Written by\" \/>\n\t<meta name=\"twitter:data1\" content=\"admin\" \/>\n\t<meta name=\"twitter:label2\" content=\"Est. reading time\" \/>\n\t<meta name=\"twitter:data2\" content=\"1 minute\" \/>\n<script type=\"application\/ld+json\" class=\"yoast-schema-graph\">{\"@context\":\"https:\/\/schema.org\",\"@graph\":[{\"@type\":\"WebPage\",\"@id\":\"https:\/\/veritasinfo.org\/?p=8135\",\"url\":\"https:\/\/veritasinfo.org\/?p=8135\",\"name\":\"Aleanca Shqiptare pret q\u00eb t\u00eb shkoj\u00eb n\u00eb balotazh n\u00eb Gra\u00e7anic\u00eb -\",\"isPartOf\":{\"@id\":\"https:\/\/veritasinfo.org\/#website\"},\"primaryImageOfPage\":{\"@id\":\"https:\/\/veritasinfo.org\/?p=8135#primaryimage\"},\"image\":{\"@id\":\"https:\/\/veritasinfo.org\/?p=8135#primaryimage\"},\"thumbnailUrl\":\"https:\/\/veritasinfo.org\/wp-content\/uploads\/2025\/08\/IMG_2542.png\",\"datePublished\":\"2025-08-15T06:37:57+00:00\",\"dateModified\":\"2025-08-15T06:40:41+00:00\",\"author\":{\"@id\":\"https:\/\/veritasinfo.org\/#\/schema\/person\/7701f8c088bece422266b100a712374f\"},\"breadcrumb\":{\"@id\":\"https:\/\/veritasinfo.org\/?p=8135#breadcrumb\"},\"inLanguage\":\"en-US\",\"potentialAction\":[{\"@type\":\"ReadAction\",\"target\":[\"https:\/\/veritasinfo.org\/?p=8135\"]}]},{\"@type\":\"ImageObject\",\"inLanguage\":\"en-US\",\"@id\":\"https:\/\/veritasinfo.org\/?p=8135#primaryimage\",\"url\":\"https:\/\/veritasinfo.org\/wp-content\/uploads\/2025\/08\/IMG_2542.png\",\"contentUrl\":\"https:\/\/veritasinfo.org\/wp-content\/uploads\/2025\/08\/IMG_2542.png\",\"width\":778,\"height\":457},{\"@type\":\"BreadcrumbList\",\"@id\":\"https:\/\/veritasinfo.org\/?p=8135#breadcrumb\",\"itemListElement\":[{\"@type\":\"ListItem\",\"position\":1,\"name\":\"Home\",\"item\":\"https:\/\/veritasinfo.org\/\"},{\"@type\":\"ListItem\",\"position\":2,\"name\":\"Aleanca Shqiptare pret q\u00eb t\u00eb shkoj\u00eb n\u00eb balotazh n\u00eb Gra\u00e7anic\u00eb\"}]},{\"@type\":\"WebSite\",\"@id\":\"https:\/\/veritasinfo.org\/#website\",\"url\":\"https:\/\/veritasinfo.org\/\",\"name\":\"\",\"description\":\"\",\"potentialAction\":[{\"@type\":\"SearchAction\",\"target\":{\"@type\":\"EntryPoint\",\"urlTemplate\":\"https:\/\/veritasinfo.org\/?s={search_term_string}\"},\"query-input\":{\"@type\":\"PropertyValueSpecification\",\"valueRequired\":true,\"valueName\":\"search_term_string\"}}],\"inLanguage\":\"en-US\"},{\"@type\":\"Person\",\"@id\":\"https:\/\/veritasinfo.org\/#\/schema\/person\/7701f8c088bece422266b100a712374f\",\"name\":\"admin\",\"image\":{\"@type\":\"ImageObject\",\"inLanguage\":\"en-US\",\"@id\":\"https:\/\/veritasinfo.org\/#\/schema\/person\/image\/\",\"url\":\"https:\/\/secure.gravatar.com\/avatar\/ea53aa3bf6c9a12d5fde8ce4deff43fef3885ae33cf60184161a50d6987cfd2f?s=96&d=mm&r=g\",\"contentUrl\":\"https:\/\/secure.gravatar.com\/avatar\/ea53aa3bf6c9a12d5fde8ce4deff43fef3885ae33cf60184161a50d6987cfd2f?s=96&d=mm&r=g\",\"caption\":\"admin\"},\"sameAs\":[\"https:\/\/veritasinfo.org\"],\"url\":\"https:\/\/veritasinfo.org\/?author=1\"}]}<\/script>\n<!-- \/ Yoast SEO plugin. -->","yoast_head_json":{"title":"Aleanca Shqiptare pret q\u00eb t\u00eb shkoj\u00eb n\u00eb balotazh n\u00eb Gra\u00e7anic\u00eb -","robots":{"index":"index","follow":"follow","max-snippet":"max-snippet:-1","max-image-preview":"max-image-preview:large","max-video-preview":"max-video-preview:-1"},"canonical":"https:\/\/veritasinfo.org\/?p=8135","og_locale":"en_US","og_type":"article","og_title":"Aleanca Shqiptare pret q\u00eb t\u00eb shkoj\u00eb n\u00eb balotazh n\u00eb Gra\u00e7anic\u00eb -","og_description":"Gra\u00e7anic\u00eb, 15 Gusht 2025 N\u00ebnkryetari i Komun\u00ebs s\u00eb Gra\u00e7anic\u00ebs, Leutrim Ajeti, mendon q\u00eb iniciativa Aleanca Shqiptare i ka gjasat reale t\u00eb shkoj\u00eb n\u00eb balotazh. T\u00eb","og_url":"https:\/\/veritasinfo.org\/?p=8135","article_published_time":"2025-08-15T06:37:57+00:00","article_modified_time":"2025-08-15T06:40:41+00:00","og_image":[{"width":778,"height":457,"url":"https:\/\/veritasinfo.org\/wp-content\/uploads\/2025\/08\/IMG_2542.png","type":"image\/png"}],"author":"admin","twitter_card":"summary_large_image","twitter_misc":{"Written by":"admin","Est. reading time":"1 minute"},"schema":{"@context":"https:\/\/schema.org","@graph":[{"@type":"WebPage","@id":"https:\/\/veritasinfo.org\/?p=8135","url":"https:\/\/veritasinfo.org\/?p=8135","name":"Aleanca Shqiptare pret q\u00eb t\u00eb shkoj\u00eb n\u00eb balotazh n\u00eb Gra\u00e7anic\u00eb -","isPartOf":{"@id":"https:\/\/veritasinfo.org\/#website"},"primaryImageOfPage":{"@id":"https:\/\/veritasinfo.org\/?p=8135#primaryimage"},"image":{"@id":"https:\/\/veritasinfo.org\/?p=8135#primaryimage"},"thumbnailUrl":"https:\/\/veritasinfo.org\/wp-content\/uploads\/2025\/08\/IMG_2542.png","datePublished":"2025-08-15T06:37:57+00:00","dateModified":"2025-08-15T06:40:41+00:00","author":{"@id":"https:\/\/veritasinfo.org\/#\/schema\/person\/7701f8c088bece422266b100a712374f"},"breadcrumb":{"@id":"https:\/\/veritasinfo.org\/?p=8135#breadcrumb"},"inLanguage":"en-US","potentialAction":[{"@type":"ReadAction","target":["https:\/\/veritasinfo.org\/?p=8135"]}]},{"@type":"ImageObject","inLanguage":"en-US","@id":"https:\/\/veritasinfo.org\/?p=8135#primaryimage","url":"https:\/\/veritasinfo.org\/wp-content\/uploads\/2025\/08\/IMG_2542.png","contentUrl":"https:\/\/veritasinfo.org\/wp-content\/uploads\/2025\/08\/IMG_2542.png","width":778,"height":457},{"@type":"BreadcrumbList","@id":"https:\/\/veritasinfo.org\/?p=8135#breadcrumb","itemListElement":[{"@type":"ListItem","position":1,"name":"Home","item":"https:\/\/veritasinfo.org\/"},{"@type":"ListItem","position":2,"name":"Aleanca Shqiptare pret q\u00eb t\u00eb shkoj\u00eb n\u00eb balotazh n\u00eb Gra\u00e7anic\u00eb"}]},{"@type":"WebSite","@id":"https:\/\/veritasinfo.org\/#website","url":"https:\/\/veritasinfo.org\/","name":"","description":"","potentialAction":[{"@type":"SearchAction","target":{"@type":"EntryPoint","urlTemplate":"https:\/\/veritasinfo.org\/?s={search_term_string}"},"query-input":{"@type":"PropertyValueSpecification","valueRequired":true,"valueName":"search_term_string"}}],"inLanguage":"en-US"},{"@type":"Person","@id":"https:\/\/veritasinfo.org\/#\/schema\/person\/7701f8c088bece422266b100a712374f","name":"admin","image":{"@type":"ImageObject","inLanguage":"en-US","@id":"https:\/\/veritasinfo.org\/#\/schema\/person\/image\/","url":"https:\/\/secure.gravatar.com\/avatar\/ea53aa3bf6c9a12d5fde8ce4deff43fef3885ae33cf60184161a50d6987cfd2f?s=96&d=mm&r=g","contentUrl":"https:\/\/secure.gravatar.com\/avatar\/ea53aa3bf6c9a12d5fde8ce4deff43fef3885ae33cf60184161a50d6987cfd2f?s=96&d=mm&r=g","caption":"admin"},"sameAs":["https:\/\/veritasinfo.org"],"url":"https:\/\/veritasinfo.org\/?author=1"}]}},"featured_image_urls":{"full":["https:\/\/veritasinfo.org\/wp-content\/uploads\/2025\/08\/IMG_2542.png",778,457,false],"thumbnail":["https:\/\/veritasinfo.org\/wp-content\/uploads\/2025\/08\/IMG_2542-150x150.png",150,150,true],"medium":["https:\/\/veritasinfo.org\/wp-content\/uploads\/2025\/08\/IMG_2542-300x176.png",300,176,true],"medium_large":["https:\/\/veritasinfo.org\/wp-content\/uploads\/2025\/08\/IMG_2542-768x451.png",640,376,true],"large":["https:\/\/veritasinfo.org\/wp-content\/uploads\/2025\/08\/IMG_2542.png",640,376,false],"1536x1536":["https:\/\/veritasinfo.org\/wp-content\/uploads\/2025\/08\/IMG_2542.png",778,457,false],"2048x2048":["https:\/\/veritasinfo.org\/wp-content\/uploads\/2025\/08\/IMG_2542.png",778,457,false],"kreeti-slider-full":["https:\/\/veritasinfo.org\/wp-content\/uploads\/2025\/08\/IMG_2542.png",778,457,false],"kreeti-featured":["https:\/\/veritasinfo.org\/wp-content\/uploads\/2025\/08\/IMG_2542.png",778,457,false],"kreeti-medium":["https:\/\/veritasinfo.org\/wp-content\/uploads\/2025\/08\/IMG_2542.png",720,423,false],"kreeti-medium-square":["https:\/\/veritasinfo.org\/wp-content\/uploads\/2025\/08\/IMG_2542.png",350,206,false]},"author_info":{"info":["admin"]},"category_info":"<a href=\"https:\/\/veritasinfo.org\/?cat=58\" rel=\"category\">Politik\u00eb<\/a>","tag_info":"Politik\u00eb","comment_count":"0","_links":{"self":[{"href":"https:\/\/veritasinfo.org\/index.php?rest_route=\/wp\/v2\/posts\/8135","targetHints":{"allow":["GET"]}}],"collection":[{"href":"https:\/\/veritasinfo.org\/index.php?rest_route=\/wp\/v2\/posts"}],"about":[{"href":"https:\/\/veritasinfo.org\/index.php?rest_route=\/wp\/v2\/types\/post"}],"author":[{"embeddable":true,"href":"https:\/\/veritasinfo.org\/index.php?rest_route=\/wp\/v2\/users\/1"}],"replies":[{"embeddable":true,"href":"https:\/\/veritasinfo.org\/index.php?rest_route=%2Fwp%2Fv2%2Fcomments&post=8135"}],"version-history":[{"count":1,"href":"https:\/\/veritasinfo.org\/index.php?rest_route=\/wp\/v2\/posts\/8135\/revisions"}],"predecessor-version":[{"id":8140,"href":"https:\/\/veritasinfo.org\/index.php?rest_route=\/wp\/v2\/posts\/8135\/revisions\/8140"}],"wp:featuredmedia":[{"embeddable":true,"href":"https:\/\/veritasinfo.org\/index.php?rest_route=\/wp\/v2\/media\/8141"}],"wp:attachment":[{"href":"https:\/\/veritasinfo.org\/index.php?rest_route=%2Fwp%2Fv2%2Fmedia&parent=8135"}],"wp:term":[{"taxonomy":"category","embeddable":true,"href":"https:\/\/veritasinfo.org\/index.php?rest_route=%2Fwp%2Fv2%2Fcategories&post=8135"},{"taxonomy":"post_tag","embeddable":true,"href":"https:\/\/veritasinfo.org\/index.php?rest_route=%2Fwp%2Fv2%2Ftags&post=8135"}],"curies":[{"name":"wp","href":"https:\/\/api.w.org\/{rel}","templated":true}]}}