{"id":8120,"date":"2025-08-15T07:42:48","date_gmt":"2025-08-15T05:42:48","guid":{"rendered":"https:\/\/veritasinfo.org\/?p=8120"},"modified":"2025-08-15T07:42:48","modified_gmt":"2025-08-15T05:42:48","slug":"nga-15-gushti-nis-edicioni-i-pare-i-festivalit-via-dinarica-kosovo","status":"publish","type":"post","link":"https:\/\/veritasinfo.org\/?p=8120","title":{"rendered":"Nga 15 gushti nis edicioni i par\u00eb i Festivalit \u201cVia Dinarica Kosovo\u201d"},"content":{"rendered":"<p><strong>Pej\u00eb, 15 gusht, 2025<\/strong><\/p>\n<p>Nga 15 gushti 2025, n\u00eb Sheshin e Akademik\u00ebve n\u00eb Pej\u00eb, do t\u00eb mbahet edicioni i par\u00eb i Festivalit \u201cVia Dinarica Kosovo\u201d.<\/p>\n<p>Ky festival sh\u00ebnon p\u00ebrmbylljen e nj\u00eb projekti trevje\u00e7ar, i cili ka revitalizuar shtegun \u2018Dinarik\u2019 n\u00eb komunat Pej\u00eb, De\u00e7an dhe Junik, nd\u00ebrsa \u00ebsht\u00eb p\u00ebrkrahur edhe nga bizneset lokale me grante. Festivali do t\u00eb zgjas\u00eb tre dit\u00eb, m\u00eb 15, 16 dhe 17 gusht.<\/p>\n<p>Sipas njoftimit, pjes\u00ebmarr\u00ebsit do t\u00eb ken\u00eb mund\u00ebsi t\u00eb p\u00ebrfshihen n\u00eb aktivitete t\u00eb ndryshme n\u00eb natyr\u00eb, si vrap malor dhe hiking, t\u00eb ndjekin lancimin ose premier\u00ebn e dokumentarit t\u00eb zhvilluar n\u00eb shtegun Via Dinarica Kosovo, t\u00eb d\u00ebgjojn\u00eb muzik\u00eb live dhe DJ t\u00eb vizitojn\u00eb ekspozita arti dhe panaire t\u00eb produkteve lokale.<\/p>\n<p>T\u00eb gjitha aktivitetet jan\u00eb falas dhe t\u00eb hapura p\u00ebr publikun, pa bileta.<\/p>\n","protected":false},"excerpt":{"rendered":"<p>Pej\u00eb, 15 gusht, 2025 Nga 15 gushti 2025, n\u00eb Sheshin e Akademik\u00ebve n\u00eb Pej\u00eb, do t\u00eb mbahet edicioni i par\u00eb i Festivalit \u201cVia Dinarica Kosovo\u201d.<\/p>\n","protected":false},"author":2,"featured_media":8121,"comment_status":"open","ping_status":"open","sticky":false,"template":"","format":"standard","meta":{"footnotes":""},"categories":[54],"tags":[],"class_list":["post-8120","post","type-post","status-publish","format-standard","has-post-thumbnail","hentry","category-kulture-sq"],"yoast_head":"<!-- This site is optimized with the Yoast SEO plugin v25.3.1 - https:\/\/yoast.com\/wordpress\/plugins\/seo\/ -->\n<title>Nga 15 gushti nis edicioni i par\u00eb i Festivalit \u201cVia Dinarica Kosovo\u201d -<\/title>\n<meta name=\"robots\" content=\"index, follow, max-snippet:-1, max-image-preview:large, max-video-preview:-1\" \/>\n<link rel=\"canonical\" href=\"https:\/\/veritasinfo.org\/?p=8120\" \/>\n<meta property=\"og:locale\" content=\"en_US\" \/>\n<meta property=\"og:type\" content=\"article\" \/>\n<meta property=\"og:title\" content=\"Nga 15 gushti nis edicioni i par\u00eb i Festivalit \u201cVia Dinarica Kosovo\u201d -\" \/>\n<meta property=\"og:description\" content=\"Pej\u00eb, 15 gusht, 2025 Nga 15 gushti 2025, n\u00eb Sheshin e Akademik\u00ebve n\u00eb Pej\u00eb, do t\u00eb mbahet edicioni i par\u00eb i Festivalit \u201cVia Dinarica Kosovo\u201d.\" \/>\n<meta property=\"og:url\" content=\"https:\/\/veritasinfo.org\/?p=8120\" \/>\n<meta property=\"article:published_time\" content=\"2025-08-15T05:42:48+00:00\" \/>\n<meta property=\"og:image\" content=\"https:\/\/veritasinfo.org\/wp-content\/uploads\/2025\/08\/via.jpg\" \/>\n\t<meta property=\"og:image:width\" content=\"1600\" \/>\n\t<meta property=\"og:image:height\" content=\"900\" \/>\n\t<meta property=\"og:image:type\" content=\"image\/jpeg\" \/>\n<meta name=\"author\" content=\"US1\" \/>\n<meta name=\"twitter:card\" content=\"summary_large_image\" \/>\n<meta name=\"twitter:label1\" content=\"Written by\" \/>\n\t<meta name=\"twitter:data1\" content=\"US1\" \/>\n\t<meta name=\"twitter:label2\" content=\"Est. reading time\" \/>\n\t<meta name=\"twitter:data2\" content=\"1 minute\" \/>\n<script type=\"application\/ld+json\" class=\"yoast-schema-graph\">{\"@context\":\"https:\/\/schema.org\",\"@graph\":[{\"@type\":\"WebPage\",\"@id\":\"https:\/\/veritasinfo.org\/?p=8120\",\"url\":\"https:\/\/veritasinfo.org\/?p=8120\",\"name\":\"Nga 15 gushti nis edicioni i par\u00eb i Festivalit \u201cVia Dinarica Kosovo\u201d -\",\"isPartOf\":{\"@id\":\"https:\/\/veritasinfo.org\/#website\"},\"primaryImageOfPage\":{\"@id\":\"https:\/\/veritasinfo.org\/?p=8120#primaryimage\"},\"image\":{\"@id\":\"https:\/\/veritasinfo.org\/?p=8120#primaryimage\"},\"thumbnailUrl\":\"https:\/\/veritasinfo.org\/wp-content\/uploads\/2025\/08\/via.jpg\",\"datePublished\":\"2025-08-15T05:42:48+00:00\",\"author\":{\"@id\":\"https:\/\/veritasinfo.org\/#\/schema\/person\/c2b8be262ea994d0995addca692c5e98\"},\"breadcrumb\":{\"@id\":\"https:\/\/veritasinfo.org\/?p=8120#breadcrumb\"},\"inLanguage\":\"en-US\",\"potentialAction\":[{\"@type\":\"ReadAction\",\"target\":[\"https:\/\/veritasinfo.org\/?p=8120\"]}]},{\"@type\":\"ImageObject\",\"inLanguage\":\"en-US\",\"@id\":\"https:\/\/veritasinfo.org\/?p=8120#primaryimage\",\"url\":\"https:\/\/veritasinfo.org\/wp-content\/uploads\/2025\/08\/via.jpg\",\"contentUrl\":\"https:\/\/veritasinfo.org\/wp-content\/uploads\/2025\/08\/via.jpg\",\"width\":1600,\"height\":900},{\"@type\":\"BreadcrumbList\",\"@id\":\"https:\/\/veritasinfo.org\/?p=8120#breadcrumb\",\"itemListElement\":[{\"@type\":\"ListItem\",\"position\":1,\"name\":\"Home\",\"item\":\"https:\/\/veritasinfo.org\/\"},{\"@type\":\"ListItem\",\"position\":2,\"name\":\"Nga 15 gushti nis edicioni i par\u00eb i Festivalit \u201cVia Dinarica Kosovo\u201d\"}]},{\"@type\":\"WebSite\",\"@id\":\"https:\/\/veritasinfo.org\/#website\",\"url\":\"https:\/\/veritasinfo.org\/\",\"name\":\"\",\"description\":\"\",\"potentialAction\":[{\"@type\":\"SearchAction\",\"target\":{\"@type\":\"EntryPoint\",\"urlTemplate\":\"https:\/\/veritasinfo.org\/?s={search_term_string}\"},\"query-input\":{\"@type\":\"PropertyValueSpecification\",\"valueRequired\":true,\"valueName\":\"search_term_string\"}}],\"inLanguage\":\"en-US\"},{\"@type\":\"Person\",\"@id\":\"https:\/\/veritasinfo.org\/#\/schema\/person\/c2b8be262ea994d0995addca692c5e98\",\"name\":\"US1\",\"image\":{\"@type\":\"ImageObject\",\"inLanguage\":\"en-US\",\"@id\":\"https:\/\/veritasinfo.org\/#\/schema\/person\/image\/\",\"url\":\"https:\/\/secure.gravatar.com\/avatar\/4e96a59bd256abf9956eb9963ac891a47461ffb364d47b0e9aab113328fdb75b?s=96&d=mm&r=g\",\"contentUrl\":\"https:\/\/secure.gravatar.com\/avatar\/4e96a59bd256abf9956eb9963ac891a47461ffb364d47b0e9aab113328fdb75b?s=96&d=mm&r=g\",\"caption\":\"US1\"},\"url\":\"https:\/\/veritasinfo.org\/?author=2\"}]}<\/script>\n<!-- \/ Yoast SEO plugin. -->","yoast_head_json":{"title":"Nga 15 gushti nis edicioni i par\u00eb i Festivalit \u201cVia Dinarica Kosovo\u201d -","robots":{"index":"index","follow":"follow","max-snippet":"max-snippet:-1","max-image-preview":"max-image-preview:large","max-video-preview":"max-video-preview:-1"},"canonical":"https:\/\/veritasinfo.org\/?p=8120","og_locale":"en_US","og_type":"article","og_title":"Nga 15 gushti nis edicioni i par\u00eb i Festivalit \u201cVia Dinarica Kosovo\u201d -","og_description":"Pej\u00eb, 15 gusht, 2025 Nga 15 gushti 2025, n\u00eb Sheshin e Akademik\u00ebve n\u00eb Pej\u00eb, do t\u00eb mbahet edicioni i par\u00eb i Festivalit \u201cVia Dinarica Kosovo\u201d.","og_url":"https:\/\/veritasinfo.org\/?p=8120","article_published_time":"2025-08-15T05:42:48+00:00","og_image":[{"width":1600,"height":900,"url":"https:\/\/veritasinfo.org\/wp-content\/uploads\/2025\/08\/via.jpg","type":"image\/jpeg"}],"author":"US1","twitter_card":"summary_large_image","twitter_misc":{"Written by":"US1","Est. reading time":"1 minute"},"schema":{"@context":"https:\/\/schema.org","@graph":[{"@type":"WebPage","@id":"https:\/\/veritasinfo.org\/?p=8120","url":"https:\/\/veritasinfo.org\/?p=8120","name":"Nga 15 gushti nis edicioni i par\u00eb i Festivalit \u201cVia Dinarica Kosovo\u201d -","isPartOf":{"@id":"https:\/\/veritasinfo.org\/#website"},"primaryImageOfPage":{"@id":"https:\/\/veritasinfo.org\/?p=8120#primaryimage"},"image":{"@id":"https:\/\/veritasinfo.org\/?p=8120#primaryimage"},"thumbnailUrl":"https:\/\/veritasinfo.org\/wp-content\/uploads\/2025\/08\/via.jpg","datePublished":"2025-08-15T05:42:48+00:00","author":{"@id":"https:\/\/veritasinfo.org\/#\/schema\/person\/c2b8be262ea994d0995addca692c5e98"},"breadcrumb":{"@id":"https:\/\/veritasinfo.org\/?p=8120#breadcrumb"},"inLanguage":"en-US","potentialAction":[{"@type":"ReadAction","target":["https:\/\/veritasinfo.org\/?p=8120"]}]},{"@type":"ImageObject","inLanguage":"en-US","@id":"https:\/\/veritasinfo.org\/?p=8120#primaryimage","url":"https:\/\/veritasinfo.org\/wp-content\/uploads\/2025\/08\/via.jpg","contentUrl":"https:\/\/veritasinfo.org\/wp-content\/uploads\/2025\/08\/via.jpg","width":1600,"height":900},{"@type":"BreadcrumbList","@id":"https:\/\/veritasinfo.org\/?p=8120#breadcrumb","itemListElement":[{"@type":"ListItem","position":1,"name":"Home","item":"https:\/\/veritasinfo.org\/"},{"@type":"ListItem","position":2,"name":"Nga 15 gushti nis edicioni i par\u00eb i Festivalit \u201cVia Dinarica Kosovo\u201d"}]},{"@type":"WebSite","@id":"https:\/\/veritasinfo.org\/#website","url":"https:\/\/veritasinfo.org\/","name":"","description":"","potentialAction":[{"@type":"SearchAction","target":{"@type":"EntryPoint","urlTemplate":"https:\/\/veritasinfo.org\/?s={search_term_string}"},"query-input":{"@type":"PropertyValueSpecification","valueRequired":true,"valueName":"search_term_string"}}],"inLanguage":"en-US"},{"@type":"Person","@id":"https:\/\/veritasinfo.org\/#\/schema\/person\/c2b8be262ea994d0995addca692c5e98","name":"US1","image":{"@type":"ImageObject","inLanguage":"en-US","@id":"https:\/\/veritasinfo.org\/#\/schema\/person\/image\/","url":"https:\/\/secure.gravatar.com\/avatar\/4e96a59bd256abf9956eb9963ac891a47461ffb364d47b0e9aab113328fdb75b?s=96&d=mm&r=g","contentUrl":"https:\/\/secure.gravatar.com\/avatar\/4e96a59bd256abf9956eb9963ac891a47461ffb364d47b0e9aab113328fdb75b?s=96&d=mm&r=g","caption":"US1"},"url":"https:\/\/veritasinfo.org\/?author=2"}]}},"featured_image_urls":{"full":["https:\/\/veritasinfo.org\/wp-content\/uploads\/2025\/08\/via.jpg",1600,900,false],"thumbnail":["https:\/\/veritasinfo.org\/wp-content\/uploads\/2025\/08\/via-150x150.jpg",150,150,true],"medium":["https:\/\/veritasinfo.org\/wp-content\/uploads\/2025\/08\/via-300x169.jpg",300,169,true],"medium_large":["https:\/\/veritasinfo.org\/wp-content\/uploads\/2025\/08\/via-768x432.jpg",640,360,true],"large":["https:\/\/veritasinfo.org\/wp-content\/uploads\/2025\/08\/via-1024x576.jpg",640,360,true],"1536x1536":["https:\/\/veritasinfo.org\/wp-content\/uploads\/2025\/08\/via-1536x864.jpg",1536,864,true],"2048x2048":["https:\/\/veritasinfo.org\/wp-content\/uploads\/2025\/08\/via.jpg",1600,900,false],"kreeti-slider-full":["https:\/\/veritasinfo.org\/wp-content\/uploads\/2025\/08\/via.jpg",1280,720,false],"kreeti-featured":["https:\/\/veritasinfo.org\/wp-content\/uploads\/2025\/08\/via.jpg",1024,576,false],"kreeti-medium":["https:\/\/veritasinfo.org\/wp-content\/uploads\/2025\/08\/via.jpg",720,405,false],"kreeti-medium-square":["https:\/\/veritasinfo.org\/wp-content\/uploads\/2025\/08\/via.jpg",350,197,false]},"author_info":{"info":["US1"]},"category_info":"<a href=\"https:\/\/veritasinfo.org\/?cat=54\" rel=\"category\">Kultur\u00eb<\/a>","tag_info":"Kultur\u00eb","comment_count":"0","_links":{"self":[{"href":"https:\/\/veritasinfo.org\/index.php?rest_route=\/wp\/v2\/posts\/8120","targetHints":{"allow":["GET"]}}],"collection":[{"href":"https:\/\/veritasinfo.org\/index.php?rest_route=\/wp\/v2\/posts"}],"about":[{"href":"https:\/\/veritasinfo.org\/index.php?rest_route=\/wp\/v2\/types\/post"}],"author":[{"embeddable":true,"href":"https:\/\/veritasinfo.org\/index.php?rest_route=\/wp\/v2\/users\/2"}],"replies":[{"embeddable":true,"href":"https:\/\/veritasinfo.org\/index.php?rest_route=%2Fwp%2Fv2%2Fcomments&post=8120"}],"version-history":[{"count":1,"href":"https:\/\/veritasinfo.org\/index.php?rest_route=\/wp\/v2\/posts\/8120\/revisions"}],"predecessor-version":[{"id":8122,"href":"https:\/\/veritasinfo.org\/index.php?rest_route=\/wp\/v2\/posts\/8120\/revisions\/8122"}],"wp:featuredmedia":[{"embeddable":true,"href":"https:\/\/veritasinfo.org\/index.php?rest_route=\/wp\/v2\/media\/8121"}],"wp:attachment":[{"href":"https:\/\/veritasinfo.org\/index.php?rest_route=%2Fwp%2Fv2%2Fmedia&parent=8120"}],"wp:term":[{"taxonomy":"category","embeddable":true,"href":"https:\/\/veritasinfo.org\/index.php?rest_route=%2Fwp%2Fv2%2Fcategories&post=8120"},{"taxonomy":"post_tag","embeddable":true,"href":"https:\/\/veritasinfo.org\/index.php?rest_route=%2Fwp%2Fv2%2Ftags&post=8120"}],"curies":[{"name":"wp","href":"https:\/\/api.w.org\/{rel}","templated":true}]}}