{"id":8116,"date":"2025-08-15T07:41:03","date_gmt":"2025-08-15T05:41:03","guid":{"rendered":"https:\/\/veritasinfo.org\/?p=8116"},"modified":"2025-08-15T07:41:03","modified_gmt":"2025-08-15T05:41:03","slug":"protesta-ne-te-gjithe-serbine-ne-novi-sad-thyhen-zyrat-e-partise-se-vuciqit","status":"publish","type":"post","link":"https:\/\/veritasinfo.org\/?p=8116","title":{"rendered":"Protesta n\u00eb t\u00eb gjith\u00eb Serbin\u00eb, n\u00eb Novi Sad thyhen zyrat e partis\u00eb s\u00eb Vu\u00e7iqit"},"content":{"rendered":"<p>Novi Sad, 15 Gusht 2025<\/p>\n<p><strong>Nj\u00eb num\u00ebr i madh protestuesish jan\u00eb mbledhur sonte n\u00eb Beograd dhe para turm\u00ebs \u00ebsht\u00eb vendosur nj\u00eb kordon policie q\u00eb bllokon kalimin drejt objektit t\u00eb partis\u00eb s\u00eb Aleksandar Vu\u00e7iq.<\/strong><\/p>\n<p>Qytetar\u00ebt u mblodh\u00ebn para ambienteve t\u00eb SNS-s\u00eb n\u00eb rrug\u00ebn Knez Milosh, jo shum\u00eb larg Shtabit t\u00eb P\u00ebrgjithsh\u00ebm, ku u prit\u00ebn nga nj\u00eb kordon i policis\u00eb.<\/p>\n<p>Aktivist\u00ebt e SNS-s\u00eb s\u00eb Vu\u00e7iq jan\u00eb gjithashtu n\u00eb vendngjarje, dhe nj\u00eb konflikt verbal \u00ebsht\u00eb zhvilluar midis protestuesve dhe policis\u00eb, si dhe protestuesve dhe aktivist\u00ebve t\u00eb SNS-s\u00eb.<\/p>\n<p>Edhe n\u00eb Novi Sad, filloi nj\u00eb tubim qytetar\u00ebsh para ambienteve t\u00eb Agjencis\u00eb s\u00eb Siguris\u00eb dhe Inteligjenc\u00ebs.<\/p>\n<p>Nd\u00ebrkoh\u00eb jan\u00eb thyer zyrat e partis\u00eb s\u00eb Aleksandar Vu\u00e7iq n\u00eb k\u00ebt\u00eb qytet. N\u00eb hap\u00ebsirat e zyr\u00ebs nuk kishte an\u00ebtar\u00eb t\u00eb partis\u00eb s\u00eb Vu\u00e7iq.<\/p>\n<p>Qytetar\u00ebt jan\u00eb mbledhur n\u00eb Nemanjina, n\u00eb rreth-rrotullimin pran\u00eb GO Novi Beograd dhe tek Autokomanda.<\/p>\n","protected":false},"excerpt":{"rendered":"<p>Novi Sad, 15 Gusht 2025 Nj\u00eb num\u00ebr i madh protestuesish jan\u00eb mbledhur sonte n\u00eb Beograd dhe para turm\u00ebs \u00ebsht\u00eb vendosur nj\u00eb kordon policie q\u00eb bllokon<\/p>\n","protected":false},"author":1,"featured_media":8117,"comment_status":"open","ping_status":"open","sticky":false,"template":"","format":"standard","meta":{"footnotes":""},"categories":[72],"tags":[],"class_list":["post-8116","post","type-post","status-publish","format-standard","has-post-thumbnail","hentry","category-bota"],"yoast_head":"<!-- This site is optimized with the Yoast SEO plugin v25.3.1 - https:\/\/yoast.com\/wordpress\/plugins\/seo\/ -->\n<title>Protesta n\u00eb t\u00eb gjith\u00eb Serbin\u00eb, n\u00eb Novi Sad thyhen zyrat e partis\u00eb s\u00eb Vu\u00e7iqit -<\/title>\n<meta name=\"robots\" content=\"index, follow, max-snippet:-1, max-image-preview:large, max-video-preview:-1\" \/>\n<link rel=\"canonical\" href=\"https:\/\/veritasinfo.org\/?p=8116\" \/>\n<meta property=\"og:locale\" content=\"en_US\" \/>\n<meta property=\"og:type\" content=\"article\" \/>\n<meta property=\"og:title\" content=\"Protesta n\u00eb t\u00eb gjith\u00eb Serbin\u00eb, n\u00eb Novi Sad thyhen zyrat e partis\u00eb s\u00eb Vu\u00e7iqit -\" \/>\n<meta property=\"og:description\" content=\"Novi Sad, 15 Gusht 2025 Nj\u00eb num\u00ebr i madh protestuesish jan\u00eb mbledhur sonte n\u00eb Beograd dhe para turm\u00ebs \u00ebsht\u00eb vendosur nj\u00eb kordon policie q\u00eb bllokon\" \/>\n<meta property=\"og:url\" content=\"https:\/\/veritasinfo.org\/?p=8116\" \/>\n<meta property=\"article:published_time\" content=\"2025-08-15T05:41:03+00:00\" \/>\n<meta property=\"og:image\" content=\"https:\/\/veritasinfo.org\/wp-content\/uploads\/2025\/08\/IMG_2537.jpeg\" \/>\n\t<meta property=\"og:image:width\" content=\"1024\" \/>\n\t<meta property=\"og:image:height\" content=\"576\" \/>\n\t<meta property=\"og:image:type\" content=\"image\/jpeg\" \/>\n<meta name=\"author\" content=\"admin\" \/>\n<meta name=\"twitter:card\" content=\"summary_large_image\" \/>\n<meta name=\"twitter:label1\" content=\"Written by\" \/>\n\t<meta name=\"twitter:data1\" content=\"admin\" \/>\n\t<meta name=\"twitter:label2\" content=\"Est. reading time\" \/>\n\t<meta name=\"twitter:data2\" content=\"1 minute\" \/>\n<script type=\"application\/ld+json\" class=\"yoast-schema-graph\">{\"@context\":\"https:\/\/schema.org\",\"@graph\":[{\"@type\":\"WebPage\",\"@id\":\"https:\/\/veritasinfo.org\/?p=8116\",\"url\":\"https:\/\/veritasinfo.org\/?p=8116\",\"name\":\"Protesta n\u00eb t\u00eb gjith\u00eb Serbin\u00eb, n\u00eb Novi Sad thyhen zyrat e partis\u00eb s\u00eb Vu\u00e7iqit -\",\"isPartOf\":{\"@id\":\"https:\/\/veritasinfo.org\/#website\"},\"primaryImageOfPage\":{\"@id\":\"https:\/\/veritasinfo.org\/?p=8116#primaryimage\"},\"image\":{\"@id\":\"https:\/\/veritasinfo.org\/?p=8116#primaryimage\"},\"thumbnailUrl\":\"https:\/\/veritasinfo.org\/wp-content\/uploads\/2025\/08\/IMG_2537.jpeg\",\"datePublished\":\"2025-08-15T05:41:03+00:00\",\"author\":{\"@id\":\"https:\/\/veritasinfo.org\/#\/schema\/person\/7701f8c088bece422266b100a712374f\"},\"breadcrumb\":{\"@id\":\"https:\/\/veritasinfo.org\/?p=8116#breadcrumb\"},\"inLanguage\":\"en-US\",\"potentialAction\":[{\"@type\":\"ReadAction\",\"target\":[\"https:\/\/veritasinfo.org\/?p=8116\"]}]},{\"@type\":\"ImageObject\",\"inLanguage\":\"en-US\",\"@id\":\"https:\/\/veritasinfo.org\/?p=8116#primaryimage\",\"url\":\"https:\/\/veritasinfo.org\/wp-content\/uploads\/2025\/08\/IMG_2537.jpeg\",\"contentUrl\":\"https:\/\/veritasinfo.org\/wp-content\/uploads\/2025\/08\/IMG_2537.jpeg\",\"width\":1024,\"height\":576},{\"@type\":\"BreadcrumbList\",\"@id\":\"https:\/\/veritasinfo.org\/?p=8116#breadcrumb\",\"itemListElement\":[{\"@type\":\"ListItem\",\"position\":1,\"name\":\"Home\",\"item\":\"https:\/\/veritasinfo.org\/\"},{\"@type\":\"ListItem\",\"position\":2,\"name\":\"Protesta n\u00eb t\u00eb gjith\u00eb Serbin\u00eb, n\u00eb Novi Sad thyhen zyrat e partis\u00eb s\u00eb Vu\u00e7iqit\"}]},{\"@type\":\"WebSite\",\"@id\":\"https:\/\/veritasinfo.org\/#website\",\"url\":\"https:\/\/veritasinfo.org\/\",\"name\":\"\",\"description\":\"\",\"potentialAction\":[{\"@type\":\"SearchAction\",\"target\":{\"@type\":\"EntryPoint\",\"urlTemplate\":\"https:\/\/veritasinfo.org\/?s={search_term_string}\"},\"query-input\":{\"@type\":\"PropertyValueSpecification\",\"valueRequired\":true,\"valueName\":\"search_term_string\"}}],\"inLanguage\":\"en-US\"},{\"@type\":\"Person\",\"@id\":\"https:\/\/veritasinfo.org\/#\/schema\/person\/7701f8c088bece422266b100a712374f\",\"name\":\"admin\",\"image\":{\"@type\":\"ImageObject\",\"inLanguage\":\"en-US\",\"@id\":\"https:\/\/veritasinfo.org\/#\/schema\/person\/image\/\",\"url\":\"https:\/\/secure.gravatar.com\/avatar\/ea53aa3bf6c9a12d5fde8ce4deff43fef3885ae33cf60184161a50d6987cfd2f?s=96&d=mm&r=g\",\"contentUrl\":\"https:\/\/secure.gravatar.com\/avatar\/ea53aa3bf6c9a12d5fde8ce4deff43fef3885ae33cf60184161a50d6987cfd2f?s=96&d=mm&r=g\",\"caption\":\"admin\"},\"sameAs\":[\"https:\/\/veritasinfo.org\"],\"url\":\"https:\/\/veritasinfo.org\/?author=1\"}]}<\/script>\n<!-- \/ Yoast SEO plugin. -->","yoast_head_json":{"title":"Protesta n\u00eb t\u00eb gjith\u00eb Serbin\u00eb, n\u00eb Novi Sad thyhen zyrat e partis\u00eb s\u00eb Vu\u00e7iqit -","robots":{"index":"index","follow":"follow","max-snippet":"max-snippet:-1","max-image-preview":"max-image-preview:large","max-video-preview":"max-video-preview:-1"},"canonical":"https:\/\/veritasinfo.org\/?p=8116","og_locale":"en_US","og_type":"article","og_title":"Protesta n\u00eb t\u00eb gjith\u00eb Serbin\u00eb, n\u00eb Novi Sad thyhen zyrat e partis\u00eb s\u00eb Vu\u00e7iqit -","og_description":"Novi Sad, 15 Gusht 2025 Nj\u00eb num\u00ebr i madh protestuesish jan\u00eb mbledhur sonte n\u00eb Beograd dhe para turm\u00ebs \u00ebsht\u00eb vendosur nj\u00eb kordon policie q\u00eb bllokon","og_url":"https:\/\/veritasinfo.org\/?p=8116","article_published_time":"2025-08-15T05:41:03+00:00","og_image":[{"width":1024,"height":576,"url":"https:\/\/veritasinfo.org\/wp-content\/uploads\/2025\/08\/IMG_2537.jpeg","type":"image\/jpeg"}],"author":"admin","twitter_card":"summary_large_image","twitter_misc":{"Written by":"admin","Est. reading time":"1 minute"},"schema":{"@context":"https:\/\/schema.org","@graph":[{"@type":"WebPage","@id":"https:\/\/veritasinfo.org\/?p=8116","url":"https:\/\/veritasinfo.org\/?p=8116","name":"Protesta n\u00eb t\u00eb gjith\u00eb Serbin\u00eb, n\u00eb Novi Sad thyhen zyrat e partis\u00eb s\u00eb Vu\u00e7iqit -","isPartOf":{"@id":"https:\/\/veritasinfo.org\/#website"},"primaryImageOfPage":{"@id":"https:\/\/veritasinfo.org\/?p=8116#primaryimage"},"image":{"@id":"https:\/\/veritasinfo.org\/?p=8116#primaryimage"},"thumbnailUrl":"https:\/\/veritasinfo.org\/wp-content\/uploads\/2025\/08\/IMG_2537.jpeg","datePublished":"2025-08-15T05:41:03+00:00","author":{"@id":"https:\/\/veritasinfo.org\/#\/schema\/person\/7701f8c088bece422266b100a712374f"},"breadcrumb":{"@id":"https:\/\/veritasinfo.org\/?p=8116#breadcrumb"},"inLanguage":"en-US","potentialAction":[{"@type":"ReadAction","target":["https:\/\/veritasinfo.org\/?p=8116"]}]},{"@type":"ImageObject","inLanguage":"en-US","@id":"https:\/\/veritasinfo.org\/?p=8116#primaryimage","url":"https:\/\/veritasinfo.org\/wp-content\/uploads\/2025\/08\/IMG_2537.jpeg","contentUrl":"https:\/\/veritasinfo.org\/wp-content\/uploads\/2025\/08\/IMG_2537.jpeg","width":1024,"height":576},{"@type":"BreadcrumbList","@id":"https:\/\/veritasinfo.org\/?p=8116#breadcrumb","itemListElement":[{"@type":"ListItem","position":1,"name":"Home","item":"https:\/\/veritasinfo.org\/"},{"@type":"ListItem","position":2,"name":"Protesta n\u00eb t\u00eb gjith\u00eb Serbin\u00eb, n\u00eb Novi Sad thyhen zyrat e partis\u00eb s\u00eb Vu\u00e7iqit"}]},{"@type":"WebSite","@id":"https:\/\/veritasinfo.org\/#website","url":"https:\/\/veritasinfo.org\/","name":"","description":"","potentialAction":[{"@type":"SearchAction","target":{"@type":"EntryPoint","urlTemplate":"https:\/\/veritasinfo.org\/?s={search_term_string}"},"query-input":{"@type":"PropertyValueSpecification","valueRequired":true,"valueName":"search_term_string"}}],"inLanguage":"en-US"},{"@type":"Person","@id":"https:\/\/veritasinfo.org\/#\/schema\/person\/7701f8c088bece422266b100a712374f","name":"admin","image":{"@type":"ImageObject","inLanguage":"en-US","@id":"https:\/\/veritasinfo.org\/#\/schema\/person\/image\/","url":"https:\/\/secure.gravatar.com\/avatar\/ea53aa3bf6c9a12d5fde8ce4deff43fef3885ae33cf60184161a50d6987cfd2f?s=96&d=mm&r=g","contentUrl":"https:\/\/secure.gravatar.com\/avatar\/ea53aa3bf6c9a12d5fde8ce4deff43fef3885ae33cf60184161a50d6987cfd2f?s=96&d=mm&r=g","caption":"admin"},"sameAs":["https:\/\/veritasinfo.org"],"url":"https:\/\/veritasinfo.org\/?author=1"}]}},"featured_image_urls":{"full":["https:\/\/veritasinfo.org\/wp-content\/uploads\/2025\/08\/IMG_2537.jpeg",1024,576,false],"thumbnail":["https:\/\/veritasinfo.org\/wp-content\/uploads\/2025\/08\/IMG_2537-150x150.jpeg",150,150,true],"medium":["https:\/\/veritasinfo.org\/wp-content\/uploads\/2025\/08\/IMG_2537-300x169.jpeg",300,169,true],"medium_large":["https:\/\/veritasinfo.org\/wp-content\/uploads\/2025\/08\/IMG_2537-768x432.jpeg",640,360,true],"large":["https:\/\/veritasinfo.org\/wp-content\/uploads\/2025\/08\/IMG_2537.jpeg",640,360,false],"1536x1536":["https:\/\/veritasinfo.org\/wp-content\/uploads\/2025\/08\/IMG_2537.jpeg",1024,576,false],"2048x2048":["https:\/\/veritasinfo.org\/wp-content\/uploads\/2025\/08\/IMG_2537.jpeg",1024,576,false],"kreeti-slider-full":["https:\/\/veritasinfo.org\/wp-content\/uploads\/2025\/08\/IMG_2537.jpeg",1024,576,false],"kreeti-featured":["https:\/\/veritasinfo.org\/wp-content\/uploads\/2025\/08\/IMG_2537.jpeg",1024,576,false],"kreeti-medium":["https:\/\/veritasinfo.org\/wp-content\/uploads\/2025\/08\/IMG_2537.jpeg",720,405,false],"kreeti-medium-square":["https:\/\/veritasinfo.org\/wp-content\/uploads\/2025\/08\/IMG_2537.jpeg",350,197,false]},"author_info":{"info":["admin"]},"category_info":"<a href=\"https:\/\/veritasinfo.org\/?cat=72\" rel=\"category\">Bota<\/a>","tag_info":"Bota","comment_count":"0","_links":{"self":[{"href":"https:\/\/veritasinfo.org\/index.php?rest_route=\/wp\/v2\/posts\/8116","targetHints":{"allow":["GET"]}}],"collection":[{"href":"https:\/\/veritasinfo.org\/index.php?rest_route=\/wp\/v2\/posts"}],"about":[{"href":"https:\/\/veritasinfo.org\/index.php?rest_route=\/wp\/v2\/types\/post"}],"author":[{"embeddable":true,"href":"https:\/\/veritasinfo.org\/index.php?rest_route=\/wp\/v2\/users\/1"}],"replies":[{"embeddable":true,"href":"https:\/\/veritasinfo.org\/index.php?rest_route=%2Fwp%2Fv2%2Fcomments&post=8116"}],"version-history":[{"count":1,"href":"https:\/\/veritasinfo.org\/index.php?rest_route=\/wp\/v2\/posts\/8116\/revisions"}],"predecessor-version":[{"id":8118,"href":"https:\/\/veritasinfo.org\/index.php?rest_route=\/wp\/v2\/posts\/8116\/revisions\/8118"}],"wp:featuredmedia":[{"embeddable":true,"href":"https:\/\/veritasinfo.org\/index.php?rest_route=\/wp\/v2\/media\/8117"}],"wp:attachment":[{"href":"https:\/\/veritasinfo.org\/index.php?rest_route=%2Fwp%2Fv2%2Fmedia&parent=8116"}],"wp:term":[{"taxonomy":"category","embeddable":true,"href":"https:\/\/veritasinfo.org\/index.php?rest_route=%2Fwp%2Fv2%2Fcategories&post=8116"},{"taxonomy":"post_tag","embeddable":true,"href":"https:\/\/veritasinfo.org\/index.php?rest_route=%2Fwp%2Fv2%2Ftags&post=8116"}],"curies":[{"name":"wp","href":"https:\/\/api.w.org\/{rel}","templated":true}]}}