{"id":8085,"date":"2025-08-15T08:00:02","date_gmt":"2025-08-15T06:00:02","guid":{"rendered":"https:\/\/veritasinfo.org\/?p=8085"},"modified":"2025-08-14T22:49:36","modified_gmt":"2025-08-14T20:49:36","slug":"9-vatra-zjarri-aktive-ne-kosove-ame-situata-nen-kontroll","status":"publish","type":"post","link":"https:\/\/veritasinfo.org\/?p=8085","title":{"rendered":"9 vatra zjarri aktive n\u00eb Kosov\u00eb \u2013 AME: Situata n\u00ebn kontroll"},"content":{"rendered":"<p>15 gusht, 2025<\/p>\n<p>Agjencia p\u00ebr Menaxhimin Emergjent (AME) ka njoftuar m\u00eb her\u00ebt se n\u00eb Kosov\u00eb jan\u00eb regjistruar n\u00ebnt\u00eb vatra zjarri aktive, nd\u00ebrsa gjat\u00eb 12 or\u00ebve paraprake jan\u00eb sh\u00ebnuar gjithsej 61 vatra, prej t\u00eb cilave 52 jan\u00eb lokalizuar fal\u00eb nd\u00ebrhyrjes s\u00eb Nj\u00ebsive t\u00eb Zjarrfik\u00ebsve dhe strukturave mb\u00ebshtet\u00ebse.<\/p>\n<p>Sipas AME-s\u00eb, situata \u00ebsht\u00eb e menaxhueshme dhe po monitorohet nga af\u00ebr.<\/p>\n<p>\u201cMenaxhimi i situat\u00ebs po zhvillohet n\u00eb koordinim me Nj\u00ebsit\u00eb e Zjarrfik\u00ebsve, Qendrat Operative 112 dhe Policin\u00eb e Kosov\u00ebs. T\u00eb gjitha vatrat aktive jan\u00eb n\u00ebn monitorim t\u00eb vazhduesh\u00ebm, nd\u00ebrsa ekipet zjarrfik\u00ebse jan\u00eb n\u00eb terren\u201d, thuhet n\u00eb njoftimin e AME-s\u00eb.<\/p>\n<p>Institucioni ka shprehur mir\u00ebnjohje p\u00ebr p\u00ebrkushtimin e zjarrfik\u00ebsve, Policis\u00eb s\u00eb Kosov\u00ebs, KFOR-it, komunave dhe qytetar\u00ebve q\u00eb kan\u00eb kontribuar n\u00eb menaxhimin e situat\u00ebs.<\/p>\n<p>N\u00eb De\u00e7an, p\u00ebrve\u00e7 vatrave t\u00eb shumta, autoritetet po p\u00ebrballen edhe me munges\u00eb t\u00eb mjaftueshme t\u00eb forcave zjarrfik\u00ebse.<\/p>\n<p>&nbsp;<\/p>\n","protected":false},"excerpt":{"rendered":"<p>15 gusht, 2025 Agjencia p\u00ebr Menaxhimin Emergjent (AME) ka njoftuar m\u00eb her\u00ebt se n\u00eb Kosov\u00eb jan\u00eb regjistruar n\u00ebnt\u00eb vatra zjarri aktive, nd\u00ebrsa gjat\u00eb 12 or\u00ebve<\/p>\n","protected":false},"author":1,"featured_media":8086,"comment_status":"open","ping_status":"open","sticky":false,"template":"","format":"standard","meta":{"footnotes":""},"categories":[60],"tags":[],"class_list":["post-8085","post","type-post","status-publish","format-standard","has-post-thumbnail","hentry","category-shoqerore-sq"],"yoast_head":"<!-- This site is optimized with the Yoast SEO plugin v25.3.1 - https:\/\/yoast.com\/wordpress\/plugins\/seo\/ -->\n<title>9 vatra zjarri aktive n\u00eb Kosov\u00eb \u2013 AME: Situata n\u00ebn kontroll -<\/title>\n<meta name=\"robots\" content=\"index, follow, max-snippet:-1, max-image-preview:large, max-video-preview:-1\" \/>\n<link rel=\"canonical\" href=\"https:\/\/veritasinfo.org\/?p=8085\" \/>\n<meta property=\"og:locale\" content=\"en_US\" \/>\n<meta property=\"og:type\" content=\"article\" \/>\n<meta property=\"og:title\" content=\"9 vatra zjarri aktive n\u00eb Kosov\u00eb \u2013 AME: Situata n\u00ebn kontroll -\" \/>\n<meta property=\"og:description\" content=\"15 gusht, 2025 Agjencia p\u00ebr Menaxhimin Emergjent (AME) ka njoftuar m\u00eb her\u00ebt se n\u00eb Kosov\u00eb jan\u00eb regjistruar n\u00ebnt\u00eb vatra zjarri aktive, nd\u00ebrsa gjat\u00eb 12 or\u00ebve\" \/>\n<meta property=\"og:url\" content=\"https:\/\/veritasinfo.org\/?p=8085\" \/>\n<meta property=\"article:published_time\" content=\"2025-08-15T06:00:02+00:00\" \/>\n<meta property=\"og:image\" content=\"https:\/\/veritasinfo.org\/wp-content\/uploads\/2025\/08\/auto_7281755202246.jpg\" \/>\n\t<meta property=\"og:image:width\" content=\"850\" \/>\n\t<meta property=\"og:image:height\" content=\"478\" \/>\n\t<meta property=\"og:image:type\" content=\"image\/jpeg\" \/>\n<meta name=\"author\" content=\"admin\" \/>\n<meta name=\"twitter:card\" content=\"summary_large_image\" \/>\n<meta name=\"twitter:label1\" content=\"Written by\" \/>\n\t<meta name=\"twitter:data1\" content=\"admin\" \/>\n\t<meta name=\"twitter:label2\" content=\"Est. reading time\" \/>\n\t<meta name=\"twitter:data2\" content=\"1 minute\" \/>\n<script type=\"application\/ld+json\" class=\"yoast-schema-graph\">{\"@context\":\"https:\/\/schema.org\",\"@graph\":[{\"@type\":\"WebPage\",\"@id\":\"https:\/\/veritasinfo.org\/?p=8085\",\"url\":\"https:\/\/veritasinfo.org\/?p=8085\",\"name\":\"9 vatra zjarri aktive n\u00eb Kosov\u00eb \u2013 AME: Situata n\u00ebn kontroll -\",\"isPartOf\":{\"@id\":\"https:\/\/veritasinfo.org\/#website\"},\"primaryImageOfPage\":{\"@id\":\"https:\/\/veritasinfo.org\/?p=8085#primaryimage\"},\"image\":{\"@id\":\"https:\/\/veritasinfo.org\/?p=8085#primaryimage\"},\"thumbnailUrl\":\"https:\/\/veritasinfo.org\/wp-content\/uploads\/2025\/08\/auto_7281755202246.jpg\",\"datePublished\":\"2025-08-15T06:00:02+00:00\",\"author\":{\"@id\":\"https:\/\/veritasinfo.org\/#\/schema\/person\/7701f8c088bece422266b100a712374f\"},\"breadcrumb\":{\"@id\":\"https:\/\/veritasinfo.org\/?p=8085#breadcrumb\"},\"inLanguage\":\"en-US\",\"potentialAction\":[{\"@type\":\"ReadAction\",\"target\":[\"https:\/\/veritasinfo.org\/?p=8085\"]}]},{\"@type\":\"ImageObject\",\"inLanguage\":\"en-US\",\"@id\":\"https:\/\/veritasinfo.org\/?p=8085#primaryimage\",\"url\":\"https:\/\/veritasinfo.org\/wp-content\/uploads\/2025\/08\/auto_7281755202246.jpg\",\"contentUrl\":\"https:\/\/veritasinfo.org\/wp-content\/uploads\/2025\/08\/auto_7281755202246.jpg\",\"width\":850,\"height\":478},{\"@type\":\"BreadcrumbList\",\"@id\":\"https:\/\/veritasinfo.org\/?p=8085#breadcrumb\",\"itemListElement\":[{\"@type\":\"ListItem\",\"position\":1,\"name\":\"Home\",\"item\":\"https:\/\/veritasinfo.org\/\"},{\"@type\":\"ListItem\",\"position\":2,\"name\":\"9 vatra zjarri aktive n\u00eb Kosov\u00eb \u2013 AME: Situata n\u00ebn kontroll\"}]},{\"@type\":\"WebSite\",\"@id\":\"https:\/\/veritasinfo.org\/#website\",\"url\":\"https:\/\/veritasinfo.org\/\",\"name\":\"\",\"description\":\"\",\"potentialAction\":[{\"@type\":\"SearchAction\",\"target\":{\"@type\":\"EntryPoint\",\"urlTemplate\":\"https:\/\/veritasinfo.org\/?s={search_term_string}\"},\"query-input\":{\"@type\":\"PropertyValueSpecification\",\"valueRequired\":true,\"valueName\":\"search_term_string\"}}],\"inLanguage\":\"en-US\"},{\"@type\":\"Person\",\"@id\":\"https:\/\/veritasinfo.org\/#\/schema\/person\/7701f8c088bece422266b100a712374f\",\"name\":\"admin\",\"image\":{\"@type\":\"ImageObject\",\"inLanguage\":\"en-US\",\"@id\":\"https:\/\/veritasinfo.org\/#\/schema\/person\/image\/\",\"url\":\"https:\/\/secure.gravatar.com\/avatar\/ea53aa3bf6c9a12d5fde8ce4deff43fef3885ae33cf60184161a50d6987cfd2f?s=96&d=mm&r=g\",\"contentUrl\":\"https:\/\/secure.gravatar.com\/avatar\/ea53aa3bf6c9a12d5fde8ce4deff43fef3885ae33cf60184161a50d6987cfd2f?s=96&d=mm&r=g\",\"caption\":\"admin\"},\"sameAs\":[\"https:\/\/veritasinfo.org\"],\"url\":\"https:\/\/veritasinfo.org\/?author=1\"}]}<\/script>\n<!-- \/ Yoast SEO plugin. -->","yoast_head_json":{"title":"9 vatra zjarri aktive n\u00eb Kosov\u00eb \u2013 AME: Situata n\u00ebn kontroll -","robots":{"index":"index","follow":"follow","max-snippet":"max-snippet:-1","max-image-preview":"max-image-preview:large","max-video-preview":"max-video-preview:-1"},"canonical":"https:\/\/veritasinfo.org\/?p=8085","og_locale":"en_US","og_type":"article","og_title":"9 vatra zjarri aktive n\u00eb Kosov\u00eb \u2013 AME: Situata n\u00ebn kontroll -","og_description":"15 gusht, 2025 Agjencia p\u00ebr Menaxhimin Emergjent (AME) ka njoftuar m\u00eb her\u00ebt se n\u00eb Kosov\u00eb jan\u00eb regjistruar n\u00ebnt\u00eb vatra zjarri aktive, nd\u00ebrsa gjat\u00eb 12 or\u00ebve","og_url":"https:\/\/veritasinfo.org\/?p=8085","article_published_time":"2025-08-15T06:00:02+00:00","og_image":[{"width":850,"height":478,"url":"https:\/\/veritasinfo.org\/wp-content\/uploads\/2025\/08\/auto_7281755202246.jpg","type":"image\/jpeg"}],"author":"admin","twitter_card":"summary_large_image","twitter_misc":{"Written by":"admin","Est. reading time":"1 minute"},"schema":{"@context":"https:\/\/schema.org","@graph":[{"@type":"WebPage","@id":"https:\/\/veritasinfo.org\/?p=8085","url":"https:\/\/veritasinfo.org\/?p=8085","name":"9 vatra zjarri aktive n\u00eb Kosov\u00eb \u2013 AME: Situata n\u00ebn kontroll -","isPartOf":{"@id":"https:\/\/veritasinfo.org\/#website"},"primaryImageOfPage":{"@id":"https:\/\/veritasinfo.org\/?p=8085#primaryimage"},"image":{"@id":"https:\/\/veritasinfo.org\/?p=8085#primaryimage"},"thumbnailUrl":"https:\/\/veritasinfo.org\/wp-content\/uploads\/2025\/08\/auto_7281755202246.jpg","datePublished":"2025-08-15T06:00:02+00:00","author":{"@id":"https:\/\/veritasinfo.org\/#\/schema\/person\/7701f8c088bece422266b100a712374f"},"breadcrumb":{"@id":"https:\/\/veritasinfo.org\/?p=8085#breadcrumb"},"inLanguage":"en-US","potentialAction":[{"@type":"ReadAction","target":["https:\/\/veritasinfo.org\/?p=8085"]}]},{"@type":"ImageObject","inLanguage":"en-US","@id":"https:\/\/veritasinfo.org\/?p=8085#primaryimage","url":"https:\/\/veritasinfo.org\/wp-content\/uploads\/2025\/08\/auto_7281755202246.jpg","contentUrl":"https:\/\/veritasinfo.org\/wp-content\/uploads\/2025\/08\/auto_7281755202246.jpg","width":850,"height":478},{"@type":"BreadcrumbList","@id":"https:\/\/veritasinfo.org\/?p=8085#breadcrumb","itemListElement":[{"@type":"ListItem","position":1,"name":"Home","item":"https:\/\/veritasinfo.org\/"},{"@type":"ListItem","position":2,"name":"9 vatra zjarri aktive n\u00eb Kosov\u00eb \u2013 AME: Situata n\u00ebn kontroll"}]},{"@type":"WebSite","@id":"https:\/\/veritasinfo.org\/#website","url":"https:\/\/veritasinfo.org\/","name":"","description":"","potentialAction":[{"@type":"SearchAction","target":{"@type":"EntryPoint","urlTemplate":"https:\/\/veritasinfo.org\/?s={search_term_string}"},"query-input":{"@type":"PropertyValueSpecification","valueRequired":true,"valueName":"search_term_string"}}],"inLanguage":"en-US"},{"@type":"Person","@id":"https:\/\/veritasinfo.org\/#\/schema\/person\/7701f8c088bece422266b100a712374f","name":"admin","image":{"@type":"ImageObject","inLanguage":"en-US","@id":"https:\/\/veritasinfo.org\/#\/schema\/person\/image\/","url":"https:\/\/secure.gravatar.com\/avatar\/ea53aa3bf6c9a12d5fde8ce4deff43fef3885ae33cf60184161a50d6987cfd2f?s=96&d=mm&r=g","contentUrl":"https:\/\/secure.gravatar.com\/avatar\/ea53aa3bf6c9a12d5fde8ce4deff43fef3885ae33cf60184161a50d6987cfd2f?s=96&d=mm&r=g","caption":"admin"},"sameAs":["https:\/\/veritasinfo.org"],"url":"https:\/\/veritasinfo.org\/?author=1"}]}},"featured_image_urls":{"full":["https:\/\/veritasinfo.org\/wp-content\/uploads\/2025\/08\/auto_7281755202246.jpg",850,478,false],"thumbnail":["https:\/\/veritasinfo.org\/wp-content\/uploads\/2025\/08\/auto_7281755202246-150x150.jpg",150,150,true],"medium":["https:\/\/veritasinfo.org\/wp-content\/uploads\/2025\/08\/auto_7281755202246-300x169.jpg",300,169,true],"medium_large":["https:\/\/veritasinfo.org\/wp-content\/uploads\/2025\/08\/auto_7281755202246-768x432.jpg",640,360,true],"large":["https:\/\/veritasinfo.org\/wp-content\/uploads\/2025\/08\/auto_7281755202246.jpg",640,360,false],"1536x1536":["https:\/\/veritasinfo.org\/wp-content\/uploads\/2025\/08\/auto_7281755202246.jpg",850,478,false],"2048x2048":["https:\/\/veritasinfo.org\/wp-content\/uploads\/2025\/08\/auto_7281755202246.jpg",850,478,false],"kreeti-slider-full":["https:\/\/veritasinfo.org\/wp-content\/uploads\/2025\/08\/auto_7281755202246.jpg",850,478,false],"kreeti-featured":["https:\/\/veritasinfo.org\/wp-content\/uploads\/2025\/08\/auto_7281755202246.jpg",850,478,false],"kreeti-medium":["https:\/\/veritasinfo.org\/wp-content\/uploads\/2025\/08\/auto_7281755202246.jpg",720,405,false],"kreeti-medium-square":["https:\/\/veritasinfo.org\/wp-content\/uploads\/2025\/08\/auto_7281755202246.jpg",350,197,false]},"author_info":{"info":["admin"]},"category_info":"<a href=\"https:\/\/veritasinfo.org\/?cat=60\" rel=\"category\">Shoq\u00ebrore<\/a>","tag_info":"Shoq\u00ebrore","comment_count":"0","_links":{"self":[{"href":"https:\/\/veritasinfo.org\/index.php?rest_route=\/wp\/v2\/posts\/8085","targetHints":{"allow":["GET"]}}],"collection":[{"href":"https:\/\/veritasinfo.org\/index.php?rest_route=\/wp\/v2\/posts"}],"about":[{"href":"https:\/\/veritasinfo.org\/index.php?rest_route=\/wp\/v2\/types\/post"}],"author":[{"embeddable":true,"href":"https:\/\/veritasinfo.org\/index.php?rest_route=\/wp\/v2\/users\/1"}],"replies":[{"embeddable":true,"href":"https:\/\/veritasinfo.org\/index.php?rest_route=%2Fwp%2Fv2%2Fcomments&post=8085"}],"version-history":[{"count":1,"href":"https:\/\/veritasinfo.org\/index.php?rest_route=\/wp\/v2\/posts\/8085\/revisions"}],"predecessor-version":[{"id":8087,"href":"https:\/\/veritasinfo.org\/index.php?rest_route=\/wp\/v2\/posts\/8085\/revisions\/8087"}],"wp:featuredmedia":[{"embeddable":true,"href":"https:\/\/veritasinfo.org\/index.php?rest_route=\/wp\/v2\/media\/8086"}],"wp:attachment":[{"href":"https:\/\/veritasinfo.org\/index.php?rest_route=%2Fwp%2Fv2%2Fmedia&parent=8085"}],"wp:term":[{"taxonomy":"category","embeddable":true,"href":"https:\/\/veritasinfo.org\/index.php?rest_route=%2Fwp%2Fv2%2Fcategories&post=8085"},{"taxonomy":"post_tag","embeddable":true,"href":"https:\/\/veritasinfo.org\/index.php?rest_route=%2Fwp%2Fv2%2Ftags&post=8085"}],"curies":[{"name":"wp","href":"https:\/\/api.w.org\/{rel}","templated":true}]}}