{"id":8083,"date":"2025-08-14T21:55:38","date_gmt":"2025-08-14T19:55:38","guid":{"rendered":"https:\/\/veritasinfo.org\/?p=8083"},"modified":"2025-08-14T21:55:38","modified_gmt":"2025-08-14T19:55:38","slug":"kaos-total-ne-serbi-protestuesit-thyejne-zyrat-e-partise-se-vuciqit","status":"publish","type":"post","link":"https:\/\/veritasinfo.org\/?p=8083","title":{"rendered":"Kaos total n\u00eb Serbi \u2013 protestuesit thyejn\u00eb zyrat e partis\u00eb s\u00eb Vu\u00e7iqit"},"content":{"rendered":"<p>Beograd, 14 gusht 2025<\/p>\n<p>Qytetar\u00eb nga e gjith\u00eb Serbia u mblodh\u00ebn t\u00eb enjten p\u00ebr t\u00eb protestuar pas incidenteve t\u00eb shumta q\u00eb ndodh\u00ebn gjat\u00eb dy dit\u00ebve t\u00eb fundit. Protestuesit u sulmuan nga mb\u00ebshtet\u00ebs t\u00eb Partis\u00eb P\u00ebrparimtare Serbe, nd\u00ebrsa policia, sipas d\u00ebshmitar\u00ebve, nuk reagoi ndaj k\u00ebtyre sulmeve.<\/p>\n<p>Sipas Deutsche Welle, regjimi i presidentit Aleksandar Vu\u00e7iq po p\u00ebrpiqet, p\u00ebrmes provokimeve dhe p\u00ebrdorimit t\u00eb nj\u00ebsive paraushtarake, ta \u00e7oj\u00eb vendin drejt nj\u00eb lufte civile.<\/p>\n<p>N\u00eb Novi Sad, protestuesit kan\u00eb thyer zyrat e Partis\u00eb P\u00ebrparimtare Serbe dhe kan\u00eb lyer me boj\u00eb muret e jashtme t\u00eb tyre.<\/p>\n<p>Nj\u00eb nat\u00eb m\u00eb par\u00eb, protestat kulmuan kur mb\u00ebshtet\u00ebs t\u00eb SNS-s\u00eb p\u00ebrdor\u00ebn mjete piroteknike p\u00ebr t\u00eb sulmuar protestuesit. Ky incident sh\u00ebnon nj\u00eb p\u00ebrshkall\u00ebzim t\u00eb m\u00ebtejsh\u00ebm t\u00eb protestave q\u00eb po zgjasin prej n\u00ebnt\u00eb muajsh, t\u00eb nxitura nga tragjedia n\u00eb stacionin hekurudhor ku humb\u00ebn jet\u00ebn 16 persona dhe nga akuzat p\u00ebr korrupsion. Nd\u00ebrkoh\u00eb, presioni ndaj Vu\u00e7iqit dhe partis\u00eb s\u00eb tij po rritet vazhdimisht.<\/p>\n<p>&nbsp;<\/p>\n<p>&nbsp;<\/p>\n","protected":false},"excerpt":{"rendered":"<p>Beograd, 14 gusht 2025 Qytetar\u00eb nga e gjith\u00eb Serbia u mblodh\u00ebn t\u00eb enjten p\u00ebr t\u00eb protestuar pas incidenteve t\u00eb shumta q\u00eb ndodh\u00ebn gjat\u00eb dy dit\u00ebve<\/p>\n","protected":false},"author":1,"featured_media":8081,"comment_status":"open","ping_status":"open","sticky":false,"template":"","format":"standard","meta":{"footnotes":""},"categories":[72],"tags":[],"class_list":["post-8083","post","type-post","status-publish","format-standard","has-post-thumbnail","hentry","category-bota"],"yoast_head":"<!-- This site is optimized with the Yoast SEO plugin v25.3.1 - https:\/\/yoast.com\/wordpress\/plugins\/seo\/ -->\n<title>Kaos total n\u00eb Serbi \u2013 protestuesit thyejn\u00eb zyrat e partis\u00eb s\u00eb Vu\u00e7iqit -<\/title>\n<meta name=\"robots\" content=\"index, follow, max-snippet:-1, max-image-preview:large, max-video-preview:-1\" \/>\n<link rel=\"canonical\" href=\"https:\/\/veritasinfo.org\/?p=8083\" \/>\n<meta property=\"og:locale\" content=\"en_US\" \/>\n<meta property=\"og:type\" content=\"article\" \/>\n<meta property=\"og:title\" content=\"Kaos total n\u00eb Serbi \u2013 protestuesit thyejn\u00eb zyrat e partis\u00eb s\u00eb Vu\u00e7iqit -\" \/>\n<meta property=\"og:description\" content=\"Beograd, 14 gusht 2025 Qytetar\u00eb nga e gjith\u00eb Serbia u mblodh\u00ebn t\u00eb enjten p\u00ebr t\u00eb protestuar pas incidenteve t\u00eb shumta q\u00eb ndodh\u00ebn gjat\u00eb dy dit\u00ebve\" \/>\n<meta property=\"og:url\" content=\"https:\/\/veritasinfo.org\/?p=8083\" \/>\n<meta property=\"article:published_time\" content=\"2025-08-14T19:55:38+00:00\" \/>\n<meta property=\"og:image\" content=\"https:\/\/veritasinfo.org\/wp-content\/uploads\/2025\/08\/CxOk9kqTURBXy9jODRmZjMyY2Y1ODFjZWQzNmEyZDlhMjI4NGJlZTU1Zi5qcGVnkZMCzQHCAN4AAqEwBaExAg.webp\" \/>\n\t<meta property=\"og:image:width\" content=\"450\" \/>\n\t<meta property=\"og:image:height\" content=\"337\" \/>\n\t<meta property=\"og:image:type\" content=\"image\/webp\" \/>\n<meta name=\"author\" content=\"admin\" \/>\n<meta name=\"twitter:card\" content=\"summary_large_image\" \/>\n<meta name=\"twitter:label1\" content=\"Written by\" \/>\n\t<meta name=\"twitter:data1\" content=\"admin\" \/>\n\t<meta name=\"twitter:label2\" content=\"Est. reading time\" \/>\n\t<meta name=\"twitter:data2\" content=\"1 minute\" \/>\n<script type=\"application\/ld+json\" class=\"yoast-schema-graph\">{\"@context\":\"https:\/\/schema.org\",\"@graph\":[{\"@type\":\"WebPage\",\"@id\":\"https:\/\/veritasinfo.org\/?p=8083\",\"url\":\"https:\/\/veritasinfo.org\/?p=8083\",\"name\":\"Kaos total n\u00eb Serbi \u2013 protestuesit thyejn\u00eb zyrat e partis\u00eb s\u00eb Vu\u00e7iqit -\",\"isPartOf\":{\"@id\":\"https:\/\/veritasinfo.org\/#website\"},\"primaryImageOfPage\":{\"@id\":\"https:\/\/veritasinfo.org\/?p=8083#primaryimage\"},\"image\":{\"@id\":\"https:\/\/veritasinfo.org\/?p=8083#primaryimage\"},\"thumbnailUrl\":\"https:\/\/veritasinfo.org\/wp-content\/uploads\/2025\/08\/CxOk9kqTURBXy9jODRmZjMyY2Y1ODFjZWQzNmEyZDlhMjI4NGJlZTU1Zi5qcGVnkZMCzQHCAN4AAqEwBaExAg.webp\",\"datePublished\":\"2025-08-14T19:55:38+00:00\",\"author\":{\"@id\":\"https:\/\/veritasinfo.org\/#\/schema\/person\/7701f8c088bece422266b100a712374f\"},\"breadcrumb\":{\"@id\":\"https:\/\/veritasinfo.org\/?p=8083#breadcrumb\"},\"inLanguage\":\"en-US\",\"potentialAction\":[{\"@type\":\"ReadAction\",\"target\":[\"https:\/\/veritasinfo.org\/?p=8083\"]}]},{\"@type\":\"ImageObject\",\"inLanguage\":\"en-US\",\"@id\":\"https:\/\/veritasinfo.org\/?p=8083#primaryimage\",\"url\":\"https:\/\/veritasinfo.org\/wp-content\/uploads\/2025\/08\/CxOk9kqTURBXy9jODRmZjMyY2Y1ODFjZWQzNmEyZDlhMjI4NGJlZTU1Zi5qcGVnkZMCzQHCAN4AAqEwBaExAg.webp\",\"contentUrl\":\"https:\/\/veritasinfo.org\/wp-content\/uploads\/2025\/08\/CxOk9kqTURBXy9jODRmZjMyY2Y1ODFjZWQzNmEyZDlhMjI4NGJlZTU1Zi5qcGVnkZMCzQHCAN4AAqEwBaExAg.webp\",\"width\":450,\"height\":337},{\"@type\":\"BreadcrumbList\",\"@id\":\"https:\/\/veritasinfo.org\/?p=8083#breadcrumb\",\"itemListElement\":[{\"@type\":\"ListItem\",\"position\":1,\"name\":\"Home\",\"item\":\"https:\/\/veritasinfo.org\/\"},{\"@type\":\"ListItem\",\"position\":2,\"name\":\"Kaos total n\u00eb Serbi \u2013 protestuesit thyejn\u00eb zyrat e partis\u00eb s\u00eb Vu\u00e7iqit\"}]},{\"@type\":\"WebSite\",\"@id\":\"https:\/\/veritasinfo.org\/#website\",\"url\":\"https:\/\/veritasinfo.org\/\",\"name\":\"\",\"description\":\"\",\"potentialAction\":[{\"@type\":\"SearchAction\",\"target\":{\"@type\":\"EntryPoint\",\"urlTemplate\":\"https:\/\/veritasinfo.org\/?s={search_term_string}\"},\"query-input\":{\"@type\":\"PropertyValueSpecification\",\"valueRequired\":true,\"valueName\":\"search_term_string\"}}],\"inLanguage\":\"en-US\"},{\"@type\":\"Person\",\"@id\":\"https:\/\/veritasinfo.org\/#\/schema\/person\/7701f8c088bece422266b100a712374f\",\"name\":\"admin\",\"image\":{\"@type\":\"ImageObject\",\"inLanguage\":\"en-US\",\"@id\":\"https:\/\/veritasinfo.org\/#\/schema\/person\/image\/\",\"url\":\"https:\/\/secure.gravatar.com\/avatar\/ea53aa3bf6c9a12d5fde8ce4deff43fef3885ae33cf60184161a50d6987cfd2f?s=96&d=mm&r=g\",\"contentUrl\":\"https:\/\/secure.gravatar.com\/avatar\/ea53aa3bf6c9a12d5fde8ce4deff43fef3885ae33cf60184161a50d6987cfd2f?s=96&d=mm&r=g\",\"caption\":\"admin\"},\"sameAs\":[\"https:\/\/veritasinfo.org\"],\"url\":\"https:\/\/veritasinfo.org\/?author=1\"}]}<\/script>\n<!-- \/ Yoast SEO plugin. -->","yoast_head_json":{"title":"Kaos total n\u00eb Serbi \u2013 protestuesit thyejn\u00eb zyrat e partis\u00eb s\u00eb Vu\u00e7iqit -","robots":{"index":"index","follow":"follow","max-snippet":"max-snippet:-1","max-image-preview":"max-image-preview:large","max-video-preview":"max-video-preview:-1"},"canonical":"https:\/\/veritasinfo.org\/?p=8083","og_locale":"en_US","og_type":"article","og_title":"Kaos total n\u00eb Serbi \u2013 protestuesit thyejn\u00eb zyrat e partis\u00eb s\u00eb Vu\u00e7iqit -","og_description":"Beograd, 14 gusht 2025 Qytetar\u00eb nga e gjith\u00eb Serbia u mblodh\u00ebn t\u00eb enjten p\u00ebr t\u00eb protestuar pas incidenteve t\u00eb shumta q\u00eb ndodh\u00ebn gjat\u00eb dy dit\u00ebve","og_url":"https:\/\/veritasinfo.org\/?p=8083","article_published_time":"2025-08-14T19:55:38+00:00","og_image":[{"width":450,"height":337,"url":"https:\/\/veritasinfo.org\/wp-content\/uploads\/2025\/08\/CxOk9kqTURBXy9jODRmZjMyY2Y1ODFjZWQzNmEyZDlhMjI4NGJlZTU1Zi5qcGVnkZMCzQHCAN4AAqEwBaExAg.webp","type":"image\/webp"}],"author":"admin","twitter_card":"summary_large_image","twitter_misc":{"Written by":"admin","Est. reading time":"1 minute"},"schema":{"@context":"https:\/\/schema.org","@graph":[{"@type":"WebPage","@id":"https:\/\/veritasinfo.org\/?p=8083","url":"https:\/\/veritasinfo.org\/?p=8083","name":"Kaos total n\u00eb Serbi \u2013 protestuesit thyejn\u00eb zyrat e partis\u00eb s\u00eb Vu\u00e7iqit -","isPartOf":{"@id":"https:\/\/veritasinfo.org\/#website"},"primaryImageOfPage":{"@id":"https:\/\/veritasinfo.org\/?p=8083#primaryimage"},"image":{"@id":"https:\/\/veritasinfo.org\/?p=8083#primaryimage"},"thumbnailUrl":"https:\/\/veritasinfo.org\/wp-content\/uploads\/2025\/08\/CxOk9kqTURBXy9jODRmZjMyY2Y1ODFjZWQzNmEyZDlhMjI4NGJlZTU1Zi5qcGVnkZMCzQHCAN4AAqEwBaExAg.webp","datePublished":"2025-08-14T19:55:38+00:00","author":{"@id":"https:\/\/veritasinfo.org\/#\/schema\/person\/7701f8c088bece422266b100a712374f"},"breadcrumb":{"@id":"https:\/\/veritasinfo.org\/?p=8083#breadcrumb"},"inLanguage":"en-US","potentialAction":[{"@type":"ReadAction","target":["https:\/\/veritasinfo.org\/?p=8083"]}]},{"@type":"ImageObject","inLanguage":"en-US","@id":"https:\/\/veritasinfo.org\/?p=8083#primaryimage","url":"https:\/\/veritasinfo.org\/wp-content\/uploads\/2025\/08\/CxOk9kqTURBXy9jODRmZjMyY2Y1ODFjZWQzNmEyZDlhMjI4NGJlZTU1Zi5qcGVnkZMCzQHCAN4AAqEwBaExAg.webp","contentUrl":"https:\/\/veritasinfo.org\/wp-content\/uploads\/2025\/08\/CxOk9kqTURBXy9jODRmZjMyY2Y1ODFjZWQzNmEyZDlhMjI4NGJlZTU1Zi5qcGVnkZMCzQHCAN4AAqEwBaExAg.webp","width":450,"height":337},{"@type":"BreadcrumbList","@id":"https:\/\/veritasinfo.org\/?p=8083#breadcrumb","itemListElement":[{"@type":"ListItem","position":1,"name":"Home","item":"https:\/\/veritasinfo.org\/"},{"@type":"ListItem","position":2,"name":"Kaos total n\u00eb Serbi \u2013 protestuesit thyejn\u00eb zyrat e partis\u00eb s\u00eb Vu\u00e7iqit"}]},{"@type":"WebSite","@id":"https:\/\/veritasinfo.org\/#website","url":"https:\/\/veritasinfo.org\/","name":"","description":"","potentialAction":[{"@type":"SearchAction","target":{"@type":"EntryPoint","urlTemplate":"https:\/\/veritasinfo.org\/?s={search_term_string}"},"query-input":{"@type":"PropertyValueSpecification","valueRequired":true,"valueName":"search_term_string"}}],"inLanguage":"en-US"},{"@type":"Person","@id":"https:\/\/veritasinfo.org\/#\/schema\/person\/7701f8c088bece422266b100a712374f","name":"admin","image":{"@type":"ImageObject","inLanguage":"en-US","@id":"https:\/\/veritasinfo.org\/#\/schema\/person\/image\/","url":"https:\/\/secure.gravatar.com\/avatar\/ea53aa3bf6c9a12d5fde8ce4deff43fef3885ae33cf60184161a50d6987cfd2f?s=96&d=mm&r=g","contentUrl":"https:\/\/secure.gravatar.com\/avatar\/ea53aa3bf6c9a12d5fde8ce4deff43fef3885ae33cf60184161a50d6987cfd2f?s=96&d=mm&r=g","caption":"admin"},"sameAs":["https:\/\/veritasinfo.org"],"url":"https:\/\/veritasinfo.org\/?author=1"}]}},"featured_image_urls":{"full":["https:\/\/veritasinfo.org\/wp-content\/uploads\/2025\/08\/CxOk9kqTURBXy9jODRmZjMyY2Y1ODFjZWQzNmEyZDlhMjI4NGJlZTU1Zi5qcGVnkZMCzQHCAN4AAqEwBaExAg.webp",450,337,false],"thumbnail":["https:\/\/veritasinfo.org\/wp-content\/uploads\/2025\/08\/CxOk9kqTURBXy9jODRmZjMyY2Y1ODFjZWQzNmEyZDlhMjI4NGJlZTU1Zi5qcGVnkZMCzQHCAN4AAqEwBaExAg-150x150.webp",150,150,true],"medium":["https:\/\/veritasinfo.org\/wp-content\/uploads\/2025\/08\/CxOk9kqTURBXy9jODRmZjMyY2Y1ODFjZWQzNmEyZDlhMjI4NGJlZTU1Zi5qcGVnkZMCzQHCAN4AAqEwBaExAg-300x225.webp",300,225,true],"medium_large":["https:\/\/veritasinfo.org\/wp-content\/uploads\/2025\/08\/CxOk9kqTURBXy9jODRmZjMyY2Y1ODFjZWQzNmEyZDlhMjI4NGJlZTU1Zi5qcGVnkZMCzQHCAN4AAqEwBaExAg.webp",450,337,false],"large":["https:\/\/veritasinfo.org\/wp-content\/uploads\/2025\/08\/CxOk9kqTURBXy9jODRmZjMyY2Y1ODFjZWQzNmEyZDlhMjI4NGJlZTU1Zi5qcGVnkZMCzQHCAN4AAqEwBaExAg.webp",450,337,false],"1536x1536":["https:\/\/veritasinfo.org\/wp-content\/uploads\/2025\/08\/CxOk9kqTURBXy9jODRmZjMyY2Y1ODFjZWQzNmEyZDlhMjI4NGJlZTU1Zi5qcGVnkZMCzQHCAN4AAqEwBaExAg.webp",450,337,false],"2048x2048":["https:\/\/veritasinfo.org\/wp-content\/uploads\/2025\/08\/CxOk9kqTURBXy9jODRmZjMyY2Y1ODFjZWQzNmEyZDlhMjI4NGJlZTU1Zi5qcGVnkZMCzQHCAN4AAqEwBaExAg.webp",450,337,false],"kreeti-slider-full":["https:\/\/veritasinfo.org\/wp-content\/uploads\/2025\/08\/CxOk9kqTURBXy9jODRmZjMyY2Y1ODFjZWQzNmEyZDlhMjI4NGJlZTU1Zi5qcGVnkZMCzQHCAN4AAqEwBaExAg.webp",450,337,false],"kreeti-featured":["https:\/\/veritasinfo.org\/wp-content\/uploads\/2025\/08\/CxOk9kqTURBXy9jODRmZjMyY2Y1ODFjZWQzNmEyZDlhMjI4NGJlZTU1Zi5qcGVnkZMCzQHCAN4AAqEwBaExAg.webp",450,337,false],"kreeti-medium":["https:\/\/veritasinfo.org\/wp-content\/uploads\/2025\/08\/CxOk9kqTURBXy9jODRmZjMyY2Y1ODFjZWQzNmEyZDlhMjI4NGJlZTU1Zi5qcGVnkZMCzQHCAN4AAqEwBaExAg.webp",450,337,false],"kreeti-medium-square":["https:\/\/veritasinfo.org\/wp-content\/uploads\/2025\/08\/CxOk9kqTURBXy9jODRmZjMyY2Y1ODFjZWQzNmEyZDlhMjI4NGJlZTU1Zi5qcGVnkZMCzQHCAN4AAqEwBaExAg.webp",350,262,false]},"author_info":{"info":["admin"]},"category_info":"<a href=\"https:\/\/veritasinfo.org\/?cat=72\" rel=\"category\">Bota<\/a>","tag_info":"Bota","comment_count":"0","_links":{"self":[{"href":"https:\/\/veritasinfo.org\/index.php?rest_route=\/wp\/v2\/posts\/8083","targetHints":{"allow":["GET"]}}],"collection":[{"href":"https:\/\/veritasinfo.org\/index.php?rest_route=\/wp\/v2\/posts"}],"about":[{"href":"https:\/\/veritasinfo.org\/index.php?rest_route=\/wp\/v2\/types\/post"}],"author":[{"embeddable":true,"href":"https:\/\/veritasinfo.org\/index.php?rest_route=\/wp\/v2\/users\/1"}],"replies":[{"embeddable":true,"href":"https:\/\/veritasinfo.org\/index.php?rest_route=%2Fwp%2Fv2%2Fcomments&post=8083"}],"version-history":[{"count":1,"href":"https:\/\/veritasinfo.org\/index.php?rest_route=\/wp\/v2\/posts\/8083\/revisions"}],"predecessor-version":[{"id":8084,"href":"https:\/\/veritasinfo.org\/index.php?rest_route=\/wp\/v2\/posts\/8083\/revisions\/8084"}],"wp:featuredmedia":[{"embeddable":true,"href":"https:\/\/veritasinfo.org\/index.php?rest_route=\/wp\/v2\/media\/8081"}],"wp:attachment":[{"href":"https:\/\/veritasinfo.org\/index.php?rest_route=%2Fwp%2Fv2%2Fmedia&parent=8083"}],"wp:term":[{"taxonomy":"category","embeddable":true,"href":"https:\/\/veritasinfo.org\/index.php?rest_route=%2Fwp%2Fv2%2Fcategories&post=8083"},{"taxonomy":"post_tag","embeddable":true,"href":"https:\/\/veritasinfo.org\/index.php?rest_route=%2Fwp%2Fv2%2Ftags&post=8083"}],"curies":[{"name":"wp","href":"https:\/\/api.w.org\/{rel}","templated":true}]}}