{"id":8078,"date":"2025-08-14T21:14:14","date_gmt":"2025-08-14T19:14:14","guid":{"rendered":"https:\/\/veritasinfo.org\/?p=8078"},"modified":"2025-08-14T21:14:14","modified_gmt":"2025-08-14T19:14:14","slug":"pershkallezohen-protestat-ne-beograd-dhe-ne-serbi-ushtria-per-here-te-pare-perfshihet-ne-perleshje","status":"publish","type":"post","link":"https:\/\/veritasinfo.org\/?p=8078","title":{"rendered":"P\u00ebrshkall\u00ebzohen protestat n\u00eb Beograd dhe n\u00eb Serbi \u2013 ushtria p\u00ebr her\u00eb t\u00eb par\u00eb p\u00ebrfshihet n\u00eb p\u00ebrleshje"},"content":{"rendered":"<p>Beograd, 14 gusht 2025<\/p>\n<p>N\u00eb Serbi protestat po shnd\u00ebrrohen n\u00eb p\u00ebrplasje t\u00eb ashpra mes protestuesve antiqeveritar\u00eb dhe mb\u00ebshtet\u00ebsve t\u00eb presidentit Aleksandar Vu\u00e7iq. Mbr\u00ebm\u00eb n\u00eb Novi Sad, p\u00ebrve\u00e7 policis\u00eb, p\u00ebr her\u00eb t\u00eb par\u00eb n\u00eb p\u00ebrleshje \u00ebsht\u00eb p\u00ebrfshir\u00eb edhe Ushtria e Serbis\u00eb. Zyrtarisht raportohet se jan\u00eb plagosur mbi 80 protestues dhe 27 polic\u00eb.<\/p>\n<p>Dhjet\u00ebra t\u00eb plagosur, d\u00ebmtime pronash dhe rritje t\u00eb tensioneve mes pushtetit dhe protestuesve jan\u00eb bilanci i p\u00ebrplasjeve n\u00eb disa qytete t\u00eb Serbis\u00eb. Pas sulmeve t\u00eb mb\u00ebshtet\u00ebsve t\u00eb partis\u00eb s\u00eb Vu\u00e7iqit ndaj protestuesve, tubime jan\u00eb mbajtur n\u00eb rreth 30 qytete.<\/p>\n<p>N\u00eb Novi Sad pati p\u00ebrleshje t\u00eb ashpra, ku u plagos\u00ebn edhe pjes\u00ebtar\u00eb t\u00eb Ushtris\u00eb s\u00eb Serbis\u00eb \u2013 kjo \u00ebsht\u00eb hera e par\u00eb q\u00eb ushtria p\u00ebrfshihet n\u00eb konflikte politike. P\u00ebrleshje pati edhe n\u00eb qytete t\u00eb tjera, p\u00ebrfshir\u00eb Beogradin, ku policia p\u00ebrdori gaz lotsjell\u00ebs p\u00ebr t\u2019i ndaluar protestuesit q\u00eb t\u00eb afroheshin te selia e Partis\u00eb P\u00ebrparimtare Serbe. Sipas Ministris\u00eb s\u00eb Pun\u00ebve t\u00eb Brendshme, jan\u00eb plagosur 27 polic\u00eb dhe t\u00eb pakt\u00ebn 80 qytetar\u00eb.<\/p>\n<p>\u201cNuk do t\u00eb ket\u00eb luft\u00eb civile. Ata tregojn\u00eb d\u00ebshp\u00ebrim sepse jan\u00eb pak. I ftoj t\u00eb ulemi dhe t\u00eb bisedojm\u00eb. Nuk do t\u00eb ket\u00eb m\u00ebshir\u00eb p\u00ebr bandit\u00ebt dhe huligan\u00ebt\u201d, ka deklaruar presidenti i Serbis\u00eb, Aleksandar Vu\u00e7iq.<\/p>\n<p>Ministri i Pun\u00ebve t\u00eb Jashtme, Ivica Da\u00e7iq, ka theksuar se q\u00ebllimi \u00ebsht\u00eb shp\u00ebtimi i jet\u00ebs s\u00eb t\u00eb gjith\u00ebve.<\/p>\n<p>\u201cShum\u00eb prej k\u00ebtyre oficer\u00ebve t\u00eb policis\u00eb kan\u00eb l\u00ebndime t\u00eb r\u00ebnda trupore. Ajo q\u00eb \u00ebsht\u00eb e r\u00ebnd\u00ebsishme \u00ebsht\u00eb t\u2019i b\u00ebjm\u00eb thirrje t\u00eb gjith\u00ebve p\u00ebr paqe\u201d, ka th\u00ebn\u00eb ai.<\/p>\n<p>L\u00ebvizja studentore e akuzoi pushtetin p\u00ebr provokim t\u00eb q\u00ebllimsh\u00ebm t\u00eb p\u00ebrleshjeve dhe mbrojtje t\u00eb militant\u00ebve partiak\u00eb q\u00eb sulmojn\u00eb qytetar\u00ebt, nd\u00ebrsa opozita e cil\u00ebsoi dhun\u00ebn si aksion t\u00eb planifikuar p\u00ebr t\u2019i frik\u00ebsuar ata.<\/p>\n<p>\u201cGjat\u00eb pes\u00eb viteve t\u00eb fundit ne kemi protestuar p\u00ebr arsye t\u00eb ndryshme. Mesazhi p\u00ebr Vu\u00e7iqin \u00ebsht\u00eb i qart\u00eb \u2013 nuk mund t\u00eb sundosh me forc\u00eb. Ky protest \u00ebsht\u00eb vet\u00ebm nj\u00eb pik\u00eb n\u00eb oqeanin e atij rebelimi\u201d, ka deklaruar Aleksandar Jovanoviq Cuta, deputet nga \u201cKryengritja Ekologjike\u201d.<\/p>\n<p>Sipas vler\u00ebsimeve, pas protestave disamujore, kjo p\u00ebrshkall\u00ebzim i fundit bart rrezikun q\u00eb ato t\u00eb shnd\u00ebrrohen n\u00eb nj\u00eb p\u00ebrplasje t\u00eb hapur mes partis\u00eb q\u00eb kontrollon shtetin dhe qytetar\u00ebve q\u00eb k\u00ebrkojn\u00eb ndryshim politik.<\/p>\n<p>&nbsp;<\/p>\n","protected":false},"excerpt":{"rendered":"<p>Beograd, 14 gusht 2025 N\u00eb Serbi protestat po shnd\u00ebrrohen n\u00eb p\u00ebrplasje t\u00eb ashpra mes protestuesve antiqeveritar\u00eb dhe mb\u00ebshtet\u00ebsve t\u00eb presidentit Aleksandar Vu\u00e7iq. Mbr\u00ebm\u00eb n\u00eb Novi<\/p>\n","protected":false},"author":1,"featured_media":8076,"comment_status":"open","ping_status":"open","sticky":false,"template":"","format":"standard","meta":{"footnotes":""},"categories":[72],"tags":[],"class_list":["post-8078","post","type-post","status-publish","format-standard","has-post-thumbnail","hentry","category-bota"],"yoast_head":"<!-- This site is optimized with the Yoast SEO plugin v25.3.1 - https:\/\/yoast.com\/wordpress\/plugins\/seo\/ -->\n<title>P\u00ebrshkall\u00ebzohen protestat n\u00eb Beograd dhe n\u00eb Serbi \u2013 ushtria p\u00ebr her\u00eb t\u00eb par\u00eb p\u00ebrfshihet n\u00eb p\u00ebrleshje -<\/title>\n<meta name=\"robots\" content=\"index, follow, max-snippet:-1, max-image-preview:large, max-video-preview:-1\" \/>\n<link rel=\"canonical\" href=\"https:\/\/veritasinfo.org\/?p=8078\" \/>\n<meta property=\"og:locale\" content=\"en_US\" \/>\n<meta property=\"og:type\" content=\"article\" \/>\n<meta property=\"og:title\" content=\"P\u00ebrshkall\u00ebzohen protestat n\u00eb Beograd dhe n\u00eb Serbi \u2013 ushtria p\u00ebr her\u00eb t\u00eb par\u00eb p\u00ebrfshihet n\u00eb p\u00ebrleshje -\" \/>\n<meta property=\"og:description\" content=\"Beograd, 14 gusht 2025 N\u00eb Serbi protestat po shnd\u00ebrrohen n\u00eb p\u00ebrplasje t\u00eb ashpra mes protestuesve antiqeveritar\u00eb dhe mb\u00ebshtet\u00ebsve t\u00eb presidentit Aleksandar Vu\u00e7iq. Mbr\u00ebm\u00eb n\u00eb Novi\" \/>\n<meta property=\"og:url\" content=\"https:\/\/veritasinfo.org\/?p=8078\" \/>\n<meta property=\"article:published_time\" content=\"2025-08-14T19:14:14+00:00\" \/>\n<meta property=\"og:image\" content=\"https:\/\/veritasinfo.org\/wp-content\/uploads\/2025\/08\/GyT_SxhXMAQr7-j.jpeg\" \/>\n\t<meta property=\"og:image:width\" content=\"900\" \/>\n\t<meta property=\"og:image:height\" content=\"617\" \/>\n\t<meta property=\"og:image:type\" content=\"image\/jpeg\" \/>\n<meta name=\"author\" content=\"admin\" \/>\n<meta name=\"twitter:card\" content=\"summary_large_image\" \/>\n<meta name=\"twitter:label1\" content=\"Written by\" \/>\n\t<meta name=\"twitter:data1\" content=\"admin\" \/>\n\t<meta name=\"twitter:label2\" content=\"Est. reading time\" \/>\n\t<meta name=\"twitter:data2\" content=\"2 minutes\" \/>\n<script type=\"application\/ld+json\" class=\"yoast-schema-graph\">{\"@context\":\"https:\/\/schema.org\",\"@graph\":[{\"@type\":\"WebPage\",\"@id\":\"https:\/\/veritasinfo.org\/?p=8078\",\"url\":\"https:\/\/veritasinfo.org\/?p=8078\",\"name\":\"P\u00ebrshkall\u00ebzohen protestat n\u00eb Beograd dhe n\u00eb Serbi \u2013 ushtria p\u00ebr her\u00eb t\u00eb par\u00eb p\u00ebrfshihet n\u00eb p\u00ebrleshje -\",\"isPartOf\":{\"@id\":\"https:\/\/veritasinfo.org\/#website\"},\"primaryImageOfPage\":{\"@id\":\"https:\/\/veritasinfo.org\/?p=8078#primaryimage\"},\"image\":{\"@id\":\"https:\/\/veritasinfo.org\/?p=8078#primaryimage\"},\"thumbnailUrl\":\"https:\/\/veritasinfo.org\/wp-content\/uploads\/2025\/08\/GyT_SxhXMAQr7-j.jpeg\",\"datePublished\":\"2025-08-14T19:14:14+00:00\",\"author\":{\"@id\":\"https:\/\/veritasinfo.org\/#\/schema\/person\/7701f8c088bece422266b100a712374f\"},\"breadcrumb\":{\"@id\":\"https:\/\/veritasinfo.org\/?p=8078#breadcrumb\"},\"inLanguage\":\"en-US\",\"potentialAction\":[{\"@type\":\"ReadAction\",\"target\":[\"https:\/\/veritasinfo.org\/?p=8078\"]}]},{\"@type\":\"ImageObject\",\"inLanguage\":\"en-US\",\"@id\":\"https:\/\/veritasinfo.org\/?p=8078#primaryimage\",\"url\":\"https:\/\/veritasinfo.org\/wp-content\/uploads\/2025\/08\/GyT_SxhXMAQr7-j.jpeg\",\"contentUrl\":\"https:\/\/veritasinfo.org\/wp-content\/uploads\/2025\/08\/GyT_SxhXMAQr7-j.jpeg\",\"width\":900,\"height\":617},{\"@type\":\"BreadcrumbList\",\"@id\":\"https:\/\/veritasinfo.org\/?p=8078#breadcrumb\",\"itemListElement\":[{\"@type\":\"ListItem\",\"position\":1,\"name\":\"Home\",\"item\":\"https:\/\/veritasinfo.org\/\"},{\"@type\":\"ListItem\",\"position\":2,\"name\":\"P\u00ebrshkall\u00ebzohen protestat n\u00eb Beograd dhe n\u00eb Serbi \u2013 ushtria p\u00ebr her\u00eb t\u00eb par\u00eb p\u00ebrfshihet n\u00eb p\u00ebrleshje\"}]},{\"@type\":\"WebSite\",\"@id\":\"https:\/\/veritasinfo.org\/#website\",\"url\":\"https:\/\/veritasinfo.org\/\",\"name\":\"\",\"description\":\"\",\"potentialAction\":[{\"@type\":\"SearchAction\",\"target\":{\"@type\":\"EntryPoint\",\"urlTemplate\":\"https:\/\/veritasinfo.org\/?s={search_term_string}\"},\"query-input\":{\"@type\":\"PropertyValueSpecification\",\"valueRequired\":true,\"valueName\":\"search_term_string\"}}],\"inLanguage\":\"en-US\"},{\"@type\":\"Person\",\"@id\":\"https:\/\/veritasinfo.org\/#\/schema\/person\/7701f8c088bece422266b100a712374f\",\"name\":\"admin\",\"image\":{\"@type\":\"ImageObject\",\"inLanguage\":\"en-US\",\"@id\":\"https:\/\/veritasinfo.org\/#\/schema\/person\/image\/\",\"url\":\"https:\/\/secure.gravatar.com\/avatar\/ea53aa3bf6c9a12d5fde8ce4deff43fef3885ae33cf60184161a50d6987cfd2f?s=96&d=mm&r=g\",\"contentUrl\":\"https:\/\/secure.gravatar.com\/avatar\/ea53aa3bf6c9a12d5fde8ce4deff43fef3885ae33cf60184161a50d6987cfd2f?s=96&d=mm&r=g\",\"caption\":\"admin\"},\"sameAs\":[\"https:\/\/veritasinfo.org\"],\"url\":\"https:\/\/veritasinfo.org\/?author=1\"}]}<\/script>\n<!-- \/ Yoast SEO plugin. -->","yoast_head_json":{"title":"P\u00ebrshkall\u00ebzohen protestat n\u00eb Beograd dhe n\u00eb Serbi \u2013 ushtria p\u00ebr her\u00eb t\u00eb par\u00eb p\u00ebrfshihet n\u00eb p\u00ebrleshje -","robots":{"index":"index","follow":"follow","max-snippet":"max-snippet:-1","max-image-preview":"max-image-preview:large","max-video-preview":"max-video-preview:-1"},"canonical":"https:\/\/veritasinfo.org\/?p=8078","og_locale":"en_US","og_type":"article","og_title":"P\u00ebrshkall\u00ebzohen protestat n\u00eb Beograd dhe n\u00eb Serbi \u2013 ushtria p\u00ebr her\u00eb t\u00eb par\u00eb p\u00ebrfshihet n\u00eb p\u00ebrleshje -","og_description":"Beograd, 14 gusht 2025 N\u00eb Serbi protestat po shnd\u00ebrrohen n\u00eb p\u00ebrplasje t\u00eb ashpra mes protestuesve antiqeveritar\u00eb dhe mb\u00ebshtet\u00ebsve t\u00eb presidentit Aleksandar Vu\u00e7iq. Mbr\u00ebm\u00eb n\u00eb Novi","og_url":"https:\/\/veritasinfo.org\/?p=8078","article_published_time":"2025-08-14T19:14:14+00:00","og_image":[{"width":900,"height":617,"url":"https:\/\/veritasinfo.org\/wp-content\/uploads\/2025\/08\/GyT_SxhXMAQr7-j.jpeg","type":"image\/jpeg"}],"author":"admin","twitter_card":"summary_large_image","twitter_misc":{"Written by":"admin","Est. reading time":"2 minutes"},"schema":{"@context":"https:\/\/schema.org","@graph":[{"@type":"WebPage","@id":"https:\/\/veritasinfo.org\/?p=8078","url":"https:\/\/veritasinfo.org\/?p=8078","name":"P\u00ebrshkall\u00ebzohen protestat n\u00eb Beograd dhe n\u00eb Serbi \u2013 ushtria p\u00ebr her\u00eb t\u00eb par\u00eb p\u00ebrfshihet n\u00eb p\u00ebrleshje -","isPartOf":{"@id":"https:\/\/veritasinfo.org\/#website"},"primaryImageOfPage":{"@id":"https:\/\/veritasinfo.org\/?p=8078#primaryimage"},"image":{"@id":"https:\/\/veritasinfo.org\/?p=8078#primaryimage"},"thumbnailUrl":"https:\/\/veritasinfo.org\/wp-content\/uploads\/2025\/08\/GyT_SxhXMAQr7-j.jpeg","datePublished":"2025-08-14T19:14:14+00:00","author":{"@id":"https:\/\/veritasinfo.org\/#\/schema\/person\/7701f8c088bece422266b100a712374f"},"breadcrumb":{"@id":"https:\/\/veritasinfo.org\/?p=8078#breadcrumb"},"inLanguage":"en-US","potentialAction":[{"@type":"ReadAction","target":["https:\/\/veritasinfo.org\/?p=8078"]}]},{"@type":"ImageObject","inLanguage":"en-US","@id":"https:\/\/veritasinfo.org\/?p=8078#primaryimage","url":"https:\/\/veritasinfo.org\/wp-content\/uploads\/2025\/08\/GyT_SxhXMAQr7-j.jpeg","contentUrl":"https:\/\/veritasinfo.org\/wp-content\/uploads\/2025\/08\/GyT_SxhXMAQr7-j.jpeg","width":900,"height":617},{"@type":"BreadcrumbList","@id":"https:\/\/veritasinfo.org\/?p=8078#breadcrumb","itemListElement":[{"@type":"ListItem","position":1,"name":"Home","item":"https:\/\/veritasinfo.org\/"},{"@type":"ListItem","position":2,"name":"P\u00ebrshkall\u00ebzohen protestat n\u00eb Beograd dhe n\u00eb Serbi \u2013 ushtria p\u00ebr her\u00eb t\u00eb par\u00eb p\u00ebrfshihet n\u00eb p\u00ebrleshje"}]},{"@type":"WebSite","@id":"https:\/\/veritasinfo.org\/#website","url":"https:\/\/veritasinfo.org\/","name":"","description":"","potentialAction":[{"@type":"SearchAction","target":{"@type":"EntryPoint","urlTemplate":"https:\/\/veritasinfo.org\/?s={search_term_string}"},"query-input":{"@type":"PropertyValueSpecification","valueRequired":true,"valueName":"search_term_string"}}],"inLanguage":"en-US"},{"@type":"Person","@id":"https:\/\/veritasinfo.org\/#\/schema\/person\/7701f8c088bece422266b100a712374f","name":"admin","image":{"@type":"ImageObject","inLanguage":"en-US","@id":"https:\/\/veritasinfo.org\/#\/schema\/person\/image\/","url":"https:\/\/secure.gravatar.com\/avatar\/ea53aa3bf6c9a12d5fde8ce4deff43fef3885ae33cf60184161a50d6987cfd2f?s=96&d=mm&r=g","contentUrl":"https:\/\/secure.gravatar.com\/avatar\/ea53aa3bf6c9a12d5fde8ce4deff43fef3885ae33cf60184161a50d6987cfd2f?s=96&d=mm&r=g","caption":"admin"},"sameAs":["https:\/\/veritasinfo.org"],"url":"https:\/\/veritasinfo.org\/?author=1"}]}},"featured_image_urls":{"full":["https:\/\/veritasinfo.org\/wp-content\/uploads\/2025\/08\/GyT_SxhXMAQr7-j.jpeg",900,617,false],"thumbnail":["https:\/\/veritasinfo.org\/wp-content\/uploads\/2025\/08\/GyT_SxhXMAQr7-j-150x150.jpeg",150,150,true],"medium":["https:\/\/veritasinfo.org\/wp-content\/uploads\/2025\/08\/GyT_SxhXMAQr7-j-300x206.jpeg",300,206,true],"medium_large":["https:\/\/veritasinfo.org\/wp-content\/uploads\/2025\/08\/GyT_SxhXMAQr7-j-768x527.jpeg",640,439,true],"large":["https:\/\/veritasinfo.org\/wp-content\/uploads\/2025\/08\/GyT_SxhXMAQr7-j.jpeg",640,439,false],"1536x1536":["https:\/\/veritasinfo.org\/wp-content\/uploads\/2025\/08\/GyT_SxhXMAQr7-j.jpeg",900,617,false],"2048x2048":["https:\/\/veritasinfo.org\/wp-content\/uploads\/2025\/08\/GyT_SxhXMAQr7-j.jpeg",900,617,false],"kreeti-slider-full":["https:\/\/veritasinfo.org\/wp-content\/uploads\/2025\/08\/GyT_SxhXMAQr7-j.jpeg",900,617,false],"kreeti-featured":["https:\/\/veritasinfo.org\/wp-content\/uploads\/2025\/08\/GyT_SxhXMAQr7-j.jpeg",900,617,false],"kreeti-medium":["https:\/\/veritasinfo.org\/wp-content\/uploads\/2025\/08\/GyT_SxhXMAQr7-j.jpeg",720,494,false],"kreeti-medium-square":["https:\/\/veritasinfo.org\/wp-content\/uploads\/2025\/08\/GyT_SxhXMAQr7-j.jpeg",350,240,false]},"author_info":{"info":["admin"]},"category_info":"<a href=\"https:\/\/veritasinfo.org\/?cat=72\" rel=\"category\">Bota<\/a>","tag_info":"Bota","comment_count":"0","_links":{"self":[{"href":"https:\/\/veritasinfo.org\/index.php?rest_route=\/wp\/v2\/posts\/8078","targetHints":{"allow":["GET"]}}],"collection":[{"href":"https:\/\/veritasinfo.org\/index.php?rest_route=\/wp\/v2\/posts"}],"about":[{"href":"https:\/\/veritasinfo.org\/index.php?rest_route=\/wp\/v2\/types\/post"}],"author":[{"embeddable":true,"href":"https:\/\/veritasinfo.org\/index.php?rest_route=\/wp\/v2\/users\/1"}],"replies":[{"embeddable":true,"href":"https:\/\/veritasinfo.org\/index.php?rest_route=%2Fwp%2Fv2%2Fcomments&post=8078"}],"version-history":[{"count":1,"href":"https:\/\/veritasinfo.org\/index.php?rest_route=\/wp\/v2\/posts\/8078\/revisions"}],"predecessor-version":[{"id":8079,"href":"https:\/\/veritasinfo.org\/index.php?rest_route=\/wp\/v2\/posts\/8078\/revisions\/8079"}],"wp:featuredmedia":[{"embeddable":true,"href":"https:\/\/veritasinfo.org\/index.php?rest_route=\/wp\/v2\/media\/8076"}],"wp:attachment":[{"href":"https:\/\/veritasinfo.org\/index.php?rest_route=%2Fwp%2Fv2%2Fmedia&parent=8078"}],"wp:term":[{"taxonomy":"category","embeddable":true,"href":"https:\/\/veritasinfo.org\/index.php?rest_route=%2Fwp%2Fv2%2Fcategories&post=8078"},{"taxonomy":"post_tag","embeddable":true,"href":"https:\/\/veritasinfo.org\/index.php?rest_route=%2Fwp%2Fv2%2Ftags&post=8078"}],"curies":[{"name":"wp","href":"https:\/\/api.w.org\/{rel}","templated":true}]}}