{"id":8073,"date":"2025-08-14T20:48:20","date_gmt":"2025-08-14T18:48:20","guid":{"rendered":"https:\/\/veritasinfo.org\/?p=8073"},"modified":"2025-08-14T20:48:20","modified_gmt":"2025-08-14T18:48:20","slug":"zoran-vukotiqit-i-bashkohen-denimet-per-krime-lufte-rasti-i-pare-ne-kosove","status":"publish","type":"post","link":"https:\/\/veritasinfo.org\/?p=8073","title":{"rendered":"Zoran Vukotiqit i bashkohen d\u00ebnimet p\u00ebr krime lufte \u2013 rasti i par\u00eb n\u00eb Kosov\u00eb"},"content":{"rendered":"<p>Prishtin\u00eb, 14 gusht 2025<\/p>\n<p>Zoran Vukotiqi \u00ebsht\u00eb b\u00ebr\u00eb rasti i par\u00eb n\u00eb Kosov\u00eb ku jan\u00eb bashkuar disa d\u00ebnime t\u00eb shqiptuara p\u00ebr krime lufte. Kund\u00ebr tij jan\u00eb zhvilluar disa procese gjyq\u00ebsore, nd\u00ebrsa me vendime t\u00eb form\u00ebs s\u00eb prer\u00eb \u00ebsht\u00eb d\u00ebnuar p\u00ebr tre vepra \u2013 krime lufte kund\u00ebr popullsis\u00eb civile t\u00eb kryera gjat\u00eb luft\u00ebs n\u00eb Kosov\u00eb.<\/p>\n<p>Gjykata Themelore n\u00eb Prishtin\u00eb ka vendosur t\u00eb bashkoj\u00eb dy d\u00ebnime t\u00eb form\u00ebs s\u00eb prer\u00eb \u2013 6 vite e gjasht\u00eb muaj p\u00ebr dhunim gjat\u00eb luft\u00ebs, tortur\u00eb dhe rrahje t\u00eb t\u00eb burgosurve n\u00eb burgun e Smrekonic\u00ebs, si dhe 15 vite p\u00ebr vrasjen e 13-vje\u00e7arit Burim Muli. Me bashkimin e tyre, Vukotiqit i \u00ebsht\u00eb caktuar nj\u00eb d\u00ebnim unik prej 19 vitesh burg. N\u00eb proces \u00ebsht\u00eb edhe \u00e7\u00ebshtja e vrasjes s\u00eb t\u00eb miturit, e cila mund t\u2019i bashkohet k\u00ebtij unifikimi.<\/p>\n<p>Vendimi \u00ebsht\u00eb marr\u00eb me k\u00ebrkes\u00eb t\u00eb mbrojtjes s\u00eb tij, nd\u00ebrsa Gjykata e Apelit e ka refuzuar ankes\u00ebn e mbrojt\u00ebsit dhe Gjykata Supreme e ka hedhur si t\u00eb palejueshme ankes\u00ebn e t\u00eb d\u00ebnuarit.<\/p>\n<p>Sipas Fatmire Halitit nga \u201cQendra Kosovare p\u00ebr Rehabilitimin e t\u00eb Mbijetuarve t\u00eb Tortur\u00ebs\u201d, ky vendim p\u00ebrb\u00ebn nj\u00eb hap t\u00eb r\u00ebnd\u00ebsish\u00ebm q\u00eb mund t\u00eb sh\u00ebrbej\u00eb si model p\u00ebr raste t\u00eb tjera, por ajo theksoi se d\u00ebnimi maksimal prej 15 vitesh p\u00ebr krime t\u00eb tilla mizore mbetet i papranuesh\u00ebm p\u00ebr viktimat dhe familjar\u00ebt e tyre.<\/p>\n<p>Edhe Amer Alija nga \u201cFondi p\u00ebr t\u00eb Drejt\u00ebn Humanitare n\u00eb Kosov\u00eb\u201d sqaroi se ligji i ish-Jugosllavis\u00eb, i zbatuar n\u00eb k\u00ebt\u00eb rast, nuk ka parapar\u00eb d\u00ebnime nga 16 deri n\u00eb 19 vite p\u00ebr k\u00ebto vepra, por maksimum 15 vjet ose, n\u00eb rrethana t\u00eb caktuara, 20 vjet burg.<\/p>\n<p>Procesi ndaj Vukotiqit do t\u00eb vazhdoj\u00eb derisa t\u00eb ket\u00eb nj\u00eb epilog p\u00ebrfundimtar, nd\u00ebrsa RTK ka m\u00ebsuar se viktima t\u00eb tjera t\u00eb dhun\u00ebs seksuale gjat\u00eb luft\u00ebs nga ana e tij do t\u00eb paraqesin rastet e tyre p\u00ebr t\u00eb k\u00ebrkuar drejt\u00ebsi.<\/p>\n<p>&nbsp;<\/p>\n<p>&nbsp;<\/p>\n","protected":false},"excerpt":{"rendered":"<p>Prishtin\u00eb, 14 gusht 2025 Zoran Vukotiqi \u00ebsht\u00eb b\u00ebr\u00eb rasti i par\u00eb n\u00eb Kosov\u00eb ku jan\u00eb bashkuar disa d\u00ebnime t\u00eb shqiptuara p\u00ebr krime lufte. Kund\u00ebr tij<\/p>\n","protected":false},"author":1,"featured_media":8071,"comment_status":"open","ping_status":"open","sticky":false,"template":"","format":"standard","meta":{"footnotes":""},"categories":[60],"tags":[],"class_list":["post-8073","post","type-post","status-publish","format-standard","has-post-thumbnail","hentry","category-shoqerore-sq"],"yoast_head":"<!-- This site is optimized with the Yoast SEO plugin v25.3.1 - https:\/\/yoast.com\/wordpress\/plugins\/seo\/ -->\n<title>Zoran Vukotiqit i bashkohen d\u00ebnimet p\u00ebr krime lufte \u2013 rasti i par\u00eb n\u00eb Kosov\u00eb -<\/title>\n<meta name=\"robots\" content=\"index, follow, max-snippet:-1, max-image-preview:large, max-video-preview:-1\" \/>\n<link rel=\"canonical\" href=\"https:\/\/veritasinfo.org\/?p=8073\" \/>\n<meta property=\"og:locale\" content=\"en_US\" \/>\n<meta property=\"og:type\" content=\"article\" \/>\n<meta property=\"og:title\" content=\"Zoran Vukotiqit i bashkohen d\u00ebnimet p\u00ebr krime lufte \u2013 rasti i par\u00eb n\u00eb Kosov\u00eb -\" \/>\n<meta property=\"og:description\" content=\"Prishtin\u00eb, 14 gusht 2025 Zoran Vukotiqi \u00ebsht\u00eb b\u00ebr\u00eb rasti i par\u00eb n\u00eb Kosov\u00eb ku jan\u00eb bashkuar disa d\u00ebnime t\u00eb shqiptuara p\u00ebr krime lufte. Kund\u00ebr tij\" \/>\n<meta property=\"og:url\" content=\"https:\/\/veritasinfo.org\/?p=8073\" \/>\n<meta property=\"article:published_time\" content=\"2025-08-14T18:48:20+00:00\" \/>\n<meta property=\"og:image\" content=\"https:\/\/veritasinfo.org\/wp-content\/uploads\/2025\/08\/IMG_8066-1536x896-1.jpeg\" \/>\n\t<meta property=\"og:image:width\" content=\"1536\" \/>\n\t<meta property=\"og:image:height\" content=\"896\" \/>\n\t<meta property=\"og:image:type\" content=\"image\/jpeg\" \/>\n<meta name=\"author\" content=\"admin\" \/>\n<meta name=\"twitter:card\" content=\"summary_large_image\" \/>\n<meta name=\"twitter:label1\" content=\"Written by\" \/>\n\t<meta name=\"twitter:data1\" content=\"admin\" \/>\n\t<meta name=\"twitter:label2\" content=\"Est. reading time\" \/>\n\t<meta name=\"twitter:data2\" content=\"2 minutes\" \/>\n<script type=\"application\/ld+json\" class=\"yoast-schema-graph\">{\"@context\":\"https:\/\/schema.org\",\"@graph\":[{\"@type\":\"WebPage\",\"@id\":\"https:\/\/veritasinfo.org\/?p=8073\",\"url\":\"https:\/\/veritasinfo.org\/?p=8073\",\"name\":\"Zoran Vukotiqit i bashkohen d\u00ebnimet p\u00ebr krime lufte \u2013 rasti i par\u00eb n\u00eb Kosov\u00eb -\",\"isPartOf\":{\"@id\":\"https:\/\/veritasinfo.org\/#website\"},\"primaryImageOfPage\":{\"@id\":\"https:\/\/veritasinfo.org\/?p=8073#primaryimage\"},\"image\":{\"@id\":\"https:\/\/veritasinfo.org\/?p=8073#primaryimage\"},\"thumbnailUrl\":\"https:\/\/veritasinfo.org\/wp-content\/uploads\/2025\/08\/IMG_8066-1536x896-1.jpeg\",\"datePublished\":\"2025-08-14T18:48:20+00:00\",\"author\":{\"@id\":\"https:\/\/veritasinfo.org\/#\/schema\/person\/7701f8c088bece422266b100a712374f\"},\"breadcrumb\":{\"@id\":\"https:\/\/veritasinfo.org\/?p=8073#breadcrumb\"},\"inLanguage\":\"en-US\",\"potentialAction\":[{\"@type\":\"ReadAction\",\"target\":[\"https:\/\/veritasinfo.org\/?p=8073\"]}]},{\"@type\":\"ImageObject\",\"inLanguage\":\"en-US\",\"@id\":\"https:\/\/veritasinfo.org\/?p=8073#primaryimage\",\"url\":\"https:\/\/veritasinfo.org\/wp-content\/uploads\/2025\/08\/IMG_8066-1536x896-1.jpeg\",\"contentUrl\":\"https:\/\/veritasinfo.org\/wp-content\/uploads\/2025\/08\/IMG_8066-1536x896-1.jpeg\",\"width\":1536,\"height\":896,\"caption\":\"Screenshot\"},{\"@type\":\"BreadcrumbList\",\"@id\":\"https:\/\/veritasinfo.org\/?p=8073#breadcrumb\",\"itemListElement\":[{\"@type\":\"ListItem\",\"position\":1,\"name\":\"Home\",\"item\":\"https:\/\/veritasinfo.org\/\"},{\"@type\":\"ListItem\",\"position\":2,\"name\":\"Zoran Vukotiqit i bashkohen d\u00ebnimet p\u00ebr krime lufte \u2013 rasti i par\u00eb n\u00eb Kosov\u00eb\"}]},{\"@type\":\"WebSite\",\"@id\":\"https:\/\/veritasinfo.org\/#website\",\"url\":\"https:\/\/veritasinfo.org\/\",\"name\":\"\",\"description\":\"\",\"potentialAction\":[{\"@type\":\"SearchAction\",\"target\":{\"@type\":\"EntryPoint\",\"urlTemplate\":\"https:\/\/veritasinfo.org\/?s={search_term_string}\"},\"query-input\":{\"@type\":\"PropertyValueSpecification\",\"valueRequired\":true,\"valueName\":\"search_term_string\"}}],\"inLanguage\":\"en-US\"},{\"@type\":\"Person\",\"@id\":\"https:\/\/veritasinfo.org\/#\/schema\/person\/7701f8c088bece422266b100a712374f\",\"name\":\"admin\",\"image\":{\"@type\":\"ImageObject\",\"inLanguage\":\"en-US\",\"@id\":\"https:\/\/veritasinfo.org\/#\/schema\/person\/image\/\",\"url\":\"https:\/\/secure.gravatar.com\/avatar\/ea53aa3bf6c9a12d5fde8ce4deff43fef3885ae33cf60184161a50d6987cfd2f?s=96&d=mm&r=g\",\"contentUrl\":\"https:\/\/secure.gravatar.com\/avatar\/ea53aa3bf6c9a12d5fde8ce4deff43fef3885ae33cf60184161a50d6987cfd2f?s=96&d=mm&r=g\",\"caption\":\"admin\"},\"sameAs\":[\"https:\/\/veritasinfo.org\"],\"url\":\"https:\/\/veritasinfo.org\/?author=1\"}]}<\/script>\n<!-- \/ Yoast SEO plugin. -->","yoast_head_json":{"title":"Zoran Vukotiqit i bashkohen d\u00ebnimet p\u00ebr krime lufte \u2013 rasti i par\u00eb n\u00eb Kosov\u00eb -","robots":{"index":"index","follow":"follow","max-snippet":"max-snippet:-1","max-image-preview":"max-image-preview:large","max-video-preview":"max-video-preview:-1"},"canonical":"https:\/\/veritasinfo.org\/?p=8073","og_locale":"en_US","og_type":"article","og_title":"Zoran Vukotiqit i bashkohen d\u00ebnimet p\u00ebr krime lufte \u2013 rasti i par\u00eb n\u00eb Kosov\u00eb -","og_description":"Prishtin\u00eb, 14 gusht 2025 Zoran Vukotiqi \u00ebsht\u00eb b\u00ebr\u00eb rasti i par\u00eb n\u00eb Kosov\u00eb ku jan\u00eb bashkuar disa d\u00ebnime t\u00eb shqiptuara p\u00ebr krime lufte. Kund\u00ebr tij","og_url":"https:\/\/veritasinfo.org\/?p=8073","article_published_time":"2025-08-14T18:48:20+00:00","og_image":[{"width":1536,"height":896,"url":"https:\/\/veritasinfo.org\/wp-content\/uploads\/2025\/08\/IMG_8066-1536x896-1.jpeg","type":"image\/jpeg"}],"author":"admin","twitter_card":"summary_large_image","twitter_misc":{"Written by":"admin","Est. reading time":"2 minutes"},"schema":{"@context":"https:\/\/schema.org","@graph":[{"@type":"WebPage","@id":"https:\/\/veritasinfo.org\/?p=8073","url":"https:\/\/veritasinfo.org\/?p=8073","name":"Zoran Vukotiqit i bashkohen d\u00ebnimet p\u00ebr krime lufte \u2013 rasti i par\u00eb n\u00eb Kosov\u00eb -","isPartOf":{"@id":"https:\/\/veritasinfo.org\/#website"},"primaryImageOfPage":{"@id":"https:\/\/veritasinfo.org\/?p=8073#primaryimage"},"image":{"@id":"https:\/\/veritasinfo.org\/?p=8073#primaryimage"},"thumbnailUrl":"https:\/\/veritasinfo.org\/wp-content\/uploads\/2025\/08\/IMG_8066-1536x896-1.jpeg","datePublished":"2025-08-14T18:48:20+00:00","author":{"@id":"https:\/\/veritasinfo.org\/#\/schema\/person\/7701f8c088bece422266b100a712374f"},"breadcrumb":{"@id":"https:\/\/veritasinfo.org\/?p=8073#breadcrumb"},"inLanguage":"en-US","potentialAction":[{"@type":"ReadAction","target":["https:\/\/veritasinfo.org\/?p=8073"]}]},{"@type":"ImageObject","inLanguage":"en-US","@id":"https:\/\/veritasinfo.org\/?p=8073#primaryimage","url":"https:\/\/veritasinfo.org\/wp-content\/uploads\/2025\/08\/IMG_8066-1536x896-1.jpeg","contentUrl":"https:\/\/veritasinfo.org\/wp-content\/uploads\/2025\/08\/IMG_8066-1536x896-1.jpeg","width":1536,"height":896,"caption":"Screenshot"},{"@type":"BreadcrumbList","@id":"https:\/\/veritasinfo.org\/?p=8073#breadcrumb","itemListElement":[{"@type":"ListItem","position":1,"name":"Home","item":"https:\/\/veritasinfo.org\/"},{"@type":"ListItem","position":2,"name":"Zoran Vukotiqit i bashkohen d\u00ebnimet p\u00ebr krime lufte \u2013 rasti i par\u00eb n\u00eb Kosov\u00eb"}]},{"@type":"WebSite","@id":"https:\/\/veritasinfo.org\/#website","url":"https:\/\/veritasinfo.org\/","name":"","description":"","potentialAction":[{"@type":"SearchAction","target":{"@type":"EntryPoint","urlTemplate":"https:\/\/veritasinfo.org\/?s={search_term_string}"},"query-input":{"@type":"PropertyValueSpecification","valueRequired":true,"valueName":"search_term_string"}}],"inLanguage":"en-US"},{"@type":"Person","@id":"https:\/\/veritasinfo.org\/#\/schema\/person\/7701f8c088bece422266b100a712374f","name":"admin","image":{"@type":"ImageObject","inLanguage":"en-US","@id":"https:\/\/veritasinfo.org\/#\/schema\/person\/image\/","url":"https:\/\/secure.gravatar.com\/avatar\/ea53aa3bf6c9a12d5fde8ce4deff43fef3885ae33cf60184161a50d6987cfd2f?s=96&d=mm&r=g","contentUrl":"https:\/\/secure.gravatar.com\/avatar\/ea53aa3bf6c9a12d5fde8ce4deff43fef3885ae33cf60184161a50d6987cfd2f?s=96&d=mm&r=g","caption":"admin"},"sameAs":["https:\/\/veritasinfo.org"],"url":"https:\/\/veritasinfo.org\/?author=1"}]}},"featured_image_urls":{"full":["https:\/\/veritasinfo.org\/wp-content\/uploads\/2025\/08\/IMG_8066-1536x896-1.jpeg",1536,896,false],"thumbnail":["https:\/\/veritasinfo.org\/wp-content\/uploads\/2025\/08\/IMG_8066-1536x896-1-150x150.jpeg",150,150,true],"medium":["https:\/\/veritasinfo.org\/wp-content\/uploads\/2025\/08\/IMG_8066-1536x896-1-300x175.jpeg",300,175,true],"medium_large":["https:\/\/veritasinfo.org\/wp-content\/uploads\/2025\/08\/IMG_8066-1536x896-1-768x448.jpeg",640,373,true],"large":["https:\/\/veritasinfo.org\/wp-content\/uploads\/2025\/08\/IMG_8066-1536x896-1-1024x597.jpeg",640,373,true],"1536x1536":["https:\/\/veritasinfo.org\/wp-content\/uploads\/2025\/08\/IMG_8066-1536x896-1.jpeg",1536,896,false],"2048x2048":["https:\/\/veritasinfo.org\/wp-content\/uploads\/2025\/08\/IMG_8066-1536x896-1.jpeg",1536,896,false],"kreeti-slider-full":["https:\/\/veritasinfo.org\/wp-content\/uploads\/2025\/08\/IMG_8066-1536x896-1.jpeg",1234,720,false],"kreeti-featured":["https:\/\/veritasinfo.org\/wp-content\/uploads\/2025\/08\/IMG_8066-1536x896-1.jpeg",1024,597,false],"kreeti-medium":["https:\/\/veritasinfo.org\/wp-content\/uploads\/2025\/08\/IMG_8066-1536x896-1.jpeg",720,420,false],"kreeti-medium-square":["https:\/\/veritasinfo.org\/wp-content\/uploads\/2025\/08\/IMG_8066-1536x896-1.jpeg",350,204,false]},"author_info":{"info":["admin"]},"category_info":"<a href=\"https:\/\/veritasinfo.org\/?cat=60\" rel=\"category\">Shoq\u00ebrore<\/a>","tag_info":"Shoq\u00ebrore","comment_count":"0","_links":{"self":[{"href":"https:\/\/veritasinfo.org\/index.php?rest_route=\/wp\/v2\/posts\/8073","targetHints":{"allow":["GET"]}}],"collection":[{"href":"https:\/\/veritasinfo.org\/index.php?rest_route=\/wp\/v2\/posts"}],"about":[{"href":"https:\/\/veritasinfo.org\/index.php?rest_route=\/wp\/v2\/types\/post"}],"author":[{"embeddable":true,"href":"https:\/\/veritasinfo.org\/index.php?rest_route=\/wp\/v2\/users\/1"}],"replies":[{"embeddable":true,"href":"https:\/\/veritasinfo.org\/index.php?rest_route=%2Fwp%2Fv2%2Fcomments&post=8073"}],"version-history":[{"count":1,"href":"https:\/\/veritasinfo.org\/index.php?rest_route=\/wp\/v2\/posts\/8073\/revisions"}],"predecessor-version":[{"id":8074,"href":"https:\/\/veritasinfo.org\/index.php?rest_route=\/wp\/v2\/posts\/8073\/revisions\/8074"}],"wp:featuredmedia":[{"embeddable":true,"href":"https:\/\/veritasinfo.org\/index.php?rest_route=\/wp\/v2\/media\/8071"}],"wp:attachment":[{"href":"https:\/\/veritasinfo.org\/index.php?rest_route=%2Fwp%2Fv2%2Fmedia&parent=8073"}],"wp:term":[{"taxonomy":"category","embeddable":true,"href":"https:\/\/veritasinfo.org\/index.php?rest_route=%2Fwp%2Fv2%2Fcategories&post=8073"},{"taxonomy":"post_tag","embeddable":true,"href":"https:\/\/veritasinfo.org\/index.php?rest_route=%2Fwp%2Fv2%2Ftags&post=8073"}],"curies":[{"name":"wp","href":"https:\/\/api.w.org\/{rel}","templated":true}]}}