{"id":8066,"date":"2025-08-14T19:44:07","date_gmt":"2025-08-14T17:44:07","guid":{"rendered":"https:\/\/veritasinfo.org\/?p=8066"},"modified":"2025-08-14T19:44:07","modified_gmt":"2025-08-14T17:44:07","slug":"ne-shtator-finalizohet-plani-per-aleancen-ushtarake-kosove-shqiperi-kroaci","status":"publish","type":"post","link":"https:\/\/veritasinfo.org\/?p=8066","title":{"rendered":"N\u00eb shtator finalizohet plani p\u00ebr aleanc\u00ebn ushtarake Kosov\u00eb\u2013Shqip\u00ebri\u2013Kroaci"},"content":{"rendered":"<p>14 gusht, 2025<\/p>\n<p>Aleanca ushtarake mes Kosov\u00ebs, Shqip\u00ebris\u00eb dhe Kroacis\u00eb po hyn n\u00eb faz\u00ebn e konkretizimit, me planin e zbatimit q\u00eb pritet t\u00eb p\u00ebrfundoj\u00eb n\u00eb shtator. Sipas k\u00ebsaj marr\u00ebveshjeje, tre shtetet synojn\u00eb jo vet\u00ebm t\u00eb rrisin bashk\u00ebpunimin n\u00eb fush\u00ebn e mbrojtjes dhe t\u00eb zhvillojn\u00eb st\u00ebrvitje t\u00eb p\u00ebrbashk\u00ebta, por edhe t\u00eb realizojn\u00eb blerje t\u00eb p\u00ebrbashk\u00ebta t\u00eb armatimit \u2013 nj\u00eb model q\u00eb, sipas ekspert\u00ebve t\u00eb siguris\u00eb, ul kostot, p\u00ebrshpejton furnizimet dhe standardizon kapacitetet ushtarake sipas praktikave t\u00eb NATO-s.<\/p>\n<p>Plani, i firmosur m\u00eb her\u00ebt nga ministrat e mbrojtjes t\u00eb tri vendeve, p\u00ebrfshin blerjen e armatimit me nj\u00eb porosi t\u00eb vetme. Eksperti i siguris\u00eb, Nuredin Ibishi, thekson se ky format e b\u00ebn m\u00eb t\u00eb leht\u00eb sigurimin e pajisjeve me \u00e7mime m\u00eb t\u00eb favorshme, sidomos kur b\u00ebhet fjal\u00eb p\u00ebr armatim amerikan, q\u00eb mbetet opsioni kryesor.<\/p>\n<p>Ministri n\u00eb detyr\u00eb i Mbrojtjes s\u00eb Kosov\u00ebs, Ejup Maqedonci, ka b\u00ebr\u00eb t\u00eb ditur se m\u00eb 18 korrik n\u00eb Tiran\u00eb \u00ebsht\u00eb mbajtur takimi i grupit punues p\u00ebr detajimin e planit t\u00eb zbatimit, nd\u00ebrsa dokumenti p\u00ebrfundimtar do t\u2019u paraqitet p\u00ebr miratim ministrive n\u00eb shtator. Sipas tij, blerja e p\u00ebrbashk\u00ebt nga SHBA-ja, n\u00eb vend t\u00eb tre porosive t\u00eb ndara, mund\u00ebson \u00e7mim m\u00eb t\u00eb ul\u00ebt dhe afate m\u00eb t\u00eb shpejta t\u00eb dor\u00ebzimit.<\/p>\n<p>Deklarata p\u00ebr bashk\u00ebpunim ushtarak u n\u00ebnshkrua m\u00eb 18 mars n\u00eb Tiran\u00eb dhe parashikon rritjen e nd\u00ebrveprueshm\u00ebris\u00eb s\u00eb forcave p\u00ebrmes trajnimeve e ushtrimeve t\u00eb p\u00ebrbashk\u00ebta, luft\u00ebn kund\u00ebr k\u00ebrc\u00ebnimeve hibride dhe koordinimin e politikave drejt integrimeve euroatlantike.<\/p>\n<p>Ish-z\u00ebvend\u00ebsministri i Mbrojtjes, Bejtush Gashi, e vler\u00ebson k\u00ebt\u00eb marr\u00ebveshje si nj\u00eb p\u00ebrgjigje t\u00eb sinkronizuar ndaj ndryshimeve n\u00eb mjedisin gjeostrategjik evropian pas agresionit rus n\u00eb Ukrain\u00eb dhe forcimit t\u00eb kapaciteteve ushtarake t\u00eb Serbis\u00eb. Sipas tij, edhe pse nuk z\u00ebvend\u00ebson Nenin 5 t\u00eb Kart\u00ebs s\u00eb Atlantikut t\u00eb Veriut, ajo p\u00ebrputhet me Nenin 4, duke siguruar konsultime t\u00eb menj\u00ebhershme mes aleat\u00ebve n\u00eb rast k\u00ebrc\u00ebnimi.<\/p>\n<p>&nbsp;<\/p>\n<p>Si Gashi, ashtu edhe Ibishi, theksojn\u00eb se aleanca ka karakter mbrojt\u00ebs dhe se tri shtetet nuk kan\u00eb pretendime territoriale. Ata kujtojn\u00eb se Serbia ka iniciuar marr\u00ebveshje t\u00eb ngjashme n\u00eb t\u00eb kaluar\u00ebn, p\u00ebrfshir\u00eb at\u00eb me Hungarin\u00eb n\u00eb vitin 2023.<\/p>\n<p>Shqip\u00ebria dhe Kroacia jan\u00eb an\u00ebtare t\u00eb NATO-s, nd\u00ebrsa Kosova synon t\u2019i bashkohet Aleanc\u00ebs. Deklarata e n\u00ebnshkruar parashikon edhe mund\u00ebsin\u00eb q\u00eb vende t\u00eb tjera t\u2019i bashkohen, dhe \u00ebsht\u00eb konfirmuar se Bullgaria ka marr\u00eb ftes\u00eb.<\/p>\n","protected":false},"excerpt":{"rendered":"<p>14 gusht, 2025 Aleanca ushtarake mes Kosov\u00ebs, Shqip\u00ebris\u00eb dhe Kroacis\u00eb po hyn n\u00eb faz\u00ebn e konkretizimit, me planin e zbatimit q\u00eb pritet t\u00eb p\u00ebrfundoj\u00eb n\u00eb<\/p>\n","protected":false},"author":1,"featured_media":8064,"comment_status":"open","ping_status":"open","sticky":false,"template":"","format":"standard","meta":{"footnotes":""},"categories":[60],"tags":[],"class_list":["post-8066","post","type-post","status-publish","format-standard","has-post-thumbnail","hentry","category-shoqerore-sq"],"yoast_head":"<!-- This site is optimized with the Yoast SEO plugin v25.3.1 - https:\/\/yoast.com\/wordpress\/plugins\/seo\/ -->\n<title>N\u00eb shtator finalizohet plani p\u00ebr aleanc\u00ebn ushtarake Kosov\u00eb\u2013Shqip\u00ebri\u2013Kroaci -<\/title>\n<meta name=\"robots\" content=\"index, follow, max-snippet:-1, max-image-preview:large, max-video-preview:-1\" \/>\n<link rel=\"canonical\" href=\"https:\/\/veritasinfo.org\/?p=8066\" \/>\n<meta property=\"og:locale\" content=\"en_US\" \/>\n<meta property=\"og:type\" content=\"article\" \/>\n<meta property=\"og:title\" content=\"N\u00eb shtator finalizohet plani p\u00ebr aleanc\u00ebn ushtarake Kosov\u00eb\u2013Shqip\u00ebri\u2013Kroaci -\" \/>\n<meta property=\"og:description\" content=\"14 gusht, 2025 Aleanca ushtarake mes Kosov\u00ebs, Shqip\u00ebris\u00eb dhe Kroacis\u00eb po hyn n\u00eb faz\u00ebn e konkretizimit, me planin e zbatimit q\u00eb pritet t\u00eb p\u00ebrfundoj\u00eb n\u00eb\" \/>\n<meta property=\"og:url\" content=\"https:\/\/veritasinfo.org\/?p=8066\" \/>\n<meta property=\"article:published_time\" content=\"2025-08-14T17:44:07+00:00\" \/>\n<meta property=\"og:image\" content=\"https:\/\/veritasinfo.org\/wp-content\/uploads\/2025\/08\/vojn-1-_67d96c753fc6c_970x970r-1.webp\" \/>\n\t<meta property=\"og:image:width\" content=\"970\" \/>\n\t<meta property=\"og:image:height\" content=\"647\" \/>\n\t<meta property=\"og:image:type\" content=\"image\/webp\" \/>\n<meta name=\"author\" content=\"admin\" \/>\n<meta name=\"twitter:card\" content=\"summary_large_image\" \/>\n<meta name=\"twitter:label1\" content=\"Written by\" \/>\n\t<meta name=\"twitter:data1\" content=\"admin\" \/>\n\t<meta name=\"twitter:label2\" content=\"Est. reading time\" \/>\n\t<meta name=\"twitter:data2\" content=\"2 minutes\" \/>\n<script type=\"application\/ld+json\" class=\"yoast-schema-graph\">{\"@context\":\"https:\/\/schema.org\",\"@graph\":[{\"@type\":\"WebPage\",\"@id\":\"https:\/\/veritasinfo.org\/?p=8066\",\"url\":\"https:\/\/veritasinfo.org\/?p=8066\",\"name\":\"N\u00eb shtator finalizohet plani p\u00ebr aleanc\u00ebn ushtarake Kosov\u00eb\u2013Shqip\u00ebri\u2013Kroaci -\",\"isPartOf\":{\"@id\":\"https:\/\/veritasinfo.org\/#website\"},\"primaryImageOfPage\":{\"@id\":\"https:\/\/veritasinfo.org\/?p=8066#primaryimage\"},\"image\":{\"@id\":\"https:\/\/veritasinfo.org\/?p=8066#primaryimage\"},\"thumbnailUrl\":\"https:\/\/veritasinfo.org\/wp-content\/uploads\/2025\/08\/vojn-1-_67d96c753fc6c_970x970r-1.webp\",\"datePublished\":\"2025-08-14T17:44:07+00:00\",\"author\":{\"@id\":\"https:\/\/veritasinfo.org\/#\/schema\/person\/7701f8c088bece422266b100a712374f\"},\"breadcrumb\":{\"@id\":\"https:\/\/veritasinfo.org\/?p=8066#breadcrumb\"},\"inLanguage\":\"en-US\",\"potentialAction\":[{\"@type\":\"ReadAction\",\"target\":[\"https:\/\/veritasinfo.org\/?p=8066\"]}]},{\"@type\":\"ImageObject\",\"inLanguage\":\"en-US\",\"@id\":\"https:\/\/veritasinfo.org\/?p=8066#primaryimage\",\"url\":\"https:\/\/veritasinfo.org\/wp-content\/uploads\/2025\/08\/vojn-1-_67d96c753fc6c_970x970r-1.webp\",\"contentUrl\":\"https:\/\/veritasinfo.org\/wp-content\/uploads\/2025\/08\/vojn-1-_67d96c753fc6c_970x970r-1.webp\",\"width\":970,\"height\":647},{\"@type\":\"BreadcrumbList\",\"@id\":\"https:\/\/veritasinfo.org\/?p=8066#breadcrumb\",\"itemListElement\":[{\"@type\":\"ListItem\",\"position\":1,\"name\":\"Home\",\"item\":\"https:\/\/veritasinfo.org\/\"},{\"@type\":\"ListItem\",\"position\":2,\"name\":\"N\u00eb shtator finalizohet plani p\u00ebr aleanc\u00ebn ushtarake Kosov\u00eb\u2013Shqip\u00ebri\u2013Kroaci\"}]},{\"@type\":\"WebSite\",\"@id\":\"https:\/\/veritasinfo.org\/#website\",\"url\":\"https:\/\/veritasinfo.org\/\",\"name\":\"\",\"description\":\"\",\"potentialAction\":[{\"@type\":\"SearchAction\",\"target\":{\"@type\":\"EntryPoint\",\"urlTemplate\":\"https:\/\/veritasinfo.org\/?s={search_term_string}\"},\"query-input\":{\"@type\":\"PropertyValueSpecification\",\"valueRequired\":true,\"valueName\":\"search_term_string\"}}],\"inLanguage\":\"en-US\"},{\"@type\":\"Person\",\"@id\":\"https:\/\/veritasinfo.org\/#\/schema\/person\/7701f8c088bece422266b100a712374f\",\"name\":\"admin\",\"image\":{\"@type\":\"ImageObject\",\"inLanguage\":\"en-US\",\"@id\":\"https:\/\/veritasinfo.org\/#\/schema\/person\/image\/\",\"url\":\"https:\/\/secure.gravatar.com\/avatar\/ea53aa3bf6c9a12d5fde8ce4deff43fef3885ae33cf60184161a50d6987cfd2f?s=96&d=mm&r=g\",\"contentUrl\":\"https:\/\/secure.gravatar.com\/avatar\/ea53aa3bf6c9a12d5fde8ce4deff43fef3885ae33cf60184161a50d6987cfd2f?s=96&d=mm&r=g\",\"caption\":\"admin\"},\"sameAs\":[\"https:\/\/veritasinfo.org\"],\"url\":\"https:\/\/veritasinfo.org\/?author=1\"}]}<\/script>\n<!-- \/ Yoast SEO plugin. -->","yoast_head_json":{"title":"N\u00eb shtator finalizohet plani p\u00ebr aleanc\u00ebn ushtarake Kosov\u00eb\u2013Shqip\u00ebri\u2013Kroaci -","robots":{"index":"index","follow":"follow","max-snippet":"max-snippet:-1","max-image-preview":"max-image-preview:large","max-video-preview":"max-video-preview:-1"},"canonical":"https:\/\/veritasinfo.org\/?p=8066","og_locale":"en_US","og_type":"article","og_title":"N\u00eb shtator finalizohet plani p\u00ebr aleanc\u00ebn ushtarake Kosov\u00eb\u2013Shqip\u00ebri\u2013Kroaci -","og_description":"14 gusht, 2025 Aleanca ushtarake mes Kosov\u00ebs, Shqip\u00ebris\u00eb dhe Kroacis\u00eb po hyn n\u00eb faz\u00ebn e konkretizimit, me planin e zbatimit q\u00eb pritet t\u00eb p\u00ebrfundoj\u00eb n\u00eb","og_url":"https:\/\/veritasinfo.org\/?p=8066","article_published_time":"2025-08-14T17:44:07+00:00","og_image":[{"width":970,"height":647,"url":"https:\/\/veritasinfo.org\/wp-content\/uploads\/2025\/08\/vojn-1-_67d96c753fc6c_970x970r-1.webp","type":"image\/webp"}],"author":"admin","twitter_card":"summary_large_image","twitter_misc":{"Written by":"admin","Est. reading time":"2 minutes"},"schema":{"@context":"https:\/\/schema.org","@graph":[{"@type":"WebPage","@id":"https:\/\/veritasinfo.org\/?p=8066","url":"https:\/\/veritasinfo.org\/?p=8066","name":"N\u00eb shtator finalizohet plani p\u00ebr aleanc\u00ebn ushtarake Kosov\u00eb\u2013Shqip\u00ebri\u2013Kroaci -","isPartOf":{"@id":"https:\/\/veritasinfo.org\/#website"},"primaryImageOfPage":{"@id":"https:\/\/veritasinfo.org\/?p=8066#primaryimage"},"image":{"@id":"https:\/\/veritasinfo.org\/?p=8066#primaryimage"},"thumbnailUrl":"https:\/\/veritasinfo.org\/wp-content\/uploads\/2025\/08\/vojn-1-_67d96c753fc6c_970x970r-1.webp","datePublished":"2025-08-14T17:44:07+00:00","author":{"@id":"https:\/\/veritasinfo.org\/#\/schema\/person\/7701f8c088bece422266b100a712374f"},"breadcrumb":{"@id":"https:\/\/veritasinfo.org\/?p=8066#breadcrumb"},"inLanguage":"en-US","potentialAction":[{"@type":"ReadAction","target":["https:\/\/veritasinfo.org\/?p=8066"]}]},{"@type":"ImageObject","inLanguage":"en-US","@id":"https:\/\/veritasinfo.org\/?p=8066#primaryimage","url":"https:\/\/veritasinfo.org\/wp-content\/uploads\/2025\/08\/vojn-1-_67d96c753fc6c_970x970r-1.webp","contentUrl":"https:\/\/veritasinfo.org\/wp-content\/uploads\/2025\/08\/vojn-1-_67d96c753fc6c_970x970r-1.webp","width":970,"height":647},{"@type":"BreadcrumbList","@id":"https:\/\/veritasinfo.org\/?p=8066#breadcrumb","itemListElement":[{"@type":"ListItem","position":1,"name":"Home","item":"https:\/\/veritasinfo.org\/"},{"@type":"ListItem","position":2,"name":"N\u00eb shtator finalizohet plani p\u00ebr aleanc\u00ebn ushtarake Kosov\u00eb\u2013Shqip\u00ebri\u2013Kroaci"}]},{"@type":"WebSite","@id":"https:\/\/veritasinfo.org\/#website","url":"https:\/\/veritasinfo.org\/","name":"","description":"","potentialAction":[{"@type":"SearchAction","target":{"@type":"EntryPoint","urlTemplate":"https:\/\/veritasinfo.org\/?s={search_term_string}"},"query-input":{"@type":"PropertyValueSpecification","valueRequired":true,"valueName":"search_term_string"}}],"inLanguage":"en-US"},{"@type":"Person","@id":"https:\/\/veritasinfo.org\/#\/schema\/person\/7701f8c088bece422266b100a712374f","name":"admin","image":{"@type":"ImageObject","inLanguage":"en-US","@id":"https:\/\/veritasinfo.org\/#\/schema\/person\/image\/","url":"https:\/\/secure.gravatar.com\/avatar\/ea53aa3bf6c9a12d5fde8ce4deff43fef3885ae33cf60184161a50d6987cfd2f?s=96&d=mm&r=g","contentUrl":"https:\/\/secure.gravatar.com\/avatar\/ea53aa3bf6c9a12d5fde8ce4deff43fef3885ae33cf60184161a50d6987cfd2f?s=96&d=mm&r=g","caption":"admin"},"sameAs":["https:\/\/veritasinfo.org"],"url":"https:\/\/veritasinfo.org\/?author=1"}]}},"featured_image_urls":{"full":["https:\/\/veritasinfo.org\/wp-content\/uploads\/2025\/08\/vojn-1-_67d96c753fc6c_970x970r-1.webp",970,647,false],"thumbnail":["https:\/\/veritasinfo.org\/wp-content\/uploads\/2025\/08\/vojn-1-_67d96c753fc6c_970x970r-1-150x150.webp",150,150,true],"medium":["https:\/\/veritasinfo.org\/wp-content\/uploads\/2025\/08\/vojn-1-_67d96c753fc6c_970x970r-1-300x200.webp",300,200,true],"medium_large":["https:\/\/veritasinfo.org\/wp-content\/uploads\/2025\/08\/vojn-1-_67d96c753fc6c_970x970r-1-768x512.webp",640,427,true],"large":["https:\/\/veritasinfo.org\/wp-content\/uploads\/2025\/08\/vojn-1-_67d96c753fc6c_970x970r-1.webp",640,427,false],"1536x1536":["https:\/\/veritasinfo.org\/wp-content\/uploads\/2025\/08\/vojn-1-_67d96c753fc6c_970x970r-1.webp",970,647,false],"2048x2048":["https:\/\/veritasinfo.org\/wp-content\/uploads\/2025\/08\/vojn-1-_67d96c753fc6c_970x970r-1.webp",970,647,false],"kreeti-slider-full":["https:\/\/veritasinfo.org\/wp-content\/uploads\/2025\/08\/vojn-1-_67d96c753fc6c_970x970r-1.webp",970,647,false],"kreeti-featured":["https:\/\/veritasinfo.org\/wp-content\/uploads\/2025\/08\/vojn-1-_67d96c753fc6c_970x970r-1.webp",970,647,false],"kreeti-medium":["https:\/\/veritasinfo.org\/wp-content\/uploads\/2025\/08\/vojn-1-_67d96c753fc6c_970x970r-1.webp",720,480,false],"kreeti-medium-square":["https:\/\/veritasinfo.org\/wp-content\/uploads\/2025\/08\/vojn-1-_67d96c753fc6c_970x970r-1.webp",350,233,false]},"author_info":{"info":["admin"]},"category_info":"<a href=\"https:\/\/veritasinfo.org\/?cat=60\" rel=\"category\">Shoq\u00ebrore<\/a>","tag_info":"Shoq\u00ebrore","comment_count":"0","_links":{"self":[{"href":"https:\/\/veritasinfo.org\/index.php?rest_route=\/wp\/v2\/posts\/8066","targetHints":{"allow":["GET"]}}],"collection":[{"href":"https:\/\/veritasinfo.org\/index.php?rest_route=\/wp\/v2\/posts"}],"about":[{"href":"https:\/\/veritasinfo.org\/index.php?rest_route=\/wp\/v2\/types\/post"}],"author":[{"embeddable":true,"href":"https:\/\/veritasinfo.org\/index.php?rest_route=\/wp\/v2\/users\/1"}],"replies":[{"embeddable":true,"href":"https:\/\/veritasinfo.org\/index.php?rest_route=%2Fwp%2Fv2%2Fcomments&post=8066"}],"version-history":[{"count":1,"href":"https:\/\/veritasinfo.org\/index.php?rest_route=\/wp\/v2\/posts\/8066\/revisions"}],"predecessor-version":[{"id":8067,"href":"https:\/\/veritasinfo.org\/index.php?rest_route=\/wp\/v2\/posts\/8066\/revisions\/8067"}],"wp:featuredmedia":[{"embeddable":true,"href":"https:\/\/veritasinfo.org\/index.php?rest_route=\/wp\/v2\/media\/8064"}],"wp:attachment":[{"href":"https:\/\/veritasinfo.org\/index.php?rest_route=%2Fwp%2Fv2%2Fmedia&parent=8066"}],"wp:term":[{"taxonomy":"category","embeddable":true,"href":"https:\/\/veritasinfo.org\/index.php?rest_route=%2Fwp%2Fv2%2Fcategories&post=8066"},{"taxonomy":"post_tag","embeddable":true,"href":"https:\/\/veritasinfo.org\/index.php?rest_route=%2Fwp%2Fv2%2Ftags&post=8066"}],"curies":[{"name":"wp","href":"https:\/\/api.w.org\/{rel}","templated":true}]}}