{"id":8061,"date":"2025-08-14T18:56:30","date_gmt":"2025-08-14T16:56:30","guid":{"rendered":"https:\/\/veritasinfo.org\/?p=8061"},"modified":"2025-08-14T18:56:30","modified_gmt":"2025-08-14T16:56:30","slug":"nato-vendos-forca-rezerve-per-stervitje-ne-kosove","status":"publish","type":"post","link":"https:\/\/veritasinfo.org\/?p=8061","title":{"rendered":"NATO vendos forca rezerv\u00eb p\u00ebr st\u00ebrvitje n\u00eb Kosov\u00eb"},"content":{"rendered":"<p>14 gusht 2025<\/p>\n<p>KFOR ka njoftuar se nj\u00eb kontingjent i forcave rezerv\u00eb t\u00eb NATO-s ka filluar vendosjen e p\u00ebrkohshme n\u00eb Kosov\u00eb, me q\u00ebllim zhvillimin e aktiviteteve st\u00ebrvitore me nj\u00ebsit\u00eb e saj.<\/p>\n<p>Sipas njoftimit, grupi i par\u00eb i \u201cScots Guards\u201d \u2013 regjiment k\u00ebmb\u00ebsorie e leht\u00eb e mekanizuar nga Mbret\u00ebria e Bashkuar \u2013 ka mb\u00ebrritur tashm\u00eb dhe do t\u00eb q\u00ebndroj\u00eb p\u00ebrkoh\u00ebsisht p\u00ebr trajnime operative.<\/p>\n<p>Ky aktivitet, i cili organizohet rregullisht, synon rritjen e gatishm\u00ebris\u00eb operacionale t\u00eb KFOR-it dhe aft\u00ebsin\u00eb p\u00ebr t\u00eb reaguar n\u00eb m\u00ebnyr\u00eb efektive ndaj \u00e7do zhvillimi t\u00eb siguris\u00eb.<\/p>\n<p>KFOR ka theksuar se veprimtaria realizohet n\u00eb p\u00ebrputhje me mandatin afatgjat\u00eb t\u00eb dh\u00ebn\u00eb nga Kombet e Bashkuara, duke kontribuar n\u00eb krijimin e nj\u00eb mjedisi t\u00eb sigurt dhe t\u00eb q\u00ebndruesh\u00ebm p\u00ebr t\u00eb gjith\u00eb njer\u00ebzit dhe komunitetet n\u00eb Kosov\u00eb, si dhe duke garantuar lirin\u00eb e l\u00ebvizjes n\u00eb m\u00ebnyr\u00eb t\u00eb paanshme, n\u00eb bashk\u00ebpunim me Policin\u00eb e Kosov\u00ebs dhe misionin e BE-s\u00eb p\u00ebr sundimin e ligjit (EULEX).<\/p>\n<p>&nbsp;<\/p>\n<p>&nbsp;<\/p>\n","protected":false},"excerpt":{"rendered":"<p>14 gusht 2025 KFOR ka njoftuar se nj\u00eb kontingjent i forcave rezerv\u00eb t\u00eb NATO-s ka filluar vendosjen e p\u00ebrkohshme n\u00eb Kosov\u00eb, me q\u00ebllim zhvillimin e<\/p>\n","protected":false},"author":1,"featured_media":8059,"comment_status":"open","ping_status":"open","sticky":false,"template":"","format":"standard","meta":{"footnotes":""},"categories":[60],"tags":[],"class_list":["post-8061","post","type-post","status-publish","format-standard","has-post-thumbnail","hentry","category-shoqerore-sq"],"yoast_head":"<!-- This site is optimized with the Yoast SEO plugin v25.3.1 - https:\/\/yoast.com\/wordpress\/plugins\/seo\/ -->\n<title>NATO vendos forca rezerv\u00eb p\u00ebr st\u00ebrvitje n\u00eb Kosov\u00eb -<\/title>\n<meta name=\"robots\" content=\"index, follow, max-snippet:-1, max-image-preview:large, max-video-preview:-1\" \/>\n<link rel=\"canonical\" href=\"https:\/\/veritasinfo.org\/?p=8061\" \/>\n<meta property=\"og:locale\" content=\"en_US\" \/>\n<meta property=\"og:type\" content=\"article\" \/>\n<meta property=\"og:title\" content=\"NATO vendos forca rezerv\u00eb p\u00ebr st\u00ebrvitje n\u00eb Kosov\u00eb -\" \/>\n<meta property=\"og:description\" content=\"14 gusht 2025 KFOR ka njoftuar se nj\u00eb kontingjent i forcave rezerv\u00eb t\u00eb NATO-s ka filluar vendosjen e p\u00ebrkohshme n\u00eb Kosov\u00eb, me q\u00ebllim zhvillimin e\" \/>\n<meta property=\"og:url\" content=\"https:\/\/veritasinfo.org\/?p=8061\" \/>\n<meta property=\"article:published_time\" content=\"2025-08-14T16:56:30+00:00\" \/>\n<meta property=\"og:image\" content=\"https:\/\/veritasinfo.org\/wp-content\/uploads\/2025\/08\/KFOR_18.jpg\" \/>\n\t<meta property=\"og:image:width\" content=\"670\" \/>\n\t<meta property=\"og:image:height\" content=\"357\" \/>\n\t<meta property=\"og:image:type\" content=\"image\/jpeg\" \/>\n<meta name=\"author\" content=\"admin\" \/>\n<meta name=\"twitter:card\" content=\"summary_large_image\" \/>\n<meta name=\"twitter:label1\" content=\"Written by\" \/>\n\t<meta name=\"twitter:data1\" content=\"admin\" \/>\n\t<meta name=\"twitter:label2\" content=\"Est. reading time\" \/>\n\t<meta name=\"twitter:data2\" content=\"1 minute\" \/>\n<script type=\"application\/ld+json\" class=\"yoast-schema-graph\">{\"@context\":\"https:\/\/schema.org\",\"@graph\":[{\"@type\":\"WebPage\",\"@id\":\"https:\/\/veritasinfo.org\/?p=8061\",\"url\":\"https:\/\/veritasinfo.org\/?p=8061\",\"name\":\"NATO vendos forca rezerv\u00eb p\u00ebr st\u00ebrvitje n\u00eb Kosov\u00eb -\",\"isPartOf\":{\"@id\":\"https:\/\/veritasinfo.org\/#website\"},\"primaryImageOfPage\":{\"@id\":\"https:\/\/veritasinfo.org\/?p=8061#primaryimage\"},\"image\":{\"@id\":\"https:\/\/veritasinfo.org\/?p=8061#primaryimage\"},\"thumbnailUrl\":\"https:\/\/veritasinfo.org\/wp-content\/uploads\/2025\/08\/KFOR_18.jpg\",\"datePublished\":\"2025-08-14T16:56:30+00:00\",\"author\":{\"@id\":\"https:\/\/veritasinfo.org\/#\/schema\/person\/7701f8c088bece422266b100a712374f\"},\"breadcrumb\":{\"@id\":\"https:\/\/veritasinfo.org\/?p=8061#breadcrumb\"},\"inLanguage\":\"en-US\",\"potentialAction\":[{\"@type\":\"ReadAction\",\"target\":[\"https:\/\/veritasinfo.org\/?p=8061\"]}]},{\"@type\":\"ImageObject\",\"inLanguage\":\"en-US\",\"@id\":\"https:\/\/veritasinfo.org\/?p=8061#primaryimage\",\"url\":\"https:\/\/veritasinfo.org\/wp-content\/uploads\/2025\/08\/KFOR_18.jpg\",\"contentUrl\":\"https:\/\/veritasinfo.org\/wp-content\/uploads\/2025\/08\/KFOR_18.jpg\",\"width\":670,\"height\":357},{\"@type\":\"BreadcrumbList\",\"@id\":\"https:\/\/veritasinfo.org\/?p=8061#breadcrumb\",\"itemListElement\":[{\"@type\":\"ListItem\",\"position\":1,\"name\":\"Home\",\"item\":\"https:\/\/veritasinfo.org\/\"},{\"@type\":\"ListItem\",\"position\":2,\"name\":\"NATO vendos forca rezerv\u00eb p\u00ebr st\u00ebrvitje n\u00eb Kosov\u00eb\"}]},{\"@type\":\"WebSite\",\"@id\":\"https:\/\/veritasinfo.org\/#website\",\"url\":\"https:\/\/veritasinfo.org\/\",\"name\":\"\",\"description\":\"\",\"potentialAction\":[{\"@type\":\"SearchAction\",\"target\":{\"@type\":\"EntryPoint\",\"urlTemplate\":\"https:\/\/veritasinfo.org\/?s={search_term_string}\"},\"query-input\":{\"@type\":\"PropertyValueSpecification\",\"valueRequired\":true,\"valueName\":\"search_term_string\"}}],\"inLanguage\":\"en-US\"},{\"@type\":\"Person\",\"@id\":\"https:\/\/veritasinfo.org\/#\/schema\/person\/7701f8c088bece422266b100a712374f\",\"name\":\"admin\",\"image\":{\"@type\":\"ImageObject\",\"inLanguage\":\"en-US\",\"@id\":\"https:\/\/veritasinfo.org\/#\/schema\/person\/image\/\",\"url\":\"https:\/\/secure.gravatar.com\/avatar\/ea53aa3bf6c9a12d5fde8ce4deff43fef3885ae33cf60184161a50d6987cfd2f?s=96&d=mm&r=g\",\"contentUrl\":\"https:\/\/secure.gravatar.com\/avatar\/ea53aa3bf6c9a12d5fde8ce4deff43fef3885ae33cf60184161a50d6987cfd2f?s=96&d=mm&r=g\",\"caption\":\"admin\"},\"sameAs\":[\"https:\/\/veritasinfo.org\"],\"url\":\"https:\/\/veritasinfo.org\/?author=1\"}]}<\/script>\n<!-- \/ Yoast SEO plugin. -->","yoast_head_json":{"title":"NATO vendos forca rezerv\u00eb p\u00ebr st\u00ebrvitje n\u00eb Kosov\u00eb -","robots":{"index":"index","follow":"follow","max-snippet":"max-snippet:-1","max-image-preview":"max-image-preview:large","max-video-preview":"max-video-preview:-1"},"canonical":"https:\/\/veritasinfo.org\/?p=8061","og_locale":"en_US","og_type":"article","og_title":"NATO vendos forca rezerv\u00eb p\u00ebr st\u00ebrvitje n\u00eb Kosov\u00eb -","og_description":"14 gusht 2025 KFOR ka njoftuar se nj\u00eb kontingjent i forcave rezerv\u00eb t\u00eb NATO-s ka filluar vendosjen e p\u00ebrkohshme n\u00eb Kosov\u00eb, me q\u00ebllim zhvillimin e","og_url":"https:\/\/veritasinfo.org\/?p=8061","article_published_time":"2025-08-14T16:56:30+00:00","og_image":[{"width":670,"height":357,"url":"https:\/\/veritasinfo.org\/wp-content\/uploads\/2025\/08\/KFOR_18.jpg","type":"image\/jpeg"}],"author":"admin","twitter_card":"summary_large_image","twitter_misc":{"Written by":"admin","Est. reading time":"1 minute"},"schema":{"@context":"https:\/\/schema.org","@graph":[{"@type":"WebPage","@id":"https:\/\/veritasinfo.org\/?p=8061","url":"https:\/\/veritasinfo.org\/?p=8061","name":"NATO vendos forca rezerv\u00eb p\u00ebr st\u00ebrvitje n\u00eb Kosov\u00eb -","isPartOf":{"@id":"https:\/\/veritasinfo.org\/#website"},"primaryImageOfPage":{"@id":"https:\/\/veritasinfo.org\/?p=8061#primaryimage"},"image":{"@id":"https:\/\/veritasinfo.org\/?p=8061#primaryimage"},"thumbnailUrl":"https:\/\/veritasinfo.org\/wp-content\/uploads\/2025\/08\/KFOR_18.jpg","datePublished":"2025-08-14T16:56:30+00:00","author":{"@id":"https:\/\/veritasinfo.org\/#\/schema\/person\/7701f8c088bece422266b100a712374f"},"breadcrumb":{"@id":"https:\/\/veritasinfo.org\/?p=8061#breadcrumb"},"inLanguage":"en-US","potentialAction":[{"@type":"ReadAction","target":["https:\/\/veritasinfo.org\/?p=8061"]}]},{"@type":"ImageObject","inLanguage":"en-US","@id":"https:\/\/veritasinfo.org\/?p=8061#primaryimage","url":"https:\/\/veritasinfo.org\/wp-content\/uploads\/2025\/08\/KFOR_18.jpg","contentUrl":"https:\/\/veritasinfo.org\/wp-content\/uploads\/2025\/08\/KFOR_18.jpg","width":670,"height":357},{"@type":"BreadcrumbList","@id":"https:\/\/veritasinfo.org\/?p=8061#breadcrumb","itemListElement":[{"@type":"ListItem","position":1,"name":"Home","item":"https:\/\/veritasinfo.org\/"},{"@type":"ListItem","position":2,"name":"NATO vendos forca rezerv\u00eb p\u00ebr st\u00ebrvitje n\u00eb Kosov\u00eb"}]},{"@type":"WebSite","@id":"https:\/\/veritasinfo.org\/#website","url":"https:\/\/veritasinfo.org\/","name":"","description":"","potentialAction":[{"@type":"SearchAction","target":{"@type":"EntryPoint","urlTemplate":"https:\/\/veritasinfo.org\/?s={search_term_string}"},"query-input":{"@type":"PropertyValueSpecification","valueRequired":true,"valueName":"search_term_string"}}],"inLanguage":"en-US"},{"@type":"Person","@id":"https:\/\/veritasinfo.org\/#\/schema\/person\/7701f8c088bece422266b100a712374f","name":"admin","image":{"@type":"ImageObject","inLanguage":"en-US","@id":"https:\/\/veritasinfo.org\/#\/schema\/person\/image\/","url":"https:\/\/secure.gravatar.com\/avatar\/ea53aa3bf6c9a12d5fde8ce4deff43fef3885ae33cf60184161a50d6987cfd2f?s=96&d=mm&r=g","contentUrl":"https:\/\/secure.gravatar.com\/avatar\/ea53aa3bf6c9a12d5fde8ce4deff43fef3885ae33cf60184161a50d6987cfd2f?s=96&d=mm&r=g","caption":"admin"},"sameAs":["https:\/\/veritasinfo.org"],"url":"https:\/\/veritasinfo.org\/?author=1"}]}},"featured_image_urls":{"full":["https:\/\/veritasinfo.org\/wp-content\/uploads\/2025\/08\/KFOR_18.jpg",670,357,false],"thumbnail":["https:\/\/veritasinfo.org\/wp-content\/uploads\/2025\/08\/KFOR_18-150x150.jpg",150,150,true],"medium":["https:\/\/veritasinfo.org\/wp-content\/uploads\/2025\/08\/KFOR_18-300x160.jpg",300,160,true],"medium_large":["https:\/\/veritasinfo.org\/wp-content\/uploads\/2025\/08\/KFOR_18.jpg",640,341,false],"large":["https:\/\/veritasinfo.org\/wp-content\/uploads\/2025\/08\/KFOR_18.jpg",640,341,false],"1536x1536":["https:\/\/veritasinfo.org\/wp-content\/uploads\/2025\/08\/KFOR_18.jpg",670,357,false],"2048x2048":["https:\/\/veritasinfo.org\/wp-content\/uploads\/2025\/08\/KFOR_18.jpg",670,357,false],"kreeti-slider-full":["https:\/\/veritasinfo.org\/wp-content\/uploads\/2025\/08\/KFOR_18.jpg",670,357,false],"kreeti-featured":["https:\/\/veritasinfo.org\/wp-content\/uploads\/2025\/08\/KFOR_18.jpg",670,357,false],"kreeti-medium":["https:\/\/veritasinfo.org\/wp-content\/uploads\/2025\/08\/KFOR_18.jpg",670,357,false],"kreeti-medium-square":["https:\/\/veritasinfo.org\/wp-content\/uploads\/2025\/08\/KFOR_18.jpg",350,186,false]},"author_info":{"info":["admin"]},"category_info":"<a href=\"https:\/\/veritasinfo.org\/?cat=60\" rel=\"category\">Shoq\u00ebrore<\/a>","tag_info":"Shoq\u00ebrore","comment_count":"0","_links":{"self":[{"href":"https:\/\/veritasinfo.org\/index.php?rest_route=\/wp\/v2\/posts\/8061","targetHints":{"allow":["GET"]}}],"collection":[{"href":"https:\/\/veritasinfo.org\/index.php?rest_route=\/wp\/v2\/posts"}],"about":[{"href":"https:\/\/veritasinfo.org\/index.php?rest_route=\/wp\/v2\/types\/post"}],"author":[{"embeddable":true,"href":"https:\/\/veritasinfo.org\/index.php?rest_route=\/wp\/v2\/users\/1"}],"replies":[{"embeddable":true,"href":"https:\/\/veritasinfo.org\/index.php?rest_route=%2Fwp%2Fv2%2Fcomments&post=8061"}],"version-history":[{"count":1,"href":"https:\/\/veritasinfo.org\/index.php?rest_route=\/wp\/v2\/posts\/8061\/revisions"}],"predecessor-version":[{"id":8062,"href":"https:\/\/veritasinfo.org\/index.php?rest_route=\/wp\/v2\/posts\/8061\/revisions\/8062"}],"wp:featuredmedia":[{"embeddable":true,"href":"https:\/\/veritasinfo.org\/index.php?rest_route=\/wp\/v2\/media\/8059"}],"wp:attachment":[{"href":"https:\/\/veritasinfo.org\/index.php?rest_route=%2Fwp%2Fv2%2Fmedia&parent=8061"}],"wp:term":[{"taxonomy":"category","embeddable":true,"href":"https:\/\/veritasinfo.org\/index.php?rest_route=%2Fwp%2Fv2%2Fcategories&post=8061"},{"taxonomy":"post_tag","embeddable":true,"href":"https:\/\/veritasinfo.org\/index.php?rest_route=%2Fwp%2Fv2%2Ftags&post=8061"}],"curies":[{"name":"wp","href":"https:\/\/api.w.org\/{rel}","templated":true}]}}