{"id":8056,"date":"2025-08-14T16:56:42","date_gmt":"2025-08-14T14:56:42","guid":{"rendered":"https:\/\/veritasinfo.org\/?p=8056"},"modified":"2025-08-14T16:56:42","modified_gmt":"2025-08-14T14:56:42","slug":"dega-e-veteraneve-ne-rahovec-te-arrestuarit-ne-serbi-nuk-kane-qene-pjese-e-uck-se","status":"publish","type":"post","link":"https:\/\/veritasinfo.org\/?p=8056","title":{"rendered":"Dega e veteran\u00ebve n\u00eb Rahovec: T\u00eb arrestuarit n\u00eb Serbi nuk kan\u00eb qen\u00eb pjes\u00eb e U\u00c7K-s\u00eb"},"content":{"rendered":"<p>14 gusht, 2025<\/p>\n<p>Dy personat e arrestuar n\u00eb Serbi n\u00ebn dyshimin p\u00ebr krime lufte t\u00eb kryera n\u00eb vitin 1999 n\u00eb Rahovec nuk kan\u00eb qen\u00eb pjes\u00ebtar\u00eb t\u00eb Ushtris\u00eb \u00c7lirimtare t\u00eb Kosov\u00ebs (U\u00c7K), ka b\u00ebr\u00eb t\u00eb ditur kryetari i deg\u00ebs s\u00eb Organizat\u00ebs s\u00eb Veteran\u00ebve t\u00eb Luft\u00ebs s\u00eb U\u00c7K-s\u00eb n\u00eb k\u00ebt\u00eb qytet, Qemajl Krasniqi.<\/p>\n<p>\u201cN\u00eb cil\u00ebsin\u00eb e kryetarit t\u00eb deg\u00ebs s\u00eb OVL-U\u00c7K-s\u00eb n\u00eb Rahovec, deklaroj me p\u00ebrgjegj\u00ebsi se emrat e tyre nuk figurojn\u00eb n\u00eb list\u00ebn ton\u00eb t\u00eb veteran\u00ebve\u201d, ka th\u00ebn\u00eb Krasniqi.<\/p>\n<p>Ministri i Pun\u00ebve t\u00eb Brendshme t\u00eb Serbis\u00eb, Ivica Da\u00e7iq, ka konfirmuar se H. E. (1976) dhe B. E. (1973) jan\u00eb arrestuar n\u00eb pik\u00ebn kufitare t\u00eb Horgoshit, gjat\u00eb hyrjes n\u00eb Serbi. Ata dyshohen se m\u00eb 9 gusht 1999, n\u00eb bashk\u00ebpunim me disa pjes\u00ebtar\u00eb t\u00eb ashtuquajtur\u00ebs \u201cU\u00c7K\u201d, duke p\u00ebrdorur forc\u00eb fizike, arm\u00eb zjarri dhe k\u00ebrc\u00ebnime serioze p\u00ebr jet\u00ebn, kan\u00eb rr\u00ebmbyer nj\u00eb civil t\u00eb komb\u00ebsis\u00eb serbe, J. M., dhe e kan\u00eb d\u00ebrguar n\u00eb nj\u00eb drejtim t\u00eb panjohur. Q\u00eb nga ajo koh\u00eb, atij i jan\u00eb humbur t\u00eb gjitha gjurm\u00ebt dhe ende figuron si person i zhdukur.<\/p>\n<p>Sipas njoftimit t\u00eb Ministris\u00eb s\u00eb Pun\u00ebve t\u00eb Brendshme t\u00eb Serbis\u00eb, t\u00eb dyshuarve, me miratimin e Prokuroris\u00eb p\u00ebr Krime Lufte, u \u00ebsht\u00eb caktuar masa e ndalimit prej 48 or\u00ebsh, pas s\u00eb cil\u00ebs do t\u00eb d\u00ebrgohen n\u00eb prokurorin\u00eb kompetente me kall\u00ebzim penal.<\/p>\n<p>&nbsp;<\/p>\n<p>&nbsp;<\/p>\n","protected":false},"excerpt":{"rendered":"<p>14 gusht, 2025 Dy personat e arrestuar n\u00eb Serbi n\u00ebn dyshimin p\u00ebr krime lufte t\u00eb kryera n\u00eb vitin 1999 n\u00eb Rahovec nuk kan\u00eb qen\u00eb pjes\u00ebtar\u00eb<\/p>\n","protected":false},"author":1,"featured_media":6976,"comment_status":"open","ping_status":"open","sticky":false,"template":"","format":"standard","meta":{"footnotes":""},"categories":[60],"tags":[],"class_list":["post-8056","post","type-post","status-publish","format-standard","has-post-thumbnail","hentry","category-shoqerore-sq"],"yoast_head":"<!-- This site is optimized with the Yoast SEO plugin v25.3.1 - https:\/\/yoast.com\/wordpress\/plugins\/seo\/ -->\n<title>Dega e veteran\u00ebve n\u00eb Rahovec: T\u00eb arrestuarit n\u00eb Serbi nuk kan\u00eb qen\u00eb pjes\u00eb e U\u00c7K-s\u00eb -<\/title>\n<meta name=\"robots\" content=\"index, follow, max-snippet:-1, max-image-preview:large, max-video-preview:-1\" \/>\n<link rel=\"canonical\" href=\"https:\/\/veritasinfo.org\/?p=8056\" \/>\n<meta property=\"og:locale\" content=\"en_US\" \/>\n<meta property=\"og:type\" content=\"article\" \/>\n<meta property=\"og:title\" content=\"Dega e veteran\u00ebve n\u00eb Rahovec: T\u00eb arrestuarit n\u00eb Serbi nuk kan\u00eb qen\u00eb pjes\u00eb e U\u00c7K-s\u00eb -\" \/>\n<meta property=\"og:description\" content=\"14 gusht, 2025 Dy personat e arrestuar n\u00eb Serbi n\u00ebn dyshimin p\u00ebr krime lufte t\u00eb kryera n\u00eb vitin 1999 n\u00eb Rahovec nuk kan\u00eb qen\u00eb pjes\u00ebtar\u00eb\" \/>\n<meta property=\"og:url\" content=\"https:\/\/veritasinfo.org\/?p=8056\" \/>\n<meta property=\"article:published_time\" content=\"2025-08-14T14:56:42+00:00\" \/>\n<meta property=\"og:image\" content=\"https:\/\/veritasinfo.org\/wp-content\/uploads\/2025\/08\/uck-uqk-ovl-uck-ushtria.jpg\" \/>\n\t<meta property=\"og:image:width\" content=\"2048\" \/>\n\t<meta property=\"og:image:height\" content=\"1365\" \/>\n\t<meta property=\"og:image:type\" content=\"image\/jpeg\" \/>\n<meta name=\"author\" content=\"admin\" \/>\n<meta name=\"twitter:card\" content=\"summary_large_image\" \/>\n<meta name=\"twitter:label1\" content=\"Written by\" \/>\n\t<meta name=\"twitter:data1\" content=\"admin\" \/>\n\t<meta name=\"twitter:label2\" content=\"Est. reading time\" \/>\n\t<meta name=\"twitter:data2\" content=\"2 minutes\" \/>\n<script type=\"application\/ld+json\" class=\"yoast-schema-graph\">{\"@context\":\"https:\/\/schema.org\",\"@graph\":[{\"@type\":\"WebPage\",\"@id\":\"https:\/\/veritasinfo.org\/?p=8056\",\"url\":\"https:\/\/veritasinfo.org\/?p=8056\",\"name\":\"Dega e veteran\u00ebve n\u00eb Rahovec: T\u00eb arrestuarit n\u00eb Serbi nuk kan\u00eb qen\u00eb pjes\u00eb e U\u00c7K-s\u00eb -\",\"isPartOf\":{\"@id\":\"https:\/\/veritasinfo.org\/#website\"},\"primaryImageOfPage\":{\"@id\":\"https:\/\/veritasinfo.org\/?p=8056#primaryimage\"},\"image\":{\"@id\":\"https:\/\/veritasinfo.org\/?p=8056#primaryimage\"},\"thumbnailUrl\":\"https:\/\/veritasinfo.org\/wp-content\/uploads\/2025\/08\/uck-uqk-ovl-uck-ushtria.jpg\",\"datePublished\":\"2025-08-14T14:56:42+00:00\",\"author\":{\"@id\":\"https:\/\/veritasinfo.org\/#\/schema\/person\/7701f8c088bece422266b100a712374f\"},\"breadcrumb\":{\"@id\":\"https:\/\/veritasinfo.org\/?p=8056#breadcrumb\"},\"inLanguage\":\"en-US\",\"potentialAction\":[{\"@type\":\"ReadAction\",\"target\":[\"https:\/\/veritasinfo.org\/?p=8056\"]}]},{\"@type\":\"ImageObject\",\"inLanguage\":\"en-US\",\"@id\":\"https:\/\/veritasinfo.org\/?p=8056#primaryimage\",\"url\":\"https:\/\/veritasinfo.org\/wp-content\/uploads\/2025\/08\/uck-uqk-ovl-uck-ushtria.jpg\",\"contentUrl\":\"https:\/\/veritasinfo.org\/wp-content\/uploads\/2025\/08\/uck-uqk-ovl-uck-ushtria.jpg\",\"width\":2048,\"height\":1365},{\"@type\":\"BreadcrumbList\",\"@id\":\"https:\/\/veritasinfo.org\/?p=8056#breadcrumb\",\"itemListElement\":[{\"@type\":\"ListItem\",\"position\":1,\"name\":\"Home\",\"item\":\"https:\/\/veritasinfo.org\/\"},{\"@type\":\"ListItem\",\"position\":2,\"name\":\"Dega e veteran\u00ebve n\u00eb Rahovec: T\u00eb arrestuarit n\u00eb Serbi nuk kan\u00eb qen\u00eb pjes\u00eb e U\u00c7K-s\u00eb\"}]},{\"@type\":\"WebSite\",\"@id\":\"https:\/\/veritasinfo.org\/#website\",\"url\":\"https:\/\/veritasinfo.org\/\",\"name\":\"\",\"description\":\"\",\"potentialAction\":[{\"@type\":\"SearchAction\",\"target\":{\"@type\":\"EntryPoint\",\"urlTemplate\":\"https:\/\/veritasinfo.org\/?s={search_term_string}\"},\"query-input\":{\"@type\":\"PropertyValueSpecification\",\"valueRequired\":true,\"valueName\":\"search_term_string\"}}],\"inLanguage\":\"en-US\"},{\"@type\":\"Person\",\"@id\":\"https:\/\/veritasinfo.org\/#\/schema\/person\/7701f8c088bece422266b100a712374f\",\"name\":\"admin\",\"image\":{\"@type\":\"ImageObject\",\"inLanguage\":\"en-US\",\"@id\":\"https:\/\/veritasinfo.org\/#\/schema\/person\/image\/\",\"url\":\"https:\/\/secure.gravatar.com\/avatar\/ea53aa3bf6c9a12d5fde8ce4deff43fef3885ae33cf60184161a50d6987cfd2f?s=96&d=mm&r=g\",\"contentUrl\":\"https:\/\/secure.gravatar.com\/avatar\/ea53aa3bf6c9a12d5fde8ce4deff43fef3885ae33cf60184161a50d6987cfd2f?s=96&d=mm&r=g\",\"caption\":\"admin\"},\"sameAs\":[\"https:\/\/veritasinfo.org\"],\"url\":\"https:\/\/veritasinfo.org\/?author=1\"}]}<\/script>\n<!-- \/ Yoast SEO plugin. -->","yoast_head_json":{"title":"Dega e veteran\u00ebve n\u00eb Rahovec: T\u00eb arrestuarit n\u00eb Serbi nuk kan\u00eb qen\u00eb pjes\u00eb e U\u00c7K-s\u00eb -","robots":{"index":"index","follow":"follow","max-snippet":"max-snippet:-1","max-image-preview":"max-image-preview:large","max-video-preview":"max-video-preview:-1"},"canonical":"https:\/\/veritasinfo.org\/?p=8056","og_locale":"en_US","og_type":"article","og_title":"Dega e veteran\u00ebve n\u00eb Rahovec: T\u00eb arrestuarit n\u00eb Serbi nuk kan\u00eb qen\u00eb pjes\u00eb e U\u00c7K-s\u00eb -","og_description":"14 gusht, 2025 Dy personat e arrestuar n\u00eb Serbi n\u00ebn dyshimin p\u00ebr krime lufte t\u00eb kryera n\u00eb vitin 1999 n\u00eb Rahovec nuk kan\u00eb qen\u00eb pjes\u00ebtar\u00eb","og_url":"https:\/\/veritasinfo.org\/?p=8056","article_published_time":"2025-08-14T14:56:42+00:00","og_image":[{"width":2048,"height":1365,"url":"https:\/\/veritasinfo.org\/wp-content\/uploads\/2025\/08\/uck-uqk-ovl-uck-ushtria.jpg","type":"image\/jpeg"}],"author":"admin","twitter_card":"summary_large_image","twitter_misc":{"Written by":"admin","Est. reading time":"2 minutes"},"schema":{"@context":"https:\/\/schema.org","@graph":[{"@type":"WebPage","@id":"https:\/\/veritasinfo.org\/?p=8056","url":"https:\/\/veritasinfo.org\/?p=8056","name":"Dega e veteran\u00ebve n\u00eb Rahovec: T\u00eb arrestuarit n\u00eb Serbi nuk kan\u00eb qen\u00eb pjes\u00eb e U\u00c7K-s\u00eb -","isPartOf":{"@id":"https:\/\/veritasinfo.org\/#website"},"primaryImageOfPage":{"@id":"https:\/\/veritasinfo.org\/?p=8056#primaryimage"},"image":{"@id":"https:\/\/veritasinfo.org\/?p=8056#primaryimage"},"thumbnailUrl":"https:\/\/veritasinfo.org\/wp-content\/uploads\/2025\/08\/uck-uqk-ovl-uck-ushtria.jpg","datePublished":"2025-08-14T14:56:42+00:00","author":{"@id":"https:\/\/veritasinfo.org\/#\/schema\/person\/7701f8c088bece422266b100a712374f"},"breadcrumb":{"@id":"https:\/\/veritasinfo.org\/?p=8056#breadcrumb"},"inLanguage":"en-US","potentialAction":[{"@type":"ReadAction","target":["https:\/\/veritasinfo.org\/?p=8056"]}]},{"@type":"ImageObject","inLanguage":"en-US","@id":"https:\/\/veritasinfo.org\/?p=8056#primaryimage","url":"https:\/\/veritasinfo.org\/wp-content\/uploads\/2025\/08\/uck-uqk-ovl-uck-ushtria.jpg","contentUrl":"https:\/\/veritasinfo.org\/wp-content\/uploads\/2025\/08\/uck-uqk-ovl-uck-ushtria.jpg","width":2048,"height":1365},{"@type":"BreadcrumbList","@id":"https:\/\/veritasinfo.org\/?p=8056#breadcrumb","itemListElement":[{"@type":"ListItem","position":1,"name":"Home","item":"https:\/\/veritasinfo.org\/"},{"@type":"ListItem","position":2,"name":"Dega e veteran\u00ebve n\u00eb Rahovec: T\u00eb arrestuarit n\u00eb Serbi nuk kan\u00eb qen\u00eb pjes\u00eb e U\u00c7K-s\u00eb"}]},{"@type":"WebSite","@id":"https:\/\/veritasinfo.org\/#website","url":"https:\/\/veritasinfo.org\/","name":"","description":"","potentialAction":[{"@type":"SearchAction","target":{"@type":"EntryPoint","urlTemplate":"https:\/\/veritasinfo.org\/?s={search_term_string}"},"query-input":{"@type":"PropertyValueSpecification","valueRequired":true,"valueName":"search_term_string"}}],"inLanguage":"en-US"},{"@type":"Person","@id":"https:\/\/veritasinfo.org\/#\/schema\/person\/7701f8c088bece422266b100a712374f","name":"admin","image":{"@type":"ImageObject","inLanguage":"en-US","@id":"https:\/\/veritasinfo.org\/#\/schema\/person\/image\/","url":"https:\/\/secure.gravatar.com\/avatar\/ea53aa3bf6c9a12d5fde8ce4deff43fef3885ae33cf60184161a50d6987cfd2f?s=96&d=mm&r=g","contentUrl":"https:\/\/secure.gravatar.com\/avatar\/ea53aa3bf6c9a12d5fde8ce4deff43fef3885ae33cf60184161a50d6987cfd2f?s=96&d=mm&r=g","caption":"admin"},"sameAs":["https:\/\/veritasinfo.org"],"url":"https:\/\/veritasinfo.org\/?author=1"}]}},"featured_image_urls":{"full":["https:\/\/veritasinfo.org\/wp-content\/uploads\/2025\/08\/uck-uqk-ovl-uck-ushtria.jpg",2048,1365,false],"thumbnail":["https:\/\/veritasinfo.org\/wp-content\/uploads\/2025\/08\/uck-uqk-ovl-uck-ushtria-150x150.jpg",150,150,true],"medium":["https:\/\/veritasinfo.org\/wp-content\/uploads\/2025\/08\/uck-uqk-ovl-uck-ushtria-300x200.jpg",300,200,true],"medium_large":["https:\/\/veritasinfo.org\/wp-content\/uploads\/2025\/08\/uck-uqk-ovl-uck-ushtria-768x512.jpg",640,427,true],"large":["https:\/\/veritasinfo.org\/wp-content\/uploads\/2025\/08\/uck-uqk-ovl-uck-ushtria-1024x683.jpg",640,427,true],"1536x1536":["https:\/\/veritasinfo.org\/wp-content\/uploads\/2025\/08\/uck-uqk-ovl-uck-ushtria-1536x1024.jpg",1536,1024,true],"2048x2048":["https:\/\/veritasinfo.org\/wp-content\/uploads\/2025\/08\/uck-uqk-ovl-uck-ushtria.jpg",2048,1365,false],"kreeti-slider-full":["https:\/\/veritasinfo.org\/wp-content\/uploads\/2025\/08\/uck-uqk-ovl-uck-ushtria.jpg",1080,720,false],"kreeti-featured":["https:\/\/veritasinfo.org\/wp-content\/uploads\/2025\/08\/uck-uqk-ovl-uck-ushtria.jpg",1024,683,false],"kreeti-medium":["https:\/\/veritasinfo.org\/wp-content\/uploads\/2025\/08\/uck-uqk-ovl-uck-ushtria.jpg",720,480,false],"kreeti-medium-square":["https:\/\/veritasinfo.org\/wp-content\/uploads\/2025\/08\/uck-uqk-ovl-uck-ushtria.jpg",350,233,false]},"author_info":{"info":["admin"]},"category_info":"<a href=\"https:\/\/veritasinfo.org\/?cat=60\" rel=\"category\">Shoq\u00ebrore<\/a>","tag_info":"Shoq\u00ebrore","comment_count":"0","_links":{"self":[{"href":"https:\/\/veritasinfo.org\/index.php?rest_route=\/wp\/v2\/posts\/8056","targetHints":{"allow":["GET"]}}],"collection":[{"href":"https:\/\/veritasinfo.org\/index.php?rest_route=\/wp\/v2\/posts"}],"about":[{"href":"https:\/\/veritasinfo.org\/index.php?rest_route=\/wp\/v2\/types\/post"}],"author":[{"embeddable":true,"href":"https:\/\/veritasinfo.org\/index.php?rest_route=\/wp\/v2\/users\/1"}],"replies":[{"embeddable":true,"href":"https:\/\/veritasinfo.org\/index.php?rest_route=%2Fwp%2Fv2%2Fcomments&post=8056"}],"version-history":[{"count":1,"href":"https:\/\/veritasinfo.org\/index.php?rest_route=\/wp\/v2\/posts\/8056\/revisions"}],"predecessor-version":[{"id":8057,"href":"https:\/\/veritasinfo.org\/index.php?rest_route=\/wp\/v2\/posts\/8056\/revisions\/8057"}],"wp:featuredmedia":[{"embeddable":true,"href":"https:\/\/veritasinfo.org\/index.php?rest_route=\/wp\/v2\/media\/6976"}],"wp:attachment":[{"href":"https:\/\/veritasinfo.org\/index.php?rest_route=%2Fwp%2Fv2%2Fmedia&parent=8056"}],"wp:term":[{"taxonomy":"category","embeddable":true,"href":"https:\/\/veritasinfo.org\/index.php?rest_route=%2Fwp%2Fv2%2Fcategories&post=8056"},{"taxonomy":"post_tag","embeddable":true,"href":"https:\/\/veritasinfo.org\/index.php?rest_route=%2Fwp%2Fv2%2Ftags&post=8056"}],"curies":[{"name":"wp","href":"https:\/\/api.w.org\/{rel}","templated":true}]}}