{"id":8042,"date":"2025-08-14T16:28:18","date_gmt":"2025-08-14T14:28:18","guid":{"rendered":"https:\/\/veritasinfo.org\/?p=8042"},"modified":"2025-08-14T16:29:32","modified_gmt":"2025-08-14T14:29:32","slug":"prokuroria-e-shtetit-dhe-policia-intensifikojne-veprimet-kunder-fajdes","status":"publish","type":"post","link":"https:\/\/veritasinfo.org\/?p=8042","title":{"rendered":"Prokuroria e Shtetit dhe Policia intensifikojn\u00eb veprimet kund\u00ebr fajdes"},"content":{"rendered":"<p>Prishtin\u00eb, 14 Gusht 2025<\/p>\n<p><strong>Ushtruesi i detyr\u00ebs s\u00eb Kryeprokurorit t\u00eb Shtetit, Besim Kelmendi, dhe Drejtori i P\u00ebrgjithsh\u00ebm i Policis\u00eb s\u00eb Kosov\u00ebs, Gazmend Hoxha, zhvilluan nj\u00eb takim pune me kryeprokuror\u00ebt dhe drejtor\u00ebt e nj\u00ebsive t\u00eb hetimeve n\u00eb Policin\u00eb e Kosov\u00ebs.<\/strong><\/p>\n<p>Q\u00ebllimi i takimit ishte forcimi dhe koordinimi i veprimeve t\u00eb p\u00ebrbashk\u00ebta p\u00ebr luftimin e veprimtaris\u00eb kriminale t\u00eb fajdes n\u00eb Kosov\u00eb.<\/p>\n<p>\u201cGjat\u00eb diskutimeve u theksua se vepra penale e fajdes p\u00ebrb\u00ebn nj\u00eb k\u00ebrc\u00ebnim serioz p\u00ebr sundimin e ligjit, rendin kushtetues dhe mir\u00ebqenien e qytetar\u00ebve. U vler\u00ebsua se p\u00ebrballja me k\u00ebt\u00eb fenomen t\u00eb kund\u00ebrligjsh\u00ebm k\u00ebrkon strategji t\u00eb mir\u00ebfillta dhe veprime t\u00eb koordinuara, t\u00eb vendosura dhe t\u00eb vazhdueshme nga t\u00eb gjitha institucionet ligjzbatuese\u201d, thuhet n\u00eb njoftim.<\/p>\n<p>Pjes\u00ebmarr\u00ebsit n\u00eb takim ritheksuan p\u00ebrkushtimin e plot\u00eb institucional p\u00ebr hetimin, ndjekjen penale dhe goditjen me vendosm\u00ebri t\u00eb \u00e7do individi apo grupi kriminal q\u00eb p\u00ebrfiton n\u00eb m\u00ebnyr\u00eb t\u00eb jasht\u00ebligjshme p\u00ebrmes fajdes ose veprimtarive t\u00eb tjera kriminale.<\/p>\n<p>Po ashtu, ata konfirmuan angazhimin p\u00ebr ngrirjen dhe sekuestrimin e pasurive t\u00eb fituara nga k\u00ebto aktivitete t\u00eb paligjshme.<\/p>\n","protected":false},"excerpt":{"rendered":"<p>Prishtin\u00eb, 14 Gusht 2025 Ushtruesi i detyr\u00ebs s\u00eb Kryeprokurorit t\u00eb Shtetit, Besim Kelmendi, dhe Drejtori i P\u00ebrgjithsh\u00ebm i Policis\u00eb s\u00eb Kosov\u00ebs, Gazmend Hoxha, zhvilluan nj\u00eb<\/p>\n","protected":false},"author":1,"featured_media":8043,"comment_status":"open","ping_status":"open","sticky":false,"template":"","format":"standard","meta":{"footnotes":""},"categories":[60],"tags":[],"class_list":["post-8042","post","type-post","status-publish","format-standard","has-post-thumbnail","hentry","category-shoqerore-sq"],"yoast_head":"<!-- This site is optimized with the Yoast SEO plugin v25.3.1 - https:\/\/yoast.com\/wordpress\/plugins\/seo\/ -->\n<title>Prokuroria e Shtetit dhe Policia intensifikojn\u00eb veprimet kund\u00ebr fajdes -<\/title>\n<meta name=\"robots\" content=\"index, follow, max-snippet:-1, max-image-preview:large, max-video-preview:-1\" \/>\n<link rel=\"canonical\" href=\"https:\/\/veritasinfo.org\/?p=8042\" \/>\n<meta property=\"og:locale\" content=\"en_US\" \/>\n<meta property=\"og:type\" content=\"article\" \/>\n<meta property=\"og:title\" content=\"Prokuroria e Shtetit dhe Policia intensifikojn\u00eb veprimet kund\u00ebr fajdes -\" \/>\n<meta property=\"og:description\" content=\"Prishtin\u00eb, 14 Gusht 2025 Ushtruesi i detyr\u00ebs s\u00eb Kryeprokurorit t\u00eb Shtetit, Besim Kelmendi, dhe Drejtori i P\u00ebrgjithsh\u00ebm i Policis\u00eb s\u00eb Kosov\u00ebs, Gazmend Hoxha, zhvilluan nj\u00eb\" \/>\n<meta property=\"og:url\" content=\"https:\/\/veritasinfo.org\/?p=8042\" \/>\n<meta property=\"article:published_time\" content=\"2025-08-14T14:28:18+00:00\" \/>\n<meta property=\"article:modified_time\" content=\"2025-08-14T14:29:32+00:00\" \/>\n<meta property=\"og:image\" content=\"https:\/\/veritasinfo.org\/wp-content\/uploads\/2025\/08\/IMG_2529.png\" \/>\n\t<meta property=\"og:image:width\" content=\"900\" \/>\n\t<meta property=\"og:image:height\" content=\"598\" \/>\n\t<meta property=\"og:image:type\" content=\"image\/png\" \/>\n<meta name=\"author\" content=\"admin\" \/>\n<meta name=\"twitter:card\" content=\"summary_large_image\" \/>\n<meta name=\"twitter:label1\" content=\"Written by\" \/>\n\t<meta name=\"twitter:data1\" content=\"admin\" \/>\n\t<meta name=\"twitter:label2\" content=\"Est. reading time\" \/>\n\t<meta name=\"twitter:data2\" content=\"1 minute\" \/>\n<script type=\"application\/ld+json\" class=\"yoast-schema-graph\">{\"@context\":\"https:\/\/schema.org\",\"@graph\":[{\"@type\":\"WebPage\",\"@id\":\"https:\/\/veritasinfo.org\/?p=8042\",\"url\":\"https:\/\/veritasinfo.org\/?p=8042\",\"name\":\"Prokuroria e Shtetit dhe Policia intensifikojn\u00eb veprimet kund\u00ebr fajdes -\",\"isPartOf\":{\"@id\":\"https:\/\/veritasinfo.org\/#website\"},\"primaryImageOfPage\":{\"@id\":\"https:\/\/veritasinfo.org\/?p=8042#primaryimage\"},\"image\":{\"@id\":\"https:\/\/veritasinfo.org\/?p=8042#primaryimage\"},\"thumbnailUrl\":\"https:\/\/veritasinfo.org\/wp-content\/uploads\/2025\/08\/IMG_2529.png\",\"datePublished\":\"2025-08-14T14:28:18+00:00\",\"dateModified\":\"2025-08-14T14:29:32+00:00\",\"author\":{\"@id\":\"https:\/\/veritasinfo.org\/#\/schema\/person\/7701f8c088bece422266b100a712374f\"},\"breadcrumb\":{\"@id\":\"https:\/\/veritasinfo.org\/?p=8042#breadcrumb\"},\"inLanguage\":\"en-US\",\"potentialAction\":[{\"@type\":\"ReadAction\",\"target\":[\"https:\/\/veritasinfo.org\/?p=8042\"]}]},{\"@type\":\"ImageObject\",\"inLanguage\":\"en-US\",\"@id\":\"https:\/\/veritasinfo.org\/?p=8042#primaryimage\",\"url\":\"https:\/\/veritasinfo.org\/wp-content\/uploads\/2025\/08\/IMG_2529.png\",\"contentUrl\":\"https:\/\/veritasinfo.org\/wp-content\/uploads\/2025\/08\/IMG_2529.png\",\"width\":900,\"height\":598},{\"@type\":\"BreadcrumbList\",\"@id\":\"https:\/\/veritasinfo.org\/?p=8042#breadcrumb\",\"itemListElement\":[{\"@type\":\"ListItem\",\"position\":1,\"name\":\"Home\",\"item\":\"https:\/\/veritasinfo.org\/\"},{\"@type\":\"ListItem\",\"position\":2,\"name\":\"Prokuroria e Shtetit dhe Policia intensifikojn\u00eb veprimet kund\u00ebr fajdes\"}]},{\"@type\":\"WebSite\",\"@id\":\"https:\/\/veritasinfo.org\/#website\",\"url\":\"https:\/\/veritasinfo.org\/\",\"name\":\"\",\"description\":\"\",\"potentialAction\":[{\"@type\":\"SearchAction\",\"target\":{\"@type\":\"EntryPoint\",\"urlTemplate\":\"https:\/\/veritasinfo.org\/?s={search_term_string}\"},\"query-input\":{\"@type\":\"PropertyValueSpecification\",\"valueRequired\":true,\"valueName\":\"search_term_string\"}}],\"inLanguage\":\"en-US\"},{\"@type\":\"Person\",\"@id\":\"https:\/\/veritasinfo.org\/#\/schema\/person\/7701f8c088bece422266b100a712374f\",\"name\":\"admin\",\"image\":{\"@type\":\"ImageObject\",\"inLanguage\":\"en-US\",\"@id\":\"https:\/\/veritasinfo.org\/#\/schema\/person\/image\/\",\"url\":\"https:\/\/secure.gravatar.com\/avatar\/ea53aa3bf6c9a12d5fde8ce4deff43fef3885ae33cf60184161a50d6987cfd2f?s=96&d=mm&r=g\",\"contentUrl\":\"https:\/\/secure.gravatar.com\/avatar\/ea53aa3bf6c9a12d5fde8ce4deff43fef3885ae33cf60184161a50d6987cfd2f?s=96&d=mm&r=g\",\"caption\":\"admin\"},\"sameAs\":[\"https:\/\/veritasinfo.org\"],\"url\":\"https:\/\/veritasinfo.org\/?author=1\"}]}<\/script>\n<!-- \/ Yoast SEO plugin. -->","yoast_head_json":{"title":"Prokuroria e Shtetit dhe Policia intensifikojn\u00eb veprimet kund\u00ebr fajdes -","robots":{"index":"index","follow":"follow","max-snippet":"max-snippet:-1","max-image-preview":"max-image-preview:large","max-video-preview":"max-video-preview:-1"},"canonical":"https:\/\/veritasinfo.org\/?p=8042","og_locale":"en_US","og_type":"article","og_title":"Prokuroria e Shtetit dhe Policia intensifikojn\u00eb veprimet kund\u00ebr fajdes -","og_description":"Prishtin\u00eb, 14 Gusht 2025 Ushtruesi i detyr\u00ebs s\u00eb Kryeprokurorit t\u00eb Shtetit, Besim Kelmendi, dhe Drejtori i P\u00ebrgjithsh\u00ebm i Policis\u00eb s\u00eb Kosov\u00ebs, Gazmend Hoxha, zhvilluan nj\u00eb","og_url":"https:\/\/veritasinfo.org\/?p=8042","article_published_time":"2025-08-14T14:28:18+00:00","article_modified_time":"2025-08-14T14:29:32+00:00","og_image":[{"width":900,"height":598,"url":"https:\/\/veritasinfo.org\/wp-content\/uploads\/2025\/08\/IMG_2529.png","type":"image\/png"}],"author":"admin","twitter_card":"summary_large_image","twitter_misc":{"Written by":"admin","Est. reading time":"1 minute"},"schema":{"@context":"https:\/\/schema.org","@graph":[{"@type":"WebPage","@id":"https:\/\/veritasinfo.org\/?p=8042","url":"https:\/\/veritasinfo.org\/?p=8042","name":"Prokuroria e Shtetit dhe Policia intensifikojn\u00eb veprimet kund\u00ebr fajdes -","isPartOf":{"@id":"https:\/\/veritasinfo.org\/#website"},"primaryImageOfPage":{"@id":"https:\/\/veritasinfo.org\/?p=8042#primaryimage"},"image":{"@id":"https:\/\/veritasinfo.org\/?p=8042#primaryimage"},"thumbnailUrl":"https:\/\/veritasinfo.org\/wp-content\/uploads\/2025\/08\/IMG_2529.png","datePublished":"2025-08-14T14:28:18+00:00","dateModified":"2025-08-14T14:29:32+00:00","author":{"@id":"https:\/\/veritasinfo.org\/#\/schema\/person\/7701f8c088bece422266b100a712374f"},"breadcrumb":{"@id":"https:\/\/veritasinfo.org\/?p=8042#breadcrumb"},"inLanguage":"en-US","potentialAction":[{"@type":"ReadAction","target":["https:\/\/veritasinfo.org\/?p=8042"]}]},{"@type":"ImageObject","inLanguage":"en-US","@id":"https:\/\/veritasinfo.org\/?p=8042#primaryimage","url":"https:\/\/veritasinfo.org\/wp-content\/uploads\/2025\/08\/IMG_2529.png","contentUrl":"https:\/\/veritasinfo.org\/wp-content\/uploads\/2025\/08\/IMG_2529.png","width":900,"height":598},{"@type":"BreadcrumbList","@id":"https:\/\/veritasinfo.org\/?p=8042#breadcrumb","itemListElement":[{"@type":"ListItem","position":1,"name":"Home","item":"https:\/\/veritasinfo.org\/"},{"@type":"ListItem","position":2,"name":"Prokuroria e Shtetit dhe Policia intensifikojn\u00eb veprimet kund\u00ebr fajdes"}]},{"@type":"WebSite","@id":"https:\/\/veritasinfo.org\/#website","url":"https:\/\/veritasinfo.org\/","name":"","description":"","potentialAction":[{"@type":"SearchAction","target":{"@type":"EntryPoint","urlTemplate":"https:\/\/veritasinfo.org\/?s={search_term_string}"},"query-input":{"@type":"PropertyValueSpecification","valueRequired":true,"valueName":"search_term_string"}}],"inLanguage":"en-US"},{"@type":"Person","@id":"https:\/\/veritasinfo.org\/#\/schema\/person\/7701f8c088bece422266b100a712374f","name":"admin","image":{"@type":"ImageObject","inLanguage":"en-US","@id":"https:\/\/veritasinfo.org\/#\/schema\/person\/image\/","url":"https:\/\/secure.gravatar.com\/avatar\/ea53aa3bf6c9a12d5fde8ce4deff43fef3885ae33cf60184161a50d6987cfd2f?s=96&d=mm&r=g","contentUrl":"https:\/\/secure.gravatar.com\/avatar\/ea53aa3bf6c9a12d5fde8ce4deff43fef3885ae33cf60184161a50d6987cfd2f?s=96&d=mm&r=g","caption":"admin"},"sameAs":["https:\/\/veritasinfo.org"],"url":"https:\/\/veritasinfo.org\/?author=1"}]}},"featured_image_urls":{"full":["https:\/\/veritasinfo.org\/wp-content\/uploads\/2025\/08\/IMG_2529.png",900,598,false],"thumbnail":["https:\/\/veritasinfo.org\/wp-content\/uploads\/2025\/08\/IMG_2529-150x150.png",150,150,true],"medium":["https:\/\/veritasinfo.org\/wp-content\/uploads\/2025\/08\/IMG_2529-300x199.png",300,199,true],"medium_large":["https:\/\/veritasinfo.org\/wp-content\/uploads\/2025\/08\/IMG_2529-768x510.png",640,425,true],"large":["https:\/\/veritasinfo.org\/wp-content\/uploads\/2025\/08\/IMG_2529.png",640,425,false],"1536x1536":["https:\/\/veritasinfo.org\/wp-content\/uploads\/2025\/08\/IMG_2529.png",900,598,false],"2048x2048":["https:\/\/veritasinfo.org\/wp-content\/uploads\/2025\/08\/IMG_2529.png",900,598,false],"kreeti-slider-full":["https:\/\/veritasinfo.org\/wp-content\/uploads\/2025\/08\/IMG_2529.png",900,598,false],"kreeti-featured":["https:\/\/veritasinfo.org\/wp-content\/uploads\/2025\/08\/IMG_2529.png",900,598,false],"kreeti-medium":["https:\/\/veritasinfo.org\/wp-content\/uploads\/2025\/08\/IMG_2529.png",720,478,false],"kreeti-medium-square":["https:\/\/veritasinfo.org\/wp-content\/uploads\/2025\/08\/IMG_2529.png",350,233,false]},"author_info":{"info":["admin"]},"category_info":"<a href=\"https:\/\/veritasinfo.org\/?cat=60\" rel=\"category\">Shoq\u00ebrore<\/a>","tag_info":"Shoq\u00ebrore","comment_count":"0","_links":{"self":[{"href":"https:\/\/veritasinfo.org\/index.php?rest_route=\/wp\/v2\/posts\/8042","targetHints":{"allow":["GET"]}}],"collection":[{"href":"https:\/\/veritasinfo.org\/index.php?rest_route=\/wp\/v2\/posts"}],"about":[{"href":"https:\/\/veritasinfo.org\/index.php?rest_route=\/wp\/v2\/types\/post"}],"author":[{"embeddable":true,"href":"https:\/\/veritasinfo.org\/index.php?rest_route=\/wp\/v2\/users\/1"}],"replies":[{"embeddable":true,"href":"https:\/\/veritasinfo.org\/index.php?rest_route=%2Fwp%2Fv2%2Fcomments&post=8042"}],"version-history":[{"count":2,"href":"https:\/\/veritasinfo.org\/index.php?rest_route=\/wp\/v2\/posts\/8042\/revisions"}],"predecessor-version":[{"id":8045,"href":"https:\/\/veritasinfo.org\/index.php?rest_route=\/wp\/v2\/posts\/8042\/revisions\/8045"}],"wp:featuredmedia":[{"embeddable":true,"href":"https:\/\/veritasinfo.org\/index.php?rest_route=\/wp\/v2\/media\/8043"}],"wp:attachment":[{"href":"https:\/\/veritasinfo.org\/index.php?rest_route=%2Fwp%2Fv2%2Fmedia&parent=8042"}],"wp:term":[{"taxonomy":"category","embeddable":true,"href":"https:\/\/veritasinfo.org\/index.php?rest_route=%2Fwp%2Fv2%2Fcategories&post=8042"},{"taxonomy":"post_tag","embeddable":true,"href":"https:\/\/veritasinfo.org\/index.php?rest_route=%2Fwp%2Fv2%2Ftags&post=8042"}],"curies":[{"name":"wp","href":"https:\/\/api.w.org\/{rel}","templated":true}]}}