{"id":8034,"date":"2025-08-14T15:43:46","date_gmt":"2025-08-14T13:43:46","guid":{"rendered":"https:\/\/veritasinfo.org\/?p=8034"},"modified":"2025-08-14T15:43:46","modified_gmt":"2025-08-14T13:43:46","slug":"kori-i-filharmonise-se-kosoves-ne-hamburg","status":"publish","type":"post","link":"https:\/\/veritasinfo.org\/?p=8034","title":{"rendered":"Kori i Filharmonis\u00eb s\u00eb Kosov\u00ebs n\u00eb Hamburg"},"content":{"rendered":"<p>Hamburg, 14 Gusht 2025<\/p>\n<p><strong>Kori i Filharmonis\u00eb s\u00eb Kosov\u00ebs e nis sezonin e ri me nj\u00eb paraqitje t\u00eb ve\u00e7ant\u00eb dhe nj\u00ebkoh\u00ebsisht debutimin n\u00eb Gjermani, m\u00eb 8 shtator nga ora 19:30.<\/strong><\/p>\n<p>Me mb\u00ebshtetjen e Ministris\u00eb s\u00eb Kultur\u00ebs dhe Ministris\u00eb s\u00eb Pun\u00ebve t\u00eb Jashtme t\u00eb Republik\u00ebs s\u00eb Kosov\u00ebs, si dhe organizimin e Konsullat\u00ebs s\u00eb Republik\u00ebs s\u00eb Kosov\u00ebs n\u00eb Hamburg.<\/p>\n<p>Programi \u201cHorizonte\u201d \u00ebsht\u00eb nj\u00eb udh\u00ebtim muzikor q\u00eb bashkon gjenerata dhe kultura, me vepra nga repertori nd\u00ebrkomb\u00ebtar koral dhe kompozitor\u00eb kosovar\u00eb \u2013 nga gjenerata e dyt\u00eb deri te shkolla e re.<\/p>\n","protected":false},"excerpt":{"rendered":"<p>Hamburg, 14 Gusht 2025 Kori i Filharmonis\u00eb s\u00eb Kosov\u00ebs e nis sezonin e ri me nj\u00eb paraqitje t\u00eb ve\u00e7ant\u00eb dhe nj\u00ebkoh\u00ebsisht debutimin n\u00eb Gjermani, m\u00eb<\/p>\n","protected":false},"author":1,"featured_media":8035,"comment_status":"open","ping_status":"open","sticky":false,"template":"","format":"standard","meta":{"footnotes":""},"categories":[54],"tags":[],"class_list":["post-8034","post","type-post","status-publish","format-standard","has-post-thumbnail","hentry","category-kulture-sq"],"yoast_head":"<!-- This site is optimized with the Yoast SEO plugin v25.3.1 - https:\/\/yoast.com\/wordpress\/plugins\/seo\/ -->\n<title>Kori i Filharmonis\u00eb s\u00eb Kosov\u00ebs n\u00eb Hamburg -<\/title>\n<meta name=\"robots\" content=\"index, follow, max-snippet:-1, max-image-preview:large, max-video-preview:-1\" \/>\n<link rel=\"canonical\" href=\"https:\/\/veritasinfo.org\/?p=8034\" \/>\n<meta property=\"og:locale\" content=\"en_US\" \/>\n<meta property=\"og:type\" content=\"article\" \/>\n<meta property=\"og:title\" content=\"Kori i Filharmonis\u00eb s\u00eb Kosov\u00ebs n\u00eb Hamburg -\" \/>\n<meta property=\"og:description\" content=\"Hamburg, 14 Gusht 2025 Kori i Filharmonis\u00eb s\u00eb Kosov\u00ebs e nis sezonin e ri me nj\u00eb paraqitje t\u00eb ve\u00e7ant\u00eb dhe nj\u00ebkoh\u00ebsisht debutimin n\u00eb Gjermani, m\u00eb\" \/>\n<meta property=\"og:url\" content=\"https:\/\/veritasinfo.org\/?p=8034\" \/>\n<meta property=\"article:published_time\" content=\"2025-08-14T13:43:46+00:00\" \/>\n<meta property=\"og:image\" content=\"https:\/\/veritasinfo.org\/wp-content\/uploads\/2025\/08\/IMG_2527.png\" \/>\n\t<meta property=\"og:image:width\" content=\"600\" \/>\n\t<meta property=\"og:image:height\" content=\"360\" \/>\n\t<meta property=\"og:image:type\" content=\"image\/png\" \/>\n<meta name=\"author\" content=\"admin\" \/>\n<meta name=\"twitter:card\" content=\"summary_large_image\" \/>\n<meta name=\"twitter:label1\" content=\"Written by\" \/>\n\t<meta name=\"twitter:data1\" content=\"admin\" \/>\n\t<meta name=\"twitter:label2\" content=\"Est. reading time\" \/>\n\t<meta name=\"twitter:data2\" content=\"1 minute\" \/>\n<script type=\"application\/ld+json\" class=\"yoast-schema-graph\">{\"@context\":\"https:\/\/schema.org\",\"@graph\":[{\"@type\":\"WebPage\",\"@id\":\"https:\/\/veritasinfo.org\/?p=8034\",\"url\":\"https:\/\/veritasinfo.org\/?p=8034\",\"name\":\"Kori i Filharmonis\u00eb s\u00eb Kosov\u00ebs n\u00eb Hamburg -\",\"isPartOf\":{\"@id\":\"https:\/\/veritasinfo.org\/#website\"},\"primaryImageOfPage\":{\"@id\":\"https:\/\/veritasinfo.org\/?p=8034#primaryimage\"},\"image\":{\"@id\":\"https:\/\/veritasinfo.org\/?p=8034#primaryimage\"},\"thumbnailUrl\":\"https:\/\/veritasinfo.org\/wp-content\/uploads\/2025\/08\/IMG_2527.png\",\"datePublished\":\"2025-08-14T13:43:46+00:00\",\"author\":{\"@id\":\"https:\/\/veritasinfo.org\/#\/schema\/person\/7701f8c088bece422266b100a712374f\"},\"breadcrumb\":{\"@id\":\"https:\/\/veritasinfo.org\/?p=8034#breadcrumb\"},\"inLanguage\":\"en-US\",\"potentialAction\":[{\"@type\":\"ReadAction\",\"target\":[\"https:\/\/veritasinfo.org\/?p=8034\"]}]},{\"@type\":\"ImageObject\",\"inLanguage\":\"en-US\",\"@id\":\"https:\/\/veritasinfo.org\/?p=8034#primaryimage\",\"url\":\"https:\/\/veritasinfo.org\/wp-content\/uploads\/2025\/08\/IMG_2527.png\",\"contentUrl\":\"https:\/\/veritasinfo.org\/wp-content\/uploads\/2025\/08\/IMG_2527.png\",\"width\":600,\"height\":360},{\"@type\":\"BreadcrumbList\",\"@id\":\"https:\/\/veritasinfo.org\/?p=8034#breadcrumb\",\"itemListElement\":[{\"@type\":\"ListItem\",\"position\":1,\"name\":\"Home\",\"item\":\"https:\/\/veritasinfo.org\/\"},{\"@type\":\"ListItem\",\"position\":2,\"name\":\"Kori i Filharmonis\u00eb s\u00eb Kosov\u00ebs n\u00eb Hamburg\"}]},{\"@type\":\"WebSite\",\"@id\":\"https:\/\/veritasinfo.org\/#website\",\"url\":\"https:\/\/veritasinfo.org\/\",\"name\":\"\",\"description\":\"\",\"potentialAction\":[{\"@type\":\"SearchAction\",\"target\":{\"@type\":\"EntryPoint\",\"urlTemplate\":\"https:\/\/veritasinfo.org\/?s={search_term_string}\"},\"query-input\":{\"@type\":\"PropertyValueSpecification\",\"valueRequired\":true,\"valueName\":\"search_term_string\"}}],\"inLanguage\":\"en-US\"},{\"@type\":\"Person\",\"@id\":\"https:\/\/veritasinfo.org\/#\/schema\/person\/7701f8c088bece422266b100a712374f\",\"name\":\"admin\",\"image\":{\"@type\":\"ImageObject\",\"inLanguage\":\"en-US\",\"@id\":\"https:\/\/veritasinfo.org\/#\/schema\/person\/image\/\",\"url\":\"https:\/\/secure.gravatar.com\/avatar\/ea53aa3bf6c9a12d5fde8ce4deff43fef3885ae33cf60184161a50d6987cfd2f?s=96&d=mm&r=g\",\"contentUrl\":\"https:\/\/secure.gravatar.com\/avatar\/ea53aa3bf6c9a12d5fde8ce4deff43fef3885ae33cf60184161a50d6987cfd2f?s=96&d=mm&r=g\",\"caption\":\"admin\"},\"sameAs\":[\"https:\/\/veritasinfo.org\"],\"url\":\"https:\/\/veritasinfo.org\/?author=1\"}]}<\/script>\n<!-- \/ Yoast SEO plugin. -->","yoast_head_json":{"title":"Kori i Filharmonis\u00eb s\u00eb Kosov\u00ebs n\u00eb Hamburg -","robots":{"index":"index","follow":"follow","max-snippet":"max-snippet:-1","max-image-preview":"max-image-preview:large","max-video-preview":"max-video-preview:-1"},"canonical":"https:\/\/veritasinfo.org\/?p=8034","og_locale":"en_US","og_type":"article","og_title":"Kori i Filharmonis\u00eb s\u00eb Kosov\u00ebs n\u00eb Hamburg -","og_description":"Hamburg, 14 Gusht 2025 Kori i Filharmonis\u00eb s\u00eb Kosov\u00ebs e nis sezonin e ri me nj\u00eb paraqitje t\u00eb ve\u00e7ant\u00eb dhe nj\u00ebkoh\u00ebsisht debutimin n\u00eb Gjermani, m\u00eb","og_url":"https:\/\/veritasinfo.org\/?p=8034","article_published_time":"2025-08-14T13:43:46+00:00","og_image":[{"width":600,"height":360,"url":"https:\/\/veritasinfo.org\/wp-content\/uploads\/2025\/08\/IMG_2527.png","type":"image\/png"}],"author":"admin","twitter_card":"summary_large_image","twitter_misc":{"Written by":"admin","Est. reading time":"1 minute"},"schema":{"@context":"https:\/\/schema.org","@graph":[{"@type":"WebPage","@id":"https:\/\/veritasinfo.org\/?p=8034","url":"https:\/\/veritasinfo.org\/?p=8034","name":"Kori i Filharmonis\u00eb s\u00eb Kosov\u00ebs n\u00eb Hamburg -","isPartOf":{"@id":"https:\/\/veritasinfo.org\/#website"},"primaryImageOfPage":{"@id":"https:\/\/veritasinfo.org\/?p=8034#primaryimage"},"image":{"@id":"https:\/\/veritasinfo.org\/?p=8034#primaryimage"},"thumbnailUrl":"https:\/\/veritasinfo.org\/wp-content\/uploads\/2025\/08\/IMG_2527.png","datePublished":"2025-08-14T13:43:46+00:00","author":{"@id":"https:\/\/veritasinfo.org\/#\/schema\/person\/7701f8c088bece422266b100a712374f"},"breadcrumb":{"@id":"https:\/\/veritasinfo.org\/?p=8034#breadcrumb"},"inLanguage":"en-US","potentialAction":[{"@type":"ReadAction","target":["https:\/\/veritasinfo.org\/?p=8034"]}]},{"@type":"ImageObject","inLanguage":"en-US","@id":"https:\/\/veritasinfo.org\/?p=8034#primaryimage","url":"https:\/\/veritasinfo.org\/wp-content\/uploads\/2025\/08\/IMG_2527.png","contentUrl":"https:\/\/veritasinfo.org\/wp-content\/uploads\/2025\/08\/IMG_2527.png","width":600,"height":360},{"@type":"BreadcrumbList","@id":"https:\/\/veritasinfo.org\/?p=8034#breadcrumb","itemListElement":[{"@type":"ListItem","position":1,"name":"Home","item":"https:\/\/veritasinfo.org\/"},{"@type":"ListItem","position":2,"name":"Kori i Filharmonis\u00eb s\u00eb Kosov\u00ebs n\u00eb Hamburg"}]},{"@type":"WebSite","@id":"https:\/\/veritasinfo.org\/#website","url":"https:\/\/veritasinfo.org\/","name":"","description":"","potentialAction":[{"@type":"SearchAction","target":{"@type":"EntryPoint","urlTemplate":"https:\/\/veritasinfo.org\/?s={search_term_string}"},"query-input":{"@type":"PropertyValueSpecification","valueRequired":true,"valueName":"search_term_string"}}],"inLanguage":"en-US"},{"@type":"Person","@id":"https:\/\/veritasinfo.org\/#\/schema\/person\/7701f8c088bece422266b100a712374f","name":"admin","image":{"@type":"ImageObject","inLanguage":"en-US","@id":"https:\/\/veritasinfo.org\/#\/schema\/person\/image\/","url":"https:\/\/secure.gravatar.com\/avatar\/ea53aa3bf6c9a12d5fde8ce4deff43fef3885ae33cf60184161a50d6987cfd2f?s=96&d=mm&r=g","contentUrl":"https:\/\/secure.gravatar.com\/avatar\/ea53aa3bf6c9a12d5fde8ce4deff43fef3885ae33cf60184161a50d6987cfd2f?s=96&d=mm&r=g","caption":"admin"},"sameAs":["https:\/\/veritasinfo.org"],"url":"https:\/\/veritasinfo.org\/?author=1"}]}},"featured_image_urls":{"full":["https:\/\/veritasinfo.org\/wp-content\/uploads\/2025\/08\/IMG_2527.png",600,360,false],"thumbnail":["https:\/\/veritasinfo.org\/wp-content\/uploads\/2025\/08\/IMG_2527-150x150.png",150,150,true],"medium":["https:\/\/veritasinfo.org\/wp-content\/uploads\/2025\/08\/IMG_2527-300x180.png",300,180,true],"medium_large":["https:\/\/veritasinfo.org\/wp-content\/uploads\/2025\/08\/IMG_2527.png",600,360,false],"large":["https:\/\/veritasinfo.org\/wp-content\/uploads\/2025\/08\/IMG_2527.png",600,360,false],"1536x1536":["https:\/\/veritasinfo.org\/wp-content\/uploads\/2025\/08\/IMG_2527.png",600,360,false],"2048x2048":["https:\/\/veritasinfo.org\/wp-content\/uploads\/2025\/08\/IMG_2527.png",600,360,false],"kreeti-slider-full":["https:\/\/veritasinfo.org\/wp-content\/uploads\/2025\/08\/IMG_2527.png",600,360,false],"kreeti-featured":["https:\/\/veritasinfo.org\/wp-content\/uploads\/2025\/08\/IMG_2527.png",600,360,false],"kreeti-medium":["https:\/\/veritasinfo.org\/wp-content\/uploads\/2025\/08\/IMG_2527.png",600,360,false],"kreeti-medium-square":["https:\/\/veritasinfo.org\/wp-content\/uploads\/2025\/08\/IMG_2527.png",350,210,false]},"author_info":{"info":["admin"]},"category_info":"<a href=\"https:\/\/veritasinfo.org\/?cat=54\" rel=\"category\">Kultur\u00eb<\/a>","tag_info":"Kultur\u00eb","comment_count":"0","_links":{"self":[{"href":"https:\/\/veritasinfo.org\/index.php?rest_route=\/wp\/v2\/posts\/8034","targetHints":{"allow":["GET"]}}],"collection":[{"href":"https:\/\/veritasinfo.org\/index.php?rest_route=\/wp\/v2\/posts"}],"about":[{"href":"https:\/\/veritasinfo.org\/index.php?rest_route=\/wp\/v2\/types\/post"}],"author":[{"embeddable":true,"href":"https:\/\/veritasinfo.org\/index.php?rest_route=\/wp\/v2\/users\/1"}],"replies":[{"embeddable":true,"href":"https:\/\/veritasinfo.org\/index.php?rest_route=%2Fwp%2Fv2%2Fcomments&post=8034"}],"version-history":[{"count":1,"href":"https:\/\/veritasinfo.org\/index.php?rest_route=\/wp\/v2\/posts\/8034\/revisions"}],"predecessor-version":[{"id":8036,"href":"https:\/\/veritasinfo.org\/index.php?rest_route=\/wp\/v2\/posts\/8034\/revisions\/8036"}],"wp:featuredmedia":[{"embeddable":true,"href":"https:\/\/veritasinfo.org\/index.php?rest_route=\/wp\/v2\/media\/8035"}],"wp:attachment":[{"href":"https:\/\/veritasinfo.org\/index.php?rest_route=%2Fwp%2Fv2%2Fmedia&parent=8034"}],"wp:term":[{"taxonomy":"category","embeddable":true,"href":"https:\/\/veritasinfo.org\/index.php?rest_route=%2Fwp%2Fv2%2Fcategories&post=8034"},{"taxonomy":"post_tag","embeddable":true,"href":"https:\/\/veritasinfo.org\/index.php?rest_route=%2Fwp%2Fv2%2Ftags&post=8034"}],"curies":[{"name":"wp","href":"https:\/\/api.w.org\/{rel}","templated":true}]}}