{"id":8027,"date":"2025-08-14T14:05:44","date_gmt":"2025-08-14T12:05:44","guid":{"rendered":"https:\/\/veritasinfo.org\/?p=8027"},"modified":"2025-08-14T14:05:44","modified_gmt":"2025-08-14T12:05:44","slug":"aktakuze-ndaj-dy-personave-dyshohen-se-propaganduan-ideologji-ekstremiste-fetare","status":"publish","type":"post","link":"https:\/\/veritasinfo.org\/?p=8027","title":{"rendered":"Aktakuz\u00eb ndaj dy personave, dyshohen se propaganduan ideologji ekstremiste fetare"},"content":{"rendered":"<p>Prishtin\u00eb, 14 Gusht 2025<\/p>\n<p><strong>Prokuroria Speciale e Kosov\u00ebs ka ngritur aktakuz\u00eb ndaj M.M. dhe A.B., t\u00eb dyshuar p\u00ebr vepr\u00ebn penale \u201cNxitja e p\u00ebr\u00e7arjes dhe mosdurimit\u201d.<\/strong><\/p>\n<p>Sipas aktakuz\u00ebs, ata akuzohen se kan\u00eb nxitur dhe p\u00ebrhapur publikisht urrejtje nd\u00ebrmjet grupeve fetare, si dhe kan\u00eb propaganduar ideologji ekstremiste fetare, duke ndjekur metodat e organizat\u00ebs terroriste Shteti Islamik (ISIS).<\/p>\n<p>Prokuroria pretendon se M.M. ka b\u00ebr\u00eb thirrje p\u00ebr masakra ndaj hebrenjve dhe t\u00eb krishter\u00ebve, p\u00ebrmes postimeve n\u00eb rrjetin social Facebook, ku ka publikuar foto e video t\u00eb personave t\u00eb radikalizuar dhe ka shp\u00ebrndar\u00eb thirrje t\u00eb hapura p\u00ebr ekstremiz\u00ebm fetar.<\/p>\n<p>Nd\u00ebrsa A.B. akuzohet se ka b\u00ebr\u00eb thirrje p\u00ebr respektimin e ligjeve t\u00eb \u201cSheriatit\u201d dhe p\u00ebr kund\u00ebrshtimin e sistemit demokratik, simboleve dhe ligjeve t\u00eb Republik\u00ebs s\u00eb Kosov\u00ebs.<\/p>\n<p>Po ashtu, sipas aktakuz\u00ebs, nga viti 2019 deri m\u00eb 22 maj 2025, A.B., duke p\u00ebrdorur profilin n\u00eb Facebook me emrin \u201cUbejdullah Abu Suhejla\u201d, ka shp\u00ebrndar\u00eb materiale me p\u00ebrmbajtje nxit\u00ebse dhe ka b\u00ebr\u00eb thirrje p\u00ebr t\u2019iu bashkuar luft\u00ebs p\u00ebr \u201cxhihad\u201d.<\/p>\n<p>\u201cProkuroria Speciale riafirmon p\u00ebrkushtimin e saj p\u00ebr ndjekjen dhe hetimin e veprave t\u00eb tilla penale, t\u00eb cilat cenojn\u00eb r\u00ebnd\u00eb vlerat demokratike dhe bashk\u00ebjetes\u00ebn nd\u00ebrmjet grupeve etnike e fetare q\u00eb jetojn\u00eb n\u00eb Republik\u00ebn e Kosov\u00ebs\u201d, thuhet n\u00eb njoftimin zyrtar.<\/p>\n","protected":false},"excerpt":{"rendered":"<p>Prishtin\u00eb, 14 Gusht 2025 Prokuroria Speciale e Kosov\u00ebs ka ngritur aktakuz\u00eb ndaj M.M. dhe A.B., t\u00eb dyshuar p\u00ebr vepr\u00ebn penale \u201cNxitja e p\u00ebr\u00e7arjes dhe mosdurimit\u201d.<\/p>\n","protected":false},"author":1,"featured_media":8028,"comment_status":"open","ping_status":"open","sticky":false,"template":"","format":"standard","meta":{"footnotes":""},"categories":[60],"tags":[],"class_list":["post-8027","post","type-post","status-publish","format-standard","has-post-thumbnail","hentry","category-shoqerore-sq"],"yoast_head":"<!-- This site is optimized with the Yoast SEO plugin v25.3.1 - https:\/\/yoast.com\/wordpress\/plugins\/seo\/ -->\n<title>Aktakuz\u00eb ndaj dy personave, dyshohen se propaganduan ideologji ekstremiste fetare -<\/title>\n<meta name=\"robots\" content=\"index, follow, max-snippet:-1, max-image-preview:large, max-video-preview:-1\" \/>\n<link rel=\"canonical\" href=\"https:\/\/veritasinfo.org\/?p=8027\" \/>\n<meta property=\"og:locale\" content=\"en_US\" \/>\n<meta property=\"og:type\" content=\"article\" \/>\n<meta property=\"og:title\" content=\"Aktakuz\u00eb ndaj dy personave, dyshohen se propaganduan ideologji ekstremiste fetare -\" \/>\n<meta property=\"og:description\" content=\"Prishtin\u00eb, 14 Gusht 2025 Prokuroria Speciale e Kosov\u00ebs ka ngritur aktakuz\u00eb ndaj M.M. dhe A.B., t\u00eb dyshuar p\u00ebr vepr\u00ebn penale \u201cNxitja e p\u00ebr\u00e7arjes dhe mosdurimit\u201d.\" \/>\n<meta property=\"og:url\" content=\"https:\/\/veritasinfo.org\/?p=8027\" \/>\n<meta property=\"article:published_time\" content=\"2025-08-14T12:05:44+00:00\" \/>\n<meta property=\"og:image\" content=\"https:\/\/veritasinfo.org\/wp-content\/uploads\/2025\/08\/IMG_2520.jpeg\" \/>\n\t<meta property=\"og:image:width\" content=\"430\" \/>\n\t<meta property=\"og:image:height\" content=\"232\" \/>\n\t<meta property=\"og:image:type\" content=\"image\/jpeg\" \/>\n<meta name=\"author\" content=\"admin\" \/>\n<meta name=\"twitter:card\" content=\"summary_large_image\" \/>\n<meta name=\"twitter:label1\" content=\"Written by\" \/>\n\t<meta name=\"twitter:data1\" content=\"admin\" \/>\n\t<meta name=\"twitter:label2\" content=\"Est. reading time\" \/>\n\t<meta name=\"twitter:data2\" content=\"2 minutes\" \/>\n<script type=\"application\/ld+json\" class=\"yoast-schema-graph\">{\"@context\":\"https:\/\/schema.org\",\"@graph\":[{\"@type\":\"WebPage\",\"@id\":\"https:\/\/veritasinfo.org\/?p=8027\",\"url\":\"https:\/\/veritasinfo.org\/?p=8027\",\"name\":\"Aktakuz\u00eb ndaj dy personave, dyshohen se propaganduan ideologji ekstremiste fetare -\",\"isPartOf\":{\"@id\":\"https:\/\/veritasinfo.org\/#website\"},\"primaryImageOfPage\":{\"@id\":\"https:\/\/veritasinfo.org\/?p=8027#primaryimage\"},\"image\":{\"@id\":\"https:\/\/veritasinfo.org\/?p=8027#primaryimage\"},\"thumbnailUrl\":\"https:\/\/veritasinfo.org\/wp-content\/uploads\/2025\/08\/IMG_2520.jpeg\",\"datePublished\":\"2025-08-14T12:05:44+00:00\",\"author\":{\"@id\":\"https:\/\/veritasinfo.org\/#\/schema\/person\/7701f8c088bece422266b100a712374f\"},\"breadcrumb\":{\"@id\":\"https:\/\/veritasinfo.org\/?p=8027#breadcrumb\"},\"inLanguage\":\"en-US\",\"potentialAction\":[{\"@type\":\"ReadAction\",\"target\":[\"https:\/\/veritasinfo.org\/?p=8027\"]}]},{\"@type\":\"ImageObject\",\"inLanguage\":\"en-US\",\"@id\":\"https:\/\/veritasinfo.org\/?p=8027#primaryimage\",\"url\":\"https:\/\/veritasinfo.org\/wp-content\/uploads\/2025\/08\/IMG_2520.jpeg\",\"contentUrl\":\"https:\/\/veritasinfo.org\/wp-content\/uploads\/2025\/08\/IMG_2520.jpeg\",\"width\":430,\"height\":232},{\"@type\":\"BreadcrumbList\",\"@id\":\"https:\/\/veritasinfo.org\/?p=8027#breadcrumb\",\"itemListElement\":[{\"@type\":\"ListItem\",\"position\":1,\"name\":\"Home\",\"item\":\"https:\/\/veritasinfo.org\/\"},{\"@type\":\"ListItem\",\"position\":2,\"name\":\"Aktakuz\u00eb ndaj dy personave, dyshohen se propaganduan ideologji ekstremiste fetare\"}]},{\"@type\":\"WebSite\",\"@id\":\"https:\/\/veritasinfo.org\/#website\",\"url\":\"https:\/\/veritasinfo.org\/\",\"name\":\"\",\"description\":\"\",\"potentialAction\":[{\"@type\":\"SearchAction\",\"target\":{\"@type\":\"EntryPoint\",\"urlTemplate\":\"https:\/\/veritasinfo.org\/?s={search_term_string}\"},\"query-input\":{\"@type\":\"PropertyValueSpecification\",\"valueRequired\":true,\"valueName\":\"search_term_string\"}}],\"inLanguage\":\"en-US\"},{\"@type\":\"Person\",\"@id\":\"https:\/\/veritasinfo.org\/#\/schema\/person\/7701f8c088bece422266b100a712374f\",\"name\":\"admin\",\"image\":{\"@type\":\"ImageObject\",\"inLanguage\":\"en-US\",\"@id\":\"https:\/\/veritasinfo.org\/#\/schema\/person\/image\/\",\"url\":\"https:\/\/secure.gravatar.com\/avatar\/ea53aa3bf6c9a12d5fde8ce4deff43fef3885ae33cf60184161a50d6987cfd2f?s=96&d=mm&r=g\",\"contentUrl\":\"https:\/\/secure.gravatar.com\/avatar\/ea53aa3bf6c9a12d5fde8ce4deff43fef3885ae33cf60184161a50d6987cfd2f?s=96&d=mm&r=g\",\"caption\":\"admin\"},\"sameAs\":[\"https:\/\/veritasinfo.org\"],\"url\":\"https:\/\/veritasinfo.org\/?author=1\"}]}<\/script>\n<!-- \/ Yoast SEO plugin. -->","yoast_head_json":{"title":"Aktakuz\u00eb ndaj dy personave, dyshohen se propaganduan ideologji ekstremiste fetare -","robots":{"index":"index","follow":"follow","max-snippet":"max-snippet:-1","max-image-preview":"max-image-preview:large","max-video-preview":"max-video-preview:-1"},"canonical":"https:\/\/veritasinfo.org\/?p=8027","og_locale":"en_US","og_type":"article","og_title":"Aktakuz\u00eb ndaj dy personave, dyshohen se propaganduan ideologji ekstremiste fetare -","og_description":"Prishtin\u00eb, 14 Gusht 2025 Prokuroria Speciale e Kosov\u00ebs ka ngritur aktakuz\u00eb ndaj M.M. dhe A.B., t\u00eb dyshuar p\u00ebr vepr\u00ebn penale \u201cNxitja e p\u00ebr\u00e7arjes dhe mosdurimit\u201d.","og_url":"https:\/\/veritasinfo.org\/?p=8027","article_published_time":"2025-08-14T12:05:44+00:00","og_image":[{"width":430,"height":232,"url":"https:\/\/veritasinfo.org\/wp-content\/uploads\/2025\/08\/IMG_2520.jpeg","type":"image\/jpeg"}],"author":"admin","twitter_card":"summary_large_image","twitter_misc":{"Written by":"admin","Est. reading time":"2 minutes"},"schema":{"@context":"https:\/\/schema.org","@graph":[{"@type":"WebPage","@id":"https:\/\/veritasinfo.org\/?p=8027","url":"https:\/\/veritasinfo.org\/?p=8027","name":"Aktakuz\u00eb ndaj dy personave, dyshohen se propaganduan ideologji ekstremiste fetare -","isPartOf":{"@id":"https:\/\/veritasinfo.org\/#website"},"primaryImageOfPage":{"@id":"https:\/\/veritasinfo.org\/?p=8027#primaryimage"},"image":{"@id":"https:\/\/veritasinfo.org\/?p=8027#primaryimage"},"thumbnailUrl":"https:\/\/veritasinfo.org\/wp-content\/uploads\/2025\/08\/IMG_2520.jpeg","datePublished":"2025-08-14T12:05:44+00:00","author":{"@id":"https:\/\/veritasinfo.org\/#\/schema\/person\/7701f8c088bece422266b100a712374f"},"breadcrumb":{"@id":"https:\/\/veritasinfo.org\/?p=8027#breadcrumb"},"inLanguage":"en-US","potentialAction":[{"@type":"ReadAction","target":["https:\/\/veritasinfo.org\/?p=8027"]}]},{"@type":"ImageObject","inLanguage":"en-US","@id":"https:\/\/veritasinfo.org\/?p=8027#primaryimage","url":"https:\/\/veritasinfo.org\/wp-content\/uploads\/2025\/08\/IMG_2520.jpeg","contentUrl":"https:\/\/veritasinfo.org\/wp-content\/uploads\/2025\/08\/IMG_2520.jpeg","width":430,"height":232},{"@type":"BreadcrumbList","@id":"https:\/\/veritasinfo.org\/?p=8027#breadcrumb","itemListElement":[{"@type":"ListItem","position":1,"name":"Home","item":"https:\/\/veritasinfo.org\/"},{"@type":"ListItem","position":2,"name":"Aktakuz\u00eb ndaj dy personave, dyshohen se propaganduan ideologji ekstremiste fetare"}]},{"@type":"WebSite","@id":"https:\/\/veritasinfo.org\/#website","url":"https:\/\/veritasinfo.org\/","name":"","description":"","potentialAction":[{"@type":"SearchAction","target":{"@type":"EntryPoint","urlTemplate":"https:\/\/veritasinfo.org\/?s={search_term_string}"},"query-input":{"@type":"PropertyValueSpecification","valueRequired":true,"valueName":"search_term_string"}}],"inLanguage":"en-US"},{"@type":"Person","@id":"https:\/\/veritasinfo.org\/#\/schema\/person\/7701f8c088bece422266b100a712374f","name":"admin","image":{"@type":"ImageObject","inLanguage":"en-US","@id":"https:\/\/veritasinfo.org\/#\/schema\/person\/image\/","url":"https:\/\/secure.gravatar.com\/avatar\/ea53aa3bf6c9a12d5fde8ce4deff43fef3885ae33cf60184161a50d6987cfd2f?s=96&d=mm&r=g","contentUrl":"https:\/\/secure.gravatar.com\/avatar\/ea53aa3bf6c9a12d5fde8ce4deff43fef3885ae33cf60184161a50d6987cfd2f?s=96&d=mm&r=g","caption":"admin"},"sameAs":["https:\/\/veritasinfo.org"],"url":"https:\/\/veritasinfo.org\/?author=1"}]}},"featured_image_urls":{"full":["https:\/\/veritasinfo.org\/wp-content\/uploads\/2025\/08\/IMG_2520.jpeg",430,232,false],"thumbnail":["https:\/\/veritasinfo.org\/wp-content\/uploads\/2025\/08\/IMG_2520-150x150.jpeg",150,150,true],"medium":["https:\/\/veritasinfo.org\/wp-content\/uploads\/2025\/08\/IMG_2520-300x162.jpeg",300,162,true],"medium_large":["https:\/\/veritasinfo.org\/wp-content\/uploads\/2025\/08\/IMG_2520.jpeg",430,232,false],"large":["https:\/\/veritasinfo.org\/wp-content\/uploads\/2025\/08\/IMG_2520.jpeg",430,232,false],"1536x1536":["https:\/\/veritasinfo.org\/wp-content\/uploads\/2025\/08\/IMG_2520.jpeg",430,232,false],"2048x2048":["https:\/\/veritasinfo.org\/wp-content\/uploads\/2025\/08\/IMG_2520.jpeg",430,232,false],"kreeti-slider-full":["https:\/\/veritasinfo.org\/wp-content\/uploads\/2025\/08\/IMG_2520.jpeg",430,232,false],"kreeti-featured":["https:\/\/veritasinfo.org\/wp-content\/uploads\/2025\/08\/IMG_2520.jpeg",430,232,false],"kreeti-medium":["https:\/\/veritasinfo.org\/wp-content\/uploads\/2025\/08\/IMG_2520.jpeg",430,232,false],"kreeti-medium-square":["https:\/\/veritasinfo.org\/wp-content\/uploads\/2025\/08\/IMG_2520.jpeg",350,189,false]},"author_info":{"info":["admin"]},"category_info":"<a href=\"https:\/\/veritasinfo.org\/?cat=60\" rel=\"category\">Shoq\u00ebrore<\/a>","tag_info":"Shoq\u00ebrore","comment_count":"0","_links":{"self":[{"href":"https:\/\/veritasinfo.org\/index.php?rest_route=\/wp\/v2\/posts\/8027","targetHints":{"allow":["GET"]}}],"collection":[{"href":"https:\/\/veritasinfo.org\/index.php?rest_route=\/wp\/v2\/posts"}],"about":[{"href":"https:\/\/veritasinfo.org\/index.php?rest_route=\/wp\/v2\/types\/post"}],"author":[{"embeddable":true,"href":"https:\/\/veritasinfo.org\/index.php?rest_route=\/wp\/v2\/users\/1"}],"replies":[{"embeddable":true,"href":"https:\/\/veritasinfo.org\/index.php?rest_route=%2Fwp%2Fv2%2Fcomments&post=8027"}],"version-history":[{"count":1,"href":"https:\/\/veritasinfo.org\/index.php?rest_route=\/wp\/v2\/posts\/8027\/revisions"}],"predecessor-version":[{"id":8029,"href":"https:\/\/veritasinfo.org\/index.php?rest_route=\/wp\/v2\/posts\/8027\/revisions\/8029"}],"wp:featuredmedia":[{"embeddable":true,"href":"https:\/\/veritasinfo.org\/index.php?rest_route=\/wp\/v2\/media\/8028"}],"wp:attachment":[{"href":"https:\/\/veritasinfo.org\/index.php?rest_route=%2Fwp%2Fv2%2Fmedia&parent=8027"}],"wp:term":[{"taxonomy":"category","embeddable":true,"href":"https:\/\/veritasinfo.org\/index.php?rest_route=%2Fwp%2Fv2%2Fcategories&post=8027"},{"taxonomy":"post_tag","embeddable":true,"href":"https:\/\/veritasinfo.org\/index.php?rest_route=%2Fwp%2Fv2%2Ftags&post=8027"}],"curies":[{"name":"wp","href":"https:\/\/api.w.org\/{rel}","templated":true}]}}