{"id":8025,"date":"2025-08-14T13:18:01","date_gmt":"2025-08-14T11:18:01","guid":{"rendered":"https:\/\/veritasinfo.org\/?p=8025"},"modified":"2025-08-14T13:18:01","modified_gmt":"2025-08-14T11:18:01","slug":"arrestohen-dy-ish-pjesetare-te-uck-se-ne-piken-kufitare-te-horgoshit-dyshohen-per-krime-lufte","status":"publish","type":"post","link":"https:\/\/veritasinfo.org\/?p=8025","title":{"rendered":"Arrestohen dy ish-pjes\u00ebtar\u00eb t\u00eb U\u00c7K-s\u00eb n\u00eb pik\u00ebn kufitare t\u00eb Horgoshit, dyshohen p\u00ebr krime lufte"},"content":{"rendered":"<p>14 gusht, 2025<\/p>\n<p>Ministria e Pun\u00ebve t\u00eb Brendshme e Serbis\u00eb ka njoftuar se n\u00eb pik\u00ebn kufitare t\u00eb Horgoshit jan\u00eb arrestuar dy shqiptar\u00eb, t\u00eb dyshuar p\u00ebr krime lufte t\u00eb kryera n\u00eb Kosov\u00eb n\u00eb vitin 1999.<\/p>\n<p>Si\u00e7 ka deklaruar ministri Ivica Da\u00e7iq, t\u00eb arrestuarit jan\u00eb X. E. (1976) dhe B. E. (1973), t\u00eb cil\u00ebt u ndaluan menj\u00ebher\u00eb pas hyrjes n\u00eb Serbi. Sipas mediave, ky \u00ebsht\u00eb njoftimi i par\u00eb publik i ministrit lidhur me arrestimet gjithnj\u00eb e m\u00eb t\u00eb shpeshta t\u00eb ish-pjes\u00ebtar\u00ebve t\u00eb ashtuquajtur\u00ebs U\u00c7K q\u00eb kalojn\u00eb n\u00ebp\u00ebr Serbi.<\/p>\n<p>Dyshohet se m\u00eb 9 gusht 1999, n\u00eb Rahovec, n\u00eb bashk\u00ebpunim me disa an\u00ebtar\u00eb t\u00eb tjer\u00eb t\u00eb ashtuquajtur\u00ebs U\u00c7K, me p\u00ebrdorimin e forc\u00ebs fizike, arm\u00ebve t\u00eb zjarrit dhe k\u00ebrc\u00ebnimeve serioze p\u00ebr jet\u00ebn dhe gjymtyr\u00ebt, ata kan\u00eb rr\u00ebmbyer nj\u00eb civil me komb\u00ebsi serbe, J. M., dhe e kan\u00eb d\u00ebrguar n\u00eb nj\u00eb drejtim t\u00eb panjohur. Q\u00eb nga ajo koh\u00eb, \u00e7do gjurm\u00eb e tij \u00ebsht\u00eb humbur dhe ai ende figuron si person i zhdukur.<\/p>\n<p>Me urdh\u00ebr t\u00eb Prokuroris\u00eb p\u00ebr Krime Lufte, t\u00eb dyshuarve u \u00ebsht\u00eb caktuar ndalimi prej deri n\u00eb 48 or\u00eb, pas s\u00eb cil\u00ebs do t\u00eb d\u00ebrgohen n\u00eb prokurorin\u00eb kompetente me kall\u00ebzim penal.<\/p>\n<p>&nbsp;<\/p>\n<p>&nbsp;<\/p>\n<p>&nbsp;<\/p>\n<p>&nbsp;<\/p>\n<p>&nbsp;<\/p>\n<p>&nbsp;<\/p>\n","protected":false},"excerpt":{"rendered":"<p>14 gusht, 2025 Ministria e Pun\u00ebve t\u00eb Brendshme e Serbis\u00eb ka njoftuar se n\u00eb pik\u00ebn kufitare t\u00eb Horgoshit jan\u00eb arrestuar dy shqiptar\u00eb, t\u00eb dyshuar p\u00ebr<\/p>\n","protected":false},"author":1,"featured_media":8023,"comment_status":"open","ping_status":"open","sticky":false,"template":"","format":"standard","meta":{"footnotes":""},"categories":[60],"tags":[],"class_list":["post-8025","post","type-post","status-publish","format-standard","has-post-thumbnail","hentry","category-shoqerore-sq"],"yoast_head":"<!-- This site is optimized with the Yoast SEO plugin v25.3.1 - https:\/\/yoast.com\/wordpress\/plugins\/seo\/ -->\n<title>Arrestohen dy ish-pjes\u00ebtar\u00eb t\u00eb U\u00c7K-s\u00eb n\u00eb pik\u00ebn kufitare t\u00eb Horgoshit, dyshohen p\u00ebr krime lufte -<\/title>\n<meta name=\"robots\" content=\"index, follow, max-snippet:-1, max-image-preview:large, max-video-preview:-1\" \/>\n<link rel=\"canonical\" href=\"https:\/\/veritasinfo.org\/?p=8025\" \/>\n<meta property=\"og:locale\" content=\"en_US\" \/>\n<meta property=\"og:type\" content=\"article\" \/>\n<meta property=\"og:title\" content=\"Arrestohen dy ish-pjes\u00ebtar\u00eb t\u00eb U\u00c7K-s\u00eb n\u00eb pik\u00ebn kufitare t\u00eb Horgoshit, dyshohen p\u00ebr krime lufte -\" \/>\n<meta property=\"og:description\" content=\"14 gusht, 2025 Ministria e Pun\u00ebve t\u00eb Brendshme e Serbis\u00eb ka njoftuar se n\u00eb pik\u00ebn kufitare t\u00eb Horgoshit jan\u00eb arrestuar dy shqiptar\u00eb, t\u00eb dyshuar p\u00ebr\" \/>\n<meta property=\"og:url\" content=\"https:\/\/veritasinfo.org\/?p=8025\" \/>\n<meta property=\"article:published_time\" content=\"2025-08-14T11:18:01+00:00\" \/>\n<meta property=\"og:image\" content=\"https:\/\/veritasinfo.org\/wp-content\/uploads\/2025\/08\/Horgos2-e1714223243983-1000x560-1.jpeg\" \/>\n\t<meta property=\"og:image:width\" content=\"1000\" \/>\n\t<meta property=\"og:image:height\" content=\"560\" \/>\n\t<meta property=\"og:image:type\" content=\"image\/jpeg\" \/>\n<meta name=\"author\" content=\"admin\" \/>\n<meta name=\"twitter:card\" content=\"summary_large_image\" \/>\n<meta name=\"twitter:label1\" content=\"Written by\" \/>\n\t<meta name=\"twitter:data1\" content=\"admin\" \/>\n\t<meta name=\"twitter:label2\" content=\"Est. reading time\" \/>\n\t<meta name=\"twitter:data2\" content=\"2 minutes\" \/>\n<script type=\"application\/ld+json\" class=\"yoast-schema-graph\">{\"@context\":\"https:\/\/schema.org\",\"@graph\":[{\"@type\":\"WebPage\",\"@id\":\"https:\/\/veritasinfo.org\/?p=8025\",\"url\":\"https:\/\/veritasinfo.org\/?p=8025\",\"name\":\"Arrestohen dy ish-pjes\u00ebtar\u00eb t\u00eb U\u00c7K-s\u00eb n\u00eb pik\u00ebn kufitare t\u00eb Horgoshit, dyshohen p\u00ebr krime lufte -\",\"isPartOf\":{\"@id\":\"https:\/\/veritasinfo.org\/#website\"},\"primaryImageOfPage\":{\"@id\":\"https:\/\/veritasinfo.org\/?p=8025#primaryimage\"},\"image\":{\"@id\":\"https:\/\/veritasinfo.org\/?p=8025#primaryimage\"},\"thumbnailUrl\":\"https:\/\/veritasinfo.org\/wp-content\/uploads\/2025\/08\/Horgos2-e1714223243983-1000x560-1.jpeg\",\"datePublished\":\"2025-08-14T11:18:01+00:00\",\"author\":{\"@id\":\"https:\/\/veritasinfo.org\/#\/schema\/person\/7701f8c088bece422266b100a712374f\"},\"breadcrumb\":{\"@id\":\"https:\/\/veritasinfo.org\/?p=8025#breadcrumb\"},\"inLanguage\":\"en-US\",\"potentialAction\":[{\"@type\":\"ReadAction\",\"target\":[\"https:\/\/veritasinfo.org\/?p=8025\"]}]},{\"@type\":\"ImageObject\",\"inLanguage\":\"en-US\",\"@id\":\"https:\/\/veritasinfo.org\/?p=8025#primaryimage\",\"url\":\"https:\/\/veritasinfo.org\/wp-content\/uploads\/2025\/08\/Horgos2-e1714223243983-1000x560-1.jpeg\",\"contentUrl\":\"https:\/\/veritasinfo.org\/wp-content\/uploads\/2025\/08\/Horgos2-e1714223243983-1000x560-1.jpeg\",\"width\":1000,\"height\":560},{\"@type\":\"BreadcrumbList\",\"@id\":\"https:\/\/veritasinfo.org\/?p=8025#breadcrumb\",\"itemListElement\":[{\"@type\":\"ListItem\",\"position\":1,\"name\":\"Home\",\"item\":\"https:\/\/veritasinfo.org\/\"},{\"@type\":\"ListItem\",\"position\":2,\"name\":\"Arrestohen dy ish-pjes\u00ebtar\u00eb t\u00eb U\u00c7K-s\u00eb n\u00eb pik\u00ebn kufitare t\u00eb Horgoshit, dyshohen p\u00ebr krime lufte\"}]},{\"@type\":\"WebSite\",\"@id\":\"https:\/\/veritasinfo.org\/#website\",\"url\":\"https:\/\/veritasinfo.org\/\",\"name\":\"\",\"description\":\"\",\"potentialAction\":[{\"@type\":\"SearchAction\",\"target\":{\"@type\":\"EntryPoint\",\"urlTemplate\":\"https:\/\/veritasinfo.org\/?s={search_term_string}\"},\"query-input\":{\"@type\":\"PropertyValueSpecification\",\"valueRequired\":true,\"valueName\":\"search_term_string\"}}],\"inLanguage\":\"en-US\"},{\"@type\":\"Person\",\"@id\":\"https:\/\/veritasinfo.org\/#\/schema\/person\/7701f8c088bece422266b100a712374f\",\"name\":\"admin\",\"image\":{\"@type\":\"ImageObject\",\"inLanguage\":\"en-US\",\"@id\":\"https:\/\/veritasinfo.org\/#\/schema\/person\/image\/\",\"url\":\"https:\/\/secure.gravatar.com\/avatar\/ea53aa3bf6c9a12d5fde8ce4deff43fef3885ae33cf60184161a50d6987cfd2f?s=96&d=mm&r=g\",\"contentUrl\":\"https:\/\/secure.gravatar.com\/avatar\/ea53aa3bf6c9a12d5fde8ce4deff43fef3885ae33cf60184161a50d6987cfd2f?s=96&d=mm&r=g\",\"caption\":\"admin\"},\"sameAs\":[\"https:\/\/veritasinfo.org\"],\"url\":\"https:\/\/veritasinfo.org\/?author=1\"}]}<\/script>\n<!-- \/ Yoast SEO plugin. -->","yoast_head_json":{"title":"Arrestohen dy ish-pjes\u00ebtar\u00eb t\u00eb U\u00c7K-s\u00eb n\u00eb pik\u00ebn kufitare t\u00eb Horgoshit, dyshohen p\u00ebr krime lufte -","robots":{"index":"index","follow":"follow","max-snippet":"max-snippet:-1","max-image-preview":"max-image-preview:large","max-video-preview":"max-video-preview:-1"},"canonical":"https:\/\/veritasinfo.org\/?p=8025","og_locale":"en_US","og_type":"article","og_title":"Arrestohen dy ish-pjes\u00ebtar\u00eb t\u00eb U\u00c7K-s\u00eb n\u00eb pik\u00ebn kufitare t\u00eb Horgoshit, dyshohen p\u00ebr krime lufte -","og_description":"14 gusht, 2025 Ministria e Pun\u00ebve t\u00eb Brendshme e Serbis\u00eb ka njoftuar se n\u00eb pik\u00ebn kufitare t\u00eb Horgoshit jan\u00eb arrestuar dy shqiptar\u00eb, t\u00eb dyshuar p\u00ebr","og_url":"https:\/\/veritasinfo.org\/?p=8025","article_published_time":"2025-08-14T11:18:01+00:00","og_image":[{"width":1000,"height":560,"url":"https:\/\/veritasinfo.org\/wp-content\/uploads\/2025\/08\/Horgos2-e1714223243983-1000x560-1.jpeg","type":"image\/jpeg"}],"author":"admin","twitter_card":"summary_large_image","twitter_misc":{"Written by":"admin","Est. reading time":"2 minutes"},"schema":{"@context":"https:\/\/schema.org","@graph":[{"@type":"WebPage","@id":"https:\/\/veritasinfo.org\/?p=8025","url":"https:\/\/veritasinfo.org\/?p=8025","name":"Arrestohen dy ish-pjes\u00ebtar\u00eb t\u00eb U\u00c7K-s\u00eb n\u00eb pik\u00ebn kufitare t\u00eb Horgoshit, dyshohen p\u00ebr krime lufte -","isPartOf":{"@id":"https:\/\/veritasinfo.org\/#website"},"primaryImageOfPage":{"@id":"https:\/\/veritasinfo.org\/?p=8025#primaryimage"},"image":{"@id":"https:\/\/veritasinfo.org\/?p=8025#primaryimage"},"thumbnailUrl":"https:\/\/veritasinfo.org\/wp-content\/uploads\/2025\/08\/Horgos2-e1714223243983-1000x560-1.jpeg","datePublished":"2025-08-14T11:18:01+00:00","author":{"@id":"https:\/\/veritasinfo.org\/#\/schema\/person\/7701f8c088bece422266b100a712374f"},"breadcrumb":{"@id":"https:\/\/veritasinfo.org\/?p=8025#breadcrumb"},"inLanguage":"en-US","potentialAction":[{"@type":"ReadAction","target":["https:\/\/veritasinfo.org\/?p=8025"]}]},{"@type":"ImageObject","inLanguage":"en-US","@id":"https:\/\/veritasinfo.org\/?p=8025#primaryimage","url":"https:\/\/veritasinfo.org\/wp-content\/uploads\/2025\/08\/Horgos2-e1714223243983-1000x560-1.jpeg","contentUrl":"https:\/\/veritasinfo.org\/wp-content\/uploads\/2025\/08\/Horgos2-e1714223243983-1000x560-1.jpeg","width":1000,"height":560},{"@type":"BreadcrumbList","@id":"https:\/\/veritasinfo.org\/?p=8025#breadcrumb","itemListElement":[{"@type":"ListItem","position":1,"name":"Home","item":"https:\/\/veritasinfo.org\/"},{"@type":"ListItem","position":2,"name":"Arrestohen dy ish-pjes\u00ebtar\u00eb t\u00eb U\u00c7K-s\u00eb n\u00eb pik\u00ebn kufitare t\u00eb Horgoshit, dyshohen p\u00ebr krime lufte"}]},{"@type":"WebSite","@id":"https:\/\/veritasinfo.org\/#website","url":"https:\/\/veritasinfo.org\/","name":"","description":"","potentialAction":[{"@type":"SearchAction","target":{"@type":"EntryPoint","urlTemplate":"https:\/\/veritasinfo.org\/?s={search_term_string}"},"query-input":{"@type":"PropertyValueSpecification","valueRequired":true,"valueName":"search_term_string"}}],"inLanguage":"en-US"},{"@type":"Person","@id":"https:\/\/veritasinfo.org\/#\/schema\/person\/7701f8c088bece422266b100a712374f","name":"admin","image":{"@type":"ImageObject","inLanguage":"en-US","@id":"https:\/\/veritasinfo.org\/#\/schema\/person\/image\/","url":"https:\/\/secure.gravatar.com\/avatar\/ea53aa3bf6c9a12d5fde8ce4deff43fef3885ae33cf60184161a50d6987cfd2f?s=96&d=mm&r=g","contentUrl":"https:\/\/secure.gravatar.com\/avatar\/ea53aa3bf6c9a12d5fde8ce4deff43fef3885ae33cf60184161a50d6987cfd2f?s=96&d=mm&r=g","caption":"admin"},"sameAs":["https:\/\/veritasinfo.org"],"url":"https:\/\/veritasinfo.org\/?author=1"}]}},"featured_image_urls":{"full":["https:\/\/veritasinfo.org\/wp-content\/uploads\/2025\/08\/Horgos2-e1714223243983-1000x560-1.jpeg",1000,560,false],"thumbnail":["https:\/\/veritasinfo.org\/wp-content\/uploads\/2025\/08\/Horgos2-e1714223243983-1000x560-1-150x150.jpeg",150,150,true],"medium":["https:\/\/veritasinfo.org\/wp-content\/uploads\/2025\/08\/Horgos2-e1714223243983-1000x560-1-300x168.jpeg",300,168,true],"medium_large":["https:\/\/veritasinfo.org\/wp-content\/uploads\/2025\/08\/Horgos2-e1714223243983-1000x560-1-768x430.jpeg",640,358,true],"large":["https:\/\/veritasinfo.org\/wp-content\/uploads\/2025\/08\/Horgos2-e1714223243983-1000x560-1.jpeg",640,358,false],"1536x1536":["https:\/\/veritasinfo.org\/wp-content\/uploads\/2025\/08\/Horgos2-e1714223243983-1000x560-1.jpeg",1000,560,false],"2048x2048":["https:\/\/veritasinfo.org\/wp-content\/uploads\/2025\/08\/Horgos2-e1714223243983-1000x560-1.jpeg",1000,560,false],"kreeti-slider-full":["https:\/\/veritasinfo.org\/wp-content\/uploads\/2025\/08\/Horgos2-e1714223243983-1000x560-1.jpeg",1000,560,false],"kreeti-featured":["https:\/\/veritasinfo.org\/wp-content\/uploads\/2025\/08\/Horgos2-e1714223243983-1000x560-1.jpeg",1000,560,false],"kreeti-medium":["https:\/\/veritasinfo.org\/wp-content\/uploads\/2025\/08\/Horgos2-e1714223243983-1000x560-1.jpeg",720,403,false],"kreeti-medium-square":["https:\/\/veritasinfo.org\/wp-content\/uploads\/2025\/08\/Horgos2-e1714223243983-1000x560-1.jpeg",350,196,false]},"author_info":{"info":["admin"]},"category_info":"<a href=\"https:\/\/veritasinfo.org\/?cat=60\" rel=\"category\">Shoq\u00ebrore<\/a>","tag_info":"Shoq\u00ebrore","comment_count":"0","_links":{"self":[{"href":"https:\/\/veritasinfo.org\/index.php?rest_route=\/wp\/v2\/posts\/8025","targetHints":{"allow":["GET"]}}],"collection":[{"href":"https:\/\/veritasinfo.org\/index.php?rest_route=\/wp\/v2\/posts"}],"about":[{"href":"https:\/\/veritasinfo.org\/index.php?rest_route=\/wp\/v2\/types\/post"}],"author":[{"embeddable":true,"href":"https:\/\/veritasinfo.org\/index.php?rest_route=\/wp\/v2\/users\/1"}],"replies":[{"embeddable":true,"href":"https:\/\/veritasinfo.org\/index.php?rest_route=%2Fwp%2Fv2%2Fcomments&post=8025"}],"version-history":[{"count":1,"href":"https:\/\/veritasinfo.org\/index.php?rest_route=\/wp\/v2\/posts\/8025\/revisions"}],"predecessor-version":[{"id":8026,"href":"https:\/\/veritasinfo.org\/index.php?rest_route=\/wp\/v2\/posts\/8025\/revisions\/8026"}],"wp:featuredmedia":[{"embeddable":true,"href":"https:\/\/veritasinfo.org\/index.php?rest_route=\/wp\/v2\/media\/8023"}],"wp:attachment":[{"href":"https:\/\/veritasinfo.org\/index.php?rest_route=%2Fwp%2Fv2%2Fmedia&parent=8025"}],"wp:term":[{"taxonomy":"category","embeddable":true,"href":"https:\/\/veritasinfo.org\/index.php?rest_route=%2Fwp%2Fv2%2Fcategories&post=8025"},{"taxonomy":"post_tag","embeddable":true,"href":"https:\/\/veritasinfo.org\/index.php?rest_route=%2Fwp%2Fv2%2Ftags&post=8025"}],"curies":[{"name":"wp","href":"https:\/\/api.w.org\/{rel}","templated":true}]}}