{"id":8012,"date":"2025-08-14T12:52:52","date_gmt":"2025-08-14T10:52:52","guid":{"rendered":"https:\/\/veritasinfo.org\/?p=8012"},"modified":"2025-08-14T14:27:56","modified_gmt":"2025-08-14T12:27:56","slug":"kancelari-austriak-i-ben-thirrje-serbise-te-kthehet-ne-dialog-me-kosoven","status":"publish","type":"post","link":"https:\/\/veritasinfo.org\/?p=8012","title":{"rendered":"Kancelari austriak i b\u00ebn thirrje Serbis\u00eb t\u00eb kthehet n\u00eb dialog me Kosov\u00ebn"},"content":{"rendered":"<p>14 gusht 2025<\/p>\n<p>Kancelari i Austris\u00eb, Christian Stocker, u b\u00ebri sot thirrje autoriteteve serbe q\u00eb t\u00eb angazhohen n\u00eb dialogun me Kosov\u00ebn, duke theksuar se nuk ka alternativ\u00eb tjet\u00ebr p\u00ebr procesin e normalizimit t\u00eb marr\u00ebdh\u00ebnieve mes dy vendeve.<\/p>\n<p>Duke folur n\u00eb nj\u00eb konferenc\u00eb t\u00eb p\u00ebrbashk\u00ebt p\u00ebr media me presidentin serb Aleksandar Vu\u00e7iq n\u00eb Beograd, Stocker konfirmoi mb\u00ebshtetjen e Austris\u00eb p\u00ebr an\u00ebtar\u00ebsimin e Serbis\u00eb n\u00eb Bashkimin Evropian, por n\u00ebnvizoi se gjat\u00eb k\u00ebtij procesi duhet t\u00eb nd\u00ebrmerren hapa t\u00eb qart\u00eb n\u00eb fusha si sundimi i ligjit, pavar\u00ebsia e mediave dhe e gjyq\u00ebsorit. Ai theksoi se integrimi gradual n\u00eb sektor\u00ebt e transportit dhe energjis\u00eb duhet t\u00eb paraprij\u00eb an\u00ebtar\u00ebsimin e plot\u00eb.<\/p>\n<p>\u201cMir\u00ebpresim \u00e7do p\u00ebrpjekje q\u00eb do t\u00eb sjell\u00eb pal\u00ebt e procesit t\u00eb dialogut Beograd\u2013Prishtin\u00eb s\u00ebrish n\u00eb tryez\u00eb. Nuk ka alternativ\u00eb p\u00ebr dialogun,\u201d tha Stocker, duke ritheksuar rolin e Austris\u00eb n\u00eb mb\u00ebshtetje t\u00eb paqes dhe stabilitetit n\u00eb rajon.<\/p>\n<p>Presidenti Vu\u00e7iq, nga ana e tij, e quajti Austrin\u00eb nj\u00eb partner t\u00eb r\u00ebnd\u00ebsish\u00ebm dhe investitorin e tret\u00eb m\u00eb t\u00eb madh n\u00eb Serbi, pas Kin\u00ebs dhe Holand\u00ebs. Ai shprehu fal\u00ebnderim p\u00ebr investimet austriake dhe theksoi gatishm\u00ebrin\u00eb e Beogradit p\u00ebr t\u00eb zgjidhur \u00e7\u00ebshtjet me Kosov\u00ebn p\u00ebrmes dialogut.<\/p>\n<p>Gjat\u00eb vizit\u00ebs, kancelari Stocker n\u00ebnshkroi edhe nj\u00eb marr\u00ebveshje p\u00ebr bashk\u00ebpunim ekonomik me kryeministrin serb, Djuro Macut.<\/p>\n<p>Tensionet mes Serbis\u00eb dhe Kosov\u00ebs mbeten t\u00eb larta, me Beogradin q\u00eb refuzon t\u00eb njoh\u00eb pavar\u00ebsin\u00eb e Kosov\u00ebs t\u00eb shpallur n\u00eb vitin 2008. Dialogu i nd\u00ebrmjet\u00ebsuar nga BE-ja, i nisur n\u00eb vitin 2011, ka pasur periudha p\u00ebrparimi, por shpesh \u00ebsht\u00eb p\u00ebrballur me pengesa, p\u00ebrfshir\u00eb edhe pezullimin e fundit t\u00eb pjes\u00ebmarrjes s\u00eb Serbis\u00eb pas arrestimit t\u00eb nj\u00eb zyrtari serb nga autoritetet e Kosov\u00ebs n\u00eb korrik.<\/p>\n<p>&nbsp;<\/p>\n<p>&nbsp;<\/p>\n<p>&nbsp;<\/p>\n","protected":false},"excerpt":{"rendered":"<p>14 gusht 2025 Kancelari i Austris\u00eb, Christian Stocker, u b\u00ebri sot thirrje autoriteteve serbe q\u00eb t\u00eb angazhohen n\u00eb dialogun me Kosov\u00ebn, duke theksuar se nuk<\/p>\n","protected":false},"author":1,"featured_media":8032,"comment_status":"open","ping_status":"open","sticky":false,"template":"","format":"standard","meta":{"footnotes":""},"categories":[58],"tags":[],"class_list":["post-8012","post","type-post","status-publish","format-standard","has-post-thumbnail","hentry","category-politike-sq"],"yoast_head":"<!-- This site is optimized with the Yoast SEO plugin v25.3.1 - https:\/\/yoast.com\/wordpress\/plugins\/seo\/ -->\n<title>Kancelari austriak i b\u00ebn thirrje Serbis\u00eb t\u00eb kthehet n\u00eb dialog me Kosov\u00ebn -<\/title>\n<meta name=\"robots\" content=\"index, follow, max-snippet:-1, max-image-preview:large, max-video-preview:-1\" \/>\n<link rel=\"canonical\" href=\"https:\/\/veritasinfo.org\/?p=8012\" \/>\n<meta property=\"og:locale\" content=\"en_US\" \/>\n<meta property=\"og:type\" content=\"article\" \/>\n<meta property=\"og:title\" content=\"Kancelari austriak i b\u00ebn thirrje Serbis\u00eb t\u00eb kthehet n\u00eb dialog me Kosov\u00ebn -\" \/>\n<meta property=\"og:description\" content=\"14 gusht 2025 Kancelari i Austris\u00eb, Christian Stocker, u b\u00ebri sot thirrje autoriteteve serbe q\u00eb t\u00eb angazhohen n\u00eb dialogun me Kosov\u00ebn, duke theksuar se nuk\" \/>\n<meta property=\"og:url\" content=\"https:\/\/veritasinfo.org\/?p=8012\" \/>\n<meta property=\"article:published_time\" content=\"2025-08-14T10:52:52+00:00\" \/>\n<meta property=\"article:modified_time\" content=\"2025-08-14T12:27:56+00:00\" \/>\n<meta property=\"og:image\" content=\"https:\/\/veritasinfo.org\/wp-content\/uploads\/2025\/08\/71468_12908388_f.jpg\" \/>\n\t<meta property=\"og:image:width\" content=\"1200\" \/>\n\t<meta property=\"og:image:height\" content=\"750\" \/>\n\t<meta property=\"og:image:type\" content=\"image\/jpeg\" \/>\n<meta name=\"author\" content=\"admin\" \/>\n<meta name=\"twitter:card\" content=\"summary_large_image\" \/>\n<meta name=\"twitter:label1\" content=\"Written by\" \/>\n\t<meta name=\"twitter:data1\" content=\"admin\" \/>\n\t<meta name=\"twitter:label2\" content=\"Est. reading time\" \/>\n\t<meta name=\"twitter:data2\" content=\"2 minutes\" \/>\n<script type=\"application\/ld+json\" class=\"yoast-schema-graph\">{\"@context\":\"https:\/\/schema.org\",\"@graph\":[{\"@type\":\"WebPage\",\"@id\":\"https:\/\/veritasinfo.org\/?p=8012\",\"url\":\"https:\/\/veritasinfo.org\/?p=8012\",\"name\":\"Kancelari austriak i b\u00ebn thirrje Serbis\u00eb t\u00eb kthehet n\u00eb dialog me Kosov\u00ebn -\",\"isPartOf\":{\"@id\":\"https:\/\/veritasinfo.org\/#website\"},\"primaryImageOfPage\":{\"@id\":\"https:\/\/veritasinfo.org\/?p=8012#primaryimage\"},\"image\":{\"@id\":\"https:\/\/veritasinfo.org\/?p=8012#primaryimage\"},\"thumbnailUrl\":\"https:\/\/veritasinfo.org\/wp-content\/uploads\/2025\/08\/71468_12908388_f.jpg\",\"datePublished\":\"2025-08-14T10:52:52+00:00\",\"dateModified\":\"2025-08-14T12:27:56+00:00\",\"author\":{\"@id\":\"https:\/\/veritasinfo.org\/#\/schema\/person\/7701f8c088bece422266b100a712374f\"},\"breadcrumb\":{\"@id\":\"https:\/\/veritasinfo.org\/?p=8012#breadcrumb\"},\"inLanguage\":\"en-US\",\"potentialAction\":[{\"@type\":\"ReadAction\",\"target\":[\"https:\/\/veritasinfo.org\/?p=8012\"]}]},{\"@type\":\"ImageObject\",\"inLanguage\":\"en-US\",\"@id\":\"https:\/\/veritasinfo.org\/?p=8012#primaryimage\",\"url\":\"https:\/\/veritasinfo.org\/wp-content\/uploads\/2025\/08\/71468_12908388_f.jpg\",\"contentUrl\":\"https:\/\/veritasinfo.org\/wp-content\/uploads\/2025\/08\/71468_12908388_f.jpg\",\"width\":1200,\"height\":750},{\"@type\":\"BreadcrumbList\",\"@id\":\"https:\/\/veritasinfo.org\/?p=8012#breadcrumb\",\"itemListElement\":[{\"@type\":\"ListItem\",\"position\":1,\"name\":\"Home\",\"item\":\"https:\/\/veritasinfo.org\/\"},{\"@type\":\"ListItem\",\"position\":2,\"name\":\"Kancelari austriak i b\u00ebn thirrje Serbis\u00eb t\u00eb kthehet n\u00eb dialog me Kosov\u00ebn\"}]},{\"@type\":\"WebSite\",\"@id\":\"https:\/\/veritasinfo.org\/#website\",\"url\":\"https:\/\/veritasinfo.org\/\",\"name\":\"\",\"description\":\"\",\"potentialAction\":[{\"@type\":\"SearchAction\",\"target\":{\"@type\":\"EntryPoint\",\"urlTemplate\":\"https:\/\/veritasinfo.org\/?s={search_term_string}\"},\"query-input\":{\"@type\":\"PropertyValueSpecification\",\"valueRequired\":true,\"valueName\":\"search_term_string\"}}],\"inLanguage\":\"en-US\"},{\"@type\":\"Person\",\"@id\":\"https:\/\/veritasinfo.org\/#\/schema\/person\/7701f8c088bece422266b100a712374f\",\"name\":\"admin\",\"image\":{\"@type\":\"ImageObject\",\"inLanguage\":\"en-US\",\"@id\":\"https:\/\/veritasinfo.org\/#\/schema\/person\/image\/\",\"url\":\"https:\/\/secure.gravatar.com\/avatar\/ea53aa3bf6c9a12d5fde8ce4deff43fef3885ae33cf60184161a50d6987cfd2f?s=96&d=mm&r=g\",\"contentUrl\":\"https:\/\/secure.gravatar.com\/avatar\/ea53aa3bf6c9a12d5fde8ce4deff43fef3885ae33cf60184161a50d6987cfd2f?s=96&d=mm&r=g\",\"caption\":\"admin\"},\"sameAs\":[\"https:\/\/veritasinfo.org\"],\"url\":\"https:\/\/veritasinfo.org\/?author=1\"}]}<\/script>\n<!-- \/ Yoast SEO plugin. -->","yoast_head_json":{"title":"Kancelari austriak i b\u00ebn thirrje Serbis\u00eb t\u00eb kthehet n\u00eb dialog me Kosov\u00ebn -","robots":{"index":"index","follow":"follow","max-snippet":"max-snippet:-1","max-image-preview":"max-image-preview:large","max-video-preview":"max-video-preview:-1"},"canonical":"https:\/\/veritasinfo.org\/?p=8012","og_locale":"en_US","og_type":"article","og_title":"Kancelari austriak i b\u00ebn thirrje Serbis\u00eb t\u00eb kthehet n\u00eb dialog me Kosov\u00ebn -","og_description":"14 gusht 2025 Kancelari i Austris\u00eb, Christian Stocker, u b\u00ebri sot thirrje autoriteteve serbe q\u00eb t\u00eb angazhohen n\u00eb dialogun me Kosov\u00ebn, duke theksuar se nuk","og_url":"https:\/\/veritasinfo.org\/?p=8012","article_published_time":"2025-08-14T10:52:52+00:00","article_modified_time":"2025-08-14T12:27:56+00:00","og_image":[{"width":1200,"height":750,"url":"https:\/\/veritasinfo.org\/wp-content\/uploads\/2025\/08\/71468_12908388_f.jpg","type":"image\/jpeg"}],"author":"admin","twitter_card":"summary_large_image","twitter_misc":{"Written by":"admin","Est. reading time":"2 minutes"},"schema":{"@context":"https:\/\/schema.org","@graph":[{"@type":"WebPage","@id":"https:\/\/veritasinfo.org\/?p=8012","url":"https:\/\/veritasinfo.org\/?p=8012","name":"Kancelari austriak i b\u00ebn thirrje Serbis\u00eb t\u00eb kthehet n\u00eb dialog me Kosov\u00ebn -","isPartOf":{"@id":"https:\/\/veritasinfo.org\/#website"},"primaryImageOfPage":{"@id":"https:\/\/veritasinfo.org\/?p=8012#primaryimage"},"image":{"@id":"https:\/\/veritasinfo.org\/?p=8012#primaryimage"},"thumbnailUrl":"https:\/\/veritasinfo.org\/wp-content\/uploads\/2025\/08\/71468_12908388_f.jpg","datePublished":"2025-08-14T10:52:52+00:00","dateModified":"2025-08-14T12:27:56+00:00","author":{"@id":"https:\/\/veritasinfo.org\/#\/schema\/person\/7701f8c088bece422266b100a712374f"},"breadcrumb":{"@id":"https:\/\/veritasinfo.org\/?p=8012#breadcrumb"},"inLanguage":"en-US","potentialAction":[{"@type":"ReadAction","target":["https:\/\/veritasinfo.org\/?p=8012"]}]},{"@type":"ImageObject","inLanguage":"en-US","@id":"https:\/\/veritasinfo.org\/?p=8012#primaryimage","url":"https:\/\/veritasinfo.org\/wp-content\/uploads\/2025\/08\/71468_12908388_f.jpg","contentUrl":"https:\/\/veritasinfo.org\/wp-content\/uploads\/2025\/08\/71468_12908388_f.jpg","width":1200,"height":750},{"@type":"BreadcrumbList","@id":"https:\/\/veritasinfo.org\/?p=8012#breadcrumb","itemListElement":[{"@type":"ListItem","position":1,"name":"Home","item":"https:\/\/veritasinfo.org\/"},{"@type":"ListItem","position":2,"name":"Kancelari austriak i b\u00ebn thirrje Serbis\u00eb t\u00eb kthehet n\u00eb dialog me Kosov\u00ebn"}]},{"@type":"WebSite","@id":"https:\/\/veritasinfo.org\/#website","url":"https:\/\/veritasinfo.org\/","name":"","description":"","potentialAction":[{"@type":"SearchAction","target":{"@type":"EntryPoint","urlTemplate":"https:\/\/veritasinfo.org\/?s={search_term_string}"},"query-input":{"@type":"PropertyValueSpecification","valueRequired":true,"valueName":"search_term_string"}}],"inLanguage":"en-US"},{"@type":"Person","@id":"https:\/\/veritasinfo.org\/#\/schema\/person\/7701f8c088bece422266b100a712374f","name":"admin","image":{"@type":"ImageObject","inLanguage":"en-US","@id":"https:\/\/veritasinfo.org\/#\/schema\/person\/image\/","url":"https:\/\/secure.gravatar.com\/avatar\/ea53aa3bf6c9a12d5fde8ce4deff43fef3885ae33cf60184161a50d6987cfd2f?s=96&d=mm&r=g","contentUrl":"https:\/\/secure.gravatar.com\/avatar\/ea53aa3bf6c9a12d5fde8ce4deff43fef3885ae33cf60184161a50d6987cfd2f?s=96&d=mm&r=g","caption":"admin"},"sameAs":["https:\/\/veritasinfo.org"],"url":"https:\/\/veritasinfo.org\/?author=1"}]}},"featured_image_urls":{"full":["https:\/\/veritasinfo.org\/wp-content\/uploads\/2025\/08\/71468_12908388_f.jpg",1200,750,false],"thumbnail":["https:\/\/veritasinfo.org\/wp-content\/uploads\/2025\/08\/71468_12908388_f-150x150.jpg",150,150,true],"medium":["https:\/\/veritasinfo.org\/wp-content\/uploads\/2025\/08\/71468_12908388_f-300x188.jpg",300,188,true],"medium_large":["https:\/\/veritasinfo.org\/wp-content\/uploads\/2025\/08\/71468_12908388_f-768x480.jpg",640,400,true],"large":["https:\/\/veritasinfo.org\/wp-content\/uploads\/2025\/08\/71468_12908388_f-1024x640.jpg",640,400,true],"1536x1536":["https:\/\/veritasinfo.org\/wp-content\/uploads\/2025\/08\/71468_12908388_f.jpg",1200,750,false],"2048x2048":["https:\/\/veritasinfo.org\/wp-content\/uploads\/2025\/08\/71468_12908388_f.jpg",1200,750,false],"kreeti-slider-full":["https:\/\/veritasinfo.org\/wp-content\/uploads\/2025\/08\/71468_12908388_f.jpg",1152,720,false],"kreeti-featured":["https:\/\/veritasinfo.org\/wp-content\/uploads\/2025\/08\/71468_12908388_f.jpg",1024,640,false],"kreeti-medium":["https:\/\/veritasinfo.org\/wp-content\/uploads\/2025\/08\/71468_12908388_f.jpg",720,450,false],"kreeti-medium-square":["https:\/\/veritasinfo.org\/wp-content\/uploads\/2025\/08\/71468_12908388_f.jpg",350,219,false]},"author_info":{"info":["admin"]},"category_info":"<a href=\"https:\/\/veritasinfo.org\/?cat=58\" rel=\"category\">Politik\u00eb<\/a>","tag_info":"Politik\u00eb","comment_count":"0","_links":{"self":[{"href":"https:\/\/veritasinfo.org\/index.php?rest_route=\/wp\/v2\/posts\/8012","targetHints":{"allow":["GET"]}}],"collection":[{"href":"https:\/\/veritasinfo.org\/index.php?rest_route=\/wp\/v2\/posts"}],"about":[{"href":"https:\/\/veritasinfo.org\/index.php?rest_route=\/wp\/v2\/types\/post"}],"author":[{"embeddable":true,"href":"https:\/\/veritasinfo.org\/index.php?rest_route=\/wp\/v2\/users\/1"}],"replies":[{"embeddable":true,"href":"https:\/\/veritasinfo.org\/index.php?rest_route=%2Fwp%2Fv2%2Fcomments&post=8012"}],"version-history":[{"count":1,"href":"https:\/\/veritasinfo.org\/index.php?rest_route=\/wp\/v2\/posts\/8012\/revisions"}],"predecessor-version":[{"id":8014,"href":"https:\/\/veritasinfo.org\/index.php?rest_route=\/wp\/v2\/posts\/8012\/revisions\/8014"}],"wp:featuredmedia":[{"embeddable":true,"href":"https:\/\/veritasinfo.org\/index.php?rest_route=\/wp\/v2\/media\/8032"}],"wp:attachment":[{"href":"https:\/\/veritasinfo.org\/index.php?rest_route=%2Fwp%2Fv2%2Fmedia&parent=8012"}],"wp:term":[{"taxonomy":"category","embeddable":true,"href":"https:\/\/veritasinfo.org\/index.php?rest_route=%2Fwp%2Fv2%2Fcategories&post=8012"},{"taxonomy":"post_tag","embeddable":true,"href":"https:\/\/veritasinfo.org\/index.php?rest_route=%2Fwp%2Fv2%2Ftags&post=8012"}],"curies":[{"name":"wp","href":"https:\/\/api.w.org\/{rel}","templated":true}]}}