{"id":8005,"date":"2025-08-14T12:39:37","date_gmt":"2025-08-14T10:39:37","guid":{"rendered":"https:\/\/veritasinfo.org\/?p=8005"},"modified":"2025-08-14T12:41:48","modified_gmt":"2025-08-14T10:41:48","slug":"nevzad-lutfiu-200-adresa-te-shqiptareve-jane-pasivizuar-ne-lugine-kete-vit","status":"publish","type":"post","link":"https:\/\/veritasinfo.org\/?p=8005","title":{"rendered":"Nevzad Lutfiu: 200 adresa t\u00eb shqiptar\u00ebve jan\u00eb pasivizuar n\u00eb Lugin\u00eb k\u00ebt\u00eb vit"},"content":{"rendered":"<p>14 gusht, 2025<\/p>\n<p>Kryetari i K\u00ebshillit Komb\u00ebtar Shqiptar (KKSH) n\u00eb Lugin\u00ebn e Preshev\u00ebs, Nevzad Lutfiu, ka b\u00ebr\u00eb t\u00eb ditur se gjat\u00eb periudh\u00ebs janar\u2013korrik 2025, autoritetet serbe kan\u00eb pasivizuar 200 adresa t\u00eb shqiptar\u00ebve n\u00eb jug t\u00eb Serbis\u00eb.<\/p>\n<p>Sipas tij, k\u00ebto t\u00eb dh\u00ebna jan\u00eb marr\u00eb nga stacionet policore n\u00eb Bujanoc dhe Preshev\u00eb. \u201cP\u00ebrgjigjen me shkrim e mora dje: n\u00eb Komun\u00ebn e Preshev\u00ebs jan\u00eb pasivizuar 174 adresa, nd\u00ebrsa n\u00eb Komun\u00ebn e Bujanocit 26 adresa\u201d, ka shkruar Lutfiu n\u00eb Facebook, duke shtuar se ka dyshime p\u00ebr sakt\u00ebsin\u00eb e t\u00eb dh\u00ebnave t\u00eb Bujanocit dhe \u00ebsht\u00eb n\u00eb pritje t\u00eb konfirmimit zyrtar.<\/p>\n<p>Ai e ka cil\u00ebsuar k\u00ebt\u00eb proces si \u201craciz\u00ebm dhe spastrim t\u00eb past\u00ebr etnik\u201d. Pasivizimi i adresave, i cili n\u00ebnkupton fshirjen e qytetar\u00ebve nga vendbanimi ku jan\u00eb t\u00eb regjistruar, sjell humbjen e shtet\u00ebsis\u00eb serbe dhe t\u00eb gjitha t\u00eb drejtave civile, p\u00ebrfshir\u00eb t\u00eb drejt\u00ebn e vot\u00ebs, pron\u00ebsis\u00eb, sigurimit sh\u00ebndet\u00ebsor, pensionit dhe pun\u00ebsimit.<\/p>\n<p>Kjo praktik\u00eb \u00ebsht\u00eb kritikuar edhe n\u00eb raportin e Departamentit amerikan t\u00eb Shtetit p\u00ebr t\u00eb drejtat e njeriut n\u00eb Serbi p\u00ebr vitin 2023, ku theksohet se ajo zbatohet n\u00eb m\u00ebnyr\u00eb joproporcionale ndaj shqiptar\u00ebve, ve\u00e7an\u00ebrisht n\u00eb Medvegj\u00eb. Edhe Bashkimi Evropian, n\u00eb n\u00ebntor t\u00eb vitit t\u00eb kaluar, i k\u00ebrkoi Beogradit zyrtar shpjegime p\u00ebr k\u00ebto masa.<\/p>\n<p>Reagimi i Lutfiut vjen nj\u00eb dit\u00eb pas takimit t\u00eb z\u00ebvend\u00ebskryeministrit t\u00eb Kosov\u00ebs, Besnik Bislimi, me p\u00ebrfaq\u00ebsues politik\u00eb shqiptar\u00eb nga Serbia, p\u00ebrfshir\u00eb deputetin Shaip Kamberi, kryetaren e Preshev\u00ebs, Ardita Sinani, dhe kryetarin aktual t\u00eb KKSH-s\u00eb, Enkel Rexhepi. N\u00eb k\u00ebt\u00eb takim u diskutua p\u00ebr \u201cpolitikat diskriminuese dhe shtyp\u00ebse t\u00eb Serbis\u00eb\u201d ndaj shqiptar\u00ebve t\u00eb Lugin\u00ebs.<\/p>\n<p>Muajin e kaluar, Kamberi dor\u00ebzoi n\u00eb Kuvendin e Serbis\u00eb nj\u00eb draft-rezolut\u00eb p\u00ebr situat\u00ebn e shqiptar\u00ebve n\u00eb Preshev\u00eb, Bujanoc dhe Medvegj\u00eb, duke k\u00ebrkuar njohjen e qasjes diskriminuese dhe p\u00ebrkushtimin institucional p\u00ebr p\u00ebrmir\u00ebsimin e pozit\u00ebs s\u00eb tyre. Dokumenti k\u00ebrkon gjithashtu pezullimin e menj\u00ebhersh\u00ebm t\u00eb masave p\u00ebr pasivizimin e adresave dhe zbatimin e marr\u00ebveshjeve t\u00eb arritura n\u00eb vitet 2001, 2009 dhe 2013.<\/p>\n<p>&nbsp;<\/p>\n<p>&nbsp;<\/p>\n<p>&nbsp;<\/p>\n<p>&nbsp;<\/p>\n<p>&nbsp;<\/p>\n","protected":false},"excerpt":{"rendered":"<p>14 gusht, 2025 Kryetari i K\u00ebshillit Komb\u00ebtar Shqiptar (KKSH) n\u00eb Lugin\u00ebn e Preshev\u00ebs, Nevzad Lutfiu, ka b\u00ebr\u00eb t\u00eb ditur se gjat\u00eb periudh\u00ebs janar\u2013korrik 2025, autoritetet<\/p>\n","protected":false},"author":1,"featured_media":8008,"comment_status":"open","ping_status":"open","sticky":false,"template":"","format":"standard","meta":{"footnotes":""},"categories":[60],"tags":[],"class_list":["post-8005","post","type-post","status-publish","format-standard","has-post-thumbnail","hentry","category-shoqerore-sq"],"yoast_head":"<!-- This site is optimized with the Yoast SEO plugin v25.3.1 - https:\/\/yoast.com\/wordpress\/plugins\/seo\/ -->\n<title>Nevzad Lutfiu: 200 adresa t\u00eb shqiptar\u00ebve jan\u00eb pasivizuar n\u00eb Lugin\u00eb k\u00ebt\u00eb vit -<\/title>\n<meta name=\"robots\" content=\"index, follow, max-snippet:-1, max-image-preview:large, max-video-preview:-1\" \/>\n<link rel=\"canonical\" href=\"https:\/\/veritasinfo.org\/?p=8005\" \/>\n<meta property=\"og:locale\" content=\"en_US\" \/>\n<meta property=\"og:type\" content=\"article\" \/>\n<meta property=\"og:title\" content=\"Nevzad Lutfiu: 200 adresa t\u00eb shqiptar\u00ebve jan\u00eb pasivizuar n\u00eb Lugin\u00eb k\u00ebt\u00eb vit -\" \/>\n<meta property=\"og:description\" content=\"14 gusht, 2025 Kryetari i K\u00ebshillit Komb\u00ebtar Shqiptar (KKSH) n\u00eb Lugin\u00ebn e Preshev\u00ebs, Nevzad Lutfiu, ka b\u00ebr\u00eb t\u00eb ditur se gjat\u00eb periudh\u00ebs janar\u2013korrik 2025, autoritetet\" \/>\n<meta property=\"og:url\" content=\"https:\/\/veritasinfo.org\/?p=8005\" \/>\n<meta property=\"article:published_time\" content=\"2025-08-14T10:39:37+00:00\" \/>\n<meta property=\"article:modified_time\" content=\"2025-08-14T10:41:48+00:00\" \/>\n<meta property=\"og:image\" content=\"https:\/\/veritasinfo.org\/wp-content\/uploads\/2025\/08\/Nevzad-Lutfiu-2.jpg\" \/>\n\t<meta property=\"og:image:width\" content=\"800\" \/>\n\t<meta property=\"og:image:height\" content=\"539\" \/>\n\t<meta property=\"og:image:type\" content=\"image\/jpeg\" \/>\n<meta name=\"author\" content=\"admin\" \/>\n<meta name=\"twitter:card\" content=\"summary_large_image\" \/>\n<meta name=\"twitter:label1\" content=\"Written by\" \/>\n\t<meta name=\"twitter:data1\" content=\"admin\" \/>\n\t<meta name=\"twitter:label2\" content=\"Est. reading time\" \/>\n\t<meta name=\"twitter:data2\" content=\"2 minutes\" \/>\n<script type=\"application\/ld+json\" class=\"yoast-schema-graph\">{\"@context\":\"https:\/\/schema.org\",\"@graph\":[{\"@type\":\"WebPage\",\"@id\":\"https:\/\/veritasinfo.org\/?p=8005\",\"url\":\"https:\/\/veritasinfo.org\/?p=8005\",\"name\":\"Nevzad Lutfiu: 200 adresa t\u00eb shqiptar\u00ebve jan\u00eb pasivizuar n\u00eb Lugin\u00eb k\u00ebt\u00eb vit -\",\"isPartOf\":{\"@id\":\"https:\/\/veritasinfo.org\/#website\"},\"primaryImageOfPage\":{\"@id\":\"https:\/\/veritasinfo.org\/?p=8005#primaryimage\"},\"image\":{\"@id\":\"https:\/\/veritasinfo.org\/?p=8005#primaryimage\"},\"thumbnailUrl\":\"https:\/\/veritasinfo.org\/wp-content\/uploads\/2025\/08\/Nevzad-Lutfiu-2.jpg\",\"datePublished\":\"2025-08-14T10:39:37+00:00\",\"dateModified\":\"2025-08-14T10:41:48+00:00\",\"author\":{\"@id\":\"https:\/\/veritasinfo.org\/#\/schema\/person\/7701f8c088bece422266b100a712374f\"},\"breadcrumb\":{\"@id\":\"https:\/\/veritasinfo.org\/?p=8005#breadcrumb\"},\"inLanguage\":\"en-US\",\"potentialAction\":[{\"@type\":\"ReadAction\",\"target\":[\"https:\/\/veritasinfo.org\/?p=8005\"]}]},{\"@type\":\"ImageObject\",\"inLanguage\":\"en-US\",\"@id\":\"https:\/\/veritasinfo.org\/?p=8005#primaryimage\",\"url\":\"https:\/\/veritasinfo.org\/wp-content\/uploads\/2025\/08\/Nevzad-Lutfiu-2.jpg\",\"contentUrl\":\"https:\/\/veritasinfo.org\/wp-content\/uploads\/2025\/08\/Nevzad-Lutfiu-2.jpg\",\"width\":800,\"height\":539},{\"@type\":\"BreadcrumbList\",\"@id\":\"https:\/\/veritasinfo.org\/?p=8005#breadcrumb\",\"itemListElement\":[{\"@type\":\"ListItem\",\"position\":1,\"name\":\"Home\",\"item\":\"https:\/\/veritasinfo.org\/\"},{\"@type\":\"ListItem\",\"position\":2,\"name\":\"Nevzad Lutfiu: 200 adresa t\u00eb shqiptar\u00ebve jan\u00eb pasivizuar n\u00eb Lugin\u00eb k\u00ebt\u00eb vit\"}]},{\"@type\":\"WebSite\",\"@id\":\"https:\/\/veritasinfo.org\/#website\",\"url\":\"https:\/\/veritasinfo.org\/\",\"name\":\"\",\"description\":\"\",\"potentialAction\":[{\"@type\":\"SearchAction\",\"target\":{\"@type\":\"EntryPoint\",\"urlTemplate\":\"https:\/\/veritasinfo.org\/?s={search_term_string}\"},\"query-input\":{\"@type\":\"PropertyValueSpecification\",\"valueRequired\":true,\"valueName\":\"search_term_string\"}}],\"inLanguage\":\"en-US\"},{\"@type\":\"Person\",\"@id\":\"https:\/\/veritasinfo.org\/#\/schema\/person\/7701f8c088bece422266b100a712374f\",\"name\":\"admin\",\"image\":{\"@type\":\"ImageObject\",\"inLanguage\":\"en-US\",\"@id\":\"https:\/\/veritasinfo.org\/#\/schema\/person\/image\/\",\"url\":\"https:\/\/secure.gravatar.com\/avatar\/ea53aa3bf6c9a12d5fde8ce4deff43fef3885ae33cf60184161a50d6987cfd2f?s=96&d=mm&r=g\",\"contentUrl\":\"https:\/\/secure.gravatar.com\/avatar\/ea53aa3bf6c9a12d5fde8ce4deff43fef3885ae33cf60184161a50d6987cfd2f?s=96&d=mm&r=g\",\"caption\":\"admin\"},\"sameAs\":[\"https:\/\/veritasinfo.org\"],\"url\":\"https:\/\/veritasinfo.org\/?author=1\"}]}<\/script>\n<!-- \/ Yoast SEO plugin. -->","yoast_head_json":{"title":"Nevzad Lutfiu: 200 adresa t\u00eb shqiptar\u00ebve jan\u00eb pasivizuar n\u00eb Lugin\u00eb k\u00ebt\u00eb vit -","robots":{"index":"index","follow":"follow","max-snippet":"max-snippet:-1","max-image-preview":"max-image-preview:large","max-video-preview":"max-video-preview:-1"},"canonical":"https:\/\/veritasinfo.org\/?p=8005","og_locale":"en_US","og_type":"article","og_title":"Nevzad Lutfiu: 200 adresa t\u00eb shqiptar\u00ebve jan\u00eb pasivizuar n\u00eb Lugin\u00eb k\u00ebt\u00eb vit -","og_description":"14 gusht, 2025 Kryetari i K\u00ebshillit Komb\u00ebtar Shqiptar (KKSH) n\u00eb Lugin\u00ebn e Preshev\u00ebs, Nevzad Lutfiu, ka b\u00ebr\u00eb t\u00eb ditur se gjat\u00eb periudh\u00ebs janar\u2013korrik 2025, autoritetet","og_url":"https:\/\/veritasinfo.org\/?p=8005","article_published_time":"2025-08-14T10:39:37+00:00","article_modified_time":"2025-08-14T10:41:48+00:00","og_image":[{"width":800,"height":539,"url":"https:\/\/veritasinfo.org\/wp-content\/uploads\/2025\/08\/Nevzad-Lutfiu-2.jpg","type":"image\/jpeg"}],"author":"admin","twitter_card":"summary_large_image","twitter_misc":{"Written by":"admin","Est. reading time":"2 minutes"},"schema":{"@context":"https:\/\/schema.org","@graph":[{"@type":"WebPage","@id":"https:\/\/veritasinfo.org\/?p=8005","url":"https:\/\/veritasinfo.org\/?p=8005","name":"Nevzad Lutfiu: 200 adresa t\u00eb shqiptar\u00ebve jan\u00eb pasivizuar n\u00eb Lugin\u00eb k\u00ebt\u00eb vit -","isPartOf":{"@id":"https:\/\/veritasinfo.org\/#website"},"primaryImageOfPage":{"@id":"https:\/\/veritasinfo.org\/?p=8005#primaryimage"},"image":{"@id":"https:\/\/veritasinfo.org\/?p=8005#primaryimage"},"thumbnailUrl":"https:\/\/veritasinfo.org\/wp-content\/uploads\/2025\/08\/Nevzad-Lutfiu-2.jpg","datePublished":"2025-08-14T10:39:37+00:00","dateModified":"2025-08-14T10:41:48+00:00","author":{"@id":"https:\/\/veritasinfo.org\/#\/schema\/person\/7701f8c088bece422266b100a712374f"},"breadcrumb":{"@id":"https:\/\/veritasinfo.org\/?p=8005#breadcrumb"},"inLanguage":"en-US","potentialAction":[{"@type":"ReadAction","target":["https:\/\/veritasinfo.org\/?p=8005"]}]},{"@type":"ImageObject","inLanguage":"en-US","@id":"https:\/\/veritasinfo.org\/?p=8005#primaryimage","url":"https:\/\/veritasinfo.org\/wp-content\/uploads\/2025\/08\/Nevzad-Lutfiu-2.jpg","contentUrl":"https:\/\/veritasinfo.org\/wp-content\/uploads\/2025\/08\/Nevzad-Lutfiu-2.jpg","width":800,"height":539},{"@type":"BreadcrumbList","@id":"https:\/\/veritasinfo.org\/?p=8005#breadcrumb","itemListElement":[{"@type":"ListItem","position":1,"name":"Home","item":"https:\/\/veritasinfo.org\/"},{"@type":"ListItem","position":2,"name":"Nevzad Lutfiu: 200 adresa t\u00eb shqiptar\u00ebve jan\u00eb pasivizuar n\u00eb Lugin\u00eb k\u00ebt\u00eb vit"}]},{"@type":"WebSite","@id":"https:\/\/veritasinfo.org\/#website","url":"https:\/\/veritasinfo.org\/","name":"","description":"","potentialAction":[{"@type":"SearchAction","target":{"@type":"EntryPoint","urlTemplate":"https:\/\/veritasinfo.org\/?s={search_term_string}"},"query-input":{"@type":"PropertyValueSpecification","valueRequired":true,"valueName":"search_term_string"}}],"inLanguage":"en-US"},{"@type":"Person","@id":"https:\/\/veritasinfo.org\/#\/schema\/person\/7701f8c088bece422266b100a712374f","name":"admin","image":{"@type":"ImageObject","inLanguage":"en-US","@id":"https:\/\/veritasinfo.org\/#\/schema\/person\/image\/","url":"https:\/\/secure.gravatar.com\/avatar\/ea53aa3bf6c9a12d5fde8ce4deff43fef3885ae33cf60184161a50d6987cfd2f?s=96&d=mm&r=g","contentUrl":"https:\/\/secure.gravatar.com\/avatar\/ea53aa3bf6c9a12d5fde8ce4deff43fef3885ae33cf60184161a50d6987cfd2f?s=96&d=mm&r=g","caption":"admin"},"sameAs":["https:\/\/veritasinfo.org"],"url":"https:\/\/veritasinfo.org\/?author=1"}]}},"featured_image_urls":{"full":["https:\/\/veritasinfo.org\/wp-content\/uploads\/2025\/08\/Nevzad-Lutfiu-2.jpg",800,539,false],"thumbnail":["https:\/\/veritasinfo.org\/wp-content\/uploads\/2025\/08\/Nevzad-Lutfiu-2-150x150.jpg",150,150,true],"medium":["https:\/\/veritasinfo.org\/wp-content\/uploads\/2025\/08\/Nevzad-Lutfiu-2-300x202.jpg",300,202,true],"medium_large":["https:\/\/veritasinfo.org\/wp-content\/uploads\/2025\/08\/Nevzad-Lutfiu-2-768x517.jpg",640,431,true],"large":["https:\/\/veritasinfo.org\/wp-content\/uploads\/2025\/08\/Nevzad-Lutfiu-2.jpg",640,431,false],"1536x1536":["https:\/\/veritasinfo.org\/wp-content\/uploads\/2025\/08\/Nevzad-Lutfiu-2.jpg",800,539,false],"2048x2048":["https:\/\/veritasinfo.org\/wp-content\/uploads\/2025\/08\/Nevzad-Lutfiu-2.jpg",800,539,false],"kreeti-slider-full":["https:\/\/veritasinfo.org\/wp-content\/uploads\/2025\/08\/Nevzad-Lutfiu-2.jpg",800,539,false],"kreeti-featured":["https:\/\/veritasinfo.org\/wp-content\/uploads\/2025\/08\/Nevzad-Lutfiu-2.jpg",800,539,false],"kreeti-medium":["https:\/\/veritasinfo.org\/wp-content\/uploads\/2025\/08\/Nevzad-Lutfiu-2.jpg",720,485,false],"kreeti-medium-square":["https:\/\/veritasinfo.org\/wp-content\/uploads\/2025\/08\/Nevzad-Lutfiu-2.jpg",350,236,false]},"author_info":{"info":["admin"]},"category_info":"<a href=\"https:\/\/veritasinfo.org\/?cat=60\" rel=\"category\">Shoq\u00ebrore<\/a>","tag_info":"Shoq\u00ebrore","comment_count":"0","_links":{"self":[{"href":"https:\/\/veritasinfo.org\/index.php?rest_route=\/wp\/v2\/posts\/8005","targetHints":{"allow":["GET"]}}],"collection":[{"href":"https:\/\/veritasinfo.org\/index.php?rest_route=\/wp\/v2\/posts"}],"about":[{"href":"https:\/\/veritasinfo.org\/index.php?rest_route=\/wp\/v2\/types\/post"}],"author":[{"embeddable":true,"href":"https:\/\/veritasinfo.org\/index.php?rest_route=\/wp\/v2\/users\/1"}],"replies":[{"embeddable":true,"href":"https:\/\/veritasinfo.org\/index.php?rest_route=%2Fwp%2Fv2%2Fcomments&post=8005"}],"version-history":[{"count":2,"href":"https:\/\/veritasinfo.org\/index.php?rest_route=\/wp\/v2\/posts\/8005\/revisions"}],"predecessor-version":[{"id":8009,"href":"https:\/\/veritasinfo.org\/index.php?rest_route=\/wp\/v2\/posts\/8005\/revisions\/8009"}],"wp:featuredmedia":[{"embeddable":true,"href":"https:\/\/veritasinfo.org\/index.php?rest_route=\/wp\/v2\/media\/8008"}],"wp:attachment":[{"href":"https:\/\/veritasinfo.org\/index.php?rest_route=%2Fwp%2Fv2%2Fmedia&parent=8005"}],"wp:term":[{"taxonomy":"category","embeddable":true,"href":"https:\/\/veritasinfo.org\/index.php?rest_route=%2Fwp%2Fv2%2Fcategories&post=8005"},{"taxonomy":"post_tag","embeddable":true,"href":"https:\/\/veritasinfo.org\/index.php?rest_route=%2Fwp%2Fv2%2Ftags&post=8005"}],"curies":[{"name":"wp","href":"https:\/\/api.w.org\/{rel}","templated":true}]}}