{"id":7983,"date":"2025-08-14T09:23:06","date_gmt":"2025-08-14T07:23:06","guid":{"rendered":"https:\/\/veritasinfo.org\/?p=7983"},"modified":"2025-08-14T09:23:06","modified_gmt":"2025-08-14T07:23:06","slug":"shefi-i-nato-se-topi-tashme-eshte-ne-fushen-e-putinit","status":"publish","type":"post","link":"https:\/\/veritasinfo.org\/?p=7983","title":{"rendered":"Shefi i NATO-s\u00eb: Topi tashm\u00eb \u00ebsht\u00eb n\u00eb fush\u00ebn e Putinit"},"content":{"rendered":"<p>E enjte, 14 Gusht 2025<\/p>\n<p>N\u00eb prag t\u00eb samitit n\u00eb Alask\u00eb, nj\u00eb thirrje e p\u00ebrbashk\u00ebt virtuale mes Presidentit t\u00eb SHBA-s\u00eb, presidentit ukrainas, Volodymyr Zelenskyy dhe lider\u00ebve evropian\u00eb sh\u00ebrbeu p\u00ebr t\u00eb unifikuar q\u00ebndrimet ndaj luft\u00ebs n\u00eb Ukrain\u00eb.<\/p>\n<p>N\u00eb nj\u00eb postim n\u00eb X, pas bised\u00ebs virtuale, Shefi i NATO-s\u00eb u shpreh se vler\u00ebson lidershipin e presidentit amerikan dhe se \u201ctopi tashm\u00eb \u00ebsht\u00eb n\u00eb fush\u00ebn e Putinit\u201d.<\/p>\n<p>\u201cTakim i shk\u00eblqyer me presidentin amerikan, presidentin ukrainas si dhe udh\u00ebheq\u00ebsit evropian\u00eb p\u00ebrpara takimit t\u00eb Presidentit Trump me Putinin n\u00eb Alaska. Jemi t\u00eb bashkuar n\u00eb p\u00ebrpjekjet p\u00ebr t\u2019i dh\u00ebn\u00eb fund k\u00ebsaj lufte t\u00eb tmerrshme kund\u00ebr Ukrain\u00ebs dhe p\u00ebr t\u00eb arritur paqe t\u00eb drejt\u00eb dhe t\u00eb q\u00ebndrueshme. Vler\u00ebsoj lidershipin e Donald Trump dhe koordinimin e ngusht\u00eb me aleat\u00ebt. Topi tani \u00ebsht\u00eb n\u00eb fush\u00ebn e Putinit.\u201d<\/p>\n<p>Nd\u00ebrsa samiti pritet t\u00eb fokusohet n\u00eb hapat e m\u00ebtejsh\u00ebm drejt paqes, v\u00ebmendja mbetet te Putini dhe q\u00ebndrimi i tij ndaj k\u00ebrkesave t\u00eb bashkuara t\u00eb Per\u00ebndimit.<\/p>\n<div class=\"entry-content no-share\">\n<div class=\"content-inner \">\n<div class=\"twitter-tweet twitter-tweet-rendered\"><iframe id=\"twitter-widget-0\" title=\"X Post\" data-src=\"https:\/\/platform.twitter.com\/embed\/Tweet.html?dnt=false&amp;embedId=twitter-widget-0&amp;features=eyJ0ZndfdGltZWxpbmVfbGlzdCI6eyJidWNrZXQiOltdLCJ2ZXJzaW9uIjpudWxsfSwidGZ3X2ZvbGxvd2VyX2NvdW50X3N1bnNldCI6eyJidWNrZXQiOnRydWUsInZlcnNpb24iOm51bGx9LCJ0ZndfdHdlZXRfZWRpdF9iYWNrZW5kIjp7ImJ1Y2tldCI6Im9uIiwidmVyc2lvbiI6bnVsbH0sInRmd19yZWZzcmNfc2Vzc2lvbiI6eyJidWNrZXQiOiJvbiIsInZlcnNpb24iOm51bGx9LCJ0ZndfZm9zbnJfc29mdF9pbnRlcnZlbnRpb25zX2VuYWJsZWQiOnsiYnVja2V0Ijoib24iLCJ2ZXJzaW9uIjpudWxsfSwidGZ3X21peGVkX21lZGlhXzE1ODk3Ijp7ImJ1Y2tldCI6InRyZWF0bWVudCIsInZlcnNpb24iOm51bGx9LCJ0ZndfZXhwZXJpbWVudHNfY29va2llX2V4cGlyYXRpb24iOnsiYnVja2V0IjoxMjA5NjAwLCJ2ZXJzaW9uIjpudWxsfSwidGZ3X3Nob3dfYmlyZHdhdGNoX3Bpdm90c19lbmFibGVkIjp7ImJ1Y2tldCI6Im9uIiwidmVyc2lvbiI6bnVsbH0sInRmd19kdXBsaWNhdGVfc2NyaWJlc190b19zZXR0aW5ncyI6eyJidWNrZXQiOiJvbiIsInZlcnNpb24iOm51bGx9LCJ0ZndfdXNlX3Byb2ZpbGVfaW1hZ2Vfc2hhcGVfZW5hYmxlZCI6eyJidWNrZXQiOiJvbiIsInZlcnNpb24iOm51bGx9LCJ0ZndfdmlkZW9faGxzX2R5bmFtaWNfbWFuaWZlc3RzXzE1MDgyIjp7ImJ1Y2tldCI6InRydWVfYml0cmF0ZSIsInZlcnNpb24iOm51bGx9LCJ0ZndfbGVnYWN5X3RpbWVsaW5lX3N1bnNldCI6eyJidWNrZXQiOnRydWUsInZlcnNpb24iOm51bGx9LCJ0ZndfdHdlZXRfZWRpdF9mcm9udGVuZCI6eyJidWNrZXQiOiJvbiIsInZlcnNpb24iOm51bGx9fQ%3D%3D&amp;frame=false&amp;hideCard=false&amp;hideThread=false&amp;id=1955637536048500891&amp;lang=en&amp;origin=https%3A%2F%2Fteve1.info%2Fshefi-i-nato-se-topi-tashme-eshte-ne-fushen-e-putinit%2F&amp;sessionId=02b4c191ebce8a6744b45e281bb8eb1b355f86a7&amp;theme=light&amp;widgetsVersion=2615f7e52b7e0%3A1702314776716&amp;width=550px\" frameborder=\"0\" scrolling=\"no\" allowfullscreen=\"allowfullscreen\" data-tweet-id=\"1955637536048500891\" data-mce-fragment=\"1\" src=\"data:image\/gif;base64,R0lGODlhAQABAAAAACH5BAEKAAEALAAAAAABAAEAAAICTAEAOw==\" class=\"lazyload\" data-load-mode=\"1\"><\/iframe><\/div>\n<\/div>\n<\/div>\n","protected":false},"excerpt":{"rendered":"<p>E enjte, 14 Gusht 2025 N\u00eb prag t\u00eb samitit n\u00eb Alask\u00eb, nj\u00eb thirrje e p\u00ebrbashk\u00ebt virtuale mes Presidentit t\u00eb SHBA-s\u00eb, presidentit ukrainas, Volodymyr Zelenskyy dhe<\/p>\n","protected":false},"author":1,"featured_media":7984,"comment_status":"open","ping_status":"open","sticky":false,"template":"","format":"standard","meta":{"footnotes":""},"categories":[72],"tags":[],"class_list":["post-7983","post","type-post","status-publish","format-standard","has-post-thumbnail","hentry","category-bota"],"yoast_head":"<!-- This site is optimized with the Yoast SEO plugin v25.3.1 - https:\/\/yoast.com\/wordpress\/plugins\/seo\/ -->\n<title>Shefi i NATO-s\u00eb: Topi tashm\u00eb \u00ebsht\u00eb n\u00eb fush\u00ebn e Putinit -<\/title>\n<meta name=\"robots\" content=\"index, follow, max-snippet:-1, max-image-preview:large, max-video-preview:-1\" \/>\n<link rel=\"canonical\" href=\"https:\/\/veritasinfo.org\/?p=7983\" \/>\n<meta property=\"og:locale\" content=\"en_US\" \/>\n<meta property=\"og:type\" content=\"article\" \/>\n<meta property=\"og:title\" content=\"Shefi i NATO-s\u00eb: Topi tashm\u00eb \u00ebsht\u00eb n\u00eb fush\u00ebn e Putinit -\" \/>\n<meta property=\"og:description\" content=\"E enjte, 14 Gusht 2025 N\u00eb prag t\u00eb samitit n\u00eb Alask\u00eb, nj\u00eb thirrje e p\u00ebrbashk\u00ebt virtuale mes Presidentit t\u00eb SHBA-s\u00eb, presidentit ukrainas, Volodymyr Zelenskyy dhe\" \/>\n<meta property=\"og:url\" content=\"https:\/\/veritasinfo.org\/?p=7983\" \/>\n<meta property=\"article:published_time\" content=\"2025-08-14T07:23:06+00:00\" \/>\n<meta property=\"og:image\" content=\"https:\/\/veritasinfo.org\/wp-content\/uploads\/2025\/08\/IMG_2495-1.jpeg\" \/>\n\t<meta property=\"og:image:width\" content=\"670\" \/>\n\t<meta property=\"og:image:height\" content=\"375\" \/>\n\t<meta property=\"og:image:type\" content=\"image\/jpeg\" \/>\n<meta name=\"author\" content=\"admin\" \/>\n<meta name=\"twitter:card\" content=\"summary_large_image\" \/>\n<meta name=\"twitter:label1\" content=\"Written by\" \/>\n\t<meta name=\"twitter:data1\" content=\"admin\" \/>\n\t<meta name=\"twitter:label2\" content=\"Est. reading time\" \/>\n\t<meta name=\"twitter:data2\" content=\"1 minute\" \/>\n<script type=\"application\/ld+json\" class=\"yoast-schema-graph\">{\"@context\":\"https:\/\/schema.org\",\"@graph\":[{\"@type\":\"WebPage\",\"@id\":\"https:\/\/veritasinfo.org\/?p=7983\",\"url\":\"https:\/\/veritasinfo.org\/?p=7983\",\"name\":\"Shefi i NATO-s\u00eb: Topi tashm\u00eb \u00ebsht\u00eb n\u00eb fush\u00ebn e Putinit -\",\"isPartOf\":{\"@id\":\"https:\/\/veritasinfo.org\/#website\"},\"primaryImageOfPage\":{\"@id\":\"https:\/\/veritasinfo.org\/?p=7983#primaryimage\"},\"image\":{\"@id\":\"https:\/\/veritasinfo.org\/?p=7983#primaryimage\"},\"thumbnailUrl\":\"https:\/\/veritasinfo.org\/wp-content\/uploads\/2025\/08\/IMG_2495-1.jpeg\",\"datePublished\":\"2025-08-14T07:23:06+00:00\",\"author\":{\"@id\":\"https:\/\/veritasinfo.org\/#\/schema\/person\/7701f8c088bece422266b100a712374f\"},\"breadcrumb\":{\"@id\":\"https:\/\/veritasinfo.org\/?p=7983#breadcrumb\"},\"inLanguage\":\"en-US\",\"potentialAction\":[{\"@type\":\"ReadAction\",\"target\":[\"https:\/\/veritasinfo.org\/?p=7983\"]}]},{\"@type\":\"ImageObject\",\"inLanguage\":\"en-US\",\"@id\":\"https:\/\/veritasinfo.org\/?p=7983#primaryimage\",\"url\":\"https:\/\/veritasinfo.org\/wp-content\/uploads\/2025\/08\/IMG_2495-1.jpeg\",\"contentUrl\":\"https:\/\/veritasinfo.org\/wp-content\/uploads\/2025\/08\/IMG_2495-1.jpeg\",\"width\":670,\"height\":375},{\"@type\":\"BreadcrumbList\",\"@id\":\"https:\/\/veritasinfo.org\/?p=7983#breadcrumb\",\"itemListElement\":[{\"@type\":\"ListItem\",\"position\":1,\"name\":\"Home\",\"item\":\"https:\/\/veritasinfo.org\/\"},{\"@type\":\"ListItem\",\"position\":2,\"name\":\"Shefi i NATO-s\u00eb: Topi tashm\u00eb \u00ebsht\u00eb n\u00eb fush\u00ebn e Putinit\"}]},{\"@type\":\"WebSite\",\"@id\":\"https:\/\/veritasinfo.org\/#website\",\"url\":\"https:\/\/veritasinfo.org\/\",\"name\":\"\",\"description\":\"\",\"potentialAction\":[{\"@type\":\"SearchAction\",\"target\":{\"@type\":\"EntryPoint\",\"urlTemplate\":\"https:\/\/veritasinfo.org\/?s={search_term_string}\"},\"query-input\":{\"@type\":\"PropertyValueSpecification\",\"valueRequired\":true,\"valueName\":\"search_term_string\"}}],\"inLanguage\":\"en-US\"},{\"@type\":\"Person\",\"@id\":\"https:\/\/veritasinfo.org\/#\/schema\/person\/7701f8c088bece422266b100a712374f\",\"name\":\"admin\",\"image\":{\"@type\":\"ImageObject\",\"inLanguage\":\"en-US\",\"@id\":\"https:\/\/veritasinfo.org\/#\/schema\/person\/image\/\",\"url\":\"https:\/\/secure.gravatar.com\/avatar\/ea53aa3bf6c9a12d5fde8ce4deff43fef3885ae33cf60184161a50d6987cfd2f?s=96&d=mm&r=g\",\"contentUrl\":\"https:\/\/secure.gravatar.com\/avatar\/ea53aa3bf6c9a12d5fde8ce4deff43fef3885ae33cf60184161a50d6987cfd2f?s=96&d=mm&r=g\",\"caption\":\"admin\"},\"sameAs\":[\"https:\/\/veritasinfo.org\"],\"url\":\"https:\/\/veritasinfo.org\/?author=1\"}]}<\/script>\n<!-- \/ Yoast SEO plugin. -->","yoast_head_json":{"title":"Shefi i NATO-s\u00eb: Topi tashm\u00eb \u00ebsht\u00eb n\u00eb fush\u00ebn e Putinit -","robots":{"index":"index","follow":"follow","max-snippet":"max-snippet:-1","max-image-preview":"max-image-preview:large","max-video-preview":"max-video-preview:-1"},"canonical":"https:\/\/veritasinfo.org\/?p=7983","og_locale":"en_US","og_type":"article","og_title":"Shefi i NATO-s\u00eb: Topi tashm\u00eb \u00ebsht\u00eb n\u00eb fush\u00ebn e Putinit -","og_description":"E enjte, 14 Gusht 2025 N\u00eb prag t\u00eb samitit n\u00eb Alask\u00eb, nj\u00eb thirrje e p\u00ebrbashk\u00ebt virtuale mes Presidentit t\u00eb SHBA-s\u00eb, presidentit ukrainas, Volodymyr Zelenskyy dhe","og_url":"https:\/\/veritasinfo.org\/?p=7983","article_published_time":"2025-08-14T07:23:06+00:00","og_image":[{"width":670,"height":375,"url":"https:\/\/veritasinfo.org\/wp-content\/uploads\/2025\/08\/IMG_2495-1.jpeg","type":"image\/jpeg"}],"author":"admin","twitter_card":"summary_large_image","twitter_misc":{"Written by":"admin","Est. reading time":"1 minute"},"schema":{"@context":"https:\/\/schema.org","@graph":[{"@type":"WebPage","@id":"https:\/\/veritasinfo.org\/?p=7983","url":"https:\/\/veritasinfo.org\/?p=7983","name":"Shefi i NATO-s\u00eb: Topi tashm\u00eb \u00ebsht\u00eb n\u00eb fush\u00ebn e Putinit -","isPartOf":{"@id":"https:\/\/veritasinfo.org\/#website"},"primaryImageOfPage":{"@id":"https:\/\/veritasinfo.org\/?p=7983#primaryimage"},"image":{"@id":"https:\/\/veritasinfo.org\/?p=7983#primaryimage"},"thumbnailUrl":"https:\/\/veritasinfo.org\/wp-content\/uploads\/2025\/08\/IMG_2495-1.jpeg","datePublished":"2025-08-14T07:23:06+00:00","author":{"@id":"https:\/\/veritasinfo.org\/#\/schema\/person\/7701f8c088bece422266b100a712374f"},"breadcrumb":{"@id":"https:\/\/veritasinfo.org\/?p=7983#breadcrumb"},"inLanguage":"en-US","potentialAction":[{"@type":"ReadAction","target":["https:\/\/veritasinfo.org\/?p=7983"]}]},{"@type":"ImageObject","inLanguage":"en-US","@id":"https:\/\/veritasinfo.org\/?p=7983#primaryimage","url":"https:\/\/veritasinfo.org\/wp-content\/uploads\/2025\/08\/IMG_2495-1.jpeg","contentUrl":"https:\/\/veritasinfo.org\/wp-content\/uploads\/2025\/08\/IMG_2495-1.jpeg","width":670,"height":375},{"@type":"BreadcrumbList","@id":"https:\/\/veritasinfo.org\/?p=7983#breadcrumb","itemListElement":[{"@type":"ListItem","position":1,"name":"Home","item":"https:\/\/veritasinfo.org\/"},{"@type":"ListItem","position":2,"name":"Shefi i NATO-s\u00eb: Topi tashm\u00eb \u00ebsht\u00eb n\u00eb fush\u00ebn e Putinit"}]},{"@type":"WebSite","@id":"https:\/\/veritasinfo.org\/#website","url":"https:\/\/veritasinfo.org\/","name":"","description":"","potentialAction":[{"@type":"SearchAction","target":{"@type":"EntryPoint","urlTemplate":"https:\/\/veritasinfo.org\/?s={search_term_string}"},"query-input":{"@type":"PropertyValueSpecification","valueRequired":true,"valueName":"search_term_string"}}],"inLanguage":"en-US"},{"@type":"Person","@id":"https:\/\/veritasinfo.org\/#\/schema\/person\/7701f8c088bece422266b100a712374f","name":"admin","image":{"@type":"ImageObject","inLanguage":"en-US","@id":"https:\/\/veritasinfo.org\/#\/schema\/person\/image\/","url":"https:\/\/secure.gravatar.com\/avatar\/ea53aa3bf6c9a12d5fde8ce4deff43fef3885ae33cf60184161a50d6987cfd2f?s=96&d=mm&r=g","contentUrl":"https:\/\/secure.gravatar.com\/avatar\/ea53aa3bf6c9a12d5fde8ce4deff43fef3885ae33cf60184161a50d6987cfd2f?s=96&d=mm&r=g","caption":"admin"},"sameAs":["https:\/\/veritasinfo.org"],"url":"https:\/\/veritasinfo.org\/?author=1"}]}},"featured_image_urls":{"full":["https:\/\/veritasinfo.org\/wp-content\/uploads\/2025\/08\/IMG_2495-1.jpeg",670,375,false],"thumbnail":["https:\/\/veritasinfo.org\/wp-content\/uploads\/2025\/08\/IMG_2495-1-150x150.jpeg",150,150,true],"medium":["https:\/\/veritasinfo.org\/wp-content\/uploads\/2025\/08\/IMG_2495-1-300x168.jpeg",300,168,true],"medium_large":["https:\/\/veritasinfo.org\/wp-content\/uploads\/2025\/08\/IMG_2495-1.jpeg",640,358,false],"large":["https:\/\/veritasinfo.org\/wp-content\/uploads\/2025\/08\/IMG_2495-1.jpeg",640,358,false],"1536x1536":["https:\/\/veritasinfo.org\/wp-content\/uploads\/2025\/08\/IMG_2495-1.jpeg",670,375,false],"2048x2048":["https:\/\/veritasinfo.org\/wp-content\/uploads\/2025\/08\/IMG_2495-1.jpeg",670,375,false],"kreeti-slider-full":["https:\/\/veritasinfo.org\/wp-content\/uploads\/2025\/08\/IMG_2495-1.jpeg",670,375,false],"kreeti-featured":["https:\/\/veritasinfo.org\/wp-content\/uploads\/2025\/08\/IMG_2495-1.jpeg",670,375,false],"kreeti-medium":["https:\/\/veritasinfo.org\/wp-content\/uploads\/2025\/08\/IMG_2495-1.jpeg",670,375,false],"kreeti-medium-square":["https:\/\/veritasinfo.org\/wp-content\/uploads\/2025\/08\/IMG_2495-1.jpeg",350,196,false]},"author_info":{"info":["admin"]},"category_info":"<a href=\"https:\/\/veritasinfo.org\/?cat=72\" rel=\"category\">Bota<\/a>","tag_info":"Bota","comment_count":"0","_links":{"self":[{"href":"https:\/\/veritasinfo.org\/index.php?rest_route=\/wp\/v2\/posts\/7983","targetHints":{"allow":["GET"]}}],"collection":[{"href":"https:\/\/veritasinfo.org\/index.php?rest_route=\/wp\/v2\/posts"}],"about":[{"href":"https:\/\/veritasinfo.org\/index.php?rest_route=\/wp\/v2\/types\/post"}],"author":[{"embeddable":true,"href":"https:\/\/veritasinfo.org\/index.php?rest_route=\/wp\/v2\/users\/1"}],"replies":[{"embeddable":true,"href":"https:\/\/veritasinfo.org\/index.php?rest_route=%2Fwp%2Fv2%2Fcomments&post=7983"}],"version-history":[{"count":1,"href":"https:\/\/veritasinfo.org\/index.php?rest_route=\/wp\/v2\/posts\/7983\/revisions"}],"predecessor-version":[{"id":7985,"href":"https:\/\/veritasinfo.org\/index.php?rest_route=\/wp\/v2\/posts\/7983\/revisions\/7985"}],"wp:featuredmedia":[{"embeddable":true,"href":"https:\/\/veritasinfo.org\/index.php?rest_route=\/wp\/v2\/media\/7984"}],"wp:attachment":[{"href":"https:\/\/veritasinfo.org\/index.php?rest_route=%2Fwp%2Fv2%2Fmedia&parent=7983"}],"wp:term":[{"taxonomy":"category","embeddable":true,"href":"https:\/\/veritasinfo.org\/index.php?rest_route=%2Fwp%2Fv2%2Fcategories&post=7983"},{"taxonomy":"post_tag","embeddable":true,"href":"https:\/\/veritasinfo.org\/index.php?rest_route=%2Fwp%2Fv2%2Ftags&post=7983"}],"curies":[{"name":"wp","href":"https:\/\/api.w.org\/{rel}","templated":true}]}}