{"id":7972,"date":"2025-08-14T08:52:43","date_gmt":"2025-08-14T06:52:43","guid":{"rendered":"https:\/\/veritasinfo.org\/?p=7972"},"modified":"2025-08-14T08:52:43","modified_gmt":"2025-08-14T06:52:43","slug":"mbyllet-afati-kqz-ja-mblidhet-per-certifikimin-e-9-subjekteve-politike","status":"publish","type":"post","link":"https:\/\/veritasinfo.org\/?p=7972","title":{"rendered":"Mbyllet afati, KQZ-ja mblidhet p\u00ebr certifikimin e 9 subjekteve politike"},"content":{"rendered":"<p style=\"text-align: left\">Prishtin\u00eb, 14 gusht 2025<\/p>\n<p style=\"text-align: left\">T\u00eb m\u00ebrkur\u00ebn n\u00eb mesnat\u00eb \u00ebsht\u00eb p\u00ebrmbyllur afati p\u00ebr aplikim t\u00eb subjekteve politike dhe p\u00ebr dor\u00ebzimin e list\u00ebs me emrat e kandidat\u00ebve q\u00eb do t\u00eb garojn\u00eb n\u00eb Zgjedhjet Lokale p\u00ebr Kryetar\u00eb t\u00eb Komunave dhe p\u00ebr Kuvendet Komunale.<\/p>\n<p style=\"text-align: left\">Lajmin e ka konfirmuar z\u00ebdh\u00ebn\u00ebsi i Komisionit Qendror t\u00eb Zgjedhjeve (KQZ), Valmir Elezi, i cili ka shtuar se gjat\u00eb dit\u00ebs do t\u00eb publikohet lista me t\u00eb gjitha subjektet politike q\u00eb kan\u00eb aplikuar p\u00ebr certifikim.<\/p>\n<p style=\"text-align: left\">Sipas Elezit, t\u00eb enjten KQZ-ja do t\u00eb vazhdoj\u00eb me mbledhjen e radh\u00ebs, ku do t\u00eb shqyrtohet certifikimi i grupit t\u00eb dyt\u00eb t\u00eb subjekteve politike q\u00eb do t\u00eb marrin pjes\u00eb n\u00eb zgjedhjet e 12 tetorit, si dhe listat e kandidat\u00ebve t\u00eb tyre.<\/p>\n<p style=\"text-align: left\">Mbledhja e KQZ-s\u00eb \u00ebsht\u00eb parapar\u00eb t\u00eb mbahet n\u00eb or\u00ebn 14:00 (e enjte, 14 gusht) dhe n\u00eb rend dite \u00ebsht\u00eb certifikimi i 9 subjekteve politike, prej t\u00eb cilave 4 iniciativa qytetare dhe 5 kandidat\u00eb t\u00eb pavarur. Numri i p\u00ebrgjithsh\u00ebm i kandidat\u00ebve q\u00eb p\u00ebrfaq\u00ebsojn\u00eb k\u00ebto subjekte politike \u00ebsht\u00eb 66 \u2013 nga t\u00eb cil\u00ebt 4 p\u00ebr Kryetar\u00eb t\u00eb Komunave dhe 62 p\u00ebr an\u00ebtar\u00eb t\u00eb Kuvendeve Komunale.<\/p>\n<p style=\"text-align: left\">\n<p style=\"text-align: left\">\n","protected":false},"excerpt":{"rendered":"<p>Prishtin\u00eb, 14 gusht 2025 T\u00eb m\u00ebrkur\u00ebn n\u00eb mesnat\u00eb \u00ebsht\u00eb p\u00ebrmbyllur afati p\u00ebr aplikim t\u00eb subjekteve politike dhe p\u00ebr dor\u00ebzimin e list\u00ebs me emrat e kandidat\u00ebve<\/p>\n","protected":false},"author":1,"featured_media":3331,"comment_status":"open","ping_status":"open","sticky":false,"template":"","format":"standard","meta":{"footnotes":""},"categories":[58],"tags":[],"class_list":["post-7972","post","type-post","status-publish","format-standard","has-post-thumbnail","hentry","category-politike-sq"],"yoast_head":"<!-- This site is optimized with the Yoast SEO plugin v25.3.1 - https:\/\/yoast.com\/wordpress\/plugins\/seo\/ -->\n<title>Mbyllet afati, KQZ-ja mblidhet p\u00ebr certifikimin e 9 subjekteve politike -<\/title>\n<meta name=\"robots\" content=\"index, follow, max-snippet:-1, max-image-preview:large, max-video-preview:-1\" \/>\n<link rel=\"canonical\" href=\"https:\/\/veritasinfo.org\/?p=7972\" \/>\n<meta property=\"og:locale\" content=\"en_US\" \/>\n<meta property=\"og:type\" content=\"article\" \/>\n<meta property=\"og:title\" content=\"Mbyllet afati, KQZ-ja mblidhet p\u00ebr certifikimin e 9 subjekteve politike -\" \/>\n<meta property=\"og:description\" content=\"Prishtin\u00eb, 14 gusht 2025 T\u00eb m\u00ebrkur\u00ebn n\u00eb mesnat\u00eb \u00ebsht\u00eb p\u00ebrmbyllur afati p\u00ebr aplikim t\u00eb subjekteve politike dhe p\u00ebr dor\u00ebzimin e list\u00ebs me emrat e kandidat\u00ebve\" \/>\n<meta property=\"og:url\" content=\"https:\/\/veritasinfo.org\/?p=7972\" \/>\n<meta property=\"article:published_time\" content=\"2025-08-14T06:52:43+00:00\" \/>\n<meta property=\"og:image\" content=\"https:\/\/veritasinfo.org\/wp-content\/uploads\/2025\/07\/KQZ-5.jpg\" \/>\n\t<meta property=\"og:image:width\" content=\"900\" \/>\n\t<meta property=\"og:image:height\" content=\"600\" \/>\n\t<meta property=\"og:image:type\" content=\"image\/jpeg\" \/>\n<meta name=\"author\" content=\"admin\" \/>\n<meta name=\"twitter:card\" content=\"summary_large_image\" \/>\n<meta name=\"twitter:label1\" content=\"Written by\" \/>\n\t<meta name=\"twitter:data1\" content=\"admin\" \/>\n\t<meta name=\"twitter:label2\" content=\"Est. reading time\" \/>\n\t<meta name=\"twitter:data2\" content=\"1 minute\" \/>\n<script type=\"application\/ld+json\" class=\"yoast-schema-graph\">{\"@context\":\"https:\/\/schema.org\",\"@graph\":[{\"@type\":\"WebPage\",\"@id\":\"https:\/\/veritasinfo.org\/?p=7972\",\"url\":\"https:\/\/veritasinfo.org\/?p=7972\",\"name\":\"Mbyllet afati, KQZ-ja mblidhet p\u00ebr certifikimin e 9 subjekteve politike -\",\"isPartOf\":{\"@id\":\"https:\/\/veritasinfo.org\/#website\"},\"primaryImageOfPage\":{\"@id\":\"https:\/\/veritasinfo.org\/?p=7972#primaryimage\"},\"image\":{\"@id\":\"https:\/\/veritasinfo.org\/?p=7972#primaryimage\"},\"thumbnailUrl\":\"https:\/\/veritasinfo.org\/wp-content\/uploads\/2025\/07\/KQZ-5.jpg\",\"datePublished\":\"2025-08-14T06:52:43+00:00\",\"author\":{\"@id\":\"https:\/\/veritasinfo.org\/#\/schema\/person\/7701f8c088bece422266b100a712374f\"},\"breadcrumb\":{\"@id\":\"https:\/\/veritasinfo.org\/?p=7972#breadcrumb\"},\"inLanguage\":\"en-US\",\"potentialAction\":[{\"@type\":\"ReadAction\",\"target\":[\"https:\/\/veritasinfo.org\/?p=7972\"]}]},{\"@type\":\"ImageObject\",\"inLanguage\":\"en-US\",\"@id\":\"https:\/\/veritasinfo.org\/?p=7972#primaryimage\",\"url\":\"https:\/\/veritasinfo.org\/wp-content\/uploads\/2025\/07\/KQZ-5.jpg\",\"contentUrl\":\"https:\/\/veritasinfo.org\/wp-content\/uploads\/2025\/07\/KQZ-5.jpg\",\"width\":900,\"height\":600},{\"@type\":\"BreadcrumbList\",\"@id\":\"https:\/\/veritasinfo.org\/?p=7972#breadcrumb\",\"itemListElement\":[{\"@type\":\"ListItem\",\"position\":1,\"name\":\"Home\",\"item\":\"https:\/\/veritasinfo.org\/\"},{\"@type\":\"ListItem\",\"position\":2,\"name\":\"Mbyllet afati, KQZ-ja mblidhet p\u00ebr certifikimin e 9 subjekteve politike\"}]},{\"@type\":\"WebSite\",\"@id\":\"https:\/\/veritasinfo.org\/#website\",\"url\":\"https:\/\/veritasinfo.org\/\",\"name\":\"\",\"description\":\"\",\"potentialAction\":[{\"@type\":\"SearchAction\",\"target\":{\"@type\":\"EntryPoint\",\"urlTemplate\":\"https:\/\/veritasinfo.org\/?s={search_term_string}\"},\"query-input\":{\"@type\":\"PropertyValueSpecification\",\"valueRequired\":true,\"valueName\":\"search_term_string\"}}],\"inLanguage\":\"en-US\"},{\"@type\":\"Person\",\"@id\":\"https:\/\/veritasinfo.org\/#\/schema\/person\/7701f8c088bece422266b100a712374f\",\"name\":\"admin\",\"image\":{\"@type\":\"ImageObject\",\"inLanguage\":\"en-US\",\"@id\":\"https:\/\/veritasinfo.org\/#\/schema\/person\/image\/\",\"url\":\"https:\/\/secure.gravatar.com\/avatar\/ea53aa3bf6c9a12d5fde8ce4deff43fef3885ae33cf60184161a50d6987cfd2f?s=96&d=mm&r=g\",\"contentUrl\":\"https:\/\/secure.gravatar.com\/avatar\/ea53aa3bf6c9a12d5fde8ce4deff43fef3885ae33cf60184161a50d6987cfd2f?s=96&d=mm&r=g\",\"caption\":\"admin\"},\"sameAs\":[\"https:\/\/veritasinfo.org\"],\"url\":\"https:\/\/veritasinfo.org\/?author=1\"}]}<\/script>\n<!-- \/ Yoast SEO plugin. -->","yoast_head_json":{"title":"Mbyllet afati, KQZ-ja mblidhet p\u00ebr certifikimin e 9 subjekteve politike -","robots":{"index":"index","follow":"follow","max-snippet":"max-snippet:-1","max-image-preview":"max-image-preview:large","max-video-preview":"max-video-preview:-1"},"canonical":"https:\/\/veritasinfo.org\/?p=7972","og_locale":"en_US","og_type":"article","og_title":"Mbyllet afati, KQZ-ja mblidhet p\u00ebr certifikimin e 9 subjekteve politike -","og_description":"Prishtin\u00eb, 14 gusht 2025 T\u00eb m\u00ebrkur\u00ebn n\u00eb mesnat\u00eb \u00ebsht\u00eb p\u00ebrmbyllur afati p\u00ebr aplikim t\u00eb subjekteve politike dhe p\u00ebr dor\u00ebzimin e list\u00ebs me emrat e kandidat\u00ebve","og_url":"https:\/\/veritasinfo.org\/?p=7972","article_published_time":"2025-08-14T06:52:43+00:00","og_image":[{"width":900,"height":600,"url":"https:\/\/veritasinfo.org\/wp-content\/uploads\/2025\/07\/KQZ-5.jpg","type":"image\/jpeg"}],"author":"admin","twitter_card":"summary_large_image","twitter_misc":{"Written by":"admin","Est. reading time":"1 minute"},"schema":{"@context":"https:\/\/schema.org","@graph":[{"@type":"WebPage","@id":"https:\/\/veritasinfo.org\/?p=7972","url":"https:\/\/veritasinfo.org\/?p=7972","name":"Mbyllet afati, KQZ-ja mblidhet p\u00ebr certifikimin e 9 subjekteve politike -","isPartOf":{"@id":"https:\/\/veritasinfo.org\/#website"},"primaryImageOfPage":{"@id":"https:\/\/veritasinfo.org\/?p=7972#primaryimage"},"image":{"@id":"https:\/\/veritasinfo.org\/?p=7972#primaryimage"},"thumbnailUrl":"https:\/\/veritasinfo.org\/wp-content\/uploads\/2025\/07\/KQZ-5.jpg","datePublished":"2025-08-14T06:52:43+00:00","author":{"@id":"https:\/\/veritasinfo.org\/#\/schema\/person\/7701f8c088bece422266b100a712374f"},"breadcrumb":{"@id":"https:\/\/veritasinfo.org\/?p=7972#breadcrumb"},"inLanguage":"en-US","potentialAction":[{"@type":"ReadAction","target":["https:\/\/veritasinfo.org\/?p=7972"]}]},{"@type":"ImageObject","inLanguage":"en-US","@id":"https:\/\/veritasinfo.org\/?p=7972#primaryimage","url":"https:\/\/veritasinfo.org\/wp-content\/uploads\/2025\/07\/KQZ-5.jpg","contentUrl":"https:\/\/veritasinfo.org\/wp-content\/uploads\/2025\/07\/KQZ-5.jpg","width":900,"height":600},{"@type":"BreadcrumbList","@id":"https:\/\/veritasinfo.org\/?p=7972#breadcrumb","itemListElement":[{"@type":"ListItem","position":1,"name":"Home","item":"https:\/\/veritasinfo.org\/"},{"@type":"ListItem","position":2,"name":"Mbyllet afati, KQZ-ja mblidhet p\u00ebr certifikimin e 9 subjekteve politike"}]},{"@type":"WebSite","@id":"https:\/\/veritasinfo.org\/#website","url":"https:\/\/veritasinfo.org\/","name":"","description":"","potentialAction":[{"@type":"SearchAction","target":{"@type":"EntryPoint","urlTemplate":"https:\/\/veritasinfo.org\/?s={search_term_string}"},"query-input":{"@type":"PropertyValueSpecification","valueRequired":true,"valueName":"search_term_string"}}],"inLanguage":"en-US"},{"@type":"Person","@id":"https:\/\/veritasinfo.org\/#\/schema\/person\/7701f8c088bece422266b100a712374f","name":"admin","image":{"@type":"ImageObject","inLanguage":"en-US","@id":"https:\/\/veritasinfo.org\/#\/schema\/person\/image\/","url":"https:\/\/secure.gravatar.com\/avatar\/ea53aa3bf6c9a12d5fde8ce4deff43fef3885ae33cf60184161a50d6987cfd2f?s=96&d=mm&r=g","contentUrl":"https:\/\/secure.gravatar.com\/avatar\/ea53aa3bf6c9a12d5fde8ce4deff43fef3885ae33cf60184161a50d6987cfd2f?s=96&d=mm&r=g","caption":"admin"},"sameAs":["https:\/\/veritasinfo.org"],"url":"https:\/\/veritasinfo.org\/?author=1"}]}},"featured_image_urls":{"full":["https:\/\/veritasinfo.org\/wp-content\/uploads\/2025\/07\/KQZ-5.jpg",900,600,false],"thumbnail":["https:\/\/veritasinfo.org\/wp-content\/uploads\/2025\/07\/KQZ-5-150x150.jpg",150,150,true],"medium":["https:\/\/veritasinfo.org\/wp-content\/uploads\/2025\/07\/KQZ-5-300x200.jpg",300,200,true],"medium_large":["https:\/\/veritasinfo.org\/wp-content\/uploads\/2025\/07\/KQZ-5-768x512.jpg",640,427,true],"large":["https:\/\/veritasinfo.org\/wp-content\/uploads\/2025\/07\/KQZ-5.jpg",640,427,false],"1536x1536":["https:\/\/veritasinfo.org\/wp-content\/uploads\/2025\/07\/KQZ-5.jpg",900,600,false],"2048x2048":["https:\/\/veritasinfo.org\/wp-content\/uploads\/2025\/07\/KQZ-5.jpg",900,600,false],"kreeti-slider-full":["https:\/\/veritasinfo.org\/wp-content\/uploads\/2025\/07\/KQZ-5.jpg",900,600,false],"kreeti-featured":["https:\/\/veritasinfo.org\/wp-content\/uploads\/2025\/07\/KQZ-5.jpg",900,600,false],"kreeti-medium":["https:\/\/veritasinfo.org\/wp-content\/uploads\/2025\/07\/KQZ-5.jpg",720,480,false],"kreeti-medium-square":["https:\/\/veritasinfo.org\/wp-content\/uploads\/2025\/07\/KQZ-5.jpg",350,233,false]},"author_info":{"info":["admin"]},"category_info":"<a href=\"https:\/\/veritasinfo.org\/?cat=58\" rel=\"category\">Politik\u00eb<\/a>","tag_info":"Politik\u00eb","comment_count":"0","_links":{"self":[{"href":"https:\/\/veritasinfo.org\/index.php?rest_route=\/wp\/v2\/posts\/7972","targetHints":{"allow":["GET"]}}],"collection":[{"href":"https:\/\/veritasinfo.org\/index.php?rest_route=\/wp\/v2\/posts"}],"about":[{"href":"https:\/\/veritasinfo.org\/index.php?rest_route=\/wp\/v2\/types\/post"}],"author":[{"embeddable":true,"href":"https:\/\/veritasinfo.org\/index.php?rest_route=\/wp\/v2\/users\/1"}],"replies":[{"embeddable":true,"href":"https:\/\/veritasinfo.org\/index.php?rest_route=%2Fwp%2Fv2%2Fcomments&post=7972"}],"version-history":[{"count":1,"href":"https:\/\/veritasinfo.org\/index.php?rest_route=\/wp\/v2\/posts\/7972\/revisions"}],"predecessor-version":[{"id":7973,"href":"https:\/\/veritasinfo.org\/index.php?rest_route=\/wp\/v2\/posts\/7972\/revisions\/7973"}],"wp:featuredmedia":[{"embeddable":true,"href":"https:\/\/veritasinfo.org\/index.php?rest_route=\/wp\/v2\/media\/3331"}],"wp:attachment":[{"href":"https:\/\/veritasinfo.org\/index.php?rest_route=%2Fwp%2Fv2%2Fmedia&parent=7972"}],"wp:term":[{"taxonomy":"category","embeddable":true,"href":"https:\/\/veritasinfo.org\/index.php?rest_route=%2Fwp%2Fv2%2Fcategories&post=7972"},{"taxonomy":"post_tag","embeddable":true,"href":"https:\/\/veritasinfo.org\/index.php?rest_route=%2Fwp%2Fv2%2Ftags&post=7972"}],"curies":[{"name":"wp","href":"https:\/\/api.w.org\/{rel}","templated":true}]}}