{"id":7969,"date":"2025-08-14T08:54:30","date_gmt":"2025-08-14T06:54:30","guid":{"rendered":"https:\/\/veritasinfo.org\/?p=7969"},"modified":"2025-08-14T08:54:30","modified_gmt":"2025-08-14T06:54:30","slug":"te-pakten-22-te-vdekur-pas-fundosjes-se-dy-anijeve-me-migrante-ne-itali","status":"publish","type":"post","link":"https:\/\/veritasinfo.org\/?p=7969","title":{"rendered":"T\u00eb pakt\u00ebn 22 t\u00eb vdekur pas fundosjes s\u00eb dy anijeve me migrant\u00eb n\u00eb Itali"},"content":{"rendered":"<p>Itali, 14 Gusht 2025<\/p>\n<p><strong>T\u00eb pakt\u00ebn 22 migrant\u00eb kan\u00eb humbur jet\u00ebn pasi dy anije u fundos\u00ebn n\u00eb Mesdhe t\u00eb m\u00ebrkur\u00ebn, sipas agjencive humanitare.<\/strong><\/p>\n<p>Rreth 60 persona jan\u00eb shp\u00ebtuar, nd\u00ebrsa shum\u00eb t\u00eb tjer\u00eb konsiderohen ende t\u00eb zhdukur. Ky \u00ebsht\u00eb incidenti m\u00eb i fundit n\u00eb k\u00ebt\u00eb zon\u00eb detare, ku migrant\u00ebt shpesh rrezikojn\u00eb jet\u00ebn n\u00eb p\u00ebrpjekje p\u00ebr t\u00eb arritur n\u00eb Evrop\u00eb.<\/p>\n<p>Kryqi i Kuq njoftoi p\u00ebr AFP se 56 burra dhe kat\u00ebr gra kan\u00eb shp\u00ebtuar nga fundosja e anijeve me migrant\u00eb. Ende nuk dihet numri i sakt\u00eb i personave q\u00eb ndodheshin n\u00eb bord, por dihet se ato ishin nisur nga Zavija dhe Tripoli n\u00eb Libi, mbr\u00ebmjen e s\u00eb mart\u00ebs.<\/p>\n<p>Sipas agjencis\u00eb italiane t\u00eb lajmeve ANSA, duke cituar d\u00ebshmit\u00eb e disa t\u00eb mbijetuarve, nj\u00ebra nga anijet filloi t\u00eb marr\u00eb uj\u00eb dhe disa migrant\u00eb u transferuan n\u00eb anijen tjet\u00ebr, e cila u mbingarkua dhe po ashtu filloi t\u00eb fundoset.<\/p>\n<p>Nd\u00ebr viktimat e para t\u00eb transportuara n\u00eb morgun e Lampedus\u00ebs ishin nj\u00eb foshnj\u00eb e porsalindur, tre f\u00ebmij\u00eb, dy burra dhe dy gra.<\/p>\n<p>\u201cDhimbje e madhe p\u00ebr tragjedin\u00eb e nj\u00eb tjet\u00ebr anijeje pran\u00eb bregut t\u00eb Lampedus\u00ebs, ku UNHCR po asiston t\u00eb mbijetuarit. Deri tani jan\u00eb gjetur 20 trupa dhe po aq persona rezultojn\u00eb t\u00eb zhdukur\u201d, shkroi n\u00eb rrjetet sociale Filippo Ungaro, z\u00ebdh\u00ebn\u00ebs i Agjencis\u00eb s\u00eb Kombeve t\u00eb Bashkuara p\u00ebr Refugjat\u00ebt.<\/p>\n<p>Ministri i Brendsh\u00ebm italian, Matteo Piantedosi, konfirmoi fundosjen e dy anijeve, duke deklaruar se ngjarja ndodhi rreth 14 milje detare larg Lampedus\u00ebs.<\/p>\n<p>Sipas disa mediave, n\u00eb dy anijet ndodheshin gjithsej 97 persona. UNHCR-ja raportoi se vet\u00ebm gjat\u00eb k\u00ebtij viti jan\u00eb regjistruar 675 viktima nga rr\u00ebzimet e anijeve me migrant\u00eb q\u00eb kan\u00eb tentuar t\u00eb kalojn\u00eb Mesdheun.<\/p>\n<p>Deri t\u00eb m\u00ebrkur\u00ebn, Ministria e Brendshme italiane ka regjistruar 38.263 migrant\u00eb t\u00eb mb\u00ebrritur n\u00eb brigjet e Italis\u00eb n\u00eb vitin 2025.<\/p>\n<p>Piantedosi theksoi se ky rast tregon edhe nj\u00ebher\u00eb urgjenc\u00ebn p\u00ebr t\u00eb parandaluar udh\u00ebtimet e rrezikshme detare q\u00eb nisen nga vendet e Afrik\u00ebs s\u00eb Veriut. Qeveria italiane e kryeministres Giorgia Meloni ka arritur marr\u00ebveshje me disa shtete t\u00eb k\u00ebtij rajoni, duke ofruar fonde dhe trajnime n\u00eb k\u00ebmbim t\u00eb bashk\u00ebpunimit p\u00ebr ndalimin e nisjes s\u00eb migrant\u00ebve drejt Italis\u00eb.<\/p>\n","protected":false},"excerpt":{"rendered":"<p>Itali, 14 Gusht 2025 T\u00eb pakt\u00ebn 22 migrant\u00eb kan\u00eb humbur jet\u00ebn pasi dy anije u fundos\u00ebn n\u00eb Mesdhe t\u00eb m\u00ebrkur\u00ebn, sipas agjencive humanitare. Rreth 60<\/p>\n","protected":false},"author":1,"featured_media":7974,"comment_status":"open","ping_status":"open","sticky":false,"template":"","format":"standard","meta":{"footnotes":""},"categories":[72],"tags":[],"class_list":["post-7969","post","type-post","status-publish","format-standard","has-post-thumbnail","hentry","category-bota"],"yoast_head":"<!-- This site is optimized with the Yoast SEO plugin v25.3.1 - https:\/\/yoast.com\/wordpress\/plugins\/seo\/ -->\n<title>T\u00eb pakt\u00ebn 22 t\u00eb vdekur pas fundosjes s\u00eb dy anijeve me migrant\u00eb n\u00eb Itali -<\/title>\n<meta name=\"robots\" content=\"index, follow, max-snippet:-1, max-image-preview:large, max-video-preview:-1\" \/>\n<link rel=\"canonical\" href=\"https:\/\/veritasinfo.org\/?p=7969\" \/>\n<meta property=\"og:locale\" content=\"en_US\" \/>\n<meta property=\"og:type\" content=\"article\" \/>\n<meta property=\"og:title\" content=\"T\u00eb pakt\u00ebn 22 t\u00eb vdekur pas fundosjes s\u00eb dy anijeve me migrant\u00eb n\u00eb Itali -\" \/>\n<meta property=\"og:description\" content=\"Itali, 14 Gusht 2025 T\u00eb pakt\u00ebn 22 migrant\u00eb kan\u00eb humbur jet\u00ebn pasi dy anije u fundos\u00ebn n\u00eb Mesdhe t\u00eb m\u00ebrkur\u00ebn, sipas agjencive humanitare. Rreth 60\" \/>\n<meta property=\"og:url\" content=\"https:\/\/veritasinfo.org\/?p=7969\" \/>\n<meta property=\"article:published_time\" content=\"2025-08-14T06:54:30+00:00\" \/>\n<meta property=\"og:image\" content=\"https:\/\/veritasinfo.org\/wp-content\/uploads\/2025\/08\/IMG_2494.jpeg\" \/>\n\t<meta property=\"og:image:width\" content=\"600\" \/>\n\t<meta property=\"og:image:height\" content=\"400\" \/>\n\t<meta property=\"og:image:type\" content=\"image\/jpeg\" \/>\n<meta name=\"author\" content=\"admin\" \/>\n<meta name=\"twitter:card\" content=\"summary_large_image\" \/>\n<meta name=\"twitter:label1\" content=\"Written by\" \/>\n\t<meta name=\"twitter:data1\" content=\"admin\" \/>\n\t<meta name=\"twitter:label2\" content=\"Est. reading time\" \/>\n\t<meta name=\"twitter:data2\" content=\"2 minutes\" \/>\n<script type=\"application\/ld+json\" class=\"yoast-schema-graph\">{\"@context\":\"https:\/\/schema.org\",\"@graph\":[{\"@type\":\"WebPage\",\"@id\":\"https:\/\/veritasinfo.org\/?p=7969\",\"url\":\"https:\/\/veritasinfo.org\/?p=7969\",\"name\":\"T\u00eb pakt\u00ebn 22 t\u00eb vdekur pas fundosjes s\u00eb dy anijeve me migrant\u00eb n\u00eb Itali -\",\"isPartOf\":{\"@id\":\"https:\/\/veritasinfo.org\/#website\"},\"primaryImageOfPage\":{\"@id\":\"https:\/\/veritasinfo.org\/?p=7969#primaryimage\"},\"image\":{\"@id\":\"https:\/\/veritasinfo.org\/?p=7969#primaryimage\"},\"thumbnailUrl\":\"https:\/\/veritasinfo.org\/wp-content\/uploads\/2025\/08\/IMG_2494.jpeg\",\"datePublished\":\"2025-08-14T06:54:30+00:00\",\"author\":{\"@id\":\"https:\/\/veritasinfo.org\/#\/schema\/person\/7701f8c088bece422266b100a712374f\"},\"breadcrumb\":{\"@id\":\"https:\/\/veritasinfo.org\/?p=7969#breadcrumb\"},\"inLanguage\":\"en-US\",\"potentialAction\":[{\"@type\":\"ReadAction\",\"target\":[\"https:\/\/veritasinfo.org\/?p=7969\"]}]},{\"@type\":\"ImageObject\",\"inLanguage\":\"en-US\",\"@id\":\"https:\/\/veritasinfo.org\/?p=7969#primaryimage\",\"url\":\"https:\/\/veritasinfo.org\/wp-content\/uploads\/2025\/08\/IMG_2494.jpeg\",\"contentUrl\":\"https:\/\/veritasinfo.org\/wp-content\/uploads\/2025\/08\/IMG_2494.jpeg\",\"width\":600,\"height\":400},{\"@type\":\"BreadcrumbList\",\"@id\":\"https:\/\/veritasinfo.org\/?p=7969#breadcrumb\",\"itemListElement\":[{\"@type\":\"ListItem\",\"position\":1,\"name\":\"Home\",\"item\":\"https:\/\/veritasinfo.org\/\"},{\"@type\":\"ListItem\",\"position\":2,\"name\":\"T\u00eb pakt\u00ebn 22 t\u00eb vdekur pas fundosjes s\u00eb dy anijeve me migrant\u00eb n\u00eb Itali\"}]},{\"@type\":\"WebSite\",\"@id\":\"https:\/\/veritasinfo.org\/#website\",\"url\":\"https:\/\/veritasinfo.org\/\",\"name\":\"\",\"description\":\"\",\"potentialAction\":[{\"@type\":\"SearchAction\",\"target\":{\"@type\":\"EntryPoint\",\"urlTemplate\":\"https:\/\/veritasinfo.org\/?s={search_term_string}\"},\"query-input\":{\"@type\":\"PropertyValueSpecification\",\"valueRequired\":true,\"valueName\":\"search_term_string\"}}],\"inLanguage\":\"en-US\"},{\"@type\":\"Person\",\"@id\":\"https:\/\/veritasinfo.org\/#\/schema\/person\/7701f8c088bece422266b100a712374f\",\"name\":\"admin\",\"image\":{\"@type\":\"ImageObject\",\"inLanguage\":\"en-US\",\"@id\":\"https:\/\/veritasinfo.org\/#\/schema\/person\/image\/\",\"url\":\"https:\/\/secure.gravatar.com\/avatar\/ea53aa3bf6c9a12d5fde8ce4deff43fef3885ae33cf60184161a50d6987cfd2f?s=96&d=mm&r=g\",\"contentUrl\":\"https:\/\/secure.gravatar.com\/avatar\/ea53aa3bf6c9a12d5fde8ce4deff43fef3885ae33cf60184161a50d6987cfd2f?s=96&d=mm&r=g\",\"caption\":\"admin\"},\"sameAs\":[\"https:\/\/veritasinfo.org\"],\"url\":\"https:\/\/veritasinfo.org\/?author=1\"}]}<\/script>\n<!-- \/ Yoast SEO plugin. -->","yoast_head_json":{"title":"T\u00eb pakt\u00ebn 22 t\u00eb vdekur pas fundosjes s\u00eb dy anijeve me migrant\u00eb n\u00eb Itali -","robots":{"index":"index","follow":"follow","max-snippet":"max-snippet:-1","max-image-preview":"max-image-preview:large","max-video-preview":"max-video-preview:-1"},"canonical":"https:\/\/veritasinfo.org\/?p=7969","og_locale":"en_US","og_type":"article","og_title":"T\u00eb pakt\u00ebn 22 t\u00eb vdekur pas fundosjes s\u00eb dy anijeve me migrant\u00eb n\u00eb Itali -","og_description":"Itali, 14 Gusht 2025 T\u00eb pakt\u00ebn 22 migrant\u00eb kan\u00eb humbur jet\u00ebn pasi dy anije u fundos\u00ebn n\u00eb Mesdhe t\u00eb m\u00ebrkur\u00ebn, sipas agjencive humanitare. Rreth 60","og_url":"https:\/\/veritasinfo.org\/?p=7969","article_published_time":"2025-08-14T06:54:30+00:00","og_image":[{"width":600,"height":400,"url":"https:\/\/veritasinfo.org\/wp-content\/uploads\/2025\/08\/IMG_2494.jpeg","type":"image\/jpeg"}],"author":"admin","twitter_card":"summary_large_image","twitter_misc":{"Written by":"admin","Est. reading time":"2 minutes"},"schema":{"@context":"https:\/\/schema.org","@graph":[{"@type":"WebPage","@id":"https:\/\/veritasinfo.org\/?p=7969","url":"https:\/\/veritasinfo.org\/?p=7969","name":"T\u00eb pakt\u00ebn 22 t\u00eb vdekur pas fundosjes s\u00eb dy anijeve me migrant\u00eb n\u00eb Itali -","isPartOf":{"@id":"https:\/\/veritasinfo.org\/#website"},"primaryImageOfPage":{"@id":"https:\/\/veritasinfo.org\/?p=7969#primaryimage"},"image":{"@id":"https:\/\/veritasinfo.org\/?p=7969#primaryimage"},"thumbnailUrl":"https:\/\/veritasinfo.org\/wp-content\/uploads\/2025\/08\/IMG_2494.jpeg","datePublished":"2025-08-14T06:54:30+00:00","author":{"@id":"https:\/\/veritasinfo.org\/#\/schema\/person\/7701f8c088bece422266b100a712374f"},"breadcrumb":{"@id":"https:\/\/veritasinfo.org\/?p=7969#breadcrumb"},"inLanguage":"en-US","potentialAction":[{"@type":"ReadAction","target":["https:\/\/veritasinfo.org\/?p=7969"]}]},{"@type":"ImageObject","inLanguage":"en-US","@id":"https:\/\/veritasinfo.org\/?p=7969#primaryimage","url":"https:\/\/veritasinfo.org\/wp-content\/uploads\/2025\/08\/IMG_2494.jpeg","contentUrl":"https:\/\/veritasinfo.org\/wp-content\/uploads\/2025\/08\/IMG_2494.jpeg","width":600,"height":400},{"@type":"BreadcrumbList","@id":"https:\/\/veritasinfo.org\/?p=7969#breadcrumb","itemListElement":[{"@type":"ListItem","position":1,"name":"Home","item":"https:\/\/veritasinfo.org\/"},{"@type":"ListItem","position":2,"name":"T\u00eb pakt\u00ebn 22 t\u00eb vdekur pas fundosjes s\u00eb dy anijeve me migrant\u00eb n\u00eb Itali"}]},{"@type":"WebSite","@id":"https:\/\/veritasinfo.org\/#website","url":"https:\/\/veritasinfo.org\/","name":"","description":"","potentialAction":[{"@type":"SearchAction","target":{"@type":"EntryPoint","urlTemplate":"https:\/\/veritasinfo.org\/?s={search_term_string}"},"query-input":{"@type":"PropertyValueSpecification","valueRequired":true,"valueName":"search_term_string"}}],"inLanguage":"en-US"},{"@type":"Person","@id":"https:\/\/veritasinfo.org\/#\/schema\/person\/7701f8c088bece422266b100a712374f","name":"admin","image":{"@type":"ImageObject","inLanguage":"en-US","@id":"https:\/\/veritasinfo.org\/#\/schema\/person\/image\/","url":"https:\/\/secure.gravatar.com\/avatar\/ea53aa3bf6c9a12d5fde8ce4deff43fef3885ae33cf60184161a50d6987cfd2f?s=96&d=mm&r=g","contentUrl":"https:\/\/secure.gravatar.com\/avatar\/ea53aa3bf6c9a12d5fde8ce4deff43fef3885ae33cf60184161a50d6987cfd2f?s=96&d=mm&r=g","caption":"admin"},"sameAs":["https:\/\/veritasinfo.org"],"url":"https:\/\/veritasinfo.org\/?author=1"}]}},"featured_image_urls":{"full":["https:\/\/veritasinfo.org\/wp-content\/uploads\/2025\/08\/IMG_2494.jpeg",600,400,false],"thumbnail":["https:\/\/veritasinfo.org\/wp-content\/uploads\/2025\/08\/IMG_2494-150x150.jpeg",150,150,true],"medium":["https:\/\/veritasinfo.org\/wp-content\/uploads\/2025\/08\/IMG_2494-300x200.jpeg",300,200,true],"medium_large":["https:\/\/veritasinfo.org\/wp-content\/uploads\/2025\/08\/IMG_2494.jpeg",600,400,false],"large":["https:\/\/veritasinfo.org\/wp-content\/uploads\/2025\/08\/IMG_2494.jpeg",600,400,false],"1536x1536":["https:\/\/veritasinfo.org\/wp-content\/uploads\/2025\/08\/IMG_2494.jpeg",600,400,false],"2048x2048":["https:\/\/veritasinfo.org\/wp-content\/uploads\/2025\/08\/IMG_2494.jpeg",600,400,false],"kreeti-slider-full":["https:\/\/veritasinfo.org\/wp-content\/uploads\/2025\/08\/IMG_2494.jpeg",600,400,false],"kreeti-featured":["https:\/\/veritasinfo.org\/wp-content\/uploads\/2025\/08\/IMG_2494.jpeg",600,400,false],"kreeti-medium":["https:\/\/veritasinfo.org\/wp-content\/uploads\/2025\/08\/IMG_2494.jpeg",600,400,false],"kreeti-medium-square":["https:\/\/veritasinfo.org\/wp-content\/uploads\/2025\/08\/IMG_2494.jpeg",350,233,false]},"author_info":{"info":["admin"]},"category_info":"<a href=\"https:\/\/veritasinfo.org\/?cat=72\" rel=\"category\">Bota<\/a>","tag_info":"Bota","comment_count":"0","_links":{"self":[{"href":"https:\/\/veritasinfo.org\/index.php?rest_route=\/wp\/v2\/posts\/7969","targetHints":{"allow":["GET"]}}],"collection":[{"href":"https:\/\/veritasinfo.org\/index.php?rest_route=\/wp\/v2\/posts"}],"about":[{"href":"https:\/\/veritasinfo.org\/index.php?rest_route=\/wp\/v2\/types\/post"}],"author":[{"embeddable":true,"href":"https:\/\/veritasinfo.org\/index.php?rest_route=\/wp\/v2\/users\/1"}],"replies":[{"embeddable":true,"href":"https:\/\/veritasinfo.org\/index.php?rest_route=%2Fwp%2Fv2%2Fcomments&post=7969"}],"version-history":[{"count":1,"href":"https:\/\/veritasinfo.org\/index.php?rest_route=\/wp\/v2\/posts\/7969\/revisions"}],"predecessor-version":[{"id":7975,"href":"https:\/\/veritasinfo.org\/index.php?rest_route=\/wp\/v2\/posts\/7969\/revisions\/7975"}],"wp:featuredmedia":[{"embeddable":true,"href":"https:\/\/veritasinfo.org\/index.php?rest_route=\/wp\/v2\/media\/7974"}],"wp:attachment":[{"href":"https:\/\/veritasinfo.org\/index.php?rest_route=%2Fwp%2Fv2%2Fmedia&parent=7969"}],"wp:term":[{"taxonomy":"category","embeddable":true,"href":"https:\/\/veritasinfo.org\/index.php?rest_route=%2Fwp%2Fv2%2Fcategories&post=7969"},{"taxonomy":"post_tag","embeddable":true,"href":"https:\/\/veritasinfo.org\/index.php?rest_route=%2Fwp%2Fv2%2Ftags&post=7969"}],"curies":[{"name":"wp","href":"https:\/\/api.w.org\/{rel}","templated":true}]}}