{"id":7965,"date":"2025-08-14T08:32:19","date_gmt":"2025-08-14T06:32:19","guid":{"rendered":"https:\/\/veritasinfo.org\/?p=7965"},"modified":"2025-08-14T11:56:41","modified_gmt":"2025-08-14T09:56:41","slug":"pdk-hyn-ne-garen-zgjedhore-me-33-kandidate-per-kryetare-komunash-dhe-878-kandidate-per-asamble-komunale","status":"publish","type":"post","link":"https:\/\/veritasinfo.org\/?p=7965","title":{"rendered":"PDK hyn n\u00eb gar\u00ebn zgjedhore me 33 kandidat\u00eb p\u00ebr kryetar\u00eb komunash dhe 878 kandidat\u00eb p\u00ebr asamble komunale"},"content":{"rendered":"<p>Prishtin\u00eb, 14 gusht 2025<\/p>\n<p>Partia Demokratike e Kosov\u00ebs (PDK) i ka dor\u00ebzuar Komisionit Qendror t\u00eb Zgjedhjeve (KQZ) list\u00ebn p\u00ebrfundimtare t\u00eb kandidat\u00ebve p\u00ebr kryetar\u00eb komunash dhe asamble komunale, p\u00ebr zgjedhjet lokale q\u00eb do t\u00eb mbahen m\u00eb 12 tetor. N\u00eb k\u00ebt\u00eb list\u00eb p\u00ebrfshihen edhe kandidat\u00eb p\u00ebr komunat n\u00eb veri t\u00eb Kosov\u00ebs.<\/p>\n<p>PDK e ka dor\u00ebzuar dokumentacionin pak para skadimit t\u00eb afatit ligjor. N\u00eb list\u00ebn p\u00ebr kryetar\u00eb komunash jan\u00eb gjithsej 33 kandidat\u00eb, prej t\u00eb cil\u00ebve tre gra. Nj\u00ebkoh\u00ebsisht, partia do t\u00eb garoj\u00eb me 36 lista p\u00ebr asamble komunale, me gjithsej 878 kandidat\u00eb \u2013 555 burra (63%) dhe 323 gra (37%).<\/p>\n<p>Sipas njoftimit t\u00eb partis\u00eb, PDK n\u00eb Kllokot dhe Mamush\u00eb do t\u00eb marr\u00eb pjes\u00eb vet\u00ebm me list\u00eb p\u00ebr Asamblen\u00eb komunale, nd\u00ebrsa n\u00eb Gra\u00e7anic\u00eb do t\u00eb jet\u00eb pjes\u00eb e list\u00ebs s\u00eb p\u00ebrbashk\u00ebt t\u00eb t\u00eb gjitha partive shqiptare.<\/p>\n<p>Partia thekson se p\u00ebrqindja e grave n\u00eb lista e rendit at\u00eb nd\u00ebr partit\u00eb me \u201cp\u00ebrfaq\u00ebsimin m\u00eb dinjitoz t\u00eb grave n\u00eb nivel komb\u00ebtar\u201d, gj\u00eb q\u00eb, sipas saj, d\u00ebshmon p\u00ebrkushtimin ndaj barazis\u00eb gjinore dhe fuqizimit t\u00eb grave n\u00eb politik\u00eb.<\/p>\n<p>PDK u ka b\u00ebr\u00eb thirrje qytetar\u00ebve q\u00eb n\u00eb zgjedhje t\u00eb votojn\u00eb p\u00ebr \u201cvizionin, programin dhe kandidaturat q\u00eb garantojn\u00eb zhvillim, stabilitet dhe mir\u00ebqenie n\u00eb secil\u00ebn komun\u00eb\u201d.<\/p>\n","protected":false},"excerpt":{"rendered":"<p>Prishtin\u00eb, 14 gusht 2025 Partia Demokratike e Kosov\u00ebs (PDK) i ka dor\u00ebzuar Komisionit Qendror t\u00eb Zgjedhjeve (KQZ) list\u00ebn p\u00ebrfundimtare t\u00eb kandidat\u00ebve p\u00ebr kryetar\u00eb komunash dhe<\/p>\n","protected":false},"author":1,"featured_media":7963,"comment_status":"open","ping_status":"open","sticky":false,"template":"","format":"standard","meta":{"footnotes":""},"categories":[58],"tags":[],"class_list":["post-7965","post","type-post","status-publish","format-standard","has-post-thumbnail","hentry","category-politike-sq"],"yoast_head":"<!-- This site is optimized with the Yoast SEO plugin v25.3.1 - https:\/\/yoast.com\/wordpress\/plugins\/seo\/ -->\n<title>PDK hyn n\u00eb gar\u00ebn zgjedhore me 33 kandidat\u00eb p\u00ebr kryetar\u00eb komunash dhe 878 kandidat\u00eb p\u00ebr asamble komunale -<\/title>\n<meta name=\"robots\" content=\"index, follow, max-snippet:-1, max-image-preview:large, max-video-preview:-1\" \/>\n<link rel=\"canonical\" href=\"https:\/\/veritasinfo.org\/?p=7965\" \/>\n<meta property=\"og:locale\" content=\"en_US\" \/>\n<meta property=\"og:type\" content=\"article\" \/>\n<meta property=\"og:title\" content=\"PDK hyn n\u00eb gar\u00ebn zgjedhore me 33 kandidat\u00eb p\u00ebr kryetar\u00eb komunash dhe 878 kandidat\u00eb p\u00ebr asamble komunale -\" \/>\n<meta property=\"og:description\" content=\"Prishtin\u00eb, 14 gusht 2025 Partia Demokratike e Kosov\u00ebs (PDK) i ka dor\u00ebzuar Komisionit Qendror t\u00eb Zgjedhjeve (KQZ) list\u00ebn p\u00ebrfundimtare t\u00eb kandidat\u00ebve p\u00ebr kryetar\u00eb komunash dhe\" \/>\n<meta property=\"og:url\" content=\"https:\/\/veritasinfo.org\/?p=7965\" \/>\n<meta property=\"article:published_time\" content=\"2025-08-14T06:32:19+00:00\" \/>\n<meta property=\"article:modified_time\" content=\"2025-08-14T09:56:41+00:00\" \/>\n<meta property=\"og:image\" content=\"https:\/\/veritasinfo.org\/wp-content\/uploads\/2025\/08\/448249451_490267590019632_2949323596028344682_n-1536x1152-1.jpg\" \/>\n\t<meta property=\"og:image:width\" content=\"1536\" \/>\n\t<meta property=\"og:image:height\" content=\"1152\" \/>\n\t<meta property=\"og:image:type\" content=\"image\/jpeg\" \/>\n<meta name=\"author\" content=\"admin\" \/>\n<meta name=\"twitter:card\" content=\"summary_large_image\" \/>\n<meta name=\"twitter:label1\" content=\"Written by\" \/>\n\t<meta name=\"twitter:data1\" content=\"admin\" \/>\n\t<meta name=\"twitter:label2\" content=\"Est. reading time\" \/>\n\t<meta name=\"twitter:data2\" content=\"2 minutes\" \/>\n<script type=\"application\/ld+json\" class=\"yoast-schema-graph\">{\"@context\":\"https:\/\/schema.org\",\"@graph\":[{\"@type\":\"WebPage\",\"@id\":\"https:\/\/veritasinfo.org\/?p=7965\",\"url\":\"https:\/\/veritasinfo.org\/?p=7965\",\"name\":\"PDK hyn n\u00eb gar\u00ebn zgjedhore me 33 kandidat\u00eb p\u00ebr kryetar\u00eb komunash dhe 878 kandidat\u00eb p\u00ebr asamble komunale -\",\"isPartOf\":{\"@id\":\"https:\/\/veritasinfo.org\/#website\"},\"primaryImageOfPage\":{\"@id\":\"https:\/\/veritasinfo.org\/?p=7965#primaryimage\"},\"image\":{\"@id\":\"https:\/\/veritasinfo.org\/?p=7965#primaryimage\"},\"thumbnailUrl\":\"https:\/\/veritasinfo.org\/wp-content\/uploads\/2025\/08\/448249451_490267590019632_2949323596028344682_n-1536x1152-1.jpg\",\"datePublished\":\"2025-08-14T06:32:19+00:00\",\"dateModified\":\"2025-08-14T09:56:41+00:00\",\"author\":{\"@id\":\"https:\/\/veritasinfo.org\/#\/schema\/person\/7701f8c088bece422266b100a712374f\"},\"breadcrumb\":{\"@id\":\"https:\/\/veritasinfo.org\/?p=7965#breadcrumb\"},\"inLanguage\":\"en-US\",\"potentialAction\":[{\"@type\":\"ReadAction\",\"target\":[\"https:\/\/veritasinfo.org\/?p=7965\"]}]},{\"@type\":\"ImageObject\",\"inLanguage\":\"en-US\",\"@id\":\"https:\/\/veritasinfo.org\/?p=7965#primaryimage\",\"url\":\"https:\/\/veritasinfo.org\/wp-content\/uploads\/2025\/08\/448249451_490267590019632_2949323596028344682_n-1536x1152-1.jpg\",\"contentUrl\":\"https:\/\/veritasinfo.org\/wp-content\/uploads\/2025\/08\/448249451_490267590019632_2949323596028344682_n-1536x1152-1.jpg\",\"width\":1536,\"height\":1152},{\"@type\":\"BreadcrumbList\",\"@id\":\"https:\/\/veritasinfo.org\/?p=7965#breadcrumb\",\"itemListElement\":[{\"@type\":\"ListItem\",\"position\":1,\"name\":\"Home\",\"item\":\"https:\/\/veritasinfo.org\/\"},{\"@type\":\"ListItem\",\"position\":2,\"name\":\"PDK hyn n\u00eb gar\u00ebn zgjedhore me 33 kandidat\u00eb p\u00ebr kryetar\u00eb komunash dhe 878 kandidat\u00eb p\u00ebr asamble komunale\"}]},{\"@type\":\"WebSite\",\"@id\":\"https:\/\/veritasinfo.org\/#website\",\"url\":\"https:\/\/veritasinfo.org\/\",\"name\":\"\",\"description\":\"\",\"potentialAction\":[{\"@type\":\"SearchAction\",\"target\":{\"@type\":\"EntryPoint\",\"urlTemplate\":\"https:\/\/veritasinfo.org\/?s={search_term_string}\"},\"query-input\":{\"@type\":\"PropertyValueSpecification\",\"valueRequired\":true,\"valueName\":\"search_term_string\"}}],\"inLanguage\":\"en-US\"},{\"@type\":\"Person\",\"@id\":\"https:\/\/veritasinfo.org\/#\/schema\/person\/7701f8c088bece422266b100a712374f\",\"name\":\"admin\",\"image\":{\"@type\":\"ImageObject\",\"inLanguage\":\"en-US\",\"@id\":\"https:\/\/veritasinfo.org\/#\/schema\/person\/image\/\",\"url\":\"https:\/\/secure.gravatar.com\/avatar\/ea53aa3bf6c9a12d5fde8ce4deff43fef3885ae33cf60184161a50d6987cfd2f?s=96&d=mm&r=g\",\"contentUrl\":\"https:\/\/secure.gravatar.com\/avatar\/ea53aa3bf6c9a12d5fde8ce4deff43fef3885ae33cf60184161a50d6987cfd2f?s=96&d=mm&r=g\",\"caption\":\"admin\"},\"sameAs\":[\"https:\/\/veritasinfo.org\"],\"url\":\"https:\/\/veritasinfo.org\/?author=1\"}]}<\/script>\n<!-- \/ Yoast SEO plugin. -->","yoast_head_json":{"title":"PDK hyn n\u00eb gar\u00ebn zgjedhore me 33 kandidat\u00eb p\u00ebr kryetar\u00eb komunash dhe 878 kandidat\u00eb p\u00ebr asamble komunale -","robots":{"index":"index","follow":"follow","max-snippet":"max-snippet:-1","max-image-preview":"max-image-preview:large","max-video-preview":"max-video-preview:-1"},"canonical":"https:\/\/veritasinfo.org\/?p=7965","og_locale":"en_US","og_type":"article","og_title":"PDK hyn n\u00eb gar\u00ebn zgjedhore me 33 kandidat\u00eb p\u00ebr kryetar\u00eb komunash dhe 878 kandidat\u00eb p\u00ebr asamble komunale -","og_description":"Prishtin\u00eb, 14 gusht 2025 Partia Demokratike e Kosov\u00ebs (PDK) i ka dor\u00ebzuar Komisionit Qendror t\u00eb Zgjedhjeve (KQZ) list\u00ebn p\u00ebrfundimtare t\u00eb kandidat\u00ebve p\u00ebr kryetar\u00eb komunash dhe","og_url":"https:\/\/veritasinfo.org\/?p=7965","article_published_time":"2025-08-14T06:32:19+00:00","article_modified_time":"2025-08-14T09:56:41+00:00","og_image":[{"width":1536,"height":1152,"url":"https:\/\/veritasinfo.org\/wp-content\/uploads\/2025\/08\/448249451_490267590019632_2949323596028344682_n-1536x1152-1.jpg","type":"image\/jpeg"}],"author":"admin","twitter_card":"summary_large_image","twitter_misc":{"Written by":"admin","Est. reading time":"2 minutes"},"schema":{"@context":"https:\/\/schema.org","@graph":[{"@type":"WebPage","@id":"https:\/\/veritasinfo.org\/?p=7965","url":"https:\/\/veritasinfo.org\/?p=7965","name":"PDK hyn n\u00eb gar\u00ebn zgjedhore me 33 kandidat\u00eb p\u00ebr kryetar\u00eb komunash dhe 878 kandidat\u00eb p\u00ebr asamble komunale -","isPartOf":{"@id":"https:\/\/veritasinfo.org\/#website"},"primaryImageOfPage":{"@id":"https:\/\/veritasinfo.org\/?p=7965#primaryimage"},"image":{"@id":"https:\/\/veritasinfo.org\/?p=7965#primaryimage"},"thumbnailUrl":"https:\/\/veritasinfo.org\/wp-content\/uploads\/2025\/08\/448249451_490267590019632_2949323596028344682_n-1536x1152-1.jpg","datePublished":"2025-08-14T06:32:19+00:00","dateModified":"2025-08-14T09:56:41+00:00","author":{"@id":"https:\/\/veritasinfo.org\/#\/schema\/person\/7701f8c088bece422266b100a712374f"},"breadcrumb":{"@id":"https:\/\/veritasinfo.org\/?p=7965#breadcrumb"},"inLanguage":"en-US","potentialAction":[{"@type":"ReadAction","target":["https:\/\/veritasinfo.org\/?p=7965"]}]},{"@type":"ImageObject","inLanguage":"en-US","@id":"https:\/\/veritasinfo.org\/?p=7965#primaryimage","url":"https:\/\/veritasinfo.org\/wp-content\/uploads\/2025\/08\/448249451_490267590019632_2949323596028344682_n-1536x1152-1.jpg","contentUrl":"https:\/\/veritasinfo.org\/wp-content\/uploads\/2025\/08\/448249451_490267590019632_2949323596028344682_n-1536x1152-1.jpg","width":1536,"height":1152},{"@type":"BreadcrumbList","@id":"https:\/\/veritasinfo.org\/?p=7965#breadcrumb","itemListElement":[{"@type":"ListItem","position":1,"name":"Home","item":"https:\/\/veritasinfo.org\/"},{"@type":"ListItem","position":2,"name":"PDK hyn n\u00eb gar\u00ebn zgjedhore me 33 kandidat\u00eb p\u00ebr kryetar\u00eb komunash dhe 878 kandidat\u00eb p\u00ebr asamble komunale"}]},{"@type":"WebSite","@id":"https:\/\/veritasinfo.org\/#website","url":"https:\/\/veritasinfo.org\/","name":"","description":"","potentialAction":[{"@type":"SearchAction","target":{"@type":"EntryPoint","urlTemplate":"https:\/\/veritasinfo.org\/?s={search_term_string}"},"query-input":{"@type":"PropertyValueSpecification","valueRequired":true,"valueName":"search_term_string"}}],"inLanguage":"en-US"},{"@type":"Person","@id":"https:\/\/veritasinfo.org\/#\/schema\/person\/7701f8c088bece422266b100a712374f","name":"admin","image":{"@type":"ImageObject","inLanguage":"en-US","@id":"https:\/\/veritasinfo.org\/#\/schema\/person\/image\/","url":"https:\/\/secure.gravatar.com\/avatar\/ea53aa3bf6c9a12d5fde8ce4deff43fef3885ae33cf60184161a50d6987cfd2f?s=96&d=mm&r=g","contentUrl":"https:\/\/secure.gravatar.com\/avatar\/ea53aa3bf6c9a12d5fde8ce4deff43fef3885ae33cf60184161a50d6987cfd2f?s=96&d=mm&r=g","caption":"admin"},"sameAs":["https:\/\/veritasinfo.org"],"url":"https:\/\/veritasinfo.org\/?author=1"}]}},"featured_image_urls":{"full":["https:\/\/veritasinfo.org\/wp-content\/uploads\/2025\/08\/448249451_490267590019632_2949323596028344682_n-1536x1152-1.jpg",1536,1152,false],"thumbnail":["https:\/\/veritasinfo.org\/wp-content\/uploads\/2025\/08\/448249451_490267590019632_2949323596028344682_n-1536x1152-1-150x150.jpg",150,150,true],"medium":["https:\/\/veritasinfo.org\/wp-content\/uploads\/2025\/08\/448249451_490267590019632_2949323596028344682_n-1536x1152-1-300x225.jpg",300,225,true],"medium_large":["https:\/\/veritasinfo.org\/wp-content\/uploads\/2025\/08\/448249451_490267590019632_2949323596028344682_n-1536x1152-1-768x576.jpg",640,480,true],"large":["https:\/\/veritasinfo.org\/wp-content\/uploads\/2025\/08\/448249451_490267590019632_2949323596028344682_n-1536x1152-1-1024x768.jpg",640,480,true],"1536x1536":["https:\/\/veritasinfo.org\/wp-content\/uploads\/2025\/08\/448249451_490267590019632_2949323596028344682_n-1536x1152-1.jpg",1536,1152,false],"2048x2048":["https:\/\/veritasinfo.org\/wp-content\/uploads\/2025\/08\/448249451_490267590019632_2949323596028344682_n-1536x1152-1.jpg",1536,1152,false],"kreeti-slider-full":["https:\/\/veritasinfo.org\/wp-content\/uploads\/2025\/08\/448249451_490267590019632_2949323596028344682_n-1536x1152-1.jpg",960,720,false],"kreeti-featured":["https:\/\/veritasinfo.org\/wp-content\/uploads\/2025\/08\/448249451_490267590019632_2949323596028344682_n-1536x1152-1.jpg",1024,768,false],"kreeti-medium":["https:\/\/veritasinfo.org\/wp-content\/uploads\/2025\/08\/448249451_490267590019632_2949323596028344682_n-1536x1152-1.jpg",707,530,false],"kreeti-medium-square":["https:\/\/veritasinfo.org\/wp-content\/uploads\/2025\/08\/448249451_490267590019632_2949323596028344682_n-1536x1152-1.jpg",350,263,false]},"author_info":{"info":["admin"]},"category_info":"<a href=\"https:\/\/veritasinfo.org\/?cat=58\" rel=\"category\">Politik\u00eb<\/a>","tag_info":"Politik\u00eb","comment_count":"0","_links":{"self":[{"href":"https:\/\/veritasinfo.org\/index.php?rest_route=\/wp\/v2\/posts\/7965","targetHints":{"allow":["GET"]}}],"collection":[{"href":"https:\/\/veritasinfo.org\/index.php?rest_route=\/wp\/v2\/posts"}],"about":[{"href":"https:\/\/veritasinfo.org\/index.php?rest_route=\/wp\/v2\/types\/post"}],"author":[{"embeddable":true,"href":"https:\/\/veritasinfo.org\/index.php?rest_route=\/wp\/v2\/users\/1"}],"replies":[{"embeddable":true,"href":"https:\/\/veritasinfo.org\/index.php?rest_route=%2Fwp%2Fv2%2Fcomments&post=7965"}],"version-history":[{"count":2,"href":"https:\/\/veritasinfo.org\/index.php?rest_route=\/wp\/v2\/posts\/7965\/revisions"}],"predecessor-version":[{"id":7993,"href":"https:\/\/veritasinfo.org\/index.php?rest_route=\/wp\/v2\/posts\/7965\/revisions\/7993"}],"wp:featuredmedia":[{"embeddable":true,"href":"https:\/\/veritasinfo.org\/index.php?rest_route=\/wp\/v2\/media\/7963"}],"wp:attachment":[{"href":"https:\/\/veritasinfo.org\/index.php?rest_route=%2Fwp%2Fv2%2Fmedia&parent=7965"}],"wp:term":[{"taxonomy":"category","embeddable":true,"href":"https:\/\/veritasinfo.org\/index.php?rest_route=%2Fwp%2Fv2%2Fcategories&post=7965"},{"taxonomy":"post_tag","embeddable":true,"href":"https:\/\/veritasinfo.org\/index.php?rest_route=%2Fwp%2Fv2%2Ftags&post=7965"}],"curies":[{"name":"wp","href":"https:\/\/api.w.org\/{rel}","templated":true}]}}