{"id":7951,"date":"2025-08-14T08:18:15","date_gmt":"2025-08-14T06:18:15","guid":{"rendered":"https:\/\/veritasinfo.org\/?p=7951"},"modified":"2025-08-14T08:19:10","modified_gmt":"2025-08-14T06:19:10","slug":"kater-nga-pese-autore-te-vrasjeve-te-fundit-ne-kosove-ende-ne-arrati-lugina-dyshohet-si-strehe","status":"publish","type":"post","link":"https:\/\/veritasinfo.org\/?p=7951","title":{"rendered":"Kat\u00ebr nga pes\u00eb autor\u00eb t\u00eb vrasjeve t\u00eb fundit n\u00eb Kosov\u00eb ende n\u00eb arrati \u2013 Lugina dyshohet si streh\u00eb"},"content":{"rendered":"<p>14 gusht, 2025<\/p>\n<p>Nga pes\u00eb vrasjet e fundit t\u00eb regjistruara n\u00eb Kosov\u00eb, kat\u00ebr t\u00eb dyshuar ende nuk jan\u00eb kapur nga Policia e Kosov\u00ebs. Mes tyre jan\u00eb Mefail Shkodra dhe djemt\u00eb e tij, Edonisi e Engjulli, t\u00eb dyshuar p\u00ebr vrasjen e trefisht\u00eb n\u00eb Gjilan, si dhe Xhemail Nuhiu, i k\u00ebrkuar p\u00ebr nj\u00eb vrasje n\u00eb Hajvali.<\/p>\n<p>Sipas ekspertit t\u00eb siguris\u00eb, Avni Islami, nj\u00eb nga arsyet kryesore pse k\u00ebta persona ende jan\u00eb n\u00eb arrati \u00ebsht\u00eb mund\u00ebsia e ikjes n\u00eb Serbi, ve\u00e7an\u00ebrisht n\u00eb komunat shqiptare n\u00eb Lugin\u00eb, ku, p\u00ebr shkak t\u00eb munges\u00ebs s\u00eb bashk\u00ebpunimit mes dy shteteve, nuk ndodhin ndjekje penale nga autoritetet serbe p\u00ebr shtetasit kosovar\u00eb.<\/p>\n<p>Kufiri me Serbin\u00eb dhe pikat e kontrollit<br \/>\nDepartamenti i Kufirit i Policis\u00eb s\u00eb Kosov\u00ebs njofton se aktualisht jan\u00eb 16 pika t\u00eb kalimit kufitar dhe 12 stacione policore p\u00ebrgjegj\u00ebse p\u00ebr mbik\u00ebqyrjen e kufirit, nga t\u00eb cilat 6 pika lidhin Kosov\u00ebn me Serbin\u00eb.<\/p>\n<p>Pikat kryesore t\u00eb kalimit n\u00eb drejtim t\u00eb Serbis\u00eb n\u00ebn kontrollin e Drejtoris\u00eb Rajonale Kufitare \u201cVeriu\u201d n\u00eb Lluzhan jan\u00eb:<\/p>\n<p>Merdare<\/p>\n<p>Jarinje<\/p>\n<p>Bernjak<\/p>\n<p>Mutivod\u00eb<\/p>\n<p>Nd\u00ebrkoh\u00eb, stacionet policore p\u00ebr mbik\u00ebqyrje p\u00ebrfshijn\u00eb Keqekoll\u00ebn, K\u00ebrpimehin, Leposaviqin dhe Zubin Potokun.<\/p>\n<p>Drejtoria Rajonale Kufitare \u201cLindje\u201d n\u00eb Ka\u00e7anik mbik\u00ebqyr dy pika kalimi q\u00eb lidhin Kosov\u00ebn me Preshev\u00ebn dhe Bujanocin:<\/p>\n<p>Mu\u00e7ibaba<\/p>\n<p>Dheu i Bardh\u00eb<\/p>\n<p>Modeli i policimit<br \/>\nPolicia e Kosov\u00ebs thekson se n\u00eb k\u00ebto pika kufitare zbatohet nj\u00eb model policimi i bazuar n\u00eb v\u00ebzhgim, identifikim dhe reagim, duke u mb\u00ebshtetur n\u00eb informata inteligjente mbi l\u00ebvizjet kriminale dhe analiz\u00ebn e rrezikut. Ky model, sipas Policis\u00eb, \u00ebsht\u00eb p\u00ebrzgjedhur p\u00ebr t\u00eb p\u00ebrmir\u00ebsuar cil\u00ebsin\u00eb e sh\u00ebrbimit dhe p\u00ebr t\u00eb reflektuar praktikat m\u00eb t\u00eb mira t\u00eb vendeve t\u00eb Bashk\u00ebsis\u00eb Evropiane.<\/p>\n<p>Pikat kufitare t\u00eb pa hapura<br \/>\nMes Kosov\u00ebs dhe Serbis\u00eb ekzistojn\u00eb edhe pika kufitare q\u00eb ende nuk jan\u00eb funksionale p\u00ebr kalim. Nj\u00eb prej tyre \u00ebsht\u00eb pika n\u00eb \u201cKAPI\u201d, q\u00eb lidh Kamenic\u00ebn me Medvegj\u00ebn. Lidhur me k\u00ebt\u00eb \u00e7\u00ebshtje, televizioni ka kontaktuar Ministrin\u00eb e Pun\u00ebve t\u00eb Brendshme, por nuk ka marr\u00eb p\u00ebrgjigje.<\/p>\n","protected":false},"excerpt":{"rendered":"<p>14 gusht, 2025 Nga pes\u00eb vrasjet e fundit t\u00eb regjistruara n\u00eb Kosov\u00eb, kat\u00ebr t\u00eb dyshuar ende nuk jan\u00eb kapur nga Policia e Kosov\u00ebs. Mes tyre<\/p>\n","protected":false},"author":1,"featured_media":7953,"comment_status":"open","ping_status":"open","sticky":false,"template":"","format":"standard","meta":{"footnotes":""},"categories":[60],"tags":[],"class_list":["post-7951","post","type-post","status-publish","format-standard","has-post-thumbnail","hentry","category-shoqerore-sq"],"yoast_head":"<!-- This site is optimized with the Yoast SEO plugin v25.3.1 - https:\/\/yoast.com\/wordpress\/plugins\/seo\/ -->\n<title>Kat\u00ebr nga pes\u00eb autor\u00eb t\u00eb vrasjeve t\u00eb fundit n\u00eb Kosov\u00eb ende n\u00eb arrati \u2013 Lugina dyshohet si streh\u00eb -<\/title>\n<meta name=\"robots\" content=\"index, follow, max-snippet:-1, max-image-preview:large, max-video-preview:-1\" \/>\n<link rel=\"canonical\" href=\"https:\/\/veritasinfo.org\/?p=7951\" \/>\n<meta property=\"og:locale\" content=\"en_US\" \/>\n<meta property=\"og:type\" content=\"article\" \/>\n<meta property=\"og:title\" content=\"Kat\u00ebr nga pes\u00eb autor\u00eb t\u00eb vrasjeve t\u00eb fundit n\u00eb Kosov\u00eb ende n\u00eb arrati \u2013 Lugina dyshohet si streh\u00eb -\" \/>\n<meta property=\"og:description\" content=\"14 gusht, 2025 Nga pes\u00eb vrasjet e fundit t\u00eb regjistruara n\u00eb Kosov\u00eb, kat\u00ebr t\u00eb dyshuar ende nuk jan\u00eb kapur nga Policia e Kosov\u00ebs. Mes tyre\" \/>\n<meta property=\"og:url\" content=\"https:\/\/veritasinfo.org\/?p=7951\" \/>\n<meta property=\"article:published_time\" content=\"2025-08-14T06:18:15+00:00\" \/>\n<meta property=\"article:modified_time\" content=\"2025-08-14T06:19:10+00:00\" \/>\n<meta property=\"og:image\" content=\"https:\/\/veritasinfo.org\/wp-content\/uploads\/2025\/08\/vrasjet-kosove.jpeg\" \/>\n\t<meta property=\"og:image:width\" content=\"1012\" \/>\n\t<meta property=\"og:image:height\" content=\"586\" \/>\n\t<meta property=\"og:image:type\" content=\"image\/jpeg\" \/>\n<meta name=\"author\" content=\"admin\" \/>\n<meta name=\"twitter:card\" content=\"summary_large_image\" \/>\n<meta name=\"twitter:label1\" content=\"Written by\" \/>\n\t<meta name=\"twitter:data1\" content=\"admin\" \/>\n\t<meta name=\"twitter:label2\" content=\"Est. reading time\" \/>\n\t<meta name=\"twitter:data2\" content=\"2 minutes\" \/>\n<script type=\"application\/ld+json\" class=\"yoast-schema-graph\">{\"@context\":\"https:\/\/schema.org\",\"@graph\":[{\"@type\":\"WebPage\",\"@id\":\"https:\/\/veritasinfo.org\/?p=7951\",\"url\":\"https:\/\/veritasinfo.org\/?p=7951\",\"name\":\"Kat\u00ebr nga pes\u00eb autor\u00eb t\u00eb vrasjeve t\u00eb fundit n\u00eb Kosov\u00eb ende n\u00eb arrati \u2013 Lugina dyshohet si streh\u00eb -\",\"isPartOf\":{\"@id\":\"https:\/\/veritasinfo.org\/#website\"},\"primaryImageOfPage\":{\"@id\":\"https:\/\/veritasinfo.org\/?p=7951#primaryimage\"},\"image\":{\"@id\":\"https:\/\/veritasinfo.org\/?p=7951#primaryimage\"},\"thumbnailUrl\":\"https:\/\/veritasinfo.org\/wp-content\/uploads\/2025\/08\/vrasjet-kosove.jpeg\",\"datePublished\":\"2025-08-14T06:18:15+00:00\",\"dateModified\":\"2025-08-14T06:19:10+00:00\",\"author\":{\"@id\":\"https:\/\/veritasinfo.org\/#\/schema\/person\/7701f8c088bece422266b100a712374f\"},\"breadcrumb\":{\"@id\":\"https:\/\/veritasinfo.org\/?p=7951#breadcrumb\"},\"inLanguage\":\"en-US\",\"potentialAction\":[{\"@type\":\"ReadAction\",\"target\":[\"https:\/\/veritasinfo.org\/?p=7951\"]}]},{\"@type\":\"ImageObject\",\"inLanguage\":\"en-US\",\"@id\":\"https:\/\/veritasinfo.org\/?p=7951#primaryimage\",\"url\":\"https:\/\/veritasinfo.org\/wp-content\/uploads\/2025\/08\/vrasjet-kosove.jpeg\",\"contentUrl\":\"https:\/\/veritasinfo.org\/wp-content\/uploads\/2025\/08\/vrasjet-kosove.jpeg\",\"width\":1012,\"height\":586},{\"@type\":\"BreadcrumbList\",\"@id\":\"https:\/\/veritasinfo.org\/?p=7951#breadcrumb\",\"itemListElement\":[{\"@type\":\"ListItem\",\"position\":1,\"name\":\"Home\",\"item\":\"https:\/\/veritasinfo.org\/\"},{\"@type\":\"ListItem\",\"position\":2,\"name\":\"Kat\u00ebr nga pes\u00eb autor\u00eb t\u00eb vrasjeve t\u00eb fundit n\u00eb Kosov\u00eb ende n\u00eb arrati \u2013 Lugina dyshohet si streh\u00eb\"}]},{\"@type\":\"WebSite\",\"@id\":\"https:\/\/veritasinfo.org\/#website\",\"url\":\"https:\/\/veritasinfo.org\/\",\"name\":\"\",\"description\":\"\",\"potentialAction\":[{\"@type\":\"SearchAction\",\"target\":{\"@type\":\"EntryPoint\",\"urlTemplate\":\"https:\/\/veritasinfo.org\/?s={search_term_string}\"},\"query-input\":{\"@type\":\"PropertyValueSpecification\",\"valueRequired\":true,\"valueName\":\"search_term_string\"}}],\"inLanguage\":\"en-US\"},{\"@type\":\"Person\",\"@id\":\"https:\/\/veritasinfo.org\/#\/schema\/person\/7701f8c088bece422266b100a712374f\",\"name\":\"admin\",\"image\":{\"@type\":\"ImageObject\",\"inLanguage\":\"en-US\",\"@id\":\"https:\/\/veritasinfo.org\/#\/schema\/person\/image\/\",\"url\":\"https:\/\/secure.gravatar.com\/avatar\/ea53aa3bf6c9a12d5fde8ce4deff43fef3885ae33cf60184161a50d6987cfd2f?s=96&d=mm&r=g\",\"contentUrl\":\"https:\/\/secure.gravatar.com\/avatar\/ea53aa3bf6c9a12d5fde8ce4deff43fef3885ae33cf60184161a50d6987cfd2f?s=96&d=mm&r=g\",\"caption\":\"admin\"},\"sameAs\":[\"https:\/\/veritasinfo.org\"],\"url\":\"https:\/\/veritasinfo.org\/?author=1\"}]}<\/script>\n<!-- \/ Yoast SEO plugin. -->","yoast_head_json":{"title":"Kat\u00ebr nga pes\u00eb autor\u00eb t\u00eb vrasjeve t\u00eb fundit n\u00eb Kosov\u00eb ende n\u00eb arrati \u2013 Lugina dyshohet si streh\u00eb -","robots":{"index":"index","follow":"follow","max-snippet":"max-snippet:-1","max-image-preview":"max-image-preview:large","max-video-preview":"max-video-preview:-1"},"canonical":"https:\/\/veritasinfo.org\/?p=7951","og_locale":"en_US","og_type":"article","og_title":"Kat\u00ebr nga pes\u00eb autor\u00eb t\u00eb vrasjeve t\u00eb fundit n\u00eb Kosov\u00eb ende n\u00eb arrati \u2013 Lugina dyshohet si streh\u00eb -","og_description":"14 gusht, 2025 Nga pes\u00eb vrasjet e fundit t\u00eb regjistruara n\u00eb Kosov\u00eb, kat\u00ebr t\u00eb dyshuar ende nuk jan\u00eb kapur nga Policia e Kosov\u00ebs. Mes tyre","og_url":"https:\/\/veritasinfo.org\/?p=7951","article_published_time":"2025-08-14T06:18:15+00:00","article_modified_time":"2025-08-14T06:19:10+00:00","og_image":[{"width":1012,"height":586,"url":"https:\/\/veritasinfo.org\/wp-content\/uploads\/2025\/08\/vrasjet-kosove.jpeg","type":"image\/jpeg"}],"author":"admin","twitter_card":"summary_large_image","twitter_misc":{"Written by":"admin","Est. reading time":"2 minutes"},"schema":{"@context":"https:\/\/schema.org","@graph":[{"@type":"WebPage","@id":"https:\/\/veritasinfo.org\/?p=7951","url":"https:\/\/veritasinfo.org\/?p=7951","name":"Kat\u00ebr nga pes\u00eb autor\u00eb t\u00eb vrasjeve t\u00eb fundit n\u00eb Kosov\u00eb ende n\u00eb arrati \u2013 Lugina dyshohet si streh\u00eb -","isPartOf":{"@id":"https:\/\/veritasinfo.org\/#website"},"primaryImageOfPage":{"@id":"https:\/\/veritasinfo.org\/?p=7951#primaryimage"},"image":{"@id":"https:\/\/veritasinfo.org\/?p=7951#primaryimage"},"thumbnailUrl":"https:\/\/veritasinfo.org\/wp-content\/uploads\/2025\/08\/vrasjet-kosove.jpeg","datePublished":"2025-08-14T06:18:15+00:00","dateModified":"2025-08-14T06:19:10+00:00","author":{"@id":"https:\/\/veritasinfo.org\/#\/schema\/person\/7701f8c088bece422266b100a712374f"},"breadcrumb":{"@id":"https:\/\/veritasinfo.org\/?p=7951#breadcrumb"},"inLanguage":"en-US","potentialAction":[{"@type":"ReadAction","target":["https:\/\/veritasinfo.org\/?p=7951"]}]},{"@type":"ImageObject","inLanguage":"en-US","@id":"https:\/\/veritasinfo.org\/?p=7951#primaryimage","url":"https:\/\/veritasinfo.org\/wp-content\/uploads\/2025\/08\/vrasjet-kosove.jpeg","contentUrl":"https:\/\/veritasinfo.org\/wp-content\/uploads\/2025\/08\/vrasjet-kosove.jpeg","width":1012,"height":586},{"@type":"BreadcrumbList","@id":"https:\/\/veritasinfo.org\/?p=7951#breadcrumb","itemListElement":[{"@type":"ListItem","position":1,"name":"Home","item":"https:\/\/veritasinfo.org\/"},{"@type":"ListItem","position":2,"name":"Kat\u00ebr nga pes\u00eb autor\u00eb t\u00eb vrasjeve t\u00eb fundit n\u00eb Kosov\u00eb ende n\u00eb arrati \u2013 Lugina dyshohet si streh\u00eb"}]},{"@type":"WebSite","@id":"https:\/\/veritasinfo.org\/#website","url":"https:\/\/veritasinfo.org\/","name":"","description":"","potentialAction":[{"@type":"SearchAction","target":{"@type":"EntryPoint","urlTemplate":"https:\/\/veritasinfo.org\/?s={search_term_string}"},"query-input":{"@type":"PropertyValueSpecification","valueRequired":true,"valueName":"search_term_string"}}],"inLanguage":"en-US"},{"@type":"Person","@id":"https:\/\/veritasinfo.org\/#\/schema\/person\/7701f8c088bece422266b100a712374f","name":"admin","image":{"@type":"ImageObject","inLanguage":"en-US","@id":"https:\/\/veritasinfo.org\/#\/schema\/person\/image\/","url":"https:\/\/secure.gravatar.com\/avatar\/ea53aa3bf6c9a12d5fde8ce4deff43fef3885ae33cf60184161a50d6987cfd2f?s=96&d=mm&r=g","contentUrl":"https:\/\/secure.gravatar.com\/avatar\/ea53aa3bf6c9a12d5fde8ce4deff43fef3885ae33cf60184161a50d6987cfd2f?s=96&d=mm&r=g","caption":"admin"},"sameAs":["https:\/\/veritasinfo.org"],"url":"https:\/\/veritasinfo.org\/?author=1"}]}},"featured_image_urls":{"full":["https:\/\/veritasinfo.org\/wp-content\/uploads\/2025\/08\/vrasjet-kosove.jpeg",1012,586,false],"thumbnail":["https:\/\/veritasinfo.org\/wp-content\/uploads\/2025\/08\/vrasjet-kosove-150x150.jpeg",150,150,true],"medium":["https:\/\/veritasinfo.org\/wp-content\/uploads\/2025\/08\/vrasjet-kosove-300x174.jpeg",300,174,true],"medium_large":["https:\/\/veritasinfo.org\/wp-content\/uploads\/2025\/08\/vrasjet-kosove-768x445.jpeg",640,371,true],"large":["https:\/\/veritasinfo.org\/wp-content\/uploads\/2025\/08\/vrasjet-kosove.jpeg",640,371,false],"1536x1536":["https:\/\/veritasinfo.org\/wp-content\/uploads\/2025\/08\/vrasjet-kosove.jpeg",1012,586,false],"2048x2048":["https:\/\/veritasinfo.org\/wp-content\/uploads\/2025\/08\/vrasjet-kosove.jpeg",1012,586,false],"kreeti-slider-full":["https:\/\/veritasinfo.org\/wp-content\/uploads\/2025\/08\/vrasjet-kosove.jpeg",1012,586,false],"kreeti-featured":["https:\/\/veritasinfo.org\/wp-content\/uploads\/2025\/08\/vrasjet-kosove.jpeg",1012,586,false],"kreeti-medium":["https:\/\/veritasinfo.org\/wp-content\/uploads\/2025\/08\/vrasjet-kosove.jpeg",720,417,false],"kreeti-medium-square":["https:\/\/veritasinfo.org\/wp-content\/uploads\/2025\/08\/vrasjet-kosove.jpeg",350,203,false]},"author_info":{"info":["admin"]},"category_info":"<a href=\"https:\/\/veritasinfo.org\/?cat=60\" rel=\"category\">Shoq\u00ebrore<\/a>","tag_info":"Shoq\u00ebrore","comment_count":"0","_links":{"self":[{"href":"https:\/\/veritasinfo.org\/index.php?rest_route=\/wp\/v2\/posts\/7951","targetHints":{"allow":["GET"]}}],"collection":[{"href":"https:\/\/veritasinfo.org\/index.php?rest_route=\/wp\/v2\/posts"}],"about":[{"href":"https:\/\/veritasinfo.org\/index.php?rest_route=\/wp\/v2\/types\/post"}],"author":[{"embeddable":true,"href":"https:\/\/veritasinfo.org\/index.php?rest_route=\/wp\/v2\/users\/1"}],"replies":[{"embeddable":true,"href":"https:\/\/veritasinfo.org\/index.php?rest_route=%2Fwp%2Fv2%2Fcomments&post=7951"}],"version-history":[{"count":1,"href":"https:\/\/veritasinfo.org\/index.php?rest_route=\/wp\/v2\/posts\/7951\/revisions"}],"predecessor-version":[{"id":7954,"href":"https:\/\/veritasinfo.org\/index.php?rest_route=\/wp\/v2\/posts\/7951\/revisions\/7954"}],"wp:featuredmedia":[{"embeddable":true,"href":"https:\/\/veritasinfo.org\/index.php?rest_route=\/wp\/v2\/media\/7953"}],"wp:attachment":[{"href":"https:\/\/veritasinfo.org\/index.php?rest_route=%2Fwp%2Fv2%2Fmedia&parent=7951"}],"wp:term":[{"taxonomy":"category","embeddable":true,"href":"https:\/\/veritasinfo.org\/index.php?rest_route=%2Fwp%2Fv2%2Fcategories&post=7951"},{"taxonomy":"post_tag","embeddable":true,"href":"https:\/\/veritasinfo.org\/index.php?rest_route=%2Fwp%2Fv2%2Ftags&post=7951"}],"curies":[{"name":"wp","href":"https:\/\/api.w.org\/{rel}","templated":true}]}}