{"id":7938,"date":"2025-08-13T22:14:59","date_gmt":"2025-08-13T20:14:59","guid":{"rendered":"https:\/\/veritasinfo.org\/?p=7938"},"modified":"2025-08-13T22:14:59","modified_gmt":"2025-08-13T20:14:59","slug":"mbeshtetesit-e-vuciqit-sulmojne-me-fishekzjarre-qytetaret-protestues","status":"publish","type":"post","link":"https:\/\/veritasinfo.org\/?p=7938","title":{"rendered":"Mb\u00ebshtet\u00ebsit e Vu\u00e7iqit sulmojn\u00eb me fishekzjarr\u00eb qytetar\u00ebt protestues"},"content":{"rendered":"<p>Vrbas, 13 Gusht 2025<\/p>\n<p style=\"font-weight: 400;\"><span style=\"font-style: inherit; font-weight: inherit;\">Protesta jan\u00eb duke u mbajtur n\u00ebp\u00ebr Serbi t\u00eb m\u00ebrkur\u00ebn n\u00eb reagim t\u00eb incidenteve dhe veprimeve t\u00eb Policis\u00eb serbe n\u00eb tubimet e s\u00eb mart\u00ebs n\u00eb Vrbas dhe Ba\u00e7ka Palanka. N\u00eb shum\u00eb qytete, mb\u00ebshtet\u00ebsit e Partis\u00eb Progresive Serbe jan\u00eb mbledhur para zyrave t\u00eb tyre, derisa n\u00eb Novi Sad ata kan\u00eb p\u00ebrdorur fishekzjarr\u00eb me cak qytetar\u00ebt protestues.<\/span><\/p>\n<p style=\"font-weight: 400;\"><span style=\"font-style: inherit; font-weight: inherit;\">Presidenti serb, Aleksand\u00ebr Vu\u00e7iq, ka folur para zyrave t\u00eb partis\u00eb p\u00ebr t\u00eb fal\u00ebnderuar njer\u00ebzit q\u00eb ai ka pretenduar se k\u00ebt\u00eb mbr\u00ebmje kan\u00eb dal\u00eb n\u00eb mbrojtje para zyrave t\u00eb partis\u00eb, raportoi Danas.\u00a0<\/span><\/p>\n<p style=\"font-weight: 400;\"><span style=\"font-style: inherit; font-weight: inherit;\">N\u00eb Beograd, xhandarm\u00ebria ka vendosur shirita p\u00ebr t\u00eb ndaluar qytetar\u00ebt e student\u00ebt.<\/span><\/p>\n<p style=\"font-weight: 400;\"><span style=\"font-style: inherit; font-weight: inherit;\">T\u00eb mart\u00ebn p\u00ebrleshjet mes kund\u00ebrshtar\u00ebve dhe mb\u00ebshtet\u00ebsve t\u00eb Qeveris\u00eb sh\u00ebnuan nj\u00eb p\u00ebrshkall\u00ebzim t\u00eb tensioneve pas mbi n\u00ebnt\u00eb muajsh demonstratash t\u00eb vazhdueshme kund\u00ebr Vu\u00e7iqit.<\/span><\/p>\n<p style=\"font-weight: 400;\"><span style=\"font-style: inherit; font-weight: inherit;\">Mb\u00ebshtet\u00ebsit e Qeveris\u00eb hodh\u00ebn fishekzjarr\u00eb, gur\u00eb dhe shishe drejt protestuesve, e dhjet\u00ebra njer\u00ebz u l\u00ebnduan. Incidente t\u00eb ngjashme u raportuan n\u00eb disa qytete. <\/span>Protestat e udh\u00ebhequra nga student\u00ebt n\u00eb Serbi filluan p\u00ebr her\u00eb t\u00eb par\u00eb n\u00eb n\u00ebntor.<\/p>\n","protected":false},"excerpt":{"rendered":"<p>Vrbas, 13 Gusht 2025 Protesta jan\u00eb duke u mbajtur n\u00ebp\u00ebr Serbi t\u00eb m\u00ebrkur\u00ebn n\u00eb reagim t\u00eb incidenteve dhe veprimeve t\u00eb Policis\u00eb serbe n\u00eb tubimet e<\/p>\n","protected":false},"author":1,"featured_media":7939,"comment_status":"open","ping_status":"open","sticky":false,"template":"","format":"standard","meta":{"footnotes":""},"categories":[58],"tags":[],"class_list":["post-7938","post","type-post","status-publish","format-standard","has-post-thumbnail","hentry","category-politike-sq"],"yoast_head":"<!-- This site is optimized with the Yoast SEO plugin v25.3.1 - https:\/\/yoast.com\/wordpress\/plugins\/seo\/ -->\n<title>Mb\u00ebshtet\u00ebsit e Vu\u00e7iqit sulmojn\u00eb me fishekzjarr\u00eb qytetar\u00ebt protestues -<\/title>\n<meta name=\"robots\" content=\"index, follow, max-snippet:-1, max-image-preview:large, max-video-preview:-1\" \/>\n<link rel=\"canonical\" href=\"https:\/\/veritasinfo.org\/?p=7938\" \/>\n<meta property=\"og:locale\" content=\"en_US\" \/>\n<meta property=\"og:type\" content=\"article\" \/>\n<meta property=\"og:title\" content=\"Mb\u00ebshtet\u00ebsit e Vu\u00e7iqit sulmojn\u00eb me fishekzjarr\u00eb qytetar\u00ebt protestues -\" \/>\n<meta property=\"og:description\" content=\"Vrbas, 13 Gusht 2025 Protesta jan\u00eb duke u mbajtur n\u00ebp\u00ebr Serbi t\u00eb m\u00ebrkur\u00ebn n\u00eb reagim t\u00eb incidenteve dhe veprimeve t\u00eb Policis\u00eb serbe n\u00eb tubimet e\" \/>\n<meta property=\"og:url\" content=\"https:\/\/veritasinfo.org\/?p=7938\" \/>\n<meta property=\"article:published_time\" content=\"2025-08-13T20:14:59+00:00\" \/>\n<meta property=\"og:image\" content=\"https:\/\/veritasinfo.org\/wp-content\/uploads\/2025\/08\/IMG_2487.webp\" \/>\n\t<meta property=\"og:image:width\" content=\"1000\" \/>\n\t<meta property=\"og:image:height\" content=\"560\" \/>\n\t<meta property=\"og:image:type\" content=\"image\/webp\" \/>\n<meta name=\"author\" content=\"admin\" \/>\n<meta name=\"twitter:card\" content=\"summary_large_image\" \/>\n<meta name=\"twitter:label1\" content=\"Written by\" \/>\n\t<meta name=\"twitter:data1\" content=\"admin\" \/>\n\t<meta name=\"twitter:label2\" content=\"Est. reading time\" \/>\n\t<meta name=\"twitter:data2\" content=\"1 minute\" \/>\n<script type=\"application\/ld+json\" class=\"yoast-schema-graph\">{\"@context\":\"https:\/\/schema.org\",\"@graph\":[{\"@type\":\"WebPage\",\"@id\":\"https:\/\/veritasinfo.org\/?p=7938\",\"url\":\"https:\/\/veritasinfo.org\/?p=7938\",\"name\":\"Mb\u00ebshtet\u00ebsit e Vu\u00e7iqit sulmojn\u00eb me fishekzjarr\u00eb qytetar\u00ebt protestues -\",\"isPartOf\":{\"@id\":\"https:\/\/veritasinfo.org\/#website\"},\"primaryImageOfPage\":{\"@id\":\"https:\/\/veritasinfo.org\/?p=7938#primaryimage\"},\"image\":{\"@id\":\"https:\/\/veritasinfo.org\/?p=7938#primaryimage\"},\"thumbnailUrl\":\"https:\/\/veritasinfo.org\/wp-content\/uploads\/2025\/08\/IMG_2487.webp\",\"datePublished\":\"2025-08-13T20:14:59+00:00\",\"author\":{\"@id\":\"https:\/\/veritasinfo.org\/#\/schema\/person\/7701f8c088bece422266b100a712374f\"},\"breadcrumb\":{\"@id\":\"https:\/\/veritasinfo.org\/?p=7938#breadcrumb\"},\"inLanguage\":\"en-US\",\"potentialAction\":[{\"@type\":\"ReadAction\",\"target\":[\"https:\/\/veritasinfo.org\/?p=7938\"]}]},{\"@type\":\"ImageObject\",\"inLanguage\":\"en-US\",\"@id\":\"https:\/\/veritasinfo.org\/?p=7938#primaryimage\",\"url\":\"https:\/\/veritasinfo.org\/wp-content\/uploads\/2025\/08\/IMG_2487.webp\",\"contentUrl\":\"https:\/\/veritasinfo.org\/wp-content\/uploads\/2025\/08\/IMG_2487.webp\",\"width\":1000,\"height\":560},{\"@type\":\"BreadcrumbList\",\"@id\":\"https:\/\/veritasinfo.org\/?p=7938#breadcrumb\",\"itemListElement\":[{\"@type\":\"ListItem\",\"position\":1,\"name\":\"Home\",\"item\":\"https:\/\/veritasinfo.org\/\"},{\"@type\":\"ListItem\",\"position\":2,\"name\":\"Mb\u00ebshtet\u00ebsit e Vu\u00e7iqit sulmojn\u00eb me fishekzjarr\u00eb qytetar\u00ebt protestues\"}]},{\"@type\":\"WebSite\",\"@id\":\"https:\/\/veritasinfo.org\/#website\",\"url\":\"https:\/\/veritasinfo.org\/\",\"name\":\"\",\"description\":\"\",\"potentialAction\":[{\"@type\":\"SearchAction\",\"target\":{\"@type\":\"EntryPoint\",\"urlTemplate\":\"https:\/\/veritasinfo.org\/?s={search_term_string}\"},\"query-input\":{\"@type\":\"PropertyValueSpecification\",\"valueRequired\":true,\"valueName\":\"search_term_string\"}}],\"inLanguage\":\"en-US\"},{\"@type\":\"Person\",\"@id\":\"https:\/\/veritasinfo.org\/#\/schema\/person\/7701f8c088bece422266b100a712374f\",\"name\":\"admin\",\"image\":{\"@type\":\"ImageObject\",\"inLanguage\":\"en-US\",\"@id\":\"https:\/\/veritasinfo.org\/#\/schema\/person\/image\/\",\"url\":\"https:\/\/secure.gravatar.com\/avatar\/ea53aa3bf6c9a12d5fde8ce4deff43fef3885ae33cf60184161a50d6987cfd2f?s=96&d=mm&r=g\",\"contentUrl\":\"https:\/\/secure.gravatar.com\/avatar\/ea53aa3bf6c9a12d5fde8ce4deff43fef3885ae33cf60184161a50d6987cfd2f?s=96&d=mm&r=g\",\"caption\":\"admin\"},\"sameAs\":[\"https:\/\/veritasinfo.org\"],\"url\":\"https:\/\/veritasinfo.org\/?author=1\"}]}<\/script>\n<!-- \/ Yoast SEO plugin. -->","yoast_head_json":{"title":"Mb\u00ebshtet\u00ebsit e Vu\u00e7iqit sulmojn\u00eb me fishekzjarr\u00eb qytetar\u00ebt protestues -","robots":{"index":"index","follow":"follow","max-snippet":"max-snippet:-1","max-image-preview":"max-image-preview:large","max-video-preview":"max-video-preview:-1"},"canonical":"https:\/\/veritasinfo.org\/?p=7938","og_locale":"en_US","og_type":"article","og_title":"Mb\u00ebshtet\u00ebsit e Vu\u00e7iqit sulmojn\u00eb me fishekzjarr\u00eb qytetar\u00ebt protestues -","og_description":"Vrbas, 13 Gusht 2025 Protesta jan\u00eb duke u mbajtur n\u00ebp\u00ebr Serbi t\u00eb m\u00ebrkur\u00ebn n\u00eb reagim t\u00eb incidenteve dhe veprimeve t\u00eb Policis\u00eb serbe n\u00eb tubimet e","og_url":"https:\/\/veritasinfo.org\/?p=7938","article_published_time":"2025-08-13T20:14:59+00:00","og_image":[{"width":1000,"height":560,"url":"https:\/\/veritasinfo.org\/wp-content\/uploads\/2025\/08\/IMG_2487.webp","type":"image\/webp"}],"author":"admin","twitter_card":"summary_large_image","twitter_misc":{"Written by":"admin","Est. reading time":"1 minute"},"schema":{"@context":"https:\/\/schema.org","@graph":[{"@type":"WebPage","@id":"https:\/\/veritasinfo.org\/?p=7938","url":"https:\/\/veritasinfo.org\/?p=7938","name":"Mb\u00ebshtet\u00ebsit e Vu\u00e7iqit sulmojn\u00eb me fishekzjarr\u00eb qytetar\u00ebt protestues -","isPartOf":{"@id":"https:\/\/veritasinfo.org\/#website"},"primaryImageOfPage":{"@id":"https:\/\/veritasinfo.org\/?p=7938#primaryimage"},"image":{"@id":"https:\/\/veritasinfo.org\/?p=7938#primaryimage"},"thumbnailUrl":"https:\/\/veritasinfo.org\/wp-content\/uploads\/2025\/08\/IMG_2487.webp","datePublished":"2025-08-13T20:14:59+00:00","author":{"@id":"https:\/\/veritasinfo.org\/#\/schema\/person\/7701f8c088bece422266b100a712374f"},"breadcrumb":{"@id":"https:\/\/veritasinfo.org\/?p=7938#breadcrumb"},"inLanguage":"en-US","potentialAction":[{"@type":"ReadAction","target":["https:\/\/veritasinfo.org\/?p=7938"]}]},{"@type":"ImageObject","inLanguage":"en-US","@id":"https:\/\/veritasinfo.org\/?p=7938#primaryimage","url":"https:\/\/veritasinfo.org\/wp-content\/uploads\/2025\/08\/IMG_2487.webp","contentUrl":"https:\/\/veritasinfo.org\/wp-content\/uploads\/2025\/08\/IMG_2487.webp","width":1000,"height":560},{"@type":"BreadcrumbList","@id":"https:\/\/veritasinfo.org\/?p=7938#breadcrumb","itemListElement":[{"@type":"ListItem","position":1,"name":"Home","item":"https:\/\/veritasinfo.org\/"},{"@type":"ListItem","position":2,"name":"Mb\u00ebshtet\u00ebsit e Vu\u00e7iqit sulmojn\u00eb me fishekzjarr\u00eb qytetar\u00ebt protestues"}]},{"@type":"WebSite","@id":"https:\/\/veritasinfo.org\/#website","url":"https:\/\/veritasinfo.org\/","name":"","description":"","potentialAction":[{"@type":"SearchAction","target":{"@type":"EntryPoint","urlTemplate":"https:\/\/veritasinfo.org\/?s={search_term_string}"},"query-input":{"@type":"PropertyValueSpecification","valueRequired":true,"valueName":"search_term_string"}}],"inLanguage":"en-US"},{"@type":"Person","@id":"https:\/\/veritasinfo.org\/#\/schema\/person\/7701f8c088bece422266b100a712374f","name":"admin","image":{"@type":"ImageObject","inLanguage":"en-US","@id":"https:\/\/veritasinfo.org\/#\/schema\/person\/image\/","url":"https:\/\/secure.gravatar.com\/avatar\/ea53aa3bf6c9a12d5fde8ce4deff43fef3885ae33cf60184161a50d6987cfd2f?s=96&d=mm&r=g","contentUrl":"https:\/\/secure.gravatar.com\/avatar\/ea53aa3bf6c9a12d5fde8ce4deff43fef3885ae33cf60184161a50d6987cfd2f?s=96&d=mm&r=g","caption":"admin"},"sameAs":["https:\/\/veritasinfo.org"],"url":"https:\/\/veritasinfo.org\/?author=1"}]}},"featured_image_urls":{"full":["https:\/\/veritasinfo.org\/wp-content\/uploads\/2025\/08\/IMG_2487.webp",1000,560,false],"thumbnail":["https:\/\/veritasinfo.org\/wp-content\/uploads\/2025\/08\/IMG_2487-150x150.webp",150,150,true],"medium":["https:\/\/veritasinfo.org\/wp-content\/uploads\/2025\/08\/IMG_2487-300x168.webp",300,168,true],"medium_large":["https:\/\/veritasinfo.org\/wp-content\/uploads\/2025\/08\/IMG_2487-768x430.webp",640,358,true],"large":["https:\/\/veritasinfo.org\/wp-content\/uploads\/2025\/08\/IMG_2487.webp",640,358,false],"1536x1536":["https:\/\/veritasinfo.org\/wp-content\/uploads\/2025\/08\/IMG_2487.webp",1000,560,false],"2048x2048":["https:\/\/veritasinfo.org\/wp-content\/uploads\/2025\/08\/IMG_2487.webp",1000,560,false],"kreeti-slider-full":["https:\/\/veritasinfo.org\/wp-content\/uploads\/2025\/08\/IMG_2487.webp",1000,560,false],"kreeti-featured":["https:\/\/veritasinfo.org\/wp-content\/uploads\/2025\/08\/IMG_2487.webp",1000,560,false],"kreeti-medium":["https:\/\/veritasinfo.org\/wp-content\/uploads\/2025\/08\/IMG_2487.webp",720,403,false],"kreeti-medium-square":["https:\/\/veritasinfo.org\/wp-content\/uploads\/2025\/08\/IMG_2487.webp",350,196,false]},"author_info":{"info":["admin"]},"category_info":"<a href=\"https:\/\/veritasinfo.org\/?cat=58\" rel=\"category\">Politik\u00eb<\/a>","tag_info":"Politik\u00eb","comment_count":"0","_links":{"self":[{"href":"https:\/\/veritasinfo.org\/index.php?rest_route=\/wp\/v2\/posts\/7938","targetHints":{"allow":["GET"]}}],"collection":[{"href":"https:\/\/veritasinfo.org\/index.php?rest_route=\/wp\/v2\/posts"}],"about":[{"href":"https:\/\/veritasinfo.org\/index.php?rest_route=\/wp\/v2\/types\/post"}],"author":[{"embeddable":true,"href":"https:\/\/veritasinfo.org\/index.php?rest_route=\/wp\/v2\/users\/1"}],"replies":[{"embeddable":true,"href":"https:\/\/veritasinfo.org\/index.php?rest_route=%2Fwp%2Fv2%2Fcomments&post=7938"}],"version-history":[{"count":1,"href":"https:\/\/veritasinfo.org\/index.php?rest_route=\/wp\/v2\/posts\/7938\/revisions"}],"predecessor-version":[{"id":7940,"href":"https:\/\/veritasinfo.org\/index.php?rest_route=\/wp\/v2\/posts\/7938\/revisions\/7940"}],"wp:featuredmedia":[{"embeddable":true,"href":"https:\/\/veritasinfo.org\/index.php?rest_route=\/wp\/v2\/media\/7939"}],"wp:attachment":[{"href":"https:\/\/veritasinfo.org\/index.php?rest_route=%2Fwp%2Fv2%2Fmedia&parent=7938"}],"wp:term":[{"taxonomy":"category","embeddable":true,"href":"https:\/\/veritasinfo.org\/index.php?rest_route=%2Fwp%2Fv2%2Fcategories&post=7938"},{"taxonomy":"post_tag","embeddable":true,"href":"https:\/\/veritasinfo.org\/index.php?rest_route=%2Fwp%2Fv2%2Ftags&post=7938"}],"curies":[{"name":"wp","href":"https:\/\/api.w.org\/{rel}","templated":true}]}}