{"id":793,"date":"2025-06-17T08:20:32","date_gmt":"2025-06-17T06:20:32","guid":{"rendered":"https:\/\/veritasinfo.org\/?p=793"},"modified":"2025-06-17T08:20:32","modified_gmt":"2025-06-17T06:20:32","slug":"fhp-brojne-optuznice-i-sudjenja-u-odsustvu-na-kosovu-posledica-politike-srpskih-vlasti","status":"publish","type":"post","link":"https:\/\/veritasinfo.org\/?p=793&lang=sr","title":{"rendered":"FHP: Brojne optu\u017enice i su\u0111enja u odsustvu na Kosovu posledica politike srpskih vlasti"},"content":{"rendered":"<p><strong>Pri\u0161tina, 17 Jun, 2025<\/strong><\/p>\n<p>\u201eBrojne optu\u017enice i su\u0111enja u odsustvu na Kosovu posledica su politike srpskih vlasti\u201c, poru\u010dio je danas Fond za humanitarno pravo.<\/p>\n<p>FHP se oglasio danas, na dan po\u010detka su\u0111enja u odsustvu koje kosovski pravosudni organi vode protiv 53 pripadnika srpskih bezbednosnih snaga, a za ubistvo 370 albanskih civila 1999. godine.<\/p>\n<p>Prema podacima FHP, optu\u017eeni se terete za saizvr\u0161ila\u0161tvo u okviru udru\u017eenog zlo\u010dina\u010dkog poduhvata (UZP) tokom izvr\u0161enja operacije \u201eZla reka\u201c, u kojoj je u selima Meja, Korenica, Pacaj, Racaj, Nec, Dobro\u0161, Ramo\u010d i Bistra\u017ein ubijeno 370 albanskih civila.Fond za humanitarno pravo u ovom saop\u0161tenju isti\u010de da je za su\u0111enje u odsustvu u ovim slu\u010dajevima, za koje smatraju da je politi\u010dko, a ne pravno pitanje \u2013 posledica politike srpskih vlasti u ovim slu\u010dajevima.<\/p>\n<p>\u201eRelativizaciju ratnih zlo\u010dina na Kosovu; za\u0161tita visokorangiranih oficira VJ i MUP-a \u010dija je odgovornost utvr\u0111ena u postupcima protiv Slobodana Milo\u0161evic\u0301a, Neboj\u0161e Pavkovic\u0301a, Vladimira Lazarevic\u0301a, Dragoljuba Ojdanic\u0301a, Sretena Lukic\u0301a i Vlastimira \u0110or\u0111evic\u0301a; odbijanje saradnje sa kosovskim pravosu\u0111em; direktno politi\u010dko me\u0161anje u rad Tu\u017eila\u0161tva za ratne zlo\u010dine kroz zahteve da se prioritet da gonjenju zlo\u010dina nad Srbima, \u0161to je rezultiralo podizanjem optu\u017enica protiv Albanaca koji nisu dostupni srpskom pravosu\u0111u; i stvaranje politi\u010dke i dru\u0161tvene klime u kojoj me\u0111unarodne presude i utvr\u0111ene \u010dinjenice tuma\u010de osu\u0111eni ratni zlo\u010dinci\u201c.<\/p>\n<p>FHP smatra da srpsko Tu\u017eila\u0161tvo za ratne zlo\u010dine snosi institucionalnu odgovornost za nepostupanje po zakonu 2015. godine.<\/p>\n","protected":false},"excerpt":{"rendered":"<p>Pri\u0161tina, 17 Jun, 2025 \u201eBrojne optu\u017enice i su\u0111enja u odsustvu na Kosovu posledica su politike srpskih vlasti\u201c, poru\u010dio je danas Fond za humanitarno pravo. FHP<\/p>\n","protected":false},"author":2,"featured_media":791,"comment_status":"open","ping_status":"open","sticky":false,"template":"","format":"standard","meta":{"footnotes":""},"categories":[30],"tags":[],"class_list":["post-793","post","type-post","status-publish","format-standard","has-post-thumbnail","hentry","category-drustvo"],"yoast_head":"<!-- This site is optimized with the Yoast SEO plugin v25.3.1 - https:\/\/yoast.com\/wordpress\/plugins\/seo\/ -->\n<title>FHP: Brojne optu\u017enice i su\u0111enja u odsustvu na Kosovu posledica politike srpskih vlasti -<\/title>\n<meta name=\"robots\" content=\"index, follow, max-snippet:-1, max-image-preview:large, max-video-preview:-1\" \/>\n<link rel=\"canonical\" href=\"https:\/\/veritasinfo.org\/?p=793&lang=sr\" \/>\n<meta property=\"og:locale\" content=\"en_US\" \/>\n<meta property=\"og:type\" content=\"article\" \/>\n<meta property=\"og:title\" content=\"FHP: Brojne optu\u017enice i su\u0111enja u odsustvu na Kosovu posledica politike srpskih vlasti -\" \/>\n<meta property=\"og:description\" content=\"Pri\u0161tina, 17 Jun, 2025 \u201eBrojne optu\u017enice i su\u0111enja u odsustvu na Kosovu posledica su politike srpskih vlasti\u201c, poru\u010dio je danas Fond za humanitarno pravo. FHP\" \/>\n<meta property=\"og:url\" content=\"https:\/\/veritasinfo.org\/?p=793&amp;lang=sr\" \/>\n<meta property=\"article:published_time\" content=\"2025-06-17T06:20:32+00:00\" \/>\n<meta property=\"og:image\" content=\"https:\/\/veritasinfo.org\/wp-content\/uploads\/2025\/06\/fondi.png\" \/>\n\t<meta property=\"og:image:width\" content=\"1200\" \/>\n\t<meta property=\"og:image:height\" content=\"675\" \/>\n\t<meta property=\"og:image:type\" content=\"image\/png\" \/>\n<meta name=\"author\" content=\"US1\" \/>\n<meta name=\"twitter:card\" content=\"summary_large_image\" \/>\n<meta name=\"twitter:label1\" content=\"Written by\" \/>\n\t<meta name=\"twitter:data1\" content=\"US1\" \/>\n\t<meta name=\"twitter:label2\" content=\"Est. reading time\" \/>\n\t<meta name=\"twitter:data2\" content=\"2 minutes\" \/>\n<script type=\"application\/ld+json\" class=\"yoast-schema-graph\">{\"@context\":\"https:\/\/schema.org\",\"@graph\":[{\"@type\":\"WebPage\",\"@id\":\"https:\/\/veritasinfo.org\/?p=793&lang=sr\",\"url\":\"https:\/\/veritasinfo.org\/?p=793&lang=sr\",\"name\":\"FHP: Brojne optu\u017enice i su\u0111enja u odsustvu na Kosovu posledica politike srpskih vlasti -\",\"isPartOf\":{\"@id\":\"https:\/\/veritasinfo.org\/#website\"},\"primaryImageOfPage\":{\"@id\":\"https:\/\/veritasinfo.org\/?p=793&lang=sr#primaryimage\"},\"image\":{\"@id\":\"https:\/\/veritasinfo.org\/?p=793&lang=sr#primaryimage\"},\"thumbnailUrl\":\"https:\/\/veritasinfo.org\/wp-content\/uploads\/2025\/06\/fondi.png\",\"datePublished\":\"2025-06-17T06:20:32+00:00\",\"author\":{\"@id\":\"https:\/\/veritasinfo.org\/#\/schema\/person\/c2b8be262ea994d0995addca692c5e98\"},\"breadcrumb\":{\"@id\":\"https:\/\/veritasinfo.org\/?p=793&lang=sr#breadcrumb\"},\"inLanguage\":\"en-US\",\"potentialAction\":[{\"@type\":\"ReadAction\",\"target\":[\"https:\/\/veritasinfo.org\/?p=793&lang=sr\"]}]},{\"@type\":\"ImageObject\",\"inLanguage\":\"en-US\",\"@id\":\"https:\/\/veritasinfo.org\/?p=793&lang=sr#primaryimage\",\"url\":\"https:\/\/veritasinfo.org\/wp-content\/uploads\/2025\/06\/fondi.png\",\"contentUrl\":\"https:\/\/veritasinfo.org\/wp-content\/uploads\/2025\/06\/fondi.png\",\"width\":1200,\"height\":675},{\"@type\":\"BreadcrumbList\",\"@id\":\"https:\/\/veritasinfo.org\/?p=793&lang=sr#breadcrumb\",\"itemListElement\":[{\"@type\":\"ListItem\",\"position\":1,\"name\":\"Home\",\"item\":\"https:\/\/veritasinfo.org\/\"},{\"@type\":\"ListItem\",\"position\":2,\"name\":\"FHP: Brojne optu\u017enice i su\u0111enja u odsustvu na Kosovu posledica politike srpskih vlasti\"}]},{\"@type\":\"WebSite\",\"@id\":\"https:\/\/veritasinfo.org\/#website\",\"url\":\"https:\/\/veritasinfo.org\/\",\"name\":\"\",\"description\":\"\",\"potentialAction\":[{\"@type\":\"SearchAction\",\"target\":{\"@type\":\"EntryPoint\",\"urlTemplate\":\"https:\/\/veritasinfo.org\/?s={search_term_string}\"},\"query-input\":{\"@type\":\"PropertyValueSpecification\",\"valueRequired\":true,\"valueName\":\"search_term_string\"}}],\"inLanguage\":\"en-US\"},{\"@type\":\"Person\",\"@id\":\"https:\/\/veritasinfo.org\/#\/schema\/person\/c2b8be262ea994d0995addca692c5e98\",\"name\":\"US1\",\"image\":{\"@type\":\"ImageObject\",\"inLanguage\":\"en-US\",\"@id\":\"https:\/\/veritasinfo.org\/#\/schema\/person\/image\/\",\"url\":\"https:\/\/secure.gravatar.com\/avatar\/4e96a59bd256abf9956eb9963ac891a47461ffb364d47b0e9aab113328fdb75b?s=96&d=mm&r=g\",\"contentUrl\":\"https:\/\/secure.gravatar.com\/avatar\/4e96a59bd256abf9956eb9963ac891a47461ffb364d47b0e9aab113328fdb75b?s=96&d=mm&r=g\",\"caption\":\"US1\"},\"url\":\"https:\/\/veritasinfo.org\/?author=2\"}]}<\/script>\n<!-- \/ Yoast SEO plugin. -->","yoast_head_json":{"title":"FHP: Brojne optu\u017enice i su\u0111enja u odsustvu na Kosovu posledica politike srpskih vlasti -","robots":{"index":"index","follow":"follow","max-snippet":"max-snippet:-1","max-image-preview":"max-image-preview:large","max-video-preview":"max-video-preview:-1"},"canonical":"https:\/\/veritasinfo.org\/?p=793&lang=sr","og_locale":"en_US","og_type":"article","og_title":"FHP: Brojne optu\u017enice i su\u0111enja u odsustvu na Kosovu posledica politike srpskih vlasti -","og_description":"Pri\u0161tina, 17 Jun, 2025 \u201eBrojne optu\u017enice i su\u0111enja u odsustvu na Kosovu posledica su politike srpskih vlasti\u201c, poru\u010dio je danas Fond za humanitarno pravo. FHP","og_url":"https:\/\/veritasinfo.org\/?p=793&lang=sr","article_published_time":"2025-06-17T06:20:32+00:00","og_image":[{"width":1200,"height":675,"url":"https:\/\/veritasinfo.org\/wp-content\/uploads\/2025\/06\/fondi.png","type":"image\/png"}],"author":"US1","twitter_card":"summary_large_image","twitter_misc":{"Written by":"US1","Est. reading time":"2 minutes"},"schema":{"@context":"https:\/\/schema.org","@graph":[{"@type":"WebPage","@id":"https:\/\/veritasinfo.org\/?p=793&lang=sr","url":"https:\/\/veritasinfo.org\/?p=793&lang=sr","name":"FHP: Brojne optu\u017enice i su\u0111enja u odsustvu na Kosovu posledica politike srpskih vlasti -","isPartOf":{"@id":"https:\/\/veritasinfo.org\/#website"},"primaryImageOfPage":{"@id":"https:\/\/veritasinfo.org\/?p=793&lang=sr#primaryimage"},"image":{"@id":"https:\/\/veritasinfo.org\/?p=793&lang=sr#primaryimage"},"thumbnailUrl":"https:\/\/veritasinfo.org\/wp-content\/uploads\/2025\/06\/fondi.png","datePublished":"2025-06-17T06:20:32+00:00","author":{"@id":"https:\/\/veritasinfo.org\/#\/schema\/person\/c2b8be262ea994d0995addca692c5e98"},"breadcrumb":{"@id":"https:\/\/veritasinfo.org\/?p=793&lang=sr#breadcrumb"},"inLanguage":"en-US","potentialAction":[{"@type":"ReadAction","target":["https:\/\/veritasinfo.org\/?p=793&lang=sr"]}]},{"@type":"ImageObject","inLanguage":"en-US","@id":"https:\/\/veritasinfo.org\/?p=793&lang=sr#primaryimage","url":"https:\/\/veritasinfo.org\/wp-content\/uploads\/2025\/06\/fondi.png","contentUrl":"https:\/\/veritasinfo.org\/wp-content\/uploads\/2025\/06\/fondi.png","width":1200,"height":675},{"@type":"BreadcrumbList","@id":"https:\/\/veritasinfo.org\/?p=793&lang=sr#breadcrumb","itemListElement":[{"@type":"ListItem","position":1,"name":"Home","item":"https:\/\/veritasinfo.org\/"},{"@type":"ListItem","position":2,"name":"FHP: Brojne optu\u017enice i su\u0111enja u odsustvu na Kosovu posledica politike srpskih vlasti"}]},{"@type":"WebSite","@id":"https:\/\/veritasinfo.org\/#website","url":"https:\/\/veritasinfo.org\/","name":"","description":"","potentialAction":[{"@type":"SearchAction","target":{"@type":"EntryPoint","urlTemplate":"https:\/\/veritasinfo.org\/?s={search_term_string}"},"query-input":{"@type":"PropertyValueSpecification","valueRequired":true,"valueName":"search_term_string"}}],"inLanguage":"en-US"},{"@type":"Person","@id":"https:\/\/veritasinfo.org\/#\/schema\/person\/c2b8be262ea994d0995addca692c5e98","name":"US1","image":{"@type":"ImageObject","inLanguage":"en-US","@id":"https:\/\/veritasinfo.org\/#\/schema\/person\/image\/","url":"https:\/\/secure.gravatar.com\/avatar\/4e96a59bd256abf9956eb9963ac891a47461ffb364d47b0e9aab113328fdb75b?s=96&d=mm&r=g","contentUrl":"https:\/\/secure.gravatar.com\/avatar\/4e96a59bd256abf9956eb9963ac891a47461ffb364d47b0e9aab113328fdb75b?s=96&d=mm&r=g","caption":"US1"},"url":"https:\/\/veritasinfo.org\/?author=2"}]}},"featured_image_urls":{"full":["https:\/\/veritasinfo.org\/wp-content\/uploads\/2025\/06\/fondi.png",1200,675,false],"thumbnail":["https:\/\/veritasinfo.org\/wp-content\/uploads\/2025\/06\/fondi-150x150.png",150,150,true],"medium":["https:\/\/veritasinfo.org\/wp-content\/uploads\/2025\/06\/fondi-300x169.png",300,169,true],"medium_large":["https:\/\/veritasinfo.org\/wp-content\/uploads\/2025\/06\/fondi-768x432.png",640,360,true],"large":["https:\/\/veritasinfo.org\/wp-content\/uploads\/2025\/06\/fondi-1024x576.png",640,360,true],"1536x1536":["https:\/\/veritasinfo.org\/wp-content\/uploads\/2025\/06\/fondi.png",1200,675,false],"2048x2048":["https:\/\/veritasinfo.org\/wp-content\/uploads\/2025\/06\/fondi.png",1200,675,false],"kreeti-slider-full":["https:\/\/veritasinfo.org\/wp-content\/uploads\/2025\/06\/fondi.png",1200,675,false],"kreeti-featured":["https:\/\/veritasinfo.org\/wp-content\/uploads\/2025\/06\/fondi.png",1024,576,false],"kreeti-medium":["https:\/\/veritasinfo.org\/wp-content\/uploads\/2025\/06\/fondi.png",720,405,false],"kreeti-medium-square":["https:\/\/veritasinfo.org\/wp-content\/uploads\/2025\/06\/fondi.png",350,197,false]},"author_info":{"info":["US1"]},"category_info":"<a href=\"https:\/\/veritasinfo.org\/?cat=30&#038;lang=sr\" rel=\"category\">Dru\u0161tvo<\/a>","tag_info":"Dru\u0161tvo","comment_count":"0","_links":{"self":[{"href":"https:\/\/veritasinfo.org\/index.php?rest_route=\/wp\/v2\/posts\/793","targetHints":{"allow":["GET"]}}],"collection":[{"href":"https:\/\/veritasinfo.org\/index.php?rest_route=\/wp\/v2\/posts"}],"about":[{"href":"https:\/\/veritasinfo.org\/index.php?rest_route=\/wp\/v2\/types\/post"}],"author":[{"embeddable":true,"href":"https:\/\/veritasinfo.org\/index.php?rest_route=\/wp\/v2\/users\/2"}],"replies":[{"embeddable":true,"href":"https:\/\/veritasinfo.org\/index.php?rest_route=%2Fwp%2Fv2%2Fcomments&post=793"}],"version-history":[{"count":1,"href":"https:\/\/veritasinfo.org\/index.php?rest_route=\/wp\/v2\/posts\/793\/revisions"}],"predecessor-version":[{"id":794,"href":"https:\/\/veritasinfo.org\/index.php?rest_route=\/wp\/v2\/posts\/793\/revisions\/794"}],"wp:featuredmedia":[{"embeddable":true,"href":"https:\/\/veritasinfo.org\/index.php?rest_route=\/wp\/v2\/media\/791"}],"wp:attachment":[{"href":"https:\/\/veritasinfo.org\/index.php?rest_route=%2Fwp%2Fv2%2Fmedia&parent=793"}],"wp:term":[{"taxonomy":"category","embeddable":true,"href":"https:\/\/veritasinfo.org\/index.php?rest_route=%2Fwp%2Fv2%2Fcategories&post=793"},{"taxonomy":"post_tag","embeddable":true,"href":"https:\/\/veritasinfo.org\/index.php?rest_route=%2Fwp%2Fv2%2Ftags&post=793"}],"curies":[{"name":"wp","href":"https:\/\/api.w.org\/{rel}","templated":true}]}}