{"id":7926,"date":"2025-08-13T21:06:17","date_gmt":"2025-08-13T19:06:17","guid":{"rendered":"https:\/\/veritasinfo.org\/?p=7926"},"modified":"2025-08-13T21:06:17","modified_gmt":"2025-08-13T19:06:17","slug":"rrefimi-i-babait-qe-i-humbi-kater-djeme-i-ndane-burrat-dhe-i-derguan-ne-meje","status":"publish","type":"post","link":"https:\/\/veritasinfo.org\/?p=7926","title":{"rendered":"Rr\u00ebfimi i babait q\u00eb i humbi kat\u00ebr djem\u00eb &#8211; I ndan\u00eb burrat dhe i d\u00ebrguan n\u00eb Mej\u00eb"},"content":{"rendered":"<p><strong>Gjakov\u00eb, 13 Gusht 2025<\/strong><\/p>\n<p>Zenun Xhemajli, 84-vje\u00e7ar nga fshati Rracaj i Gjakov\u00ebs, ka rr\u00ebfyer p\u00ebr momentet m\u00eb t\u00eb r\u00ebnda t\u00eb jet\u00ebs s\u00eb tij. Gjat\u00eb luft\u00ebs, ai humbi kat\u00ebr djemt\u00eb, nd\u00ebrsa vet\u00eb i mbijetoi masakr\u00ebs s\u00eb Mej\u00ebs, ku u vran\u00eb rreth 370 shqiptar\u00eb. N\u00eb nj\u00eb rr\u00ebfim dh\u00ebn\u00eb p\u00ebr T\u00ebv\u00eb1, ai thot\u00eb se 27 prilli i vitit 1999 ishte dita e kiametit p\u00ebr t\u00eb.<\/p>\n<p>Muharrem Zenun Hoxha, Ilir Zenun Hoxha, Shk\u00eblzen Zenun Hoxha dhe Alban Zenun Hoxha. Te t\u00eb kat\u00ebr djemt\u00eb e Zenun Xhemajlit nga fshati Rracaj i Gjakov\u00ebs, e pat\u00ebn nj\u00eb fat tragjik gjat\u00eb luft\u00ebs n\u00eb Kosov\u00eb.<\/p>\n<p><img fetchpriority=\"high\" decoding=\"async\" class=\"alignnone size-medium wp-image-7928\" src=\"https:\/\/veritasinfo.org\/wp-content\/uploads\/2025\/08\/meje-1-300x169.jpg\" alt=\"\" width=\"300\" height=\"169\" srcset=\"https:\/\/veritasinfo.org\/wp-content\/uploads\/2025\/08\/meje-1-300x169.jpg 300w, https:\/\/veritasinfo.org\/wp-content\/uploads\/2025\/08\/meje-1-768x432.jpg 768w, https:\/\/veritasinfo.org\/wp-content\/uploads\/2025\/08\/meje-1.jpg 780w\" sizes=\"(max-width: 300px) 100vw, 300px\" \/><\/p>\n<p>M\u00eb 2 gusht 1998, Muharremi dhe Iliri u mor\u00ebn me forc\u00eb nga policia serbe dhe prej asaj dite nuk dihet m\u00eb asgj\u00eb p\u00ebr ta.<\/p>\n<p>Dy djemt\u00eb e tjer\u00eb, Shk\u00eblzeni dhe Albani, u vran\u00eb bashk\u00eb me qindra shqiptar\u00eb t\u00eb tjer\u00eb gjat\u00eb masakr\u00ebs s\u00eb Mej\u00ebs.<\/p>\n<p>Zenun Xhemajli tregon se 27 prilli i vitit 1999 ishte dita m\u00eb e r\u00ebnd\u00eb e jet\u00ebs s\u00eb tij. \u201c27 prilli i vitit 1999 ishte dit\u00eb kiameti p\u00ebr ne q\u00eb ishim aty. Policia serbe na mblodhi n\u00eb fshat, na ndau burrat dhe na d\u00ebrgoi n\u00eb Mej\u00eb. Un\u00eb po mbaja n\u00eb krah\u00eb f\u00ebmij\u00ebn e nj\u00eb gruaje sepse doja ta shp\u00ebtoja\u201d, ka th\u00ebn\u00eb Xhemajli.<\/p>\n<p>N\u00eb k\u00ebt\u00eb masak\u00ebr u zhduk edhe trupi i Shk\u00eblzenit, nd\u00ebrsa Zenuni arriti t\u00eb varros\u00eb vet\u00ebm djalin m\u00eb t\u00eb vog\u00ebl, Albanin.<\/p>\n<p>Krimi n\u00eb Mej\u00eb dhe n\u00eb fshatrat p\u00ebrreth Gjakov\u00ebs ndodhi n\u00eb prill t\u00eb vitit 1999, kur u vran\u00eb rreth 370 shqiptar\u00eb t\u00eb Kosov\u00ebs, trupat e t\u00eb cil\u00ebve u gjet\u00ebn m\u00eb pas n\u00eb tet\u00eb varreza masive n\u00eb Batajnic\u00eb t\u00eb Serbis\u00eb.<\/p>\n<p>Shteti i Serbis\u00eb, edhe sot e k\u00ebsaj dite, refuzon t\u00eb pranoj\u00eb krimet e kryera n\u00eb Kosov\u00eb dhe t\u00eb hap\u00eb arkivat e ushtris\u00eb.<img decoding=\"async\" class=\"alignnone size-medium wp-image-7929 lazyload\" data-src=\"https:\/\/veritasinfo.org\/wp-content\/uploads\/2025\/08\/meje-3-300x198.jpg\" alt=\"\" width=\"300\" height=\"198\" data-srcset=\"https:\/\/veritasinfo.org\/wp-content\/uploads\/2025\/08\/meje-3-300x198.jpg 300w, https:\/\/veritasinfo.org\/wp-content\/uploads\/2025\/08\/meje-3-1024x677.jpg 1024w, https:\/\/veritasinfo.org\/wp-content\/uploads\/2025\/08\/meje-3-768x508.jpg 768w, https:\/\/veritasinfo.org\/wp-content\/uploads\/2025\/08\/meje-3.jpg 1291w\" data-sizes=\"(max-width: 300px) 100vw, 300px\" src=\"data:image\/gif;base64,R0lGODlhAQABAAAAACH5BAEKAAEALAAAAAABAAEAAAICTAEAOw==\" style=\"--smush-placeholder-width: 300px; --smush-placeholder-aspect-ratio: 300\/198;\" \/><\/p>\n","protected":false},"excerpt":{"rendered":"<p>Gjakov\u00eb, 13 Gusht 2025 Zenun Xhemajli, 84-vje\u00e7ar nga fshati Rracaj i Gjakov\u00ebs, ka rr\u00ebfyer p\u00ebr momentet m\u00eb t\u00eb r\u00ebnda t\u00eb jet\u00ebs s\u00eb tij. Gjat\u00eb luft\u00ebs,<\/p>\n","protected":false},"author":2,"featured_media":7927,"comment_status":"open","ping_status":"open","sticky":false,"template":"","format":"standard","meta":{"footnotes":""},"categories":[60],"tags":[],"class_list":["post-7926","post","type-post","status-publish","format-standard","has-post-thumbnail","hentry","category-shoqerore-sq"],"yoast_head":"<!-- This site is optimized with the Yoast SEO plugin v25.3.1 - https:\/\/yoast.com\/wordpress\/plugins\/seo\/ -->\n<title>Rr\u00ebfimi i babait q\u00eb i humbi kat\u00ebr djem\u00eb - I ndan\u00eb burrat dhe i d\u00ebrguan n\u00eb Mej\u00eb -<\/title>\n<meta name=\"robots\" content=\"index, follow, max-snippet:-1, max-image-preview:large, max-video-preview:-1\" \/>\n<link rel=\"canonical\" href=\"https:\/\/veritasinfo.org\/?p=7926\" \/>\n<meta property=\"og:locale\" content=\"en_US\" \/>\n<meta property=\"og:type\" content=\"article\" \/>\n<meta property=\"og:title\" content=\"Rr\u00ebfimi i babait q\u00eb i humbi kat\u00ebr djem\u00eb - I ndan\u00eb burrat dhe i d\u00ebrguan n\u00eb Mej\u00eb -\" \/>\n<meta property=\"og:description\" content=\"Gjakov\u00eb, 13 Gusht 2025 Zenun Xhemajli, 84-vje\u00e7ar nga fshati Rracaj i Gjakov\u00ebs, ka rr\u00ebfyer p\u00ebr momentet m\u00eb t\u00eb r\u00ebnda t\u00eb jet\u00ebs s\u00eb tij. Gjat\u00eb luft\u00ebs,\" \/>\n<meta property=\"og:url\" content=\"https:\/\/veritasinfo.org\/?p=7926\" \/>\n<meta property=\"article:published_time\" content=\"2025-08-13T19:06:17+00:00\" \/>\n<meta property=\"og:image\" content=\"https:\/\/veritasinfo.org\/wp-content\/uploads\/2025\/08\/meje.jpg\" \/>\n\t<meta property=\"og:image:width\" content=\"780\" \/>\n\t<meta property=\"og:image:height\" content=\"439\" \/>\n\t<meta property=\"og:image:type\" content=\"image\/jpeg\" \/>\n<meta name=\"author\" content=\"US1\" \/>\n<meta name=\"twitter:card\" content=\"summary_large_image\" \/>\n<meta name=\"twitter:label1\" content=\"Written by\" \/>\n\t<meta name=\"twitter:data1\" content=\"US1\" \/>\n\t<meta name=\"twitter:label2\" content=\"Est. reading time\" \/>\n\t<meta name=\"twitter:data2\" content=\"2 minutes\" \/>\n<script type=\"application\/ld+json\" class=\"yoast-schema-graph\">{\"@context\":\"https:\/\/schema.org\",\"@graph\":[{\"@type\":\"WebPage\",\"@id\":\"https:\/\/veritasinfo.org\/?p=7926\",\"url\":\"https:\/\/veritasinfo.org\/?p=7926\",\"name\":\"Rr\u00ebfimi i babait q\u00eb i humbi kat\u00ebr djem\u00eb - I ndan\u00eb burrat dhe i d\u00ebrguan n\u00eb Mej\u00eb -\",\"isPartOf\":{\"@id\":\"https:\/\/veritasinfo.org\/#website\"},\"primaryImageOfPage\":{\"@id\":\"https:\/\/veritasinfo.org\/?p=7926#primaryimage\"},\"image\":{\"@id\":\"https:\/\/veritasinfo.org\/?p=7926#primaryimage\"},\"thumbnailUrl\":\"https:\/\/veritasinfo.org\/wp-content\/uploads\/2025\/08\/meje.jpg\",\"datePublished\":\"2025-08-13T19:06:17+00:00\",\"author\":{\"@id\":\"https:\/\/veritasinfo.org\/#\/schema\/person\/c2b8be262ea994d0995addca692c5e98\"},\"breadcrumb\":{\"@id\":\"https:\/\/veritasinfo.org\/?p=7926#breadcrumb\"},\"inLanguage\":\"en-US\",\"potentialAction\":[{\"@type\":\"ReadAction\",\"target\":[\"https:\/\/veritasinfo.org\/?p=7926\"]}]},{\"@type\":\"ImageObject\",\"inLanguage\":\"en-US\",\"@id\":\"https:\/\/veritasinfo.org\/?p=7926#primaryimage\",\"url\":\"https:\/\/veritasinfo.org\/wp-content\/uploads\/2025\/08\/meje.jpg\",\"contentUrl\":\"https:\/\/veritasinfo.org\/wp-content\/uploads\/2025\/08\/meje.jpg\",\"width\":780,\"height\":439},{\"@type\":\"BreadcrumbList\",\"@id\":\"https:\/\/veritasinfo.org\/?p=7926#breadcrumb\",\"itemListElement\":[{\"@type\":\"ListItem\",\"position\":1,\"name\":\"Home\",\"item\":\"https:\/\/veritasinfo.org\/\"},{\"@type\":\"ListItem\",\"position\":2,\"name\":\"Rr\u00ebfimi i babait q\u00eb i humbi kat\u00ebr djem\u00eb &#8211; I ndan\u00eb burrat dhe i d\u00ebrguan n\u00eb Mej\u00eb\"}]},{\"@type\":\"WebSite\",\"@id\":\"https:\/\/veritasinfo.org\/#website\",\"url\":\"https:\/\/veritasinfo.org\/\",\"name\":\"\",\"description\":\"\",\"potentialAction\":[{\"@type\":\"SearchAction\",\"target\":{\"@type\":\"EntryPoint\",\"urlTemplate\":\"https:\/\/veritasinfo.org\/?s={search_term_string}\"},\"query-input\":{\"@type\":\"PropertyValueSpecification\",\"valueRequired\":true,\"valueName\":\"search_term_string\"}}],\"inLanguage\":\"en-US\"},{\"@type\":\"Person\",\"@id\":\"https:\/\/veritasinfo.org\/#\/schema\/person\/c2b8be262ea994d0995addca692c5e98\",\"name\":\"US1\",\"image\":{\"@type\":\"ImageObject\",\"inLanguage\":\"en-US\",\"@id\":\"https:\/\/veritasinfo.org\/#\/schema\/person\/image\/\",\"url\":\"https:\/\/secure.gravatar.com\/avatar\/4e96a59bd256abf9956eb9963ac891a47461ffb364d47b0e9aab113328fdb75b?s=96&d=mm&r=g\",\"contentUrl\":\"https:\/\/secure.gravatar.com\/avatar\/4e96a59bd256abf9956eb9963ac891a47461ffb364d47b0e9aab113328fdb75b?s=96&d=mm&r=g\",\"caption\":\"US1\"},\"url\":\"https:\/\/veritasinfo.org\/?author=2\"}]}<\/script>\n<!-- \/ Yoast SEO plugin. -->","yoast_head_json":{"title":"Rr\u00ebfimi i babait q\u00eb i humbi kat\u00ebr djem\u00eb - I ndan\u00eb burrat dhe i d\u00ebrguan n\u00eb Mej\u00eb -","robots":{"index":"index","follow":"follow","max-snippet":"max-snippet:-1","max-image-preview":"max-image-preview:large","max-video-preview":"max-video-preview:-1"},"canonical":"https:\/\/veritasinfo.org\/?p=7926","og_locale":"en_US","og_type":"article","og_title":"Rr\u00ebfimi i babait q\u00eb i humbi kat\u00ebr djem\u00eb - I ndan\u00eb burrat dhe i d\u00ebrguan n\u00eb Mej\u00eb -","og_description":"Gjakov\u00eb, 13 Gusht 2025 Zenun Xhemajli, 84-vje\u00e7ar nga fshati Rracaj i Gjakov\u00ebs, ka rr\u00ebfyer p\u00ebr momentet m\u00eb t\u00eb r\u00ebnda t\u00eb jet\u00ebs s\u00eb tij. Gjat\u00eb luft\u00ebs,","og_url":"https:\/\/veritasinfo.org\/?p=7926","article_published_time":"2025-08-13T19:06:17+00:00","og_image":[{"width":780,"height":439,"url":"https:\/\/veritasinfo.org\/wp-content\/uploads\/2025\/08\/meje.jpg","type":"image\/jpeg"}],"author":"US1","twitter_card":"summary_large_image","twitter_misc":{"Written by":"US1","Est. reading time":"2 minutes"},"schema":{"@context":"https:\/\/schema.org","@graph":[{"@type":"WebPage","@id":"https:\/\/veritasinfo.org\/?p=7926","url":"https:\/\/veritasinfo.org\/?p=7926","name":"Rr\u00ebfimi i babait q\u00eb i humbi kat\u00ebr djem\u00eb - I ndan\u00eb burrat dhe i d\u00ebrguan n\u00eb Mej\u00eb -","isPartOf":{"@id":"https:\/\/veritasinfo.org\/#website"},"primaryImageOfPage":{"@id":"https:\/\/veritasinfo.org\/?p=7926#primaryimage"},"image":{"@id":"https:\/\/veritasinfo.org\/?p=7926#primaryimage"},"thumbnailUrl":"https:\/\/veritasinfo.org\/wp-content\/uploads\/2025\/08\/meje.jpg","datePublished":"2025-08-13T19:06:17+00:00","author":{"@id":"https:\/\/veritasinfo.org\/#\/schema\/person\/c2b8be262ea994d0995addca692c5e98"},"breadcrumb":{"@id":"https:\/\/veritasinfo.org\/?p=7926#breadcrumb"},"inLanguage":"en-US","potentialAction":[{"@type":"ReadAction","target":["https:\/\/veritasinfo.org\/?p=7926"]}]},{"@type":"ImageObject","inLanguage":"en-US","@id":"https:\/\/veritasinfo.org\/?p=7926#primaryimage","url":"https:\/\/veritasinfo.org\/wp-content\/uploads\/2025\/08\/meje.jpg","contentUrl":"https:\/\/veritasinfo.org\/wp-content\/uploads\/2025\/08\/meje.jpg","width":780,"height":439},{"@type":"BreadcrumbList","@id":"https:\/\/veritasinfo.org\/?p=7926#breadcrumb","itemListElement":[{"@type":"ListItem","position":1,"name":"Home","item":"https:\/\/veritasinfo.org\/"},{"@type":"ListItem","position":2,"name":"Rr\u00ebfimi i babait q\u00eb i humbi kat\u00ebr djem\u00eb &#8211; I ndan\u00eb burrat dhe i d\u00ebrguan n\u00eb Mej\u00eb"}]},{"@type":"WebSite","@id":"https:\/\/veritasinfo.org\/#website","url":"https:\/\/veritasinfo.org\/","name":"","description":"","potentialAction":[{"@type":"SearchAction","target":{"@type":"EntryPoint","urlTemplate":"https:\/\/veritasinfo.org\/?s={search_term_string}"},"query-input":{"@type":"PropertyValueSpecification","valueRequired":true,"valueName":"search_term_string"}}],"inLanguage":"en-US"},{"@type":"Person","@id":"https:\/\/veritasinfo.org\/#\/schema\/person\/c2b8be262ea994d0995addca692c5e98","name":"US1","image":{"@type":"ImageObject","inLanguage":"en-US","@id":"https:\/\/veritasinfo.org\/#\/schema\/person\/image\/","url":"https:\/\/secure.gravatar.com\/avatar\/4e96a59bd256abf9956eb9963ac891a47461ffb364d47b0e9aab113328fdb75b?s=96&d=mm&r=g","contentUrl":"https:\/\/secure.gravatar.com\/avatar\/4e96a59bd256abf9956eb9963ac891a47461ffb364d47b0e9aab113328fdb75b?s=96&d=mm&r=g","caption":"US1"},"url":"https:\/\/veritasinfo.org\/?author=2"}]}},"featured_image_urls":{"full":["https:\/\/veritasinfo.org\/wp-content\/uploads\/2025\/08\/meje.jpg",780,439,false],"thumbnail":["https:\/\/veritasinfo.org\/wp-content\/uploads\/2025\/08\/meje-150x150.jpg",150,150,true],"medium":["https:\/\/veritasinfo.org\/wp-content\/uploads\/2025\/08\/meje-300x169.jpg",300,169,true],"medium_large":["https:\/\/veritasinfo.org\/wp-content\/uploads\/2025\/08\/meje-768x432.jpg",640,360,true],"large":["https:\/\/veritasinfo.org\/wp-content\/uploads\/2025\/08\/meje.jpg",640,360,false],"1536x1536":["https:\/\/veritasinfo.org\/wp-content\/uploads\/2025\/08\/meje.jpg",780,439,false],"2048x2048":["https:\/\/veritasinfo.org\/wp-content\/uploads\/2025\/08\/meje.jpg",780,439,false],"kreeti-slider-full":["https:\/\/veritasinfo.org\/wp-content\/uploads\/2025\/08\/meje.jpg",780,439,false],"kreeti-featured":["https:\/\/veritasinfo.org\/wp-content\/uploads\/2025\/08\/meje.jpg",780,439,false],"kreeti-medium":["https:\/\/veritasinfo.org\/wp-content\/uploads\/2025\/08\/meje.jpg",720,405,false],"kreeti-medium-square":["https:\/\/veritasinfo.org\/wp-content\/uploads\/2025\/08\/meje.jpg",350,197,false]},"author_info":{"info":["US1"]},"category_info":"<a href=\"https:\/\/veritasinfo.org\/?cat=60\" rel=\"category\">Shoq\u00ebrore<\/a>","tag_info":"Shoq\u00ebrore","comment_count":"0","_links":{"self":[{"href":"https:\/\/veritasinfo.org\/index.php?rest_route=\/wp\/v2\/posts\/7926","targetHints":{"allow":["GET"]}}],"collection":[{"href":"https:\/\/veritasinfo.org\/index.php?rest_route=\/wp\/v2\/posts"}],"about":[{"href":"https:\/\/veritasinfo.org\/index.php?rest_route=\/wp\/v2\/types\/post"}],"author":[{"embeddable":true,"href":"https:\/\/veritasinfo.org\/index.php?rest_route=\/wp\/v2\/users\/2"}],"replies":[{"embeddable":true,"href":"https:\/\/veritasinfo.org\/index.php?rest_route=%2Fwp%2Fv2%2Fcomments&post=7926"}],"version-history":[{"count":1,"href":"https:\/\/veritasinfo.org\/index.php?rest_route=\/wp\/v2\/posts\/7926\/revisions"}],"predecessor-version":[{"id":7930,"href":"https:\/\/veritasinfo.org\/index.php?rest_route=\/wp\/v2\/posts\/7926\/revisions\/7930"}],"wp:featuredmedia":[{"embeddable":true,"href":"https:\/\/veritasinfo.org\/index.php?rest_route=\/wp\/v2\/media\/7927"}],"wp:attachment":[{"href":"https:\/\/veritasinfo.org\/index.php?rest_route=%2Fwp%2Fv2%2Fmedia&parent=7926"}],"wp:term":[{"taxonomy":"category","embeddable":true,"href":"https:\/\/veritasinfo.org\/index.php?rest_route=%2Fwp%2Fv2%2Fcategories&post=7926"},{"taxonomy":"post_tag","embeddable":true,"href":"https:\/\/veritasinfo.org\/index.php?rest_route=%2Fwp%2Fv2%2Ftags&post=7926"}],"curies":[{"name":"wp","href":"https:\/\/api.w.org\/{rel}","templated":true}]}}