{"id":7918,"date":"2025-08-13T19:09:54","date_gmt":"2025-08-13T17:09:54","guid":{"rendered":"https:\/\/veritasinfo.org\/?p=7918"},"modified":"2025-08-13T19:09:54","modified_gmt":"2025-08-13T17:09:54","slug":"a-vershelleu-vucic-per-fillimin-e-luftes-civile","status":"publish","type":"post","link":"https:\/\/veritasinfo.org\/?p=7918","title":{"rendered":"A  &#8220;v\u00ebrsh\u00eblleu&#8221; Vu\u00e7i\u00e7 p\u00ebr fillimin e luft\u00ebs civile?"},"content":{"rendered":"<p><strong>Beograd, 13 gusht 2025 <\/strong><\/p>\n<p>Pyetja n\u00ebse presidenti i Serbis\u00eb, Aleksandar Vu\u00e7i\u00e7, v\u00ebrsh\u00eblle p\u00ebr fillimin e luft\u00ebs civile pa e njoftuar zyrtarisht, duke pasur parasysh se ai d\u00ebrgon qindra an\u00ebtar\u00eb t\u00eb paraushtarak\u00ebve t\u00eb tij, mb\u00ebshtet\u00ebs, t\u00eb ashtuquajtur besnik\u00eb, me bluza t\u00eb zeza dhe t\u00eb dalluesh\u00ebm nga veshjet e tyre, p\u00ebr t\u00eb &#8220;sulmuar&#8221; grat\u00eb, f\u00ebmij\u00ebt dhe njer\u00ebzit e zakonsh\u00ebm, t\u00eb cil\u00ebt protestojn\u00eb kund\u00ebr qeveris\u00eb s\u00eb tij t\u00eb korruptuar, \u00ebsht\u00eb aktivizuar ve\u00e7an\u00ebrisht n\u00eb dit\u00ebt e fundit.<\/p>\n<p>Lufta civile si pasoj\u00eb e tensioneve socio-politike q\u00eb lind\u00ebn me r\u00ebnien e tend\u00ebs n\u00eb stacionin e trenit n\u00eb Novi Sad dhe protestat e forta q\u00eb p\u00ebrfshin\u00eb t\u00eb gjith\u00eb vendin, si dhe r\u00ebnien e shikueshm\u00ebris\u00eb s\u00eb klik\u00ebs n\u00eb pushtet dhe nj\u00ebfar\u00eb brutaliteti policor kund\u00ebr demonstruesve, \u00ebsht\u00eb folur p\u00ebr muaj t\u00eb t\u00ebr\u00eb.<\/p>\n<p>Nd\u00ebrsa koha kalon dhe mb\u00ebshtetja p\u00ebr nj\u00eb sundimtar autokrat n\u00eb mesin e qytetar\u00ebve zvog\u00eblohet, p\u00ebrdorimi i arm\u00ebs s\u00eb vetme t\u00eb mbetur, e cila \u00ebsht\u00eb pun\u00ebsimi i bandit\u00ebve p\u00ebr t\u00eb luftuar njer\u00ebzit e zakonsh\u00ebm q\u00eb protestojn\u00eb kund\u00ebr nj\u00eb qeverie t\u00eb till\u00eb, nd\u00ebrsa policia i mbron k\u00ebta bandit\u00eb, po b\u00ebhet gjithnj\u00eb e m\u00eb i duksh\u00ebm.<\/p>\n<p>P\u00ebrleshjet me mercenar\u00ebt e Vu\u00e7i\u00e7it n\u00eb Ba\u00e7ki Petrovac, Ba\u00e7ka Palanka dhe m\u00eb qart\u00eb n\u00eb Vrbas, n\u00eb dit\u00ebt e fundit, ku njer\u00ebz me f\u00ebmij\u00eb, gra, f\u00ebmij\u00eb, t\u00eb moshuar u q\u00eblluan me piroteknik\u00eb, gur\u00eb, shishe me uj\u00eb t\u00eb ngrir\u00eb dhe \u00e7el\u00ebsa francez\u00eb, t\u00eb gjitha t\u00eb organizuara nga t\u00eb ashtuquajturit besnik\u00eb t\u00eb Vu\u00e7i\u00e7it, sipas d\u00ebshmive t\u00eb qytetar\u00ebve vendas, t\u00eb sjell\u00eb nga qytete t\u00eb tjera p\u00ebr t\u00eb provokuar dhun\u00eb, opinionist\u00ebt n\u00eb Serbi i vler\u00ebsojn\u00eb si nj\u00eb hap t\u00eb fundit para zgjedhjeve t\u00eb jasht\u00ebzakonshme, si vij\u00ebn e fundit t\u00eb mbrojtjes s\u00eb nj\u00eb padroni t\u00eb d\u00ebshtuar.<\/p>\n<p>Ashtu si banor\u00ebt e qytetit q\u00eb d\u00ebshmuan at\u00eb dhun\u00eb, ata pajtohen se nj\u00eb luft\u00eb e v\u00ebrtet\u00eb u zhvillua n\u00eb rrug\u00ebt e atyre qyteteve n\u00eb dit\u00ebt e kaluara midis ngacmuesve t\u00eb sjell\u00eb dhe banor\u00ebve t\u00eb atyre qyteteve. Ata gjithashtu pajtohen se efekti q\u00eb qeveria pret nga arrestimet dhe rrahjet \u00ebsht\u00eb q\u00eb disa q\u00eb tani po rebelohen do t\u00eb t\u00ebrhiqen nga rrug\u00ebt n\u00ebse \u00e7mimi i atij rebelimi \u00ebsht\u00eb humbja e pun\u00ebs, liris\u00eb, sh\u00ebndetit dhe ve\u00e7an\u00ebrisht kok\u00ebs s\u00eb tyre.<\/p>\n<p>Por, ashtu si t\u00eb gjitha l\u00ebvizjet e m\u00ebparshme me &#8220;Student\u00ebt q\u00eb duan t\u00eb m\u00ebsojn\u00eb&#8221;, duke ecur nga Kosova, \u00c7acilandi, L\u00ebvizja Popullore p\u00ebr Serbin\u00eb&#8230;, kjo nuk do ta ndal\u00eb k\u00ebrkes\u00ebn p\u00ebr ndryshime, madje p\u00ebr m\u00eb tep\u00ebr, do t\u00eb mobilizoj\u00eb edhe ata q\u00eb deri m\u00eb sot po e rishqyrtonin n\u00ebse protestat e p\u00ebrditshme p\u00ebr disa muaj kan\u00eb kuptim&#8221;, tha avokati Sinisha Nikoliq, shef i kabinetit t\u00eb kryeministrit t\u00eb vrar\u00eb Zoran Gjingji\u00e7.<\/p>\n<p>Sociologu Iva Zhivkov, thot\u00eb se n\u00eb sjelljen e autoriteteve n\u00eb dit\u00ebt, jav\u00ebt dhe muajt e m\u00ebparsh\u00ebm, modelet e p\u00ebrdorura p\u00ebr t\u00eb stabilizuar autokracit\u00eb mund t\u00eb njihen pas demonstratave masive n\u00eb Rusi, Bjellorusi, Gjeorgji dhe pjes\u00ebrisht n\u00eb Turqi. &#8211; Ekzistojn\u00eb tre procese paralele, i pari prej t\u00eb cil\u00ebve \u00ebsht\u00eb zvog\u00eblimi i numrit t\u00eb kund\u00ebrshtar\u00ebve t\u00eb regjimit, duke p\u00ebrdorur metod\u00ebn e shkopit dhe karot\u00ebs. Me nj\u00eb goditje n\u00eb xhep, qeveria tashm\u00eb i ka kthyer m\u00ebsuesit nga rrug\u00ebt n\u00eb klasa, dhe nj\u00eb proces i ngjash\u00ebm i disiplinimit t\u00eb profesor\u00ebve t\u00eb universitetit po i afrohet fundit. \u00cbsht\u00eb treguar se p\u00ebr shum\u00eb njer\u00ebz, nj\u00eb pag\u00eb e rregullt \u00ebsht\u00eb m\u00eb e r\u00ebnd\u00ebsishme sesa lufta p\u00ebr interesin e p\u00ebrgjithsh\u00ebm. Qeveria pret nj\u00eb efekt t\u00eb ngjash\u00ebm nga arrestimet dhe rrahjet, d.m.th. q\u00eb disa q\u00eb tani po rebelohen do t\u00eb t\u00ebrhiqen nga rrug\u00ebt n\u00ebse \u00e7mimi i atij rebelimi \u00ebsht\u00eb humbja e pun\u00ebs, liris\u00eb, sh\u00ebndetit dhe ve\u00e7an\u00ebrisht kok\u00ebs s\u00eb tyre &#8211; thot\u00eb ai.<\/p>\n","protected":false},"excerpt":{"rendered":"<p>Beograd, 13 gusht 2025 Pyetja n\u00ebse presidenti i Serbis\u00eb, Aleksandar Vu\u00e7i\u00e7, v\u00ebrsh\u00eblle p\u00ebr fillimin e luft\u00ebs civile pa e njoftuar zyrtarisht, duke pasur parasysh se<\/p>\n","protected":false},"author":2,"featured_media":7919,"comment_status":"open","ping_status":"open","sticky":false,"template":"","format":"standard","meta":{"footnotes":""},"categories":[93],"tags":[],"class_list":["post-7918","post","type-post","status-publish","format-standard","has-post-thumbnail","hentry","category-politika-sq"],"yoast_head":"<!-- This site is optimized with the Yoast SEO plugin v25.3.1 - https:\/\/yoast.com\/wordpress\/plugins\/seo\/ -->\n<title>A &quot;v\u00ebrsh\u00eblleu&quot; Vu\u00e7i\u00e7 p\u00ebr fillimin e luft\u00ebs civile? -<\/title>\n<meta name=\"robots\" content=\"index, follow, max-snippet:-1, max-image-preview:large, max-video-preview:-1\" \/>\n<link rel=\"canonical\" href=\"https:\/\/veritasinfo.org\/?p=7918\" \/>\n<meta property=\"og:locale\" content=\"en_US\" \/>\n<meta property=\"og:type\" content=\"article\" \/>\n<meta property=\"og:title\" content=\"A &quot;v\u00ebrsh\u00eblleu&quot; Vu\u00e7i\u00e7 p\u00ebr fillimin e luft\u00ebs civile? -\" \/>\n<meta property=\"og:description\" content=\"Beograd, 13 gusht 2025 Pyetja n\u00ebse presidenti i Serbis\u00eb, Aleksandar Vu\u00e7i\u00e7, v\u00ebrsh\u00eblle p\u00ebr fillimin e luft\u00ebs civile pa e njoftuar zyrtarisht, duke pasur parasysh se\" \/>\n<meta property=\"og:url\" content=\"https:\/\/veritasinfo.org\/?p=7918\" \/>\n<meta property=\"article:published_time\" content=\"2025-08-13T17:09:54+00:00\" \/>\n<meta property=\"og:image\" content=\"https:\/\/veritasinfo.org\/wp-content\/uploads\/2025\/08\/protesta-srb.jpg\" \/>\n\t<meta property=\"og:image:width\" content=\"1000\" \/>\n\t<meta property=\"og:image:height\" content=\"560\" \/>\n\t<meta property=\"og:image:type\" content=\"image\/jpeg\" \/>\n<meta name=\"author\" content=\"US1\" \/>\n<meta name=\"twitter:card\" content=\"summary_large_image\" \/>\n<meta name=\"twitter:label1\" content=\"Written by\" \/>\n\t<meta name=\"twitter:data1\" content=\"US1\" \/>\n\t<meta name=\"twitter:label2\" content=\"Est. reading time\" \/>\n\t<meta name=\"twitter:data2\" content=\"3 minutes\" \/>\n<script type=\"application\/ld+json\" class=\"yoast-schema-graph\">{\"@context\":\"https:\/\/schema.org\",\"@graph\":[{\"@type\":\"WebPage\",\"@id\":\"https:\/\/veritasinfo.org\/?p=7918\",\"url\":\"https:\/\/veritasinfo.org\/?p=7918\",\"name\":\"A \\\"v\u00ebrsh\u00eblleu\\\" Vu\u00e7i\u00e7 p\u00ebr fillimin e luft\u00ebs civile? -\",\"isPartOf\":{\"@id\":\"https:\/\/veritasinfo.org\/#website\"},\"primaryImageOfPage\":{\"@id\":\"https:\/\/veritasinfo.org\/?p=7918#primaryimage\"},\"image\":{\"@id\":\"https:\/\/veritasinfo.org\/?p=7918#primaryimage\"},\"thumbnailUrl\":\"https:\/\/veritasinfo.org\/wp-content\/uploads\/2025\/08\/protesta-srb.jpg\",\"datePublished\":\"2025-08-13T17:09:54+00:00\",\"author\":{\"@id\":\"https:\/\/veritasinfo.org\/#\/schema\/person\/c2b8be262ea994d0995addca692c5e98\"},\"breadcrumb\":{\"@id\":\"https:\/\/veritasinfo.org\/?p=7918#breadcrumb\"},\"inLanguage\":\"en-US\",\"potentialAction\":[{\"@type\":\"ReadAction\",\"target\":[\"https:\/\/veritasinfo.org\/?p=7918\"]}]},{\"@type\":\"ImageObject\",\"inLanguage\":\"en-US\",\"@id\":\"https:\/\/veritasinfo.org\/?p=7918#primaryimage\",\"url\":\"https:\/\/veritasinfo.org\/wp-content\/uploads\/2025\/08\/protesta-srb.jpg\",\"contentUrl\":\"https:\/\/veritasinfo.org\/wp-content\/uploads\/2025\/08\/protesta-srb.jpg\",\"width\":1000,\"height\":560},{\"@type\":\"BreadcrumbList\",\"@id\":\"https:\/\/veritasinfo.org\/?p=7918#breadcrumb\",\"itemListElement\":[{\"@type\":\"ListItem\",\"position\":1,\"name\":\"Home\",\"item\":\"https:\/\/veritasinfo.org\/\"},{\"@type\":\"ListItem\",\"position\":2,\"name\":\"A &#8220;v\u00ebrsh\u00eblleu&#8221; Vu\u00e7i\u00e7 p\u00ebr fillimin e luft\u00ebs civile?\"}]},{\"@type\":\"WebSite\",\"@id\":\"https:\/\/veritasinfo.org\/#website\",\"url\":\"https:\/\/veritasinfo.org\/\",\"name\":\"\",\"description\":\"\",\"potentialAction\":[{\"@type\":\"SearchAction\",\"target\":{\"@type\":\"EntryPoint\",\"urlTemplate\":\"https:\/\/veritasinfo.org\/?s={search_term_string}\"},\"query-input\":{\"@type\":\"PropertyValueSpecification\",\"valueRequired\":true,\"valueName\":\"search_term_string\"}}],\"inLanguage\":\"en-US\"},{\"@type\":\"Person\",\"@id\":\"https:\/\/veritasinfo.org\/#\/schema\/person\/c2b8be262ea994d0995addca692c5e98\",\"name\":\"US1\",\"image\":{\"@type\":\"ImageObject\",\"inLanguage\":\"en-US\",\"@id\":\"https:\/\/veritasinfo.org\/#\/schema\/person\/image\/\",\"url\":\"https:\/\/secure.gravatar.com\/avatar\/4e96a59bd256abf9956eb9963ac891a47461ffb364d47b0e9aab113328fdb75b?s=96&d=mm&r=g\",\"contentUrl\":\"https:\/\/secure.gravatar.com\/avatar\/4e96a59bd256abf9956eb9963ac891a47461ffb364d47b0e9aab113328fdb75b?s=96&d=mm&r=g\",\"caption\":\"US1\"},\"url\":\"https:\/\/veritasinfo.org\/?author=2\"}]}<\/script>\n<!-- \/ Yoast SEO plugin. -->","yoast_head_json":{"title":"A \"v\u00ebrsh\u00eblleu\" Vu\u00e7i\u00e7 p\u00ebr fillimin e luft\u00ebs civile? -","robots":{"index":"index","follow":"follow","max-snippet":"max-snippet:-1","max-image-preview":"max-image-preview:large","max-video-preview":"max-video-preview:-1"},"canonical":"https:\/\/veritasinfo.org\/?p=7918","og_locale":"en_US","og_type":"article","og_title":"A \"v\u00ebrsh\u00eblleu\" Vu\u00e7i\u00e7 p\u00ebr fillimin e luft\u00ebs civile? -","og_description":"Beograd, 13 gusht 2025 Pyetja n\u00ebse presidenti i Serbis\u00eb, Aleksandar Vu\u00e7i\u00e7, v\u00ebrsh\u00eblle p\u00ebr fillimin e luft\u00ebs civile pa e njoftuar zyrtarisht, duke pasur parasysh se","og_url":"https:\/\/veritasinfo.org\/?p=7918","article_published_time":"2025-08-13T17:09:54+00:00","og_image":[{"width":1000,"height":560,"url":"https:\/\/veritasinfo.org\/wp-content\/uploads\/2025\/08\/protesta-srb.jpg","type":"image\/jpeg"}],"author":"US1","twitter_card":"summary_large_image","twitter_misc":{"Written by":"US1","Est. reading time":"3 minutes"},"schema":{"@context":"https:\/\/schema.org","@graph":[{"@type":"WebPage","@id":"https:\/\/veritasinfo.org\/?p=7918","url":"https:\/\/veritasinfo.org\/?p=7918","name":"A \"v\u00ebrsh\u00eblleu\" Vu\u00e7i\u00e7 p\u00ebr fillimin e luft\u00ebs civile? -","isPartOf":{"@id":"https:\/\/veritasinfo.org\/#website"},"primaryImageOfPage":{"@id":"https:\/\/veritasinfo.org\/?p=7918#primaryimage"},"image":{"@id":"https:\/\/veritasinfo.org\/?p=7918#primaryimage"},"thumbnailUrl":"https:\/\/veritasinfo.org\/wp-content\/uploads\/2025\/08\/protesta-srb.jpg","datePublished":"2025-08-13T17:09:54+00:00","author":{"@id":"https:\/\/veritasinfo.org\/#\/schema\/person\/c2b8be262ea994d0995addca692c5e98"},"breadcrumb":{"@id":"https:\/\/veritasinfo.org\/?p=7918#breadcrumb"},"inLanguage":"en-US","potentialAction":[{"@type":"ReadAction","target":["https:\/\/veritasinfo.org\/?p=7918"]}]},{"@type":"ImageObject","inLanguage":"en-US","@id":"https:\/\/veritasinfo.org\/?p=7918#primaryimage","url":"https:\/\/veritasinfo.org\/wp-content\/uploads\/2025\/08\/protesta-srb.jpg","contentUrl":"https:\/\/veritasinfo.org\/wp-content\/uploads\/2025\/08\/protesta-srb.jpg","width":1000,"height":560},{"@type":"BreadcrumbList","@id":"https:\/\/veritasinfo.org\/?p=7918#breadcrumb","itemListElement":[{"@type":"ListItem","position":1,"name":"Home","item":"https:\/\/veritasinfo.org\/"},{"@type":"ListItem","position":2,"name":"A &#8220;v\u00ebrsh\u00eblleu&#8221; Vu\u00e7i\u00e7 p\u00ebr fillimin e luft\u00ebs civile?"}]},{"@type":"WebSite","@id":"https:\/\/veritasinfo.org\/#website","url":"https:\/\/veritasinfo.org\/","name":"","description":"","potentialAction":[{"@type":"SearchAction","target":{"@type":"EntryPoint","urlTemplate":"https:\/\/veritasinfo.org\/?s={search_term_string}"},"query-input":{"@type":"PropertyValueSpecification","valueRequired":true,"valueName":"search_term_string"}}],"inLanguage":"en-US"},{"@type":"Person","@id":"https:\/\/veritasinfo.org\/#\/schema\/person\/c2b8be262ea994d0995addca692c5e98","name":"US1","image":{"@type":"ImageObject","inLanguage":"en-US","@id":"https:\/\/veritasinfo.org\/#\/schema\/person\/image\/","url":"https:\/\/secure.gravatar.com\/avatar\/4e96a59bd256abf9956eb9963ac891a47461ffb364d47b0e9aab113328fdb75b?s=96&d=mm&r=g","contentUrl":"https:\/\/secure.gravatar.com\/avatar\/4e96a59bd256abf9956eb9963ac891a47461ffb364d47b0e9aab113328fdb75b?s=96&d=mm&r=g","caption":"US1"},"url":"https:\/\/veritasinfo.org\/?author=2"}]}},"featured_image_urls":{"full":["https:\/\/veritasinfo.org\/wp-content\/uploads\/2025\/08\/protesta-srb.jpg",1000,560,false],"thumbnail":["https:\/\/veritasinfo.org\/wp-content\/uploads\/2025\/08\/protesta-srb-150x150.jpg",150,150,true],"medium":["https:\/\/veritasinfo.org\/wp-content\/uploads\/2025\/08\/protesta-srb-300x168.jpg",300,168,true],"medium_large":["https:\/\/veritasinfo.org\/wp-content\/uploads\/2025\/08\/protesta-srb-768x430.jpg",640,358,true],"large":["https:\/\/veritasinfo.org\/wp-content\/uploads\/2025\/08\/protesta-srb.jpg",640,358,false],"1536x1536":["https:\/\/veritasinfo.org\/wp-content\/uploads\/2025\/08\/protesta-srb.jpg",1000,560,false],"2048x2048":["https:\/\/veritasinfo.org\/wp-content\/uploads\/2025\/08\/protesta-srb.jpg",1000,560,false],"kreeti-slider-full":["https:\/\/veritasinfo.org\/wp-content\/uploads\/2025\/08\/protesta-srb.jpg",1000,560,false],"kreeti-featured":["https:\/\/veritasinfo.org\/wp-content\/uploads\/2025\/08\/protesta-srb.jpg",1000,560,false],"kreeti-medium":["https:\/\/veritasinfo.org\/wp-content\/uploads\/2025\/08\/protesta-srb.jpg",720,403,false],"kreeti-medium-square":["https:\/\/veritasinfo.org\/wp-content\/uploads\/2025\/08\/protesta-srb.jpg",350,196,false]},"author_info":{"info":["US1"]},"category_info":"<a href=\"https:\/\/veritasinfo.org\/?cat=93\" rel=\"category\">Politika<\/a>","tag_info":"Politika","comment_count":"0","_links":{"self":[{"href":"https:\/\/veritasinfo.org\/index.php?rest_route=\/wp\/v2\/posts\/7918","targetHints":{"allow":["GET"]}}],"collection":[{"href":"https:\/\/veritasinfo.org\/index.php?rest_route=\/wp\/v2\/posts"}],"about":[{"href":"https:\/\/veritasinfo.org\/index.php?rest_route=\/wp\/v2\/types\/post"}],"author":[{"embeddable":true,"href":"https:\/\/veritasinfo.org\/index.php?rest_route=\/wp\/v2\/users\/2"}],"replies":[{"embeddable":true,"href":"https:\/\/veritasinfo.org\/index.php?rest_route=%2Fwp%2Fv2%2Fcomments&post=7918"}],"version-history":[{"count":1,"href":"https:\/\/veritasinfo.org\/index.php?rest_route=\/wp\/v2\/posts\/7918\/revisions"}],"predecessor-version":[{"id":7920,"href":"https:\/\/veritasinfo.org\/index.php?rest_route=\/wp\/v2\/posts\/7918\/revisions\/7920"}],"wp:featuredmedia":[{"embeddable":true,"href":"https:\/\/veritasinfo.org\/index.php?rest_route=\/wp\/v2\/media\/7919"}],"wp:attachment":[{"href":"https:\/\/veritasinfo.org\/index.php?rest_route=%2Fwp%2Fv2%2Fmedia&parent=7918"}],"wp:term":[{"taxonomy":"category","embeddable":true,"href":"https:\/\/veritasinfo.org\/index.php?rest_route=%2Fwp%2Fv2%2Fcategories&post=7918"},{"taxonomy":"post_tag","embeddable":true,"href":"https:\/\/veritasinfo.org\/index.php?rest_route=%2Fwp%2Fv2%2Ftags&post=7918"}],"curies":[{"name":"wp","href":"https:\/\/api.w.org\/{rel}","templated":true}]}}