{"id":7913,"date":"2025-08-13T18:26:53","date_gmt":"2025-08-13T16:26:53","guid":{"rendered":"https:\/\/veritasinfo.org\/?p=7913"},"modified":"2025-08-13T18:26:53","modified_gmt":"2025-08-13T16:26:53","slug":"qeveria-e-kosoves-rikonfirmon-mbeshtetjen-per-shqiptaret-ne-lugine","status":"publish","type":"post","link":"https:\/\/veritasinfo.org\/?p=7913","title":{"rendered":"Qeveria e Kosov\u00ebs rikonfirmon mb\u00ebshtetjen p\u00ebr shqiptar\u00ebt n\u00eb Lugin\u00eb"},"content":{"rendered":"<p>Prishtin\u00eb, 13 Gusht 2025<\/p>\n<p><strong>Z\u00ebvend\u00ebskryeministri i par\u00eb n\u00eb detyr\u00eb p\u00ebr Integrim Evropian, Zhvillim dhe Dialog i Republik\u00ebs s\u00eb Kosov\u00ebs, Besnik Bislimi, priti sot n\u00eb nj\u00eb takim p\u00ebrfaq\u00ebsues politik\u00eb dhe institucional\u00eb nga Lugina e Preshev\u00ebs.<\/strong><\/p>\n<p>N\u00eb takim mor\u00ebn pjes\u00eb deputeti shqiptar n\u00eb Kuvendin e Serbis\u00eb, Shaip Kamberi, kryetarja e Komun\u00ebs s\u00eb Preshev\u00ebs, Ardita Sinani, si dhe kryetari i K\u00ebshillit Komb\u00ebtar Shqiptar, Enkel Rexhepi.<\/p>\n<p>Gjat\u00eb takimit u diskutua p\u00ebr gjendjen e p\u00ebrgjithshme n\u00eb Lugin\u00ebn e Preshev\u00ebs dhe p\u00ebrballjen e shqiptar\u00ebve me politika diskriminuese dhe shtyp\u00ebse nga autoritetet serbe. Pal\u00ebt adresuan gjithashtu sfidat me t\u00eb cilat p\u00ebrballen shqiptar\u00ebt n\u00eb rajonin e Sanxhakut, me theks t\u00eb ve\u00e7ant\u00eb n\u00eb ruajtjen dhe kultivimin e identitetit komb\u00ebtar.<\/p>\n<p>Z\u00ebvend\u00ebskryeministri Bislimi theksoi p\u00ebrkushtimin e Qeveris\u00eb s\u00eb Republik\u00ebs s\u00eb Kosov\u00ebs p\u00ebr t\u00eb vazhduar mb\u00ebshtetjen ndaj shqiptar\u00ebve n\u00eb Lugin\u00eb dhe Sanxhak, jo vet\u00ebm p\u00ebrmes promovimit t\u00eb kultur\u00ebs dhe identitetit komb\u00ebtar, por edhe p\u00ebrmes mb\u00ebshtetjes s\u00eb drejtp\u00ebrdrejt\u00eb p\u00ebr projekte dhe programe q\u00eb i p\u00ebrgjigjen nevojave t\u00eb komunitetit shqiptar n\u00eb k\u00ebto rajone.<\/p>\n<p>\u201cMb\u00ebshtetja p\u00ebr shqiptar\u00ebt n\u00eb Serbi nuk \u00ebsht\u00eb vet\u00ebm nj\u00eb nevoj\u00eb, por nj\u00eb domosdoshm\u00ebri,\u201d u shpreh Bislimi, duke ritheksuar r\u00ebnd\u00ebsin\u00eb e bashk\u00ebpunimit institucional dhe p\u00ebrkushtimit t\u00eb p\u00ebrbashk\u00ebt p\u00ebr t\u00eb drejtat e barabarta t\u00eb shqiptar\u00ebve n\u00eb Serbi.<\/p>\n","protected":false},"excerpt":{"rendered":"<p>Prishtin\u00eb, 13 Gusht 2025 Z\u00ebvend\u00ebskryeministri i par\u00eb n\u00eb detyr\u00eb p\u00ebr Integrim Evropian, Zhvillim dhe Dialog i Republik\u00ebs s\u00eb Kosov\u00ebs, Besnik Bislimi, priti sot n\u00eb nj\u00eb<\/p>\n","protected":false},"author":1,"featured_media":7914,"comment_status":"open","ping_status":"open","sticky":false,"template":"","format":"standard","meta":{"footnotes":""},"categories":[58],"tags":[],"class_list":["post-7913","post","type-post","status-publish","format-standard","has-post-thumbnail","hentry","category-politike-sq"],"yoast_head":"<!-- This site is optimized with the Yoast SEO plugin v25.3.1 - https:\/\/yoast.com\/wordpress\/plugins\/seo\/ -->\n<title>Qeveria e Kosov\u00ebs rikonfirmon mb\u00ebshtetjen p\u00ebr shqiptar\u00ebt n\u00eb Lugin\u00eb -<\/title>\n<meta name=\"robots\" content=\"index, follow, max-snippet:-1, max-image-preview:large, max-video-preview:-1\" \/>\n<link rel=\"canonical\" href=\"https:\/\/veritasinfo.org\/?p=7913\" \/>\n<meta property=\"og:locale\" content=\"en_US\" \/>\n<meta property=\"og:type\" content=\"article\" \/>\n<meta property=\"og:title\" content=\"Qeveria e Kosov\u00ebs rikonfirmon mb\u00ebshtetjen p\u00ebr shqiptar\u00ebt n\u00eb Lugin\u00eb -\" \/>\n<meta property=\"og:description\" content=\"Prishtin\u00eb, 13 Gusht 2025 Z\u00ebvend\u00ebskryeministri i par\u00eb n\u00eb detyr\u00eb p\u00ebr Integrim Evropian, Zhvillim dhe Dialog i Republik\u00ebs s\u00eb Kosov\u00ebs, Besnik Bislimi, priti sot n\u00eb nj\u00eb\" \/>\n<meta property=\"og:url\" content=\"https:\/\/veritasinfo.org\/?p=7913\" \/>\n<meta property=\"article:published_time\" content=\"2025-08-13T16:26:53+00:00\" \/>\n<meta property=\"og:image\" content=\"https:\/\/veritasinfo.org\/wp-content\/uploads\/2025\/08\/QEVERIAAA.jpg\" \/>\n\t<meta property=\"og:image:width\" content=\"780\" \/>\n\t<meta property=\"og:image:height\" content=\"500\" \/>\n\t<meta property=\"og:image:type\" content=\"image\/jpeg\" \/>\n<meta name=\"author\" content=\"admin\" \/>\n<meta name=\"twitter:card\" content=\"summary_large_image\" \/>\n<meta name=\"twitter:label1\" content=\"Written by\" \/>\n\t<meta name=\"twitter:data1\" content=\"admin\" \/>\n\t<meta name=\"twitter:label2\" content=\"Est. reading time\" \/>\n\t<meta name=\"twitter:data2\" content=\"2 minutes\" \/>\n<script type=\"application\/ld+json\" class=\"yoast-schema-graph\">{\"@context\":\"https:\/\/schema.org\",\"@graph\":[{\"@type\":\"WebPage\",\"@id\":\"https:\/\/veritasinfo.org\/?p=7913\",\"url\":\"https:\/\/veritasinfo.org\/?p=7913\",\"name\":\"Qeveria e Kosov\u00ebs rikonfirmon mb\u00ebshtetjen p\u00ebr shqiptar\u00ebt n\u00eb Lugin\u00eb -\",\"isPartOf\":{\"@id\":\"https:\/\/veritasinfo.org\/#website\"},\"primaryImageOfPage\":{\"@id\":\"https:\/\/veritasinfo.org\/?p=7913#primaryimage\"},\"image\":{\"@id\":\"https:\/\/veritasinfo.org\/?p=7913#primaryimage\"},\"thumbnailUrl\":\"https:\/\/veritasinfo.org\/wp-content\/uploads\/2025\/08\/QEVERIAAA.jpg\",\"datePublished\":\"2025-08-13T16:26:53+00:00\",\"author\":{\"@id\":\"https:\/\/veritasinfo.org\/#\/schema\/person\/7701f8c088bece422266b100a712374f\"},\"breadcrumb\":{\"@id\":\"https:\/\/veritasinfo.org\/?p=7913#breadcrumb\"},\"inLanguage\":\"en-US\",\"potentialAction\":[{\"@type\":\"ReadAction\",\"target\":[\"https:\/\/veritasinfo.org\/?p=7913\"]}]},{\"@type\":\"ImageObject\",\"inLanguage\":\"en-US\",\"@id\":\"https:\/\/veritasinfo.org\/?p=7913#primaryimage\",\"url\":\"https:\/\/veritasinfo.org\/wp-content\/uploads\/2025\/08\/QEVERIAAA.jpg\",\"contentUrl\":\"https:\/\/veritasinfo.org\/wp-content\/uploads\/2025\/08\/QEVERIAAA.jpg\",\"width\":780,\"height\":500},{\"@type\":\"BreadcrumbList\",\"@id\":\"https:\/\/veritasinfo.org\/?p=7913#breadcrumb\",\"itemListElement\":[{\"@type\":\"ListItem\",\"position\":1,\"name\":\"Home\",\"item\":\"https:\/\/veritasinfo.org\/\"},{\"@type\":\"ListItem\",\"position\":2,\"name\":\"Qeveria e Kosov\u00ebs rikonfirmon mb\u00ebshtetjen p\u00ebr shqiptar\u00ebt n\u00eb Lugin\u00eb\"}]},{\"@type\":\"WebSite\",\"@id\":\"https:\/\/veritasinfo.org\/#website\",\"url\":\"https:\/\/veritasinfo.org\/\",\"name\":\"\",\"description\":\"\",\"potentialAction\":[{\"@type\":\"SearchAction\",\"target\":{\"@type\":\"EntryPoint\",\"urlTemplate\":\"https:\/\/veritasinfo.org\/?s={search_term_string}\"},\"query-input\":{\"@type\":\"PropertyValueSpecification\",\"valueRequired\":true,\"valueName\":\"search_term_string\"}}],\"inLanguage\":\"en-US\"},{\"@type\":\"Person\",\"@id\":\"https:\/\/veritasinfo.org\/#\/schema\/person\/7701f8c088bece422266b100a712374f\",\"name\":\"admin\",\"image\":{\"@type\":\"ImageObject\",\"inLanguage\":\"en-US\",\"@id\":\"https:\/\/veritasinfo.org\/#\/schema\/person\/image\/\",\"url\":\"https:\/\/secure.gravatar.com\/avatar\/ea53aa3bf6c9a12d5fde8ce4deff43fef3885ae33cf60184161a50d6987cfd2f?s=96&d=mm&r=g\",\"contentUrl\":\"https:\/\/secure.gravatar.com\/avatar\/ea53aa3bf6c9a12d5fde8ce4deff43fef3885ae33cf60184161a50d6987cfd2f?s=96&d=mm&r=g\",\"caption\":\"admin\"},\"sameAs\":[\"https:\/\/veritasinfo.org\"],\"url\":\"https:\/\/veritasinfo.org\/?author=1\"}]}<\/script>\n<!-- \/ Yoast SEO plugin. -->","yoast_head_json":{"title":"Qeveria e Kosov\u00ebs rikonfirmon mb\u00ebshtetjen p\u00ebr shqiptar\u00ebt n\u00eb Lugin\u00eb -","robots":{"index":"index","follow":"follow","max-snippet":"max-snippet:-1","max-image-preview":"max-image-preview:large","max-video-preview":"max-video-preview:-1"},"canonical":"https:\/\/veritasinfo.org\/?p=7913","og_locale":"en_US","og_type":"article","og_title":"Qeveria e Kosov\u00ebs rikonfirmon mb\u00ebshtetjen p\u00ebr shqiptar\u00ebt n\u00eb Lugin\u00eb -","og_description":"Prishtin\u00eb, 13 Gusht 2025 Z\u00ebvend\u00ebskryeministri i par\u00eb n\u00eb detyr\u00eb p\u00ebr Integrim Evropian, Zhvillim dhe Dialog i Republik\u00ebs s\u00eb Kosov\u00ebs, Besnik Bislimi, priti sot n\u00eb nj\u00eb","og_url":"https:\/\/veritasinfo.org\/?p=7913","article_published_time":"2025-08-13T16:26:53+00:00","og_image":[{"width":780,"height":500,"url":"https:\/\/veritasinfo.org\/wp-content\/uploads\/2025\/08\/QEVERIAAA.jpg","type":"image\/jpeg"}],"author":"admin","twitter_card":"summary_large_image","twitter_misc":{"Written by":"admin","Est. reading time":"2 minutes"},"schema":{"@context":"https:\/\/schema.org","@graph":[{"@type":"WebPage","@id":"https:\/\/veritasinfo.org\/?p=7913","url":"https:\/\/veritasinfo.org\/?p=7913","name":"Qeveria e Kosov\u00ebs rikonfirmon mb\u00ebshtetjen p\u00ebr shqiptar\u00ebt n\u00eb Lugin\u00eb -","isPartOf":{"@id":"https:\/\/veritasinfo.org\/#website"},"primaryImageOfPage":{"@id":"https:\/\/veritasinfo.org\/?p=7913#primaryimage"},"image":{"@id":"https:\/\/veritasinfo.org\/?p=7913#primaryimage"},"thumbnailUrl":"https:\/\/veritasinfo.org\/wp-content\/uploads\/2025\/08\/QEVERIAAA.jpg","datePublished":"2025-08-13T16:26:53+00:00","author":{"@id":"https:\/\/veritasinfo.org\/#\/schema\/person\/7701f8c088bece422266b100a712374f"},"breadcrumb":{"@id":"https:\/\/veritasinfo.org\/?p=7913#breadcrumb"},"inLanguage":"en-US","potentialAction":[{"@type":"ReadAction","target":["https:\/\/veritasinfo.org\/?p=7913"]}]},{"@type":"ImageObject","inLanguage":"en-US","@id":"https:\/\/veritasinfo.org\/?p=7913#primaryimage","url":"https:\/\/veritasinfo.org\/wp-content\/uploads\/2025\/08\/QEVERIAAA.jpg","contentUrl":"https:\/\/veritasinfo.org\/wp-content\/uploads\/2025\/08\/QEVERIAAA.jpg","width":780,"height":500},{"@type":"BreadcrumbList","@id":"https:\/\/veritasinfo.org\/?p=7913#breadcrumb","itemListElement":[{"@type":"ListItem","position":1,"name":"Home","item":"https:\/\/veritasinfo.org\/"},{"@type":"ListItem","position":2,"name":"Qeveria e Kosov\u00ebs rikonfirmon mb\u00ebshtetjen p\u00ebr shqiptar\u00ebt n\u00eb Lugin\u00eb"}]},{"@type":"WebSite","@id":"https:\/\/veritasinfo.org\/#website","url":"https:\/\/veritasinfo.org\/","name":"","description":"","potentialAction":[{"@type":"SearchAction","target":{"@type":"EntryPoint","urlTemplate":"https:\/\/veritasinfo.org\/?s={search_term_string}"},"query-input":{"@type":"PropertyValueSpecification","valueRequired":true,"valueName":"search_term_string"}}],"inLanguage":"en-US"},{"@type":"Person","@id":"https:\/\/veritasinfo.org\/#\/schema\/person\/7701f8c088bece422266b100a712374f","name":"admin","image":{"@type":"ImageObject","inLanguage":"en-US","@id":"https:\/\/veritasinfo.org\/#\/schema\/person\/image\/","url":"https:\/\/secure.gravatar.com\/avatar\/ea53aa3bf6c9a12d5fde8ce4deff43fef3885ae33cf60184161a50d6987cfd2f?s=96&d=mm&r=g","contentUrl":"https:\/\/secure.gravatar.com\/avatar\/ea53aa3bf6c9a12d5fde8ce4deff43fef3885ae33cf60184161a50d6987cfd2f?s=96&d=mm&r=g","caption":"admin"},"sameAs":["https:\/\/veritasinfo.org"],"url":"https:\/\/veritasinfo.org\/?author=1"}]}},"featured_image_urls":{"full":["https:\/\/veritasinfo.org\/wp-content\/uploads\/2025\/08\/QEVERIAAA.jpg",780,500,false],"thumbnail":["https:\/\/veritasinfo.org\/wp-content\/uploads\/2025\/08\/QEVERIAAA-150x150.jpg",150,150,true],"medium":["https:\/\/veritasinfo.org\/wp-content\/uploads\/2025\/08\/QEVERIAAA-300x192.jpg",300,192,true],"medium_large":["https:\/\/veritasinfo.org\/wp-content\/uploads\/2025\/08\/QEVERIAAA-768x492.jpg",640,410,true],"large":["https:\/\/veritasinfo.org\/wp-content\/uploads\/2025\/08\/QEVERIAAA.jpg",640,410,false],"1536x1536":["https:\/\/veritasinfo.org\/wp-content\/uploads\/2025\/08\/QEVERIAAA.jpg",780,500,false],"2048x2048":["https:\/\/veritasinfo.org\/wp-content\/uploads\/2025\/08\/QEVERIAAA.jpg",780,500,false],"kreeti-slider-full":["https:\/\/veritasinfo.org\/wp-content\/uploads\/2025\/08\/QEVERIAAA.jpg",780,500,false],"kreeti-featured":["https:\/\/veritasinfo.org\/wp-content\/uploads\/2025\/08\/QEVERIAAA.jpg",780,500,false],"kreeti-medium":["https:\/\/veritasinfo.org\/wp-content\/uploads\/2025\/08\/QEVERIAAA.jpg",720,462,false],"kreeti-medium-square":["https:\/\/veritasinfo.org\/wp-content\/uploads\/2025\/08\/QEVERIAAA.jpg",350,224,false]},"author_info":{"info":["admin"]},"category_info":"<a href=\"https:\/\/veritasinfo.org\/?cat=58\" rel=\"category\">Politik\u00eb<\/a>","tag_info":"Politik\u00eb","comment_count":"0","_links":{"self":[{"href":"https:\/\/veritasinfo.org\/index.php?rest_route=\/wp\/v2\/posts\/7913","targetHints":{"allow":["GET"]}}],"collection":[{"href":"https:\/\/veritasinfo.org\/index.php?rest_route=\/wp\/v2\/posts"}],"about":[{"href":"https:\/\/veritasinfo.org\/index.php?rest_route=\/wp\/v2\/types\/post"}],"author":[{"embeddable":true,"href":"https:\/\/veritasinfo.org\/index.php?rest_route=\/wp\/v2\/users\/1"}],"replies":[{"embeddable":true,"href":"https:\/\/veritasinfo.org\/index.php?rest_route=%2Fwp%2Fv2%2Fcomments&post=7913"}],"version-history":[{"count":1,"href":"https:\/\/veritasinfo.org\/index.php?rest_route=\/wp\/v2\/posts\/7913\/revisions"}],"predecessor-version":[{"id":7915,"href":"https:\/\/veritasinfo.org\/index.php?rest_route=\/wp\/v2\/posts\/7913\/revisions\/7915"}],"wp:featuredmedia":[{"embeddable":true,"href":"https:\/\/veritasinfo.org\/index.php?rest_route=\/wp\/v2\/media\/7914"}],"wp:attachment":[{"href":"https:\/\/veritasinfo.org\/index.php?rest_route=%2Fwp%2Fv2%2Fmedia&parent=7913"}],"wp:term":[{"taxonomy":"category","embeddable":true,"href":"https:\/\/veritasinfo.org\/index.php?rest_route=%2Fwp%2Fv2%2Fcategories&post=7913"},{"taxonomy":"post_tag","embeddable":true,"href":"https:\/\/veritasinfo.org\/index.php?rest_route=%2Fwp%2Fv2%2Ftags&post=7913"}],"curies":[{"name":"wp","href":"https:\/\/api.w.org\/{rel}","templated":true}]}}