{"id":790,"date":"2025-06-17T08:19:05","date_gmt":"2025-06-17T06:19:05","guid":{"rendered":"https:\/\/veritasinfo.org\/?p=790"},"modified":"2025-06-17T08:19:05","modified_gmt":"2025-06-17T06:19:05","slug":"fdh-aktakuzat-dhe-gjykimet-e-shumta-ne-mungese-ne-kosove-jane-pasoje-e-politikave-te-autoriteteve-serbe","status":"publish","type":"post","link":"https:\/\/veritasinfo.org\/?p=790","title":{"rendered":"FDH: Aktakuzat dhe gjykimet e shumta n\u00eb munges\u00eb n\u00eb Kosov\u00eb jan\u00eb pasoj\u00eb e politikave t\u00eb autoriteteve serbe"},"content":{"rendered":"<p><strong>Prishtin\u00eb, 17 Qershor, 2025<\/strong><\/p>\n<p>&#8220;Padi dhe gjykime t\u00eb shumta n\u00eb munges\u00eb n\u00eb Kosov\u00eb jan\u00eb pasoj\u00eb e politik\u00ebs s\u00eb autoriteteve serbe&#8221;, tha Fondi p\u00ebr t\u00eb Drejt\u00ebn Humanitare n\u00eb dit\u00ebn e fillimit t\u00eb gjykimit n\u00eb munges\u00eb q\u00eb autoritetet gjyq\u00ebsore t\u00eb Kosov\u00ebs po zhvillojn\u00eb kund\u00ebr 53 an\u00ebtar\u00ebve t\u00eb forcave t\u00eb siguris\u00eb serbe p\u00ebr vrasjen e 370 civil\u00ebve shqiptar\u00eb n\u00eb vitin 1999. Sipas t\u00eb dh\u00ebnave t\u00eb FDH-s\u00eb, t\u00eb pandehurit akuzohen p\u00ebr bashk\u00ebpunim n\u00eb nd\u00ebrmarrjen e p\u00ebrbashk\u00ebt kriminale (NPK) gjat\u00eb operacionit &#8220;Lumi i Keq&#8221;, n\u00eb t\u00eb cilin u vran\u00eb 370 civil\u00eb shqiptar\u00eb n\u00eb fshatrat Mej\u00eb, Korenic\u00eb, Pacaj, Racaj, Nec, Dobrosh, Ramoc dhe Bishtazhin.<\/p>\n<p>N\u00eb k\u00ebt\u00eb deklarat\u00eb, Fondi p\u00ebr t\u00eb Drejt\u00ebn Humanitare thekson se \u00ebsht\u00eb n\u00eb favor t\u00eb gjykimit n\u00eb munges\u00eb n\u00eb k\u00ebto raste, t\u00eb cilat ata i besojn\u00eb si nj\u00eb \u00e7\u00ebshtje politike, jo ligjore &#8211; nj\u00eb pasoj\u00eb e politik\u00ebs s\u00eb autoriteteve serbe n\u00eb k\u00ebto raste.<\/p>\n<p>&#8220;Relativizimi i krimeve t\u00eb luft\u00ebs n\u00eb Kosov\u00eb; mbrojtja e oficer\u00ebve t\u00eb lart\u00eb t\u00eb UJ-s\u00eb dhe MPB-s\u00eb, p\u00ebrgjegj\u00ebsia e t\u00eb cil\u00ebve u v\u00ebrtetua n\u00eb procedurat kund\u00ebr Slobodan Millosheviqit, Nebojsha Pavkoviqit, Vladimir Lazareviqit, Dragoljub Ojdaniqit, Sreten Lukiqit dhe Vlastimir Gjorgjeviqit; refuzimi p\u00ebr t\u00eb bashk\u00ebpunuar me gjyq\u00ebsorin e Kosov\u00ebs; nd\u00ebrhyrja e drejtp\u00ebrdrejt\u00eb politike n\u00eb pun\u00ebn e Zyr\u00ebs s\u00eb Prokurorit t\u00eb Krimeve t\u00eb Luft\u00ebs p\u00ebrmes k\u00ebrkesave q\u00eb p\u00ebrpar\u00ebsi t&#8217;i jepet ndjekjes penale t\u00eb krimeve kund\u00ebr serb\u00ebve, gj\u00eb q\u00eb rezultoi n\u00eb padi kund\u00ebr shqiptar\u00ebve q\u00eb nuk jan\u00eb t\u00eb arritshme p\u00ebr gjyq\u00ebsorin serb; dhe krijimi i nj\u00eb klime politike dhe shoq\u00ebrore n\u00eb t\u00eb cil\u00ebn gjykimet nd\u00ebrkomb\u00ebtare dhe faktet e v\u00ebrtetuara interpretohen nga kriminel\u00ebt e d\u00ebnuar t\u00eb luft\u00ebs&#8221;.<\/p>\n<p>FDH beson se Prokuroria Serbe e Krimeve t\u00eb Luft\u00ebs mban p\u00ebrgjegj\u00ebsi institucionale p\u00ebr mosveprimin sipas ligjit n\u00eb vitin 2015.<\/p>\n","protected":false},"excerpt":{"rendered":"<p>Prishtin\u00eb, 17 Qershor, 2025 &#8220;Padi dhe gjykime t\u00eb shumta n\u00eb munges\u00eb n\u00eb Kosov\u00eb jan\u00eb pasoj\u00eb e politik\u00ebs s\u00eb autoriteteve serbe&#8221;, tha Fondi p\u00ebr t\u00eb Drejt\u00ebn<\/p>\n","protected":false},"author":2,"featured_media":791,"comment_status":"open","ping_status":"open","sticky":false,"template":"","format":"standard","meta":{"footnotes":""},"categories":[60],"tags":[],"class_list":["post-790","post","type-post","status-publish","format-standard","has-post-thumbnail","hentry","category-shoqerore-sq"],"yoast_head":"<!-- This site is optimized with the Yoast SEO plugin v25.3.1 - https:\/\/yoast.com\/wordpress\/plugins\/seo\/ -->\n<title>FDH: Aktakuzat dhe gjykimet e shumta n\u00eb munges\u00eb n\u00eb Kosov\u00eb jan\u00eb pasoj\u00eb e politikave t\u00eb autoriteteve serbe -<\/title>\n<meta name=\"robots\" content=\"index, follow, max-snippet:-1, max-image-preview:large, max-video-preview:-1\" \/>\n<link rel=\"canonical\" href=\"https:\/\/veritasinfo.org\/?p=790\" \/>\n<meta property=\"og:locale\" content=\"en_US\" \/>\n<meta property=\"og:type\" content=\"article\" \/>\n<meta property=\"og:title\" content=\"FDH: Aktakuzat dhe gjykimet e shumta n\u00eb munges\u00eb n\u00eb Kosov\u00eb jan\u00eb pasoj\u00eb e politikave t\u00eb autoriteteve serbe -\" \/>\n<meta property=\"og:description\" content=\"Prishtin\u00eb, 17 Qershor, 2025 &#8220;Padi dhe gjykime t\u00eb shumta n\u00eb munges\u00eb n\u00eb Kosov\u00eb jan\u00eb pasoj\u00eb e politik\u00ebs s\u00eb autoriteteve serbe&#8221;, tha Fondi p\u00ebr t\u00eb Drejt\u00ebn\" \/>\n<meta property=\"og:url\" content=\"https:\/\/veritasinfo.org\/?p=790\" \/>\n<meta property=\"article:published_time\" content=\"2025-06-17T06:19:05+00:00\" \/>\n<meta property=\"og:image\" content=\"https:\/\/veritasinfo.org\/wp-content\/uploads\/2025\/06\/fondi.png\" \/>\n\t<meta property=\"og:image:width\" content=\"1200\" \/>\n\t<meta property=\"og:image:height\" content=\"675\" \/>\n\t<meta property=\"og:image:type\" content=\"image\/png\" \/>\n<meta name=\"author\" content=\"US1\" \/>\n<meta name=\"twitter:card\" content=\"summary_large_image\" \/>\n<meta name=\"twitter:label1\" content=\"Written by\" \/>\n\t<meta name=\"twitter:data1\" content=\"US1\" \/>\n\t<meta name=\"twitter:label2\" content=\"Est. reading time\" \/>\n\t<meta name=\"twitter:data2\" content=\"2 minutes\" \/>\n<script type=\"application\/ld+json\" class=\"yoast-schema-graph\">{\"@context\":\"https:\/\/schema.org\",\"@graph\":[{\"@type\":\"WebPage\",\"@id\":\"https:\/\/veritasinfo.org\/?p=790\",\"url\":\"https:\/\/veritasinfo.org\/?p=790\",\"name\":\"FDH: Aktakuzat dhe gjykimet e shumta n\u00eb munges\u00eb n\u00eb Kosov\u00eb jan\u00eb pasoj\u00eb e politikave t\u00eb autoriteteve serbe -\",\"isPartOf\":{\"@id\":\"https:\/\/veritasinfo.org\/#website\"},\"primaryImageOfPage\":{\"@id\":\"https:\/\/veritasinfo.org\/?p=790#primaryimage\"},\"image\":{\"@id\":\"https:\/\/veritasinfo.org\/?p=790#primaryimage\"},\"thumbnailUrl\":\"https:\/\/veritasinfo.org\/wp-content\/uploads\/2025\/06\/fondi.png\",\"datePublished\":\"2025-06-17T06:19:05+00:00\",\"author\":{\"@id\":\"https:\/\/veritasinfo.org\/#\/schema\/person\/c2b8be262ea994d0995addca692c5e98\"},\"breadcrumb\":{\"@id\":\"https:\/\/veritasinfo.org\/?p=790#breadcrumb\"},\"inLanguage\":\"en-US\",\"potentialAction\":[{\"@type\":\"ReadAction\",\"target\":[\"https:\/\/veritasinfo.org\/?p=790\"]}]},{\"@type\":\"ImageObject\",\"inLanguage\":\"en-US\",\"@id\":\"https:\/\/veritasinfo.org\/?p=790#primaryimage\",\"url\":\"https:\/\/veritasinfo.org\/wp-content\/uploads\/2025\/06\/fondi.png\",\"contentUrl\":\"https:\/\/veritasinfo.org\/wp-content\/uploads\/2025\/06\/fondi.png\",\"width\":1200,\"height\":675},{\"@type\":\"BreadcrumbList\",\"@id\":\"https:\/\/veritasinfo.org\/?p=790#breadcrumb\",\"itemListElement\":[{\"@type\":\"ListItem\",\"position\":1,\"name\":\"Home\",\"item\":\"https:\/\/veritasinfo.org\/\"},{\"@type\":\"ListItem\",\"position\":2,\"name\":\"FDH: Aktakuzat dhe gjykimet e shumta n\u00eb munges\u00eb n\u00eb Kosov\u00eb jan\u00eb pasoj\u00eb e politikave t\u00eb autoriteteve serbe\"}]},{\"@type\":\"WebSite\",\"@id\":\"https:\/\/veritasinfo.org\/#website\",\"url\":\"https:\/\/veritasinfo.org\/\",\"name\":\"\",\"description\":\"\",\"potentialAction\":[{\"@type\":\"SearchAction\",\"target\":{\"@type\":\"EntryPoint\",\"urlTemplate\":\"https:\/\/veritasinfo.org\/?s={search_term_string}\"},\"query-input\":{\"@type\":\"PropertyValueSpecification\",\"valueRequired\":true,\"valueName\":\"search_term_string\"}}],\"inLanguage\":\"en-US\"},{\"@type\":\"Person\",\"@id\":\"https:\/\/veritasinfo.org\/#\/schema\/person\/c2b8be262ea994d0995addca692c5e98\",\"name\":\"US1\",\"image\":{\"@type\":\"ImageObject\",\"inLanguage\":\"en-US\",\"@id\":\"https:\/\/veritasinfo.org\/#\/schema\/person\/image\/\",\"url\":\"https:\/\/secure.gravatar.com\/avatar\/4e96a59bd256abf9956eb9963ac891a47461ffb364d47b0e9aab113328fdb75b?s=96&d=mm&r=g\",\"contentUrl\":\"https:\/\/secure.gravatar.com\/avatar\/4e96a59bd256abf9956eb9963ac891a47461ffb364d47b0e9aab113328fdb75b?s=96&d=mm&r=g\",\"caption\":\"US1\"},\"url\":\"https:\/\/veritasinfo.org\/?author=2\"}]}<\/script>\n<!-- \/ Yoast SEO plugin. -->","yoast_head_json":{"title":"FDH: Aktakuzat dhe gjykimet e shumta n\u00eb munges\u00eb n\u00eb Kosov\u00eb jan\u00eb pasoj\u00eb e politikave t\u00eb autoriteteve serbe -","robots":{"index":"index","follow":"follow","max-snippet":"max-snippet:-1","max-image-preview":"max-image-preview:large","max-video-preview":"max-video-preview:-1"},"canonical":"https:\/\/veritasinfo.org\/?p=790","og_locale":"en_US","og_type":"article","og_title":"FDH: Aktakuzat dhe gjykimet e shumta n\u00eb munges\u00eb n\u00eb Kosov\u00eb jan\u00eb pasoj\u00eb e politikave t\u00eb autoriteteve serbe -","og_description":"Prishtin\u00eb, 17 Qershor, 2025 &#8220;Padi dhe gjykime t\u00eb shumta n\u00eb munges\u00eb n\u00eb Kosov\u00eb jan\u00eb pasoj\u00eb e politik\u00ebs s\u00eb autoriteteve serbe&#8221;, tha Fondi p\u00ebr t\u00eb Drejt\u00ebn","og_url":"https:\/\/veritasinfo.org\/?p=790","article_published_time":"2025-06-17T06:19:05+00:00","og_image":[{"width":1200,"height":675,"url":"https:\/\/veritasinfo.org\/wp-content\/uploads\/2025\/06\/fondi.png","type":"image\/png"}],"author":"US1","twitter_card":"summary_large_image","twitter_misc":{"Written by":"US1","Est. reading time":"2 minutes"},"schema":{"@context":"https:\/\/schema.org","@graph":[{"@type":"WebPage","@id":"https:\/\/veritasinfo.org\/?p=790","url":"https:\/\/veritasinfo.org\/?p=790","name":"FDH: Aktakuzat dhe gjykimet e shumta n\u00eb munges\u00eb n\u00eb Kosov\u00eb jan\u00eb pasoj\u00eb e politikave t\u00eb autoriteteve serbe -","isPartOf":{"@id":"https:\/\/veritasinfo.org\/#website"},"primaryImageOfPage":{"@id":"https:\/\/veritasinfo.org\/?p=790#primaryimage"},"image":{"@id":"https:\/\/veritasinfo.org\/?p=790#primaryimage"},"thumbnailUrl":"https:\/\/veritasinfo.org\/wp-content\/uploads\/2025\/06\/fondi.png","datePublished":"2025-06-17T06:19:05+00:00","author":{"@id":"https:\/\/veritasinfo.org\/#\/schema\/person\/c2b8be262ea994d0995addca692c5e98"},"breadcrumb":{"@id":"https:\/\/veritasinfo.org\/?p=790#breadcrumb"},"inLanguage":"en-US","potentialAction":[{"@type":"ReadAction","target":["https:\/\/veritasinfo.org\/?p=790"]}]},{"@type":"ImageObject","inLanguage":"en-US","@id":"https:\/\/veritasinfo.org\/?p=790#primaryimage","url":"https:\/\/veritasinfo.org\/wp-content\/uploads\/2025\/06\/fondi.png","contentUrl":"https:\/\/veritasinfo.org\/wp-content\/uploads\/2025\/06\/fondi.png","width":1200,"height":675},{"@type":"BreadcrumbList","@id":"https:\/\/veritasinfo.org\/?p=790#breadcrumb","itemListElement":[{"@type":"ListItem","position":1,"name":"Home","item":"https:\/\/veritasinfo.org\/"},{"@type":"ListItem","position":2,"name":"FDH: Aktakuzat dhe gjykimet e shumta n\u00eb munges\u00eb n\u00eb Kosov\u00eb jan\u00eb pasoj\u00eb e politikave t\u00eb autoriteteve serbe"}]},{"@type":"WebSite","@id":"https:\/\/veritasinfo.org\/#website","url":"https:\/\/veritasinfo.org\/","name":"","description":"","potentialAction":[{"@type":"SearchAction","target":{"@type":"EntryPoint","urlTemplate":"https:\/\/veritasinfo.org\/?s={search_term_string}"},"query-input":{"@type":"PropertyValueSpecification","valueRequired":true,"valueName":"search_term_string"}}],"inLanguage":"en-US"},{"@type":"Person","@id":"https:\/\/veritasinfo.org\/#\/schema\/person\/c2b8be262ea994d0995addca692c5e98","name":"US1","image":{"@type":"ImageObject","inLanguage":"en-US","@id":"https:\/\/veritasinfo.org\/#\/schema\/person\/image\/","url":"https:\/\/secure.gravatar.com\/avatar\/4e96a59bd256abf9956eb9963ac891a47461ffb364d47b0e9aab113328fdb75b?s=96&d=mm&r=g","contentUrl":"https:\/\/secure.gravatar.com\/avatar\/4e96a59bd256abf9956eb9963ac891a47461ffb364d47b0e9aab113328fdb75b?s=96&d=mm&r=g","caption":"US1"},"url":"https:\/\/veritasinfo.org\/?author=2"}]}},"featured_image_urls":{"full":["https:\/\/veritasinfo.org\/wp-content\/uploads\/2025\/06\/fondi.png",1200,675,false],"thumbnail":["https:\/\/veritasinfo.org\/wp-content\/uploads\/2025\/06\/fondi-150x150.png",150,150,true],"medium":["https:\/\/veritasinfo.org\/wp-content\/uploads\/2025\/06\/fondi-300x169.png",300,169,true],"medium_large":["https:\/\/veritasinfo.org\/wp-content\/uploads\/2025\/06\/fondi-768x432.png",640,360,true],"large":["https:\/\/veritasinfo.org\/wp-content\/uploads\/2025\/06\/fondi-1024x576.png",640,360,true],"1536x1536":["https:\/\/veritasinfo.org\/wp-content\/uploads\/2025\/06\/fondi.png",1200,675,false],"2048x2048":["https:\/\/veritasinfo.org\/wp-content\/uploads\/2025\/06\/fondi.png",1200,675,false],"kreeti-slider-full":["https:\/\/veritasinfo.org\/wp-content\/uploads\/2025\/06\/fondi.png",1200,675,false],"kreeti-featured":["https:\/\/veritasinfo.org\/wp-content\/uploads\/2025\/06\/fondi.png",1024,576,false],"kreeti-medium":["https:\/\/veritasinfo.org\/wp-content\/uploads\/2025\/06\/fondi.png",720,405,false],"kreeti-medium-square":["https:\/\/veritasinfo.org\/wp-content\/uploads\/2025\/06\/fondi.png",350,197,false]},"author_info":{"info":["US1"]},"category_info":"<a href=\"https:\/\/veritasinfo.org\/?cat=60\" rel=\"category\">Shoq\u00ebrore<\/a>","tag_info":"Shoq\u00ebrore","comment_count":"0","_links":{"self":[{"href":"https:\/\/veritasinfo.org\/index.php?rest_route=\/wp\/v2\/posts\/790","targetHints":{"allow":["GET"]}}],"collection":[{"href":"https:\/\/veritasinfo.org\/index.php?rest_route=\/wp\/v2\/posts"}],"about":[{"href":"https:\/\/veritasinfo.org\/index.php?rest_route=\/wp\/v2\/types\/post"}],"author":[{"embeddable":true,"href":"https:\/\/veritasinfo.org\/index.php?rest_route=\/wp\/v2\/users\/2"}],"replies":[{"embeddable":true,"href":"https:\/\/veritasinfo.org\/index.php?rest_route=%2Fwp%2Fv2%2Fcomments&post=790"}],"version-history":[{"count":1,"href":"https:\/\/veritasinfo.org\/index.php?rest_route=\/wp\/v2\/posts\/790\/revisions"}],"predecessor-version":[{"id":792,"href":"https:\/\/veritasinfo.org\/index.php?rest_route=\/wp\/v2\/posts\/790\/revisions\/792"}],"wp:featuredmedia":[{"embeddable":true,"href":"https:\/\/veritasinfo.org\/index.php?rest_route=\/wp\/v2\/media\/791"}],"wp:attachment":[{"href":"https:\/\/veritasinfo.org\/index.php?rest_route=%2Fwp%2Fv2%2Fmedia&parent=790"}],"wp:term":[{"taxonomy":"category","embeddable":true,"href":"https:\/\/veritasinfo.org\/index.php?rest_route=%2Fwp%2Fv2%2Fcategories&post=790"},{"taxonomy":"post_tag","embeddable":true,"href":"https:\/\/veritasinfo.org\/index.php?rest_route=%2Fwp%2Fv2%2Ftags&post=790"}],"curies":[{"name":"wp","href":"https:\/\/api.w.org\/{rel}","templated":true}]}}