{"id":7895,"date":"2025-08-13T15:17:54","date_gmt":"2025-08-13T13:17:54","guid":{"rendered":"https:\/\/veritasinfo.org\/?p=7895"},"modified":"2025-08-13T15:17:54","modified_gmt":"2025-08-13T13:17:54","slug":"gjenerali-amerikan-ne-kosove-prattipati-jep-detaje-rreth-vizites","status":"publish","type":"post","link":"https:\/\/veritasinfo.org\/?p=7895","title":{"rendered":"Gjenerali amerikan n\u00eb Kosov\u00eb, Prattipati jep detaje rreth vizit\u00ebs"},"content":{"rendered":"<p>Prishtin\u00eb, 13 Gusht 2025<\/p>\n<p>E ngarkuara me pun\u00eb n\u00eb Ambasad\u00ebn e Shteteve t\u00eb Bashkuara t\u00eb Amerik\u00ebs, Anu Prattipati, ka mir\u00ebpritur gjeneral brigade Sean Flynn, p\u00ebrfaq\u00ebsues ushtarak i SHBA-s\u00eb n\u00eb detyr\u00eb n\u00eb komitetin ushtarak t\u00eb Aleanc\u00ebs Veriatlantike.<\/p>\n<p>N\u00eb njoftimin e Ambasad\u00ebs s\u00eb SHBA-s\u00eb thuhet se gjat\u00eb vizit\u00ebs gjenerali Flynn do t\u00eb m\u00ebsoj\u00eb m\u00eb shum\u00eb rreth zhvillimeve n\u00eb marr\u00ebdh\u00ebniet mes Shteteve t\u00eb Bashkuara, Ministris\u00eb s\u00eb Mbrojtjes dhe FSK-s\u00eb.<\/p>\n<p>Ai do t\u00eb takohet me personelin amerikan n\u00eb \u201cBondsteel\u201d.<\/p>\n<p>\u201cGjat\u00eb vizit\u00ebs s\u00eb tij n\u00eb Kosov\u00eb, gjeneral brigade Flynn do t\u00eb m\u00ebsoj\u00eb m\u00eb shum\u00eb rreth zhvillimeve n\u00eb marr\u00ebdh\u00ebniet dypal\u00ebshe t\u00eb SHBA-s\u00eb me Ministrin\u00eb e Mbrojtjes dhe Forc\u00ebn e Siguris\u00eb s\u00eb Kosov\u00ebs dhe do t\u00eb takohet me personelin amerikan n\u00eb kampin \u2018Bondsteel\u2019 q\u00eb mb\u00ebshtet misionin e Forc\u00ebs s\u00eb NATO-s n\u00eb Kosov\u00eb \u2013 KFOR\u201d, thuhet n\u00eb njoftimin e Ambasad\u00ebs.<\/p>\n<p>&nbsp;<\/p>\n","protected":false},"excerpt":{"rendered":"<p>Prishtin\u00eb, 13 Gusht 2025 E ngarkuara me pun\u00eb n\u00eb Ambasad\u00ebn e Shteteve t\u00eb Bashkuara t\u00eb Amerik\u00ebs, Anu Prattipati, ka mir\u00ebpritur gjeneral brigade Sean Flynn, p\u00ebrfaq\u00ebsues<\/p>\n","protected":false},"author":1,"featured_media":7896,"comment_status":"open","ping_status":"open","sticky":false,"template":"","format":"standard","meta":{"footnotes":""},"categories":[93],"tags":[],"class_list":["post-7895","post","type-post","status-publish","format-standard","has-post-thumbnail","hentry","category-politika-sq"],"yoast_head":"<!-- This site is optimized with the Yoast SEO plugin v25.3.1 - https:\/\/yoast.com\/wordpress\/plugins\/seo\/ -->\n<title>Gjenerali amerikan n\u00eb Kosov\u00eb, Prattipati jep detaje rreth vizit\u00ebs -<\/title>\n<meta name=\"robots\" content=\"index, follow, max-snippet:-1, max-image-preview:large, max-video-preview:-1\" \/>\n<link rel=\"canonical\" href=\"https:\/\/veritasinfo.org\/?p=7895\" \/>\n<meta property=\"og:locale\" content=\"en_US\" \/>\n<meta property=\"og:type\" content=\"article\" \/>\n<meta property=\"og:title\" content=\"Gjenerali amerikan n\u00eb Kosov\u00eb, Prattipati jep detaje rreth vizit\u00ebs -\" \/>\n<meta property=\"og:description\" content=\"Prishtin\u00eb, 13 Gusht 2025 E ngarkuara me pun\u00eb n\u00eb Ambasad\u00ebn e Shteteve t\u00eb Bashkuara t\u00eb Amerik\u00ebs, Anu Prattipati, ka mir\u00ebpritur gjeneral brigade Sean Flynn, p\u00ebrfaq\u00ebsues\" \/>\n<meta property=\"og:url\" content=\"https:\/\/veritasinfo.org\/?p=7895\" \/>\n<meta property=\"article:published_time\" content=\"2025-08-13T13:17:54+00:00\" \/>\n<meta property=\"og:image\" content=\"https:\/\/veritasinfo.org\/wp-content\/uploads\/2025\/08\/IMG_2965.jpeg\" \/>\n\t<meta property=\"og:image:width\" content=\"900\" \/>\n\t<meta property=\"og:image:height\" content=\"600\" \/>\n\t<meta property=\"og:image:type\" content=\"image\/jpeg\" \/>\n<meta name=\"author\" content=\"admin\" \/>\n<meta name=\"twitter:card\" content=\"summary_large_image\" \/>\n<meta name=\"twitter:label1\" content=\"Written by\" \/>\n\t<meta name=\"twitter:data1\" content=\"admin\" \/>\n\t<meta name=\"twitter:label2\" content=\"Est. reading time\" \/>\n\t<meta name=\"twitter:data2\" content=\"1 minute\" \/>\n<script type=\"application\/ld+json\" class=\"yoast-schema-graph\">{\"@context\":\"https:\/\/schema.org\",\"@graph\":[{\"@type\":\"WebPage\",\"@id\":\"https:\/\/veritasinfo.org\/?p=7895\",\"url\":\"https:\/\/veritasinfo.org\/?p=7895\",\"name\":\"Gjenerali amerikan n\u00eb Kosov\u00eb, Prattipati jep detaje rreth vizit\u00ebs -\",\"isPartOf\":{\"@id\":\"https:\/\/veritasinfo.org\/#website\"},\"primaryImageOfPage\":{\"@id\":\"https:\/\/veritasinfo.org\/?p=7895#primaryimage\"},\"image\":{\"@id\":\"https:\/\/veritasinfo.org\/?p=7895#primaryimage\"},\"thumbnailUrl\":\"https:\/\/veritasinfo.org\/wp-content\/uploads\/2025\/08\/IMG_2965.jpeg\",\"datePublished\":\"2025-08-13T13:17:54+00:00\",\"author\":{\"@id\":\"https:\/\/veritasinfo.org\/#\/schema\/person\/7701f8c088bece422266b100a712374f\"},\"breadcrumb\":{\"@id\":\"https:\/\/veritasinfo.org\/?p=7895#breadcrumb\"},\"inLanguage\":\"en-US\",\"potentialAction\":[{\"@type\":\"ReadAction\",\"target\":[\"https:\/\/veritasinfo.org\/?p=7895\"]}]},{\"@type\":\"ImageObject\",\"inLanguage\":\"en-US\",\"@id\":\"https:\/\/veritasinfo.org\/?p=7895#primaryimage\",\"url\":\"https:\/\/veritasinfo.org\/wp-content\/uploads\/2025\/08\/IMG_2965.jpeg\",\"contentUrl\":\"https:\/\/veritasinfo.org\/wp-content\/uploads\/2025\/08\/IMG_2965.jpeg\",\"width\":900,\"height\":600},{\"@type\":\"BreadcrumbList\",\"@id\":\"https:\/\/veritasinfo.org\/?p=7895#breadcrumb\",\"itemListElement\":[{\"@type\":\"ListItem\",\"position\":1,\"name\":\"Home\",\"item\":\"https:\/\/veritasinfo.org\/\"},{\"@type\":\"ListItem\",\"position\":2,\"name\":\"Gjenerali amerikan n\u00eb Kosov\u00eb, Prattipati jep detaje rreth vizit\u00ebs\"}]},{\"@type\":\"WebSite\",\"@id\":\"https:\/\/veritasinfo.org\/#website\",\"url\":\"https:\/\/veritasinfo.org\/\",\"name\":\"\",\"description\":\"\",\"potentialAction\":[{\"@type\":\"SearchAction\",\"target\":{\"@type\":\"EntryPoint\",\"urlTemplate\":\"https:\/\/veritasinfo.org\/?s={search_term_string}\"},\"query-input\":{\"@type\":\"PropertyValueSpecification\",\"valueRequired\":true,\"valueName\":\"search_term_string\"}}],\"inLanguage\":\"en-US\"},{\"@type\":\"Person\",\"@id\":\"https:\/\/veritasinfo.org\/#\/schema\/person\/7701f8c088bece422266b100a712374f\",\"name\":\"admin\",\"image\":{\"@type\":\"ImageObject\",\"inLanguage\":\"en-US\",\"@id\":\"https:\/\/veritasinfo.org\/#\/schema\/person\/image\/\",\"url\":\"https:\/\/secure.gravatar.com\/avatar\/ea53aa3bf6c9a12d5fde8ce4deff43fef3885ae33cf60184161a50d6987cfd2f?s=96&d=mm&r=g\",\"contentUrl\":\"https:\/\/secure.gravatar.com\/avatar\/ea53aa3bf6c9a12d5fde8ce4deff43fef3885ae33cf60184161a50d6987cfd2f?s=96&d=mm&r=g\",\"caption\":\"admin\"},\"sameAs\":[\"https:\/\/veritasinfo.org\"],\"url\":\"https:\/\/veritasinfo.org\/?author=1\"}]}<\/script>\n<!-- \/ Yoast SEO plugin. -->","yoast_head_json":{"title":"Gjenerali amerikan n\u00eb Kosov\u00eb, Prattipati jep detaje rreth vizit\u00ebs -","robots":{"index":"index","follow":"follow","max-snippet":"max-snippet:-1","max-image-preview":"max-image-preview:large","max-video-preview":"max-video-preview:-1"},"canonical":"https:\/\/veritasinfo.org\/?p=7895","og_locale":"en_US","og_type":"article","og_title":"Gjenerali amerikan n\u00eb Kosov\u00eb, Prattipati jep detaje rreth vizit\u00ebs -","og_description":"Prishtin\u00eb, 13 Gusht 2025 E ngarkuara me pun\u00eb n\u00eb Ambasad\u00ebn e Shteteve t\u00eb Bashkuara t\u00eb Amerik\u00ebs, Anu Prattipati, ka mir\u00ebpritur gjeneral brigade Sean Flynn, p\u00ebrfaq\u00ebsues","og_url":"https:\/\/veritasinfo.org\/?p=7895","article_published_time":"2025-08-13T13:17:54+00:00","og_image":[{"width":900,"height":600,"url":"https:\/\/veritasinfo.org\/wp-content\/uploads\/2025\/08\/IMG_2965.jpeg","type":"image\/jpeg"}],"author":"admin","twitter_card":"summary_large_image","twitter_misc":{"Written by":"admin","Est. reading time":"1 minute"},"schema":{"@context":"https:\/\/schema.org","@graph":[{"@type":"WebPage","@id":"https:\/\/veritasinfo.org\/?p=7895","url":"https:\/\/veritasinfo.org\/?p=7895","name":"Gjenerali amerikan n\u00eb Kosov\u00eb, Prattipati jep detaje rreth vizit\u00ebs -","isPartOf":{"@id":"https:\/\/veritasinfo.org\/#website"},"primaryImageOfPage":{"@id":"https:\/\/veritasinfo.org\/?p=7895#primaryimage"},"image":{"@id":"https:\/\/veritasinfo.org\/?p=7895#primaryimage"},"thumbnailUrl":"https:\/\/veritasinfo.org\/wp-content\/uploads\/2025\/08\/IMG_2965.jpeg","datePublished":"2025-08-13T13:17:54+00:00","author":{"@id":"https:\/\/veritasinfo.org\/#\/schema\/person\/7701f8c088bece422266b100a712374f"},"breadcrumb":{"@id":"https:\/\/veritasinfo.org\/?p=7895#breadcrumb"},"inLanguage":"en-US","potentialAction":[{"@type":"ReadAction","target":["https:\/\/veritasinfo.org\/?p=7895"]}]},{"@type":"ImageObject","inLanguage":"en-US","@id":"https:\/\/veritasinfo.org\/?p=7895#primaryimage","url":"https:\/\/veritasinfo.org\/wp-content\/uploads\/2025\/08\/IMG_2965.jpeg","contentUrl":"https:\/\/veritasinfo.org\/wp-content\/uploads\/2025\/08\/IMG_2965.jpeg","width":900,"height":600},{"@type":"BreadcrumbList","@id":"https:\/\/veritasinfo.org\/?p=7895#breadcrumb","itemListElement":[{"@type":"ListItem","position":1,"name":"Home","item":"https:\/\/veritasinfo.org\/"},{"@type":"ListItem","position":2,"name":"Gjenerali amerikan n\u00eb Kosov\u00eb, Prattipati jep detaje rreth vizit\u00ebs"}]},{"@type":"WebSite","@id":"https:\/\/veritasinfo.org\/#website","url":"https:\/\/veritasinfo.org\/","name":"","description":"","potentialAction":[{"@type":"SearchAction","target":{"@type":"EntryPoint","urlTemplate":"https:\/\/veritasinfo.org\/?s={search_term_string}"},"query-input":{"@type":"PropertyValueSpecification","valueRequired":true,"valueName":"search_term_string"}}],"inLanguage":"en-US"},{"@type":"Person","@id":"https:\/\/veritasinfo.org\/#\/schema\/person\/7701f8c088bece422266b100a712374f","name":"admin","image":{"@type":"ImageObject","inLanguage":"en-US","@id":"https:\/\/veritasinfo.org\/#\/schema\/person\/image\/","url":"https:\/\/secure.gravatar.com\/avatar\/ea53aa3bf6c9a12d5fde8ce4deff43fef3885ae33cf60184161a50d6987cfd2f?s=96&d=mm&r=g","contentUrl":"https:\/\/secure.gravatar.com\/avatar\/ea53aa3bf6c9a12d5fde8ce4deff43fef3885ae33cf60184161a50d6987cfd2f?s=96&d=mm&r=g","caption":"admin"},"sameAs":["https:\/\/veritasinfo.org"],"url":"https:\/\/veritasinfo.org\/?author=1"}]}},"featured_image_urls":{"full":["https:\/\/veritasinfo.org\/wp-content\/uploads\/2025\/08\/IMG_2965.jpeg",900,600,false],"thumbnail":["https:\/\/veritasinfo.org\/wp-content\/uploads\/2025\/08\/IMG_2965-150x150.jpeg",150,150,true],"medium":["https:\/\/veritasinfo.org\/wp-content\/uploads\/2025\/08\/IMG_2965-300x200.jpeg",300,200,true],"medium_large":["https:\/\/veritasinfo.org\/wp-content\/uploads\/2025\/08\/IMG_2965-768x512.jpeg",640,427,true],"large":["https:\/\/veritasinfo.org\/wp-content\/uploads\/2025\/08\/IMG_2965.jpeg",640,427,false],"1536x1536":["https:\/\/veritasinfo.org\/wp-content\/uploads\/2025\/08\/IMG_2965.jpeg",900,600,false],"2048x2048":["https:\/\/veritasinfo.org\/wp-content\/uploads\/2025\/08\/IMG_2965.jpeg",900,600,false],"kreeti-slider-full":["https:\/\/veritasinfo.org\/wp-content\/uploads\/2025\/08\/IMG_2965.jpeg",900,600,false],"kreeti-featured":["https:\/\/veritasinfo.org\/wp-content\/uploads\/2025\/08\/IMG_2965.jpeg",900,600,false],"kreeti-medium":["https:\/\/veritasinfo.org\/wp-content\/uploads\/2025\/08\/IMG_2965.jpeg",720,480,false],"kreeti-medium-square":["https:\/\/veritasinfo.org\/wp-content\/uploads\/2025\/08\/IMG_2965.jpeg",350,233,false]},"author_info":{"info":["admin"]},"category_info":"<a href=\"https:\/\/veritasinfo.org\/?cat=93\" rel=\"category\">Politika<\/a>","tag_info":"Politika","comment_count":"0","_links":{"self":[{"href":"https:\/\/veritasinfo.org\/index.php?rest_route=\/wp\/v2\/posts\/7895","targetHints":{"allow":["GET"]}}],"collection":[{"href":"https:\/\/veritasinfo.org\/index.php?rest_route=\/wp\/v2\/posts"}],"about":[{"href":"https:\/\/veritasinfo.org\/index.php?rest_route=\/wp\/v2\/types\/post"}],"author":[{"embeddable":true,"href":"https:\/\/veritasinfo.org\/index.php?rest_route=\/wp\/v2\/users\/1"}],"replies":[{"embeddable":true,"href":"https:\/\/veritasinfo.org\/index.php?rest_route=%2Fwp%2Fv2%2Fcomments&post=7895"}],"version-history":[{"count":1,"href":"https:\/\/veritasinfo.org\/index.php?rest_route=\/wp\/v2\/posts\/7895\/revisions"}],"predecessor-version":[{"id":7897,"href":"https:\/\/veritasinfo.org\/index.php?rest_route=\/wp\/v2\/posts\/7895\/revisions\/7897"}],"wp:featuredmedia":[{"embeddable":true,"href":"https:\/\/veritasinfo.org\/index.php?rest_route=\/wp\/v2\/media\/7896"}],"wp:attachment":[{"href":"https:\/\/veritasinfo.org\/index.php?rest_route=%2Fwp%2Fv2%2Fmedia&parent=7895"}],"wp:term":[{"taxonomy":"category","embeddable":true,"href":"https:\/\/veritasinfo.org\/index.php?rest_route=%2Fwp%2Fv2%2Fcategories&post=7895"},{"taxonomy":"post_tag","embeddable":true,"href":"https:\/\/veritasinfo.org\/index.php?rest_route=%2Fwp%2Fv2%2Ftags&post=7895"}],"curies":[{"name":"wp","href":"https:\/\/api.w.org\/{rel}","templated":true}]}}