{"id":7889,"date":"2025-08-13T14:58:05","date_gmt":"2025-08-13T12:58:05","guid":{"rendered":"https:\/\/veritasinfo.org\/?p=7889"},"modified":"2025-08-13T15:10:06","modified_gmt":"2025-08-13T13:10:06","slug":"jetonte-ne-serbi-ky-eshte-shqiptari-nga-malisheva-qe-u-arrestua-per-krime-lufte","status":"publish","type":"post","link":"https:\/\/veritasinfo.org\/?p=7889","title":{"rendered":"I arrestuar p\u00ebr krime lufte n\u00eb Malishev\u00eb dhe q\u00eb jetonte n\u00eb Serbi \u00ebsht\u00eb Ramadan Morina"},"content":{"rendered":"<p>Prishtin\u00eb, 13 Gusht 2025<\/p>\n<p><strong>Prokuroria Speciale dhe Policia e Kosov\u00ebs kan\u00eb njoftuar se, m\u00ebngjesin e sot\u00ebm n\u00eb Prishtin\u00eb, \u00ebsht\u00eb arrestuar R. M., i dyshuar p\u00ebr \u201ckrime lufte kund\u00ebr popullsis\u00eb civile\u201d.<\/strong><\/p>\n<p>Sipas informacioneve t\u00eb Gazet\u00ebs Insajderi, i arrestuari \u00ebsht\u00eb shtetasi shqiptar me emrin Ramadan Morina.<\/p>\n<p>Morina dyshohet se, gjat\u00eb periudh\u00ebs 29\u201331 mars 1999, n\u00eb bashk\u00ebkryerje me pjes\u00ebtar\u00eb t\u00eb forcave policore dhe ushtarake serbe, ka marr\u00eb pjes\u00eb n\u00eb masakr\u00ebn e 34 civil\u00ebve shqiptar\u00eb n\u00eb fshatin Burim, Komuna e Malishev\u00ebs.<\/p>\n<p>Po sipas burimeve t\u00eb Insajderit, Morina jetonte n\u00eb Serbi dhe punonte si taksist.<\/p>\n<p>\u201cGjat\u00eb hetimeve jan\u00eb siguruar prova materiale, p\u00ebrfshir\u00eb d\u00ebshmi t\u00eb d\u00ebshmitar\u00ebve okular\u00eb dhe t\u00eb mbijetuarve\u201d, thuhet n\u00eb njoftimin e Prokuroris\u00eb.<\/p>\n<p>Prokuroria Speciale ka b\u00ebr\u00eb t\u00eb ditur se, brenda afatit ligjor, do t\u00eb paraqes\u00eb k\u00ebrkes\u00ebn p\u00ebr caktimin e mas\u00ebs s\u00eb paraburgimit ndaj t\u00eb arrestuarit n\u00eb Gjykat\u00ebn Themelore t\u00eb Prishtin\u00ebs \u2013 Departamenti Special.<\/p>\n","protected":false},"excerpt":{"rendered":"<p>Prishtin\u00eb, 13 Gusht 2025 Prokuroria Speciale dhe Policia e Kosov\u00ebs kan\u00eb njoftuar se, m\u00ebngjesin e sot\u00ebm n\u00eb Prishtin\u00eb, \u00ebsht\u00eb arrestuar R. M., i dyshuar p\u00ebr<\/p>\n","protected":false},"author":1,"featured_media":7890,"comment_status":"open","ping_status":"open","sticky":false,"template":"","format":"standard","meta":{"footnotes":""},"categories":[60],"tags":[],"class_list":["post-7889","post","type-post","status-publish","format-standard","has-post-thumbnail","hentry","category-shoqerore-sq"],"yoast_head":"<!-- This site is optimized with the Yoast SEO plugin v25.3.1 - https:\/\/yoast.com\/wordpress\/plugins\/seo\/ -->\n<title>I arrestuar p\u00ebr krime lufte n\u00eb Malishev\u00eb dhe q\u00eb jetonte n\u00eb Serbi \u00ebsht\u00eb Ramadan Morina -<\/title>\n<meta name=\"robots\" content=\"index, follow, max-snippet:-1, max-image-preview:large, max-video-preview:-1\" \/>\n<link rel=\"canonical\" href=\"https:\/\/veritasinfo.org\/?p=7889\" \/>\n<meta property=\"og:locale\" content=\"en_US\" \/>\n<meta property=\"og:type\" content=\"article\" \/>\n<meta property=\"og:title\" content=\"I arrestuar p\u00ebr krime lufte n\u00eb Malishev\u00eb dhe q\u00eb jetonte n\u00eb Serbi \u00ebsht\u00eb Ramadan Morina -\" \/>\n<meta property=\"og:description\" content=\"Prishtin\u00eb, 13 Gusht 2025 Prokuroria Speciale dhe Policia e Kosov\u00ebs kan\u00eb njoftuar se, m\u00ebngjesin e sot\u00ebm n\u00eb Prishtin\u00eb, \u00ebsht\u00eb arrestuar R. M., i dyshuar p\u00ebr\" \/>\n<meta property=\"og:url\" content=\"https:\/\/veritasinfo.org\/?p=7889\" \/>\n<meta property=\"article:published_time\" content=\"2025-08-13T12:58:05+00:00\" \/>\n<meta property=\"article:modified_time\" content=\"2025-08-13T13:10:06+00:00\" \/>\n<meta property=\"og:image\" content=\"https:\/\/veritasinfo.org\/wp-content\/uploads\/2025\/08\/IMG_2484.webp\" \/>\n\t<meta property=\"og:image:width\" content=\"780\" \/>\n\t<meta property=\"og:image:height\" content=\"409\" \/>\n\t<meta property=\"og:image:type\" content=\"image\/webp\" \/>\n<meta name=\"author\" content=\"admin\" \/>\n<meta name=\"twitter:card\" content=\"summary_large_image\" \/>\n<meta name=\"twitter:label1\" content=\"Written by\" \/>\n\t<meta name=\"twitter:data1\" content=\"admin\" \/>\n\t<meta name=\"twitter:label2\" content=\"Est. reading time\" \/>\n\t<meta name=\"twitter:data2\" content=\"1 minute\" \/>\n<script type=\"application\/ld+json\" class=\"yoast-schema-graph\">{\"@context\":\"https:\/\/schema.org\",\"@graph\":[{\"@type\":\"WebPage\",\"@id\":\"https:\/\/veritasinfo.org\/?p=7889\",\"url\":\"https:\/\/veritasinfo.org\/?p=7889\",\"name\":\"I arrestuar p\u00ebr krime lufte n\u00eb Malishev\u00eb dhe q\u00eb jetonte n\u00eb Serbi \u00ebsht\u00eb Ramadan Morina -\",\"isPartOf\":{\"@id\":\"https:\/\/veritasinfo.org\/#website\"},\"primaryImageOfPage\":{\"@id\":\"https:\/\/veritasinfo.org\/?p=7889#primaryimage\"},\"image\":{\"@id\":\"https:\/\/veritasinfo.org\/?p=7889#primaryimage\"},\"thumbnailUrl\":\"https:\/\/veritasinfo.org\/wp-content\/uploads\/2025\/08\/IMG_2484.webp\",\"datePublished\":\"2025-08-13T12:58:05+00:00\",\"dateModified\":\"2025-08-13T13:10:06+00:00\",\"author\":{\"@id\":\"https:\/\/veritasinfo.org\/#\/schema\/person\/7701f8c088bece422266b100a712374f\"},\"breadcrumb\":{\"@id\":\"https:\/\/veritasinfo.org\/?p=7889#breadcrumb\"},\"inLanguage\":\"en-US\",\"potentialAction\":[{\"@type\":\"ReadAction\",\"target\":[\"https:\/\/veritasinfo.org\/?p=7889\"]}]},{\"@type\":\"ImageObject\",\"inLanguage\":\"en-US\",\"@id\":\"https:\/\/veritasinfo.org\/?p=7889#primaryimage\",\"url\":\"https:\/\/veritasinfo.org\/wp-content\/uploads\/2025\/08\/IMG_2484.webp\",\"contentUrl\":\"https:\/\/veritasinfo.org\/wp-content\/uploads\/2025\/08\/IMG_2484.webp\",\"width\":780,\"height\":409},{\"@type\":\"BreadcrumbList\",\"@id\":\"https:\/\/veritasinfo.org\/?p=7889#breadcrumb\",\"itemListElement\":[{\"@type\":\"ListItem\",\"position\":1,\"name\":\"Home\",\"item\":\"https:\/\/veritasinfo.org\/\"},{\"@type\":\"ListItem\",\"position\":2,\"name\":\"I arrestuar p\u00ebr krime lufte n\u00eb Malishev\u00eb dhe q\u00eb jetonte n\u00eb Serbi \u00ebsht\u00eb Ramadan Morina\"}]},{\"@type\":\"WebSite\",\"@id\":\"https:\/\/veritasinfo.org\/#website\",\"url\":\"https:\/\/veritasinfo.org\/\",\"name\":\"\",\"description\":\"\",\"potentialAction\":[{\"@type\":\"SearchAction\",\"target\":{\"@type\":\"EntryPoint\",\"urlTemplate\":\"https:\/\/veritasinfo.org\/?s={search_term_string}\"},\"query-input\":{\"@type\":\"PropertyValueSpecification\",\"valueRequired\":true,\"valueName\":\"search_term_string\"}}],\"inLanguage\":\"en-US\"},{\"@type\":\"Person\",\"@id\":\"https:\/\/veritasinfo.org\/#\/schema\/person\/7701f8c088bece422266b100a712374f\",\"name\":\"admin\",\"image\":{\"@type\":\"ImageObject\",\"inLanguage\":\"en-US\",\"@id\":\"https:\/\/veritasinfo.org\/#\/schema\/person\/image\/\",\"url\":\"https:\/\/secure.gravatar.com\/avatar\/ea53aa3bf6c9a12d5fde8ce4deff43fef3885ae33cf60184161a50d6987cfd2f?s=96&d=mm&r=g\",\"contentUrl\":\"https:\/\/secure.gravatar.com\/avatar\/ea53aa3bf6c9a12d5fde8ce4deff43fef3885ae33cf60184161a50d6987cfd2f?s=96&d=mm&r=g\",\"caption\":\"admin\"},\"sameAs\":[\"https:\/\/veritasinfo.org\"],\"url\":\"https:\/\/veritasinfo.org\/?author=1\"}]}<\/script>\n<!-- \/ Yoast SEO plugin. -->","yoast_head_json":{"title":"I arrestuar p\u00ebr krime lufte n\u00eb Malishev\u00eb dhe q\u00eb jetonte n\u00eb Serbi \u00ebsht\u00eb Ramadan Morina -","robots":{"index":"index","follow":"follow","max-snippet":"max-snippet:-1","max-image-preview":"max-image-preview:large","max-video-preview":"max-video-preview:-1"},"canonical":"https:\/\/veritasinfo.org\/?p=7889","og_locale":"en_US","og_type":"article","og_title":"I arrestuar p\u00ebr krime lufte n\u00eb Malishev\u00eb dhe q\u00eb jetonte n\u00eb Serbi \u00ebsht\u00eb Ramadan Morina -","og_description":"Prishtin\u00eb, 13 Gusht 2025 Prokuroria Speciale dhe Policia e Kosov\u00ebs kan\u00eb njoftuar se, m\u00ebngjesin e sot\u00ebm n\u00eb Prishtin\u00eb, \u00ebsht\u00eb arrestuar R. M., i dyshuar p\u00ebr","og_url":"https:\/\/veritasinfo.org\/?p=7889","article_published_time":"2025-08-13T12:58:05+00:00","article_modified_time":"2025-08-13T13:10:06+00:00","og_image":[{"width":780,"height":409,"url":"https:\/\/veritasinfo.org\/wp-content\/uploads\/2025\/08\/IMG_2484.webp","type":"image\/webp"}],"author":"admin","twitter_card":"summary_large_image","twitter_misc":{"Written by":"admin","Est. reading time":"1 minute"},"schema":{"@context":"https:\/\/schema.org","@graph":[{"@type":"WebPage","@id":"https:\/\/veritasinfo.org\/?p=7889","url":"https:\/\/veritasinfo.org\/?p=7889","name":"I arrestuar p\u00ebr krime lufte n\u00eb Malishev\u00eb dhe q\u00eb jetonte n\u00eb Serbi \u00ebsht\u00eb Ramadan Morina -","isPartOf":{"@id":"https:\/\/veritasinfo.org\/#website"},"primaryImageOfPage":{"@id":"https:\/\/veritasinfo.org\/?p=7889#primaryimage"},"image":{"@id":"https:\/\/veritasinfo.org\/?p=7889#primaryimage"},"thumbnailUrl":"https:\/\/veritasinfo.org\/wp-content\/uploads\/2025\/08\/IMG_2484.webp","datePublished":"2025-08-13T12:58:05+00:00","dateModified":"2025-08-13T13:10:06+00:00","author":{"@id":"https:\/\/veritasinfo.org\/#\/schema\/person\/7701f8c088bece422266b100a712374f"},"breadcrumb":{"@id":"https:\/\/veritasinfo.org\/?p=7889#breadcrumb"},"inLanguage":"en-US","potentialAction":[{"@type":"ReadAction","target":["https:\/\/veritasinfo.org\/?p=7889"]}]},{"@type":"ImageObject","inLanguage":"en-US","@id":"https:\/\/veritasinfo.org\/?p=7889#primaryimage","url":"https:\/\/veritasinfo.org\/wp-content\/uploads\/2025\/08\/IMG_2484.webp","contentUrl":"https:\/\/veritasinfo.org\/wp-content\/uploads\/2025\/08\/IMG_2484.webp","width":780,"height":409},{"@type":"BreadcrumbList","@id":"https:\/\/veritasinfo.org\/?p=7889#breadcrumb","itemListElement":[{"@type":"ListItem","position":1,"name":"Home","item":"https:\/\/veritasinfo.org\/"},{"@type":"ListItem","position":2,"name":"I arrestuar p\u00ebr krime lufte n\u00eb Malishev\u00eb dhe q\u00eb jetonte n\u00eb Serbi \u00ebsht\u00eb Ramadan Morina"}]},{"@type":"WebSite","@id":"https:\/\/veritasinfo.org\/#website","url":"https:\/\/veritasinfo.org\/","name":"","description":"","potentialAction":[{"@type":"SearchAction","target":{"@type":"EntryPoint","urlTemplate":"https:\/\/veritasinfo.org\/?s={search_term_string}"},"query-input":{"@type":"PropertyValueSpecification","valueRequired":true,"valueName":"search_term_string"}}],"inLanguage":"en-US"},{"@type":"Person","@id":"https:\/\/veritasinfo.org\/#\/schema\/person\/7701f8c088bece422266b100a712374f","name":"admin","image":{"@type":"ImageObject","inLanguage":"en-US","@id":"https:\/\/veritasinfo.org\/#\/schema\/person\/image\/","url":"https:\/\/secure.gravatar.com\/avatar\/ea53aa3bf6c9a12d5fde8ce4deff43fef3885ae33cf60184161a50d6987cfd2f?s=96&d=mm&r=g","contentUrl":"https:\/\/secure.gravatar.com\/avatar\/ea53aa3bf6c9a12d5fde8ce4deff43fef3885ae33cf60184161a50d6987cfd2f?s=96&d=mm&r=g","caption":"admin"},"sameAs":["https:\/\/veritasinfo.org"],"url":"https:\/\/veritasinfo.org\/?author=1"}]}},"featured_image_urls":{"full":["https:\/\/veritasinfo.org\/wp-content\/uploads\/2025\/08\/IMG_2484.webp",780,409,false],"thumbnail":["https:\/\/veritasinfo.org\/wp-content\/uploads\/2025\/08\/IMG_2484-150x150.webp",150,150,true],"medium":["https:\/\/veritasinfo.org\/wp-content\/uploads\/2025\/08\/IMG_2484-300x157.webp",300,157,true],"medium_large":["https:\/\/veritasinfo.org\/wp-content\/uploads\/2025\/08\/IMG_2484-768x403.webp",640,336,true],"large":["https:\/\/veritasinfo.org\/wp-content\/uploads\/2025\/08\/IMG_2484.webp",640,336,false],"1536x1536":["https:\/\/veritasinfo.org\/wp-content\/uploads\/2025\/08\/IMG_2484.webp",780,409,false],"2048x2048":["https:\/\/veritasinfo.org\/wp-content\/uploads\/2025\/08\/IMG_2484.webp",780,409,false],"kreeti-slider-full":["https:\/\/veritasinfo.org\/wp-content\/uploads\/2025\/08\/IMG_2484.webp",780,409,false],"kreeti-featured":["https:\/\/veritasinfo.org\/wp-content\/uploads\/2025\/08\/IMG_2484.webp",780,409,false],"kreeti-medium":["https:\/\/veritasinfo.org\/wp-content\/uploads\/2025\/08\/IMG_2484.webp",720,378,false],"kreeti-medium-square":["https:\/\/veritasinfo.org\/wp-content\/uploads\/2025\/08\/IMG_2484.webp",350,184,false]},"author_info":{"info":["admin"]},"category_info":"<a href=\"https:\/\/veritasinfo.org\/?cat=60\" rel=\"category\">Shoq\u00ebrore<\/a>","tag_info":"Shoq\u00ebrore","comment_count":"0","_links":{"self":[{"href":"https:\/\/veritasinfo.org\/index.php?rest_route=\/wp\/v2\/posts\/7889","targetHints":{"allow":["GET"]}}],"collection":[{"href":"https:\/\/veritasinfo.org\/index.php?rest_route=\/wp\/v2\/posts"}],"about":[{"href":"https:\/\/veritasinfo.org\/index.php?rest_route=\/wp\/v2\/types\/post"}],"author":[{"embeddable":true,"href":"https:\/\/veritasinfo.org\/index.php?rest_route=\/wp\/v2\/users\/1"}],"replies":[{"embeddable":true,"href":"https:\/\/veritasinfo.org\/index.php?rest_route=%2Fwp%2Fv2%2Fcomments&post=7889"}],"version-history":[{"count":3,"href":"https:\/\/veritasinfo.org\/index.php?rest_route=\/wp\/v2\/posts\/7889\/revisions"}],"predecessor-version":[{"id":7893,"href":"https:\/\/veritasinfo.org\/index.php?rest_route=\/wp\/v2\/posts\/7889\/revisions\/7893"}],"wp:featuredmedia":[{"embeddable":true,"href":"https:\/\/veritasinfo.org\/index.php?rest_route=\/wp\/v2\/media\/7890"}],"wp:attachment":[{"href":"https:\/\/veritasinfo.org\/index.php?rest_route=%2Fwp%2Fv2%2Fmedia&parent=7889"}],"wp:term":[{"taxonomy":"category","embeddable":true,"href":"https:\/\/veritasinfo.org\/index.php?rest_route=%2Fwp%2Fv2%2Fcategories&post=7889"},{"taxonomy":"post_tag","embeddable":true,"href":"https:\/\/veritasinfo.org\/index.php?rest_route=%2Fwp%2Fv2%2Ftags&post=7889"}],"curies":[{"name":"wp","href":"https:\/\/api.w.org\/{rel}","templated":true}]}}