{"id":7876,"date":"2025-08-13T13:31:53","date_gmt":"2025-08-13T11:31:53","guid":{"rendered":"https:\/\/veritasinfo.org\/?p=7876"},"modified":"2025-08-13T13:34:58","modified_gmt":"2025-08-13T11:34:58","slug":"nente-vatra-zjarri-aktive-dhe-23-te-arrestuar-per-zjarrvenie-ne-kosove","status":"publish","type":"post","link":"https:\/\/veritasinfo.org\/?p=7876","title":{"rendered":"N\u00ebnt\u00eb vatra zjarri aktive dhe 23 t\u00eb arrestuar p\u00ebr zjarrv\u00ebnie n\u00eb Kosov\u00eb"},"content":{"rendered":"<p>Prishtin\u00eb, 13 Gusht 2025<\/p>\n<p>N\u00ebnt\u00eb vatra zjarri jan\u00eb aktive n\u00eb gjith\u00eb Kosov\u00ebn dhe 23 persona jan\u00eb arrestuar n\u00ebn dyshimin p\u00ebr zjarrv\u00ebnie t\u00eb q\u00ebllimshme n\u00eb jav\u00ebn e fundit, njoftuan zyrtar\u00ebt t\u00eb m\u00ebrkur\u00ebn.<\/p>\n<p>Duke folur n\u00eb nj\u00eb konferenc\u00eb p\u00ebr media n\u00eb Prishtin\u00eb, drejtori i Agjencis\u00eb s\u00eb Menaxhimit t\u00eb Emergjencave, Genc Metaj, tha se Kosova po p\u00ebrballet me zjarre t\u00eb shumta n\u00eb t\u00eb gjitha pjes\u00ebt e vendit.<\/p>\n<p>Sipas tij, vet\u00ebm n\u00eb jav\u00ebn e fundit jan\u00eb raportuar mbi 633 zjarre, prej t\u00eb cilave tani jan\u00eb aktive vet\u00ebm n\u00ebnt\u00eb.<br \/>\nAi tha se autoritetet \u201cjan\u00eb duke b\u00ebr\u00eb p\u00ebrpjekje maksimale p\u00ebr t\u00eb menaxhuar situat\u00ebn dhe p\u00ebr ta parandaluar \u00e7do pasoj\u00eb nga situata e krijuar\u201d.<\/p>\n<p>Zjarret aktive jan\u00eb n\u00eb fshtarat Kuqic\u00eb, Gojbull\u00eb, Mirash, Tugjevc, Gmic\u00eb, Mu\u00e7iverrc\u00eb, Negroc, Gadime dhe Vrell\u00eb, tha ai.<\/p>\n<p>\u201cGjendja aktuale n\u00eb vend q\u00ebndrueshme por e brisht\u00eb, si pasoj\u00eb e temperaturave dhe zjarr v\u00ebnieve t\u00eb q\u00ebllimshme\u201d, theksoi Metaj.<\/p>\n<p>Ai n\u00ebnvizoi se zjarret aktive jan\u00eb v\u00ebshtir\u00eb t\u00eb qasshme p\u00ebr zjarrfik\u00ebsit, \u201csepse ndodhen n\u00eb zona malore, n\u00eb bjeshk\u00eb t\u00eb thepisura, ku nd\u00ebrhyrja \u00ebsht\u00eb shum\u00eb e rrezikshme dhe pothuajse e pamundur\u201d.<\/p>\n<p>\u201cDje kemi pasur nj\u00eb rast n\u00eb fshati Tugjec ku zjarrfik\u00ebsit jan\u00eb futur dhe jan\u00eb ngujuar n\u00eb mal, por me ndihm\u00ebn e zjarrfik\u00ebsve t\u00eb tjer\u00eb jan\u00eb nxjerr\u00eb nga aty. Pra, po rrezikohet jeta e zjarrfik\u00ebsve dhe njer\u00ebzve\u201d, shtoi ai.<\/p>\n<p>N\u00ebnkoloneli i Policis\u00eb s\u00eb Kosov\u00ebs, Jeton Rexhepi, tha n\u00eb konferenc\u00ebn e p\u00ebrbashk\u00ebt me Metajn se policia u \u00ebsht\u00eb p\u00ebrgjigjur t\u00eb gjitha rasteve t\u00eb raportuara p\u00ebr zjarret.<\/p>\n<p>\u201cDeri sot kemi arrestuar 23 persona dhe kemi iniciuar 193 raste q\u00eb kan\u00eb t\u00eb b\u00ebjn\u00eb me shkaktimin e rrezikut t\u00eb p\u00ebrgjithsh\u00ebm dhe p\u00ebr zjarrv\u00ebnie\u201d, tha ai.<\/p>\n<p>Nd\u00ebrkoh\u00eb, gjendja m\u00eb e r\u00ebnduar k\u00ebt\u00eb jav\u00eb, sipas Metajt, ka qen\u00eb n\u00eb fshatrat K\u00e7iq i Vog\u00ebl, Zasell\u00eb, Meshin\u00eb, Tugjec, Dumnic\u00eb, Merdar\u00eb dhe Orllan.<br \/>\nAi tha se zjarret n\u00eb k\u00ebto vende, ku ka pasur d\u00ebme n\u00eb infrastruktur\u00eb, jan\u00eb lokalizuar edhe fal\u00eb ndihm\u00ebs s\u00eb misionit paqeruajt\u00ebs t\u00eb NATO-s n\u00eb Kosov\u00eb, KFOR.<\/p>\n<p>Nj\u00eb ekip i Radios Evropa e Lir\u00eb e ka vizituar t\u00eb mart\u00ebn fshatin K\u00e7iq n\u00eb Mitrovic\u00eb p\u00ebr t\u2019i par\u00eb nga af\u00ebr d\u00ebmet q\u00eb i kan\u00eb shkaktuar zjarret n\u00eb at\u00eb zon\u00eb.<br \/>\nDisa banor\u00eb jan\u00eb shprehur shum\u00eb t\u00eb shqet\u00ebsuar, duke th\u00ebn\u00eb se kan\u00eb humbur gjith\u00e7ka q\u00eb kan\u00eb pasur.<\/p>\n<p>Metaj tha se ka nj\u00eb rritje t\u00eb zjarreve n\u00eb muajin gusht t\u00eb k\u00ebtij viti krahasuar me muajin gusht t\u00eb vitit t\u00eb kaluar.<\/p>\n<p>Kosova dhe gjith\u00eb rajoni i Ballkanit po p\u00ebrballen me temperatura rreth 40 grad\u00eb Celsius k\u00ebt\u00eb jav\u00eb.<\/p>\n<p>Situat\u00eb e r\u00ebnduar me zjarre \u00ebsht\u00eb edhe n\u00eb vendet fqinje.<\/p>\n<p>Nj\u00eb person ka vdekur n\u00eb Shqip\u00ebri, ku 30 zjarre jan\u00eb aktive t\u00eb m\u00ebrkur\u00ebn, sipas autoriteteve.<\/p>\n<p>N\u00eb Mal t\u00eb Zi \u00ebsht\u00eb raportuar p\u00ebr nj\u00eb ushtar t\u00eb vdekur dhe nj\u00eb tjet\u00ebr t\u00eb plagosur si pasoj\u00eb e p\u00ebrmbysjes s\u00eb nj\u00eb autocisterne q\u00eb po p\u00ebrdorej p\u00ebr t\u2019i shuar zjarret n\u00eb rajonin Ku\u00e7a af\u00ebr Podgoric\u00ebs, ka b\u00ebr\u00eb t\u00eb ditur ministria e Mbrojtjes.<\/p>\n<p>Shkenc\u00ebtar\u00ebt p\u00ebr klim\u00ebn kan\u00eb th\u00ebn\u00eb disa her\u00eb se disa dekada t\u00eb nxjerrjes s\u00eb gazrave serr\u00eb n\u00eb atmosfer\u00eb, kan\u00eb ndikuar n\u00eb rritje t\u00eb temperaturave globale.<\/p>\n<p>Bota \u00ebsht\u00eb ngrohur p\u00ebr 1.1 grad\u00eb Celsius n\u00eb krahasim me epok\u00ebn industriale, nd\u00ebrsa shtetet synojn\u00eb q\u00eb ta mbaj\u00eb at\u00eb n\u00ebn 1.5 grad\u00eb Celsius, p\u00ebr t\u00eb shmangur katastrofa t\u00eb m\u00ebdha natyrore.<\/p>\n<p>&nbsp;<\/p>\n<p>&nbsp;<\/p>\n","protected":false},"excerpt":{"rendered":"<p>Prishtin\u00eb, 13 Gusht 2025 N\u00ebnt\u00eb vatra zjarri jan\u00eb aktive n\u00eb gjith\u00eb Kosov\u00ebn dhe 23 persona jan\u00eb arrestuar n\u00ebn dyshimin p\u00ebr zjarrv\u00ebnie t\u00eb q\u00ebllimshme n\u00eb jav\u00ebn<\/p>\n","protected":false},"author":1,"featured_media":7877,"comment_status":"open","ping_status":"open","sticky":false,"template":"","format":"standard","meta":{"footnotes":""},"categories":[60],"tags":[],"class_list":["post-7876","post","type-post","status-publish","format-standard","has-post-thumbnail","hentry","category-shoqerore-sq"],"yoast_head":"<!-- This site is optimized with the Yoast SEO plugin v25.3.1 - https:\/\/yoast.com\/wordpress\/plugins\/seo\/ -->\n<title>N\u00ebnt\u00eb vatra zjarri aktive dhe 23 t\u00eb arrestuar p\u00ebr zjarrv\u00ebnie n\u00eb Kosov\u00eb -<\/title>\n<meta name=\"robots\" content=\"index, follow, max-snippet:-1, max-image-preview:large, max-video-preview:-1\" \/>\n<link rel=\"canonical\" href=\"https:\/\/veritasinfo.org\/?p=7876\" \/>\n<meta property=\"og:locale\" content=\"en_US\" \/>\n<meta property=\"og:type\" content=\"article\" \/>\n<meta property=\"og:title\" content=\"N\u00ebnt\u00eb vatra zjarri aktive dhe 23 t\u00eb arrestuar p\u00ebr zjarrv\u00ebnie n\u00eb Kosov\u00eb -\" \/>\n<meta property=\"og:description\" content=\"Prishtin\u00eb, 13 Gusht 2025 N\u00ebnt\u00eb vatra zjarri jan\u00eb aktive n\u00eb gjith\u00eb Kosov\u00ebn dhe 23 persona jan\u00eb arrestuar n\u00ebn dyshimin p\u00ebr zjarrv\u00ebnie t\u00eb q\u00ebllimshme n\u00eb jav\u00ebn\" \/>\n<meta property=\"og:url\" content=\"https:\/\/veritasinfo.org\/?p=7876\" \/>\n<meta property=\"article:published_time\" content=\"2025-08-13T11:31:53+00:00\" \/>\n<meta property=\"article:modified_time\" content=\"2025-08-13T11:34:58+00:00\" \/>\n<meta property=\"og:image\" content=\"https:\/\/veritasinfo.org\/wp-content\/uploads\/2025\/08\/IMG_2963.jpeg\" \/>\n\t<meta property=\"og:image:width\" content=\"408\" \/>\n\t<meta property=\"og:image:height\" content=\"230\" \/>\n\t<meta property=\"og:image:type\" content=\"image\/jpeg\" \/>\n<meta name=\"author\" content=\"admin\" \/>\n<meta name=\"twitter:card\" content=\"summary_large_image\" \/>\n<meta name=\"twitter:label1\" content=\"Written by\" \/>\n\t<meta name=\"twitter:data1\" content=\"admin\" \/>\n\t<meta name=\"twitter:label2\" content=\"Est. reading time\" \/>\n\t<meta name=\"twitter:data2\" content=\"3 minutes\" \/>\n<script type=\"application\/ld+json\" class=\"yoast-schema-graph\">{\"@context\":\"https:\/\/schema.org\",\"@graph\":[{\"@type\":\"WebPage\",\"@id\":\"https:\/\/veritasinfo.org\/?p=7876\",\"url\":\"https:\/\/veritasinfo.org\/?p=7876\",\"name\":\"N\u00ebnt\u00eb vatra zjarri aktive dhe 23 t\u00eb arrestuar p\u00ebr zjarrv\u00ebnie n\u00eb Kosov\u00eb -\",\"isPartOf\":{\"@id\":\"https:\/\/veritasinfo.org\/#website\"},\"primaryImageOfPage\":{\"@id\":\"https:\/\/veritasinfo.org\/?p=7876#primaryimage\"},\"image\":{\"@id\":\"https:\/\/veritasinfo.org\/?p=7876#primaryimage\"},\"thumbnailUrl\":\"https:\/\/veritasinfo.org\/wp-content\/uploads\/2025\/08\/IMG_2963.jpeg\",\"datePublished\":\"2025-08-13T11:31:53+00:00\",\"dateModified\":\"2025-08-13T11:34:58+00:00\",\"author\":{\"@id\":\"https:\/\/veritasinfo.org\/#\/schema\/person\/7701f8c088bece422266b100a712374f\"},\"breadcrumb\":{\"@id\":\"https:\/\/veritasinfo.org\/?p=7876#breadcrumb\"},\"inLanguage\":\"en-US\",\"potentialAction\":[{\"@type\":\"ReadAction\",\"target\":[\"https:\/\/veritasinfo.org\/?p=7876\"]}]},{\"@type\":\"ImageObject\",\"inLanguage\":\"en-US\",\"@id\":\"https:\/\/veritasinfo.org\/?p=7876#primaryimage\",\"url\":\"https:\/\/veritasinfo.org\/wp-content\/uploads\/2025\/08\/IMG_2963.jpeg\",\"contentUrl\":\"https:\/\/veritasinfo.org\/wp-content\/uploads\/2025\/08\/IMG_2963.jpeg\",\"width\":408,\"height\":230},{\"@type\":\"BreadcrumbList\",\"@id\":\"https:\/\/veritasinfo.org\/?p=7876#breadcrumb\",\"itemListElement\":[{\"@type\":\"ListItem\",\"position\":1,\"name\":\"Home\",\"item\":\"https:\/\/veritasinfo.org\/\"},{\"@type\":\"ListItem\",\"position\":2,\"name\":\"N\u00ebnt\u00eb vatra zjarri aktive dhe 23 t\u00eb arrestuar p\u00ebr zjarrv\u00ebnie n\u00eb Kosov\u00eb\"}]},{\"@type\":\"WebSite\",\"@id\":\"https:\/\/veritasinfo.org\/#website\",\"url\":\"https:\/\/veritasinfo.org\/\",\"name\":\"\",\"description\":\"\",\"potentialAction\":[{\"@type\":\"SearchAction\",\"target\":{\"@type\":\"EntryPoint\",\"urlTemplate\":\"https:\/\/veritasinfo.org\/?s={search_term_string}\"},\"query-input\":{\"@type\":\"PropertyValueSpecification\",\"valueRequired\":true,\"valueName\":\"search_term_string\"}}],\"inLanguage\":\"en-US\"},{\"@type\":\"Person\",\"@id\":\"https:\/\/veritasinfo.org\/#\/schema\/person\/7701f8c088bece422266b100a712374f\",\"name\":\"admin\",\"image\":{\"@type\":\"ImageObject\",\"inLanguage\":\"en-US\",\"@id\":\"https:\/\/veritasinfo.org\/#\/schema\/person\/image\/\",\"url\":\"https:\/\/secure.gravatar.com\/avatar\/ea53aa3bf6c9a12d5fde8ce4deff43fef3885ae33cf60184161a50d6987cfd2f?s=96&d=mm&r=g\",\"contentUrl\":\"https:\/\/secure.gravatar.com\/avatar\/ea53aa3bf6c9a12d5fde8ce4deff43fef3885ae33cf60184161a50d6987cfd2f?s=96&d=mm&r=g\",\"caption\":\"admin\"},\"sameAs\":[\"https:\/\/veritasinfo.org\"],\"url\":\"https:\/\/veritasinfo.org\/?author=1\"}]}<\/script>\n<!-- \/ Yoast SEO plugin. -->","yoast_head_json":{"title":"N\u00ebnt\u00eb vatra zjarri aktive dhe 23 t\u00eb arrestuar p\u00ebr zjarrv\u00ebnie n\u00eb Kosov\u00eb -","robots":{"index":"index","follow":"follow","max-snippet":"max-snippet:-1","max-image-preview":"max-image-preview:large","max-video-preview":"max-video-preview:-1"},"canonical":"https:\/\/veritasinfo.org\/?p=7876","og_locale":"en_US","og_type":"article","og_title":"N\u00ebnt\u00eb vatra zjarri aktive dhe 23 t\u00eb arrestuar p\u00ebr zjarrv\u00ebnie n\u00eb Kosov\u00eb -","og_description":"Prishtin\u00eb, 13 Gusht 2025 N\u00ebnt\u00eb vatra zjarri jan\u00eb aktive n\u00eb gjith\u00eb Kosov\u00ebn dhe 23 persona jan\u00eb arrestuar n\u00ebn dyshimin p\u00ebr zjarrv\u00ebnie t\u00eb q\u00ebllimshme n\u00eb jav\u00ebn","og_url":"https:\/\/veritasinfo.org\/?p=7876","article_published_time":"2025-08-13T11:31:53+00:00","article_modified_time":"2025-08-13T11:34:58+00:00","og_image":[{"width":408,"height":230,"url":"https:\/\/veritasinfo.org\/wp-content\/uploads\/2025\/08\/IMG_2963.jpeg","type":"image\/jpeg"}],"author":"admin","twitter_card":"summary_large_image","twitter_misc":{"Written by":"admin","Est. reading time":"3 minutes"},"schema":{"@context":"https:\/\/schema.org","@graph":[{"@type":"WebPage","@id":"https:\/\/veritasinfo.org\/?p=7876","url":"https:\/\/veritasinfo.org\/?p=7876","name":"N\u00ebnt\u00eb vatra zjarri aktive dhe 23 t\u00eb arrestuar p\u00ebr zjarrv\u00ebnie n\u00eb Kosov\u00eb -","isPartOf":{"@id":"https:\/\/veritasinfo.org\/#website"},"primaryImageOfPage":{"@id":"https:\/\/veritasinfo.org\/?p=7876#primaryimage"},"image":{"@id":"https:\/\/veritasinfo.org\/?p=7876#primaryimage"},"thumbnailUrl":"https:\/\/veritasinfo.org\/wp-content\/uploads\/2025\/08\/IMG_2963.jpeg","datePublished":"2025-08-13T11:31:53+00:00","dateModified":"2025-08-13T11:34:58+00:00","author":{"@id":"https:\/\/veritasinfo.org\/#\/schema\/person\/7701f8c088bece422266b100a712374f"},"breadcrumb":{"@id":"https:\/\/veritasinfo.org\/?p=7876#breadcrumb"},"inLanguage":"en-US","potentialAction":[{"@type":"ReadAction","target":["https:\/\/veritasinfo.org\/?p=7876"]}]},{"@type":"ImageObject","inLanguage":"en-US","@id":"https:\/\/veritasinfo.org\/?p=7876#primaryimage","url":"https:\/\/veritasinfo.org\/wp-content\/uploads\/2025\/08\/IMG_2963.jpeg","contentUrl":"https:\/\/veritasinfo.org\/wp-content\/uploads\/2025\/08\/IMG_2963.jpeg","width":408,"height":230},{"@type":"BreadcrumbList","@id":"https:\/\/veritasinfo.org\/?p=7876#breadcrumb","itemListElement":[{"@type":"ListItem","position":1,"name":"Home","item":"https:\/\/veritasinfo.org\/"},{"@type":"ListItem","position":2,"name":"N\u00ebnt\u00eb vatra zjarri aktive dhe 23 t\u00eb arrestuar p\u00ebr zjarrv\u00ebnie n\u00eb Kosov\u00eb"}]},{"@type":"WebSite","@id":"https:\/\/veritasinfo.org\/#website","url":"https:\/\/veritasinfo.org\/","name":"","description":"","potentialAction":[{"@type":"SearchAction","target":{"@type":"EntryPoint","urlTemplate":"https:\/\/veritasinfo.org\/?s={search_term_string}"},"query-input":{"@type":"PropertyValueSpecification","valueRequired":true,"valueName":"search_term_string"}}],"inLanguage":"en-US"},{"@type":"Person","@id":"https:\/\/veritasinfo.org\/#\/schema\/person\/7701f8c088bece422266b100a712374f","name":"admin","image":{"@type":"ImageObject","inLanguage":"en-US","@id":"https:\/\/veritasinfo.org\/#\/schema\/person\/image\/","url":"https:\/\/secure.gravatar.com\/avatar\/ea53aa3bf6c9a12d5fde8ce4deff43fef3885ae33cf60184161a50d6987cfd2f?s=96&d=mm&r=g","contentUrl":"https:\/\/secure.gravatar.com\/avatar\/ea53aa3bf6c9a12d5fde8ce4deff43fef3885ae33cf60184161a50d6987cfd2f?s=96&d=mm&r=g","caption":"admin"},"sameAs":["https:\/\/veritasinfo.org"],"url":"https:\/\/veritasinfo.org\/?author=1"}]}},"featured_image_urls":{"full":["https:\/\/veritasinfo.org\/wp-content\/uploads\/2025\/08\/IMG_2963.jpeg",408,230,false],"thumbnail":["https:\/\/veritasinfo.org\/wp-content\/uploads\/2025\/08\/IMG_2963-150x150.jpeg",150,150,true],"medium":["https:\/\/veritasinfo.org\/wp-content\/uploads\/2025\/08\/IMG_2963-300x169.jpeg",300,169,true],"medium_large":["https:\/\/veritasinfo.org\/wp-content\/uploads\/2025\/08\/IMG_2963.jpeg",408,230,false],"large":["https:\/\/veritasinfo.org\/wp-content\/uploads\/2025\/08\/IMG_2963.jpeg",408,230,false],"1536x1536":["https:\/\/veritasinfo.org\/wp-content\/uploads\/2025\/08\/IMG_2963.jpeg",408,230,false],"2048x2048":["https:\/\/veritasinfo.org\/wp-content\/uploads\/2025\/08\/IMG_2963.jpeg",408,230,false],"kreeti-slider-full":["https:\/\/veritasinfo.org\/wp-content\/uploads\/2025\/08\/IMG_2963.jpeg",408,230,false],"kreeti-featured":["https:\/\/veritasinfo.org\/wp-content\/uploads\/2025\/08\/IMG_2963.jpeg",408,230,false],"kreeti-medium":["https:\/\/veritasinfo.org\/wp-content\/uploads\/2025\/08\/IMG_2963.jpeg",408,230,false],"kreeti-medium-square":["https:\/\/veritasinfo.org\/wp-content\/uploads\/2025\/08\/IMG_2963.jpeg",350,197,false]},"author_info":{"info":["admin"]},"category_info":"<a href=\"https:\/\/veritasinfo.org\/?cat=60\" rel=\"category\">Shoq\u00ebrore<\/a>","tag_info":"Shoq\u00ebrore","comment_count":"0","_links":{"self":[{"href":"https:\/\/veritasinfo.org\/index.php?rest_route=\/wp\/v2\/posts\/7876","targetHints":{"allow":["GET"]}}],"collection":[{"href":"https:\/\/veritasinfo.org\/index.php?rest_route=\/wp\/v2\/posts"}],"about":[{"href":"https:\/\/veritasinfo.org\/index.php?rest_route=\/wp\/v2\/types\/post"}],"author":[{"embeddable":true,"href":"https:\/\/veritasinfo.org\/index.php?rest_route=\/wp\/v2\/users\/1"}],"replies":[{"embeddable":true,"href":"https:\/\/veritasinfo.org\/index.php?rest_route=%2Fwp%2Fv2%2Fcomments&post=7876"}],"version-history":[{"count":2,"href":"https:\/\/veritasinfo.org\/index.php?rest_route=\/wp\/v2\/posts\/7876\/revisions"}],"predecessor-version":[{"id":7880,"href":"https:\/\/veritasinfo.org\/index.php?rest_route=\/wp\/v2\/posts\/7876\/revisions\/7880"}],"wp:featuredmedia":[{"embeddable":true,"href":"https:\/\/veritasinfo.org\/index.php?rest_route=\/wp\/v2\/media\/7877"}],"wp:attachment":[{"href":"https:\/\/veritasinfo.org\/index.php?rest_route=%2Fwp%2Fv2%2Fmedia&parent=7876"}],"wp:term":[{"taxonomy":"category","embeddable":true,"href":"https:\/\/veritasinfo.org\/index.php?rest_route=%2Fwp%2Fv2%2Fcategories&post=7876"},{"taxonomy":"post_tag","embeddable":true,"href":"https:\/\/veritasinfo.org\/index.php?rest_route=%2Fwp%2Fv2%2Ftags&post=7876"}],"curies":[{"name":"wp","href":"https:\/\/api.w.org\/{rel}","templated":true}]}}