{"id":7859,"date":"2025-08-13T12:25:27","date_gmt":"2025-08-13T10:25:27","guid":{"rendered":"https:\/\/veritasinfo.org\/?p=7859"},"modified":"2025-08-13T12:25:27","modified_gmt":"2025-08-13T10:25:27","slug":"me-kerkese-te-komunes-largohet-terasa-ilegale-e-kafiterise-se-milan-radojiciqit","status":"publish","type":"post","link":"https:\/\/veritasinfo.org\/?p=7859","title":{"rendered":"Me k\u00ebrkes\u00eb t\u00eb Komun\u00ebs, largohet terasa ilegale e kafiteris\u00eb s\u00eb Milan Radoji\u00e7iqit"},"content":{"rendered":"<p>Mitrovic\u00eb Veriore, 13 Gusht 2025<\/p>\n<p>Gjat\u00eb dit\u00ebs s\u00eb sotme me k\u00ebrkes\u00eb t\u00eb Komun\u00ebs s\u00eb Mitrovic\u00ebs s\u00eb Veriut \u00ebsht\u00eb larguar terrasa e vendosur ilegalisht n\u00eb kafiterin\u00eb kryeterroristit, Milan Radoji\u00e7iq.<\/p>\n<p>Inspektorati i Komun\u00ebs ka larguar terras\u00ebn q\u00eb ishte n\u00eb sheshin \u201cCar Lazar\u201d, e q\u00eb n\u00eb katin e sip\u00ebrm jan\u00eb selit\u00eb e List\u00ebs Serbe.<\/p>\n<div class=\"jeg_ad jeg_ad_article jnews_content_inline_ads  \">\n<div class=\"ads-wrapper align-center \">Lidhur me k\u00ebt\u00eb, z\u00ebvend\u00ebsdrejtori p\u00ebr veriun e Kosov\u00ebs, Veton Elshani ka b\u00ebr\u00eb t\u00eb ditur n\u00eb emisionin \u201cMesdit\u00eb\u201d se nj\u00ebsit\u00eb policore kan\u00eb q\u00ebndruar aty gjat\u00eb aksionit, por q\u00eb s\u2019ka pasur nevoj\u00eb p\u00ebr asistenc\u00eb.<\/div>\n<\/div>\n<p>\u201cNe kemi informacion q\u00eb dje ka shkuar Inspektorati i Pun\u00ebs atje q\u00eb ta jap nj\u00eb vendim p\u00ebr largim t\u00eb asaj terrase. Policia ka pasur informacion p\u00ebr k\u00ebt\u00eb vendim, pasi q\u00eb edhe vet\u00eb kemi qen\u00eb prezent\u00eb aty. Nuk ka pasur nevoj\u00eb q\u00eb ne me asistu Inspektoratin n\u00eb marrje t\u00eb ndonj\u00eb veprime p\u00ebr arsye se jan\u00eb duke u kryer veprimet. Nuk \u00ebsht\u00eb di\u00e7ka e jasht\u00ebzakonshme q\u00eb ne me ofrua asistenc\u00eb sa her\u00eb q\u00eb institucionet e Republik\u00ebs s\u00eb Kosov\u00ebs k\u00ebrkojn\u00eb t\u00eb nj\u00ebjt\u00ebn gj\u00eb nga ne. Por, n\u00eb k\u00ebt\u00eb rast nuk ka ndodh\u201d, tha ai.<\/p>\n<p>&nbsp;<\/p>\n","protected":false},"excerpt":{"rendered":"<p>Mitrovic\u00eb Veriore, 13 Gusht 2025 Gjat\u00eb dit\u00ebs s\u00eb sotme me k\u00ebrkes\u00eb t\u00eb Komun\u00ebs s\u00eb Mitrovic\u00ebs s\u00eb Veriut \u00ebsht\u00eb larguar terrasa e vendosur ilegalisht n\u00eb kafiterin\u00eb<\/p>\n","protected":false},"author":1,"featured_media":7863,"comment_status":"open","ping_status":"open","sticky":false,"template":"","format":"standard","meta":{"footnotes":""},"categories":[52],"tags":[],"class_list":["post-7859","post","type-post","status-publish","format-standard","has-post-thumbnail","hentry","category-komunat-sq"],"yoast_head":"<!-- This site is optimized with the Yoast SEO plugin v25.3.1 - https:\/\/yoast.com\/wordpress\/plugins\/seo\/ -->\n<title>Me k\u00ebrkes\u00eb t\u00eb Komun\u00ebs, largohet terasa ilegale e kafiteris\u00eb s\u00eb Milan Radoji\u00e7iqit -<\/title>\n<meta name=\"robots\" content=\"index, follow, max-snippet:-1, max-image-preview:large, max-video-preview:-1\" \/>\n<link rel=\"canonical\" href=\"https:\/\/veritasinfo.org\/?p=7859\" \/>\n<meta property=\"og:locale\" content=\"en_US\" \/>\n<meta property=\"og:type\" content=\"article\" \/>\n<meta property=\"og:title\" content=\"Me k\u00ebrkes\u00eb t\u00eb Komun\u00ebs, largohet terasa ilegale e kafiteris\u00eb s\u00eb Milan Radoji\u00e7iqit -\" \/>\n<meta property=\"og:description\" content=\"Mitrovic\u00eb Veriore, 13 Gusht 2025 Gjat\u00eb dit\u00ebs s\u00eb sotme me k\u00ebrkes\u00eb t\u00eb Komun\u00ebs s\u00eb Mitrovic\u00ebs s\u00eb Veriut \u00ebsht\u00eb larguar terrasa e vendosur ilegalisht n\u00eb kafiterin\u00eb\" \/>\n<meta property=\"og:url\" content=\"https:\/\/veritasinfo.org\/?p=7859\" \/>\n<meta property=\"article:published_time\" content=\"2025-08-13T10:25:27+00:00\" \/>\n<meta property=\"og:image\" content=\"https:\/\/veritasinfo.org\/wp-content\/uploads\/2025\/08\/IMG_2959.jpeg\" \/>\n\t<meta property=\"og:image:width\" content=\"1140\" \/>\n\t<meta property=\"og:image:height\" content=\"570\" \/>\n\t<meta property=\"og:image:type\" content=\"image\/jpeg\" \/>\n<meta name=\"author\" content=\"admin\" \/>\n<meta name=\"twitter:card\" content=\"summary_large_image\" \/>\n<meta name=\"twitter:label1\" content=\"Written by\" \/>\n\t<meta name=\"twitter:data1\" content=\"admin\" \/>\n\t<meta name=\"twitter:label2\" content=\"Est. reading time\" \/>\n\t<meta name=\"twitter:data2\" content=\"1 minute\" \/>\n<script type=\"application\/ld+json\" class=\"yoast-schema-graph\">{\"@context\":\"https:\/\/schema.org\",\"@graph\":[{\"@type\":\"WebPage\",\"@id\":\"https:\/\/veritasinfo.org\/?p=7859\",\"url\":\"https:\/\/veritasinfo.org\/?p=7859\",\"name\":\"Me k\u00ebrkes\u00eb t\u00eb Komun\u00ebs, largohet terasa ilegale e kafiteris\u00eb s\u00eb Milan Radoji\u00e7iqit -\",\"isPartOf\":{\"@id\":\"https:\/\/veritasinfo.org\/#website\"},\"primaryImageOfPage\":{\"@id\":\"https:\/\/veritasinfo.org\/?p=7859#primaryimage\"},\"image\":{\"@id\":\"https:\/\/veritasinfo.org\/?p=7859#primaryimage\"},\"thumbnailUrl\":\"https:\/\/veritasinfo.org\/wp-content\/uploads\/2025\/08\/IMG_2959.jpeg\",\"datePublished\":\"2025-08-13T10:25:27+00:00\",\"author\":{\"@id\":\"https:\/\/veritasinfo.org\/#\/schema\/person\/7701f8c088bece422266b100a712374f\"},\"breadcrumb\":{\"@id\":\"https:\/\/veritasinfo.org\/?p=7859#breadcrumb\"},\"inLanguage\":\"en-US\",\"potentialAction\":[{\"@type\":\"ReadAction\",\"target\":[\"https:\/\/veritasinfo.org\/?p=7859\"]}]},{\"@type\":\"ImageObject\",\"inLanguage\":\"en-US\",\"@id\":\"https:\/\/veritasinfo.org\/?p=7859#primaryimage\",\"url\":\"https:\/\/veritasinfo.org\/wp-content\/uploads\/2025\/08\/IMG_2959.jpeg\",\"contentUrl\":\"https:\/\/veritasinfo.org\/wp-content\/uploads\/2025\/08\/IMG_2959.jpeg\",\"width\":1140,\"height\":570},{\"@type\":\"BreadcrumbList\",\"@id\":\"https:\/\/veritasinfo.org\/?p=7859#breadcrumb\",\"itemListElement\":[{\"@type\":\"ListItem\",\"position\":1,\"name\":\"Home\",\"item\":\"https:\/\/veritasinfo.org\/\"},{\"@type\":\"ListItem\",\"position\":2,\"name\":\"Me k\u00ebrkes\u00eb t\u00eb Komun\u00ebs, largohet terasa ilegale e kafiteris\u00eb s\u00eb Milan Radoji\u00e7iqit\"}]},{\"@type\":\"WebSite\",\"@id\":\"https:\/\/veritasinfo.org\/#website\",\"url\":\"https:\/\/veritasinfo.org\/\",\"name\":\"\",\"description\":\"\",\"potentialAction\":[{\"@type\":\"SearchAction\",\"target\":{\"@type\":\"EntryPoint\",\"urlTemplate\":\"https:\/\/veritasinfo.org\/?s={search_term_string}\"},\"query-input\":{\"@type\":\"PropertyValueSpecification\",\"valueRequired\":true,\"valueName\":\"search_term_string\"}}],\"inLanguage\":\"en-US\"},{\"@type\":\"Person\",\"@id\":\"https:\/\/veritasinfo.org\/#\/schema\/person\/7701f8c088bece422266b100a712374f\",\"name\":\"admin\",\"image\":{\"@type\":\"ImageObject\",\"inLanguage\":\"en-US\",\"@id\":\"https:\/\/veritasinfo.org\/#\/schema\/person\/image\/\",\"url\":\"https:\/\/secure.gravatar.com\/avatar\/ea53aa3bf6c9a12d5fde8ce4deff43fef3885ae33cf60184161a50d6987cfd2f?s=96&d=mm&r=g\",\"contentUrl\":\"https:\/\/secure.gravatar.com\/avatar\/ea53aa3bf6c9a12d5fde8ce4deff43fef3885ae33cf60184161a50d6987cfd2f?s=96&d=mm&r=g\",\"caption\":\"admin\"},\"sameAs\":[\"https:\/\/veritasinfo.org\"],\"url\":\"https:\/\/veritasinfo.org\/?author=1\"}]}<\/script>\n<!-- \/ Yoast SEO plugin. -->","yoast_head_json":{"title":"Me k\u00ebrkes\u00eb t\u00eb Komun\u00ebs, largohet terasa ilegale e kafiteris\u00eb s\u00eb Milan Radoji\u00e7iqit -","robots":{"index":"index","follow":"follow","max-snippet":"max-snippet:-1","max-image-preview":"max-image-preview:large","max-video-preview":"max-video-preview:-1"},"canonical":"https:\/\/veritasinfo.org\/?p=7859","og_locale":"en_US","og_type":"article","og_title":"Me k\u00ebrkes\u00eb t\u00eb Komun\u00ebs, largohet terasa ilegale e kafiteris\u00eb s\u00eb Milan Radoji\u00e7iqit -","og_description":"Mitrovic\u00eb Veriore, 13 Gusht 2025 Gjat\u00eb dit\u00ebs s\u00eb sotme me k\u00ebrkes\u00eb t\u00eb Komun\u00ebs s\u00eb Mitrovic\u00ebs s\u00eb Veriut \u00ebsht\u00eb larguar terrasa e vendosur ilegalisht n\u00eb kafiterin\u00eb","og_url":"https:\/\/veritasinfo.org\/?p=7859","article_published_time":"2025-08-13T10:25:27+00:00","og_image":[{"width":1140,"height":570,"url":"https:\/\/veritasinfo.org\/wp-content\/uploads\/2025\/08\/IMG_2959.jpeg","type":"image\/jpeg"}],"author":"admin","twitter_card":"summary_large_image","twitter_misc":{"Written by":"admin","Est. reading time":"1 minute"},"schema":{"@context":"https:\/\/schema.org","@graph":[{"@type":"WebPage","@id":"https:\/\/veritasinfo.org\/?p=7859","url":"https:\/\/veritasinfo.org\/?p=7859","name":"Me k\u00ebrkes\u00eb t\u00eb Komun\u00ebs, largohet terasa ilegale e kafiteris\u00eb s\u00eb Milan Radoji\u00e7iqit -","isPartOf":{"@id":"https:\/\/veritasinfo.org\/#website"},"primaryImageOfPage":{"@id":"https:\/\/veritasinfo.org\/?p=7859#primaryimage"},"image":{"@id":"https:\/\/veritasinfo.org\/?p=7859#primaryimage"},"thumbnailUrl":"https:\/\/veritasinfo.org\/wp-content\/uploads\/2025\/08\/IMG_2959.jpeg","datePublished":"2025-08-13T10:25:27+00:00","author":{"@id":"https:\/\/veritasinfo.org\/#\/schema\/person\/7701f8c088bece422266b100a712374f"},"breadcrumb":{"@id":"https:\/\/veritasinfo.org\/?p=7859#breadcrumb"},"inLanguage":"en-US","potentialAction":[{"@type":"ReadAction","target":["https:\/\/veritasinfo.org\/?p=7859"]}]},{"@type":"ImageObject","inLanguage":"en-US","@id":"https:\/\/veritasinfo.org\/?p=7859#primaryimage","url":"https:\/\/veritasinfo.org\/wp-content\/uploads\/2025\/08\/IMG_2959.jpeg","contentUrl":"https:\/\/veritasinfo.org\/wp-content\/uploads\/2025\/08\/IMG_2959.jpeg","width":1140,"height":570},{"@type":"BreadcrumbList","@id":"https:\/\/veritasinfo.org\/?p=7859#breadcrumb","itemListElement":[{"@type":"ListItem","position":1,"name":"Home","item":"https:\/\/veritasinfo.org\/"},{"@type":"ListItem","position":2,"name":"Me k\u00ebrkes\u00eb t\u00eb Komun\u00ebs, largohet terasa ilegale e kafiteris\u00eb s\u00eb Milan Radoji\u00e7iqit"}]},{"@type":"WebSite","@id":"https:\/\/veritasinfo.org\/#website","url":"https:\/\/veritasinfo.org\/","name":"","description":"","potentialAction":[{"@type":"SearchAction","target":{"@type":"EntryPoint","urlTemplate":"https:\/\/veritasinfo.org\/?s={search_term_string}"},"query-input":{"@type":"PropertyValueSpecification","valueRequired":true,"valueName":"search_term_string"}}],"inLanguage":"en-US"},{"@type":"Person","@id":"https:\/\/veritasinfo.org\/#\/schema\/person\/7701f8c088bece422266b100a712374f","name":"admin","image":{"@type":"ImageObject","inLanguage":"en-US","@id":"https:\/\/veritasinfo.org\/#\/schema\/person\/image\/","url":"https:\/\/secure.gravatar.com\/avatar\/ea53aa3bf6c9a12d5fde8ce4deff43fef3885ae33cf60184161a50d6987cfd2f?s=96&d=mm&r=g","contentUrl":"https:\/\/secure.gravatar.com\/avatar\/ea53aa3bf6c9a12d5fde8ce4deff43fef3885ae33cf60184161a50d6987cfd2f?s=96&d=mm&r=g","caption":"admin"},"sameAs":["https:\/\/veritasinfo.org"],"url":"https:\/\/veritasinfo.org\/?author=1"}]}},"featured_image_urls":{"full":["https:\/\/veritasinfo.org\/wp-content\/uploads\/2025\/08\/IMG_2959.jpeg",1140,570,false],"thumbnail":["https:\/\/veritasinfo.org\/wp-content\/uploads\/2025\/08\/IMG_2959-150x150.jpeg",150,150,true],"medium":["https:\/\/veritasinfo.org\/wp-content\/uploads\/2025\/08\/IMG_2959-300x150.jpeg",300,150,true],"medium_large":["https:\/\/veritasinfo.org\/wp-content\/uploads\/2025\/08\/IMG_2959-768x384.jpeg",640,320,true],"large":["https:\/\/veritasinfo.org\/wp-content\/uploads\/2025\/08\/IMG_2959-1024x512.jpeg",640,320,true],"1536x1536":["https:\/\/veritasinfo.org\/wp-content\/uploads\/2025\/08\/IMG_2959.jpeg",1140,570,false],"2048x2048":["https:\/\/veritasinfo.org\/wp-content\/uploads\/2025\/08\/IMG_2959.jpeg",1140,570,false],"kreeti-slider-full":["https:\/\/veritasinfo.org\/wp-content\/uploads\/2025\/08\/IMG_2959.jpeg",1140,570,false],"kreeti-featured":["https:\/\/veritasinfo.org\/wp-content\/uploads\/2025\/08\/IMG_2959.jpeg",1024,512,false],"kreeti-medium":["https:\/\/veritasinfo.org\/wp-content\/uploads\/2025\/08\/IMG_2959.jpeg",720,360,false],"kreeti-medium-square":["https:\/\/veritasinfo.org\/wp-content\/uploads\/2025\/08\/IMG_2959.jpeg",350,175,false]},"author_info":{"info":["admin"]},"category_info":"<a href=\"https:\/\/veritasinfo.org\/?cat=52\" rel=\"category\">Komunat<\/a>","tag_info":"Komunat","comment_count":"0","_links":{"self":[{"href":"https:\/\/veritasinfo.org\/index.php?rest_route=\/wp\/v2\/posts\/7859","targetHints":{"allow":["GET"]}}],"collection":[{"href":"https:\/\/veritasinfo.org\/index.php?rest_route=\/wp\/v2\/posts"}],"about":[{"href":"https:\/\/veritasinfo.org\/index.php?rest_route=\/wp\/v2\/types\/post"}],"author":[{"embeddable":true,"href":"https:\/\/veritasinfo.org\/index.php?rest_route=\/wp\/v2\/users\/1"}],"replies":[{"embeddable":true,"href":"https:\/\/veritasinfo.org\/index.php?rest_route=%2Fwp%2Fv2%2Fcomments&post=7859"}],"version-history":[{"count":1,"href":"https:\/\/veritasinfo.org\/index.php?rest_route=\/wp\/v2\/posts\/7859\/revisions"}],"predecessor-version":[{"id":7864,"href":"https:\/\/veritasinfo.org\/index.php?rest_route=\/wp\/v2\/posts\/7859\/revisions\/7864"}],"wp:featuredmedia":[{"embeddable":true,"href":"https:\/\/veritasinfo.org\/index.php?rest_route=\/wp\/v2\/media\/7863"}],"wp:attachment":[{"href":"https:\/\/veritasinfo.org\/index.php?rest_route=%2Fwp%2Fv2%2Fmedia&parent=7859"}],"wp:term":[{"taxonomy":"category","embeddable":true,"href":"https:\/\/veritasinfo.org\/index.php?rest_route=%2Fwp%2Fv2%2Fcategories&post=7859"},{"taxonomy":"post_tag","embeddable":true,"href":"https:\/\/veritasinfo.org\/index.php?rest_route=%2Fwp%2Fv2%2Ftags&post=7859"}],"curies":[{"name":"wp","href":"https:\/\/api.w.org\/{rel}","templated":true}]}}