{"id":7836,"date":"2025-08-13T08:49:43","date_gmt":"2025-08-13T06:49:43","guid":{"rendered":"https:\/\/veritasinfo.org\/?p=7836"},"modified":"2025-08-13T08:49:43","modified_gmt":"2025-08-13T06:49:43","slug":"hungaria-bojkoton-deklaraten-e-be-se-per-ukrainen","status":"publish","type":"post","link":"https:\/\/veritasinfo.org\/?p=7836","title":{"rendered":"Hungaria bojkoton deklarat\u00ebn e BE-s\u00eb p\u00ebr Ukrain\u00ebn"},"content":{"rendered":"<p>Budapest, 13 Gusht 2025<\/p>\n<p><strong>Pas samitit nd\u00ebrmjet presidentit t\u00eb SHBA-s\u00eb Trump dhe homologut rus, Putin, pothuajse t\u00eb gjitha qeverit\u00eb e vendeve t\u00eb BE-s\u00eb ran\u00eb dakord p\u00ebr nj\u00eb linj\u00eb t\u00eb p\u00ebrbashk\u00ebt n\u00eb mb\u00ebshtetje t\u00eb Ukrain\u00ebs. Vet\u00ebm Hungaria \u00ebsht\u00eb kund\u00ebr.<\/strong><\/p>\n<p>Tri dit\u00eb para samitit nd\u00ebrmjet presidentit t\u00eb SHBA-s\u00eb Donald Trump dhe presidentit t\u00eb Rusis\u00eb Vladimir Putin, BE s\u00ebrish theksoi k\u00ebndv\u00ebshtrimin e saj. E r\u00ebnd\u00ebsishme \u00ebsht\u00eb, q\u00eb Ukraina t\u00eb p\u00ebrfshihet n\u00eb vendimet p\u00ebr nj\u00eb paqe.<\/p>\n<p>N\u00eb deklarat\u00ebn e p\u00ebrbashk\u00ebt t\u00eb 26 kryetar\u00ebt e shteteve dhe t\u00eb qeverive t\u00eb vendeve an\u00ebtare t\u00eb BE-s\u00eb theksohet: &#8220;Ne ndajm\u00eb bindjen, se nj\u00eb zgjidhje diplomatike duhet t\u00eb mbroj\u00eb interesat jetike t\u00eb siguris\u00eb s\u00eb Ukrain\u00ebs dhe Evrop\u00ebs&#8221;.<\/p>\n<p>Ukrainasit duhet t\u00eb mund t\u00eb vendosin t\u00eb lir\u00eb p\u00ebr t\u00eb ardhmen e tyre. M\u00eb tej theksohet: Nj\u00eb &#8220;paqe e drejt\u00eb dhe e q\u00ebndrueshme&#8221; p\u00ebr Ukrain\u00ebn duhet t\u00eb jet\u00eb n\u00eb harmoni me t\u00eb drejt\u00ebn nd\u00ebrkomb\u00ebtare, duke p\u00ebrfshir\u00eb edhe parimin baz\u00eb, q\u00eb &#8220;kufijt\u00eb nd\u00ebrkomb\u00ebtar nuk lejohet t\u00eb ndryshohen me dhun\u00eb&#8221;. Lidhur me k\u00ebt\u00eb &#8220;nuk mund t\u00eb vendoset pra Ukrain\u00ebn&#8221;.<\/p>\n<p>Orban p\u00ebr nj\u00eb samit BE-Rusi<\/p>\n<p>Vet\u00ebm Hungaria e refuzoi deklarat\u00ebn e BE-s\u00eb. Kryeministri hungarez Viktor Orban n\u00eb platform\u00ebn X shkruan: &#8220;Masa e vetme e arsyeshme p\u00ebr udh\u00ebheqjen e BE-s\u00eb, do t\u00eb ishte sipas modelit t\u00eb takimit SHBA-Rusi t\u00eb inicioj\u00eb nj\u00eb samit BE-Rusi.<\/p>\n<p>&#8220;M\u00eb tej Orban shkruan: &#8220;Le t&#8217;i japim nj\u00eb shans paqes.&#8221; \u00cbsht\u00eb &#8220;mjaft e trishtueshme&#8221;, q\u00eb BE \u00ebsht\u00eb n \u00eb bisedime \u00ebsht\u00eb &#8220;spostuar n\u00eb rolin e spektatorit&#8221;. &#8220;E vetmja gj\u00eb, q\u00eb do ta p\u00ebrkeq\u00ebsonte situat\u00ebn, do t\u00eb ishte t\u00eb jepeshin k\u00ebshilla nga vija an\u00ebsore&#8221;, shton Orban.<\/p>\n<p>Ai jo vet\u00ebm e refuzon si t\u00eb pakuptimt\u00eb dhe si zgjatje t\u00eb luft\u00ebs ndihm\u00ebn ushtarake t\u00eb BE-s\u00eb p\u00ebr Ukrain\u00ebn. Por edhe sanksionet e BE-s\u00eb ndaj Rusis\u00eb, sipas Orbanit, nuk ndihmojn\u00eb p\u00ebr zgjidhje: Ai i kritikon sanksionet vazhdimisht t\u00eb padobishme dhe q\u00eb d\u00ebmtojn\u00eb ekonomin\u00eb evropiane.<\/p>\n<p>&nbsp;<\/p>\n","protected":false},"excerpt":{"rendered":"<p>Budapest, 13 Gusht 2025 Pas samitit nd\u00ebrmjet presidentit t\u00eb SHBA-s\u00eb Trump dhe homologut rus, Putin, pothuajse t\u00eb gjitha qeverit\u00eb e vendeve t\u00eb BE-s\u00eb ran\u00eb dakord<\/p>\n","protected":false},"author":1,"featured_media":7834,"comment_status":"open","ping_status":"open","sticky":false,"template":"","format":"standard","meta":{"footnotes":""},"categories":[72],"tags":[],"class_list":["post-7836","post","type-post","status-publish","format-standard","has-post-thumbnail","hentry","category-bota"],"yoast_head":"<!-- This site is optimized with the Yoast SEO plugin v25.3.1 - https:\/\/yoast.com\/wordpress\/plugins\/seo\/ -->\n<title>Hungaria bojkoton deklarat\u00ebn e BE-s\u00eb p\u00ebr Ukrain\u00ebn -<\/title>\n<meta name=\"robots\" content=\"index, follow, max-snippet:-1, max-image-preview:large, max-video-preview:-1\" \/>\n<link rel=\"canonical\" href=\"https:\/\/veritasinfo.org\/?p=7836\" \/>\n<meta property=\"og:locale\" content=\"en_US\" \/>\n<meta property=\"og:type\" content=\"article\" \/>\n<meta property=\"og:title\" content=\"Hungaria bojkoton deklarat\u00ebn e BE-s\u00eb p\u00ebr Ukrain\u00ebn -\" \/>\n<meta property=\"og:description\" content=\"Budapest, 13 Gusht 2025 Pas samitit nd\u00ebrmjet presidentit t\u00eb SHBA-s\u00eb Trump dhe homologut rus, Putin, pothuajse t\u00eb gjitha qeverit\u00eb e vendeve t\u00eb BE-s\u00eb ran\u00eb dakord\" \/>\n<meta property=\"og:url\" content=\"https:\/\/veritasinfo.org\/?p=7836\" \/>\n<meta property=\"article:published_time\" content=\"2025-08-13T06:49:43+00:00\" \/>\n<meta property=\"og:image\" content=\"https:\/\/veritasinfo.org\/wp-content\/uploads\/2025\/08\/IMG_2957.jpeg\" \/>\n\t<meta property=\"og:image:width\" content=\"780\" \/>\n\t<meta property=\"og:image:height\" content=\"500\" \/>\n\t<meta property=\"og:image:type\" content=\"image\/jpeg\" \/>\n<meta name=\"author\" content=\"admin\" \/>\n<meta name=\"twitter:card\" content=\"summary_large_image\" \/>\n<meta name=\"twitter:label1\" content=\"Written by\" \/>\n\t<meta name=\"twitter:data1\" content=\"admin\" \/>\n\t<meta name=\"twitter:label2\" content=\"Est. reading time\" \/>\n\t<meta name=\"twitter:data2\" content=\"2 minutes\" \/>\n<script type=\"application\/ld+json\" class=\"yoast-schema-graph\">{\"@context\":\"https:\/\/schema.org\",\"@graph\":[{\"@type\":\"WebPage\",\"@id\":\"https:\/\/veritasinfo.org\/?p=7836\",\"url\":\"https:\/\/veritasinfo.org\/?p=7836\",\"name\":\"Hungaria bojkoton deklarat\u00ebn e BE-s\u00eb p\u00ebr Ukrain\u00ebn -\",\"isPartOf\":{\"@id\":\"https:\/\/veritasinfo.org\/#website\"},\"primaryImageOfPage\":{\"@id\":\"https:\/\/veritasinfo.org\/?p=7836#primaryimage\"},\"image\":{\"@id\":\"https:\/\/veritasinfo.org\/?p=7836#primaryimage\"},\"thumbnailUrl\":\"https:\/\/veritasinfo.org\/wp-content\/uploads\/2025\/08\/IMG_2957.jpeg\",\"datePublished\":\"2025-08-13T06:49:43+00:00\",\"author\":{\"@id\":\"https:\/\/veritasinfo.org\/#\/schema\/person\/7701f8c088bece422266b100a712374f\"},\"breadcrumb\":{\"@id\":\"https:\/\/veritasinfo.org\/?p=7836#breadcrumb\"},\"inLanguage\":\"en-US\",\"potentialAction\":[{\"@type\":\"ReadAction\",\"target\":[\"https:\/\/veritasinfo.org\/?p=7836\"]}]},{\"@type\":\"ImageObject\",\"inLanguage\":\"en-US\",\"@id\":\"https:\/\/veritasinfo.org\/?p=7836#primaryimage\",\"url\":\"https:\/\/veritasinfo.org\/wp-content\/uploads\/2025\/08\/IMG_2957.jpeg\",\"contentUrl\":\"https:\/\/veritasinfo.org\/wp-content\/uploads\/2025\/08\/IMG_2957.jpeg\",\"width\":780,\"height\":500},{\"@type\":\"BreadcrumbList\",\"@id\":\"https:\/\/veritasinfo.org\/?p=7836#breadcrumb\",\"itemListElement\":[{\"@type\":\"ListItem\",\"position\":1,\"name\":\"Home\",\"item\":\"https:\/\/veritasinfo.org\/\"},{\"@type\":\"ListItem\",\"position\":2,\"name\":\"Hungaria bojkoton deklarat\u00ebn e BE-s\u00eb p\u00ebr Ukrain\u00ebn\"}]},{\"@type\":\"WebSite\",\"@id\":\"https:\/\/veritasinfo.org\/#website\",\"url\":\"https:\/\/veritasinfo.org\/\",\"name\":\"\",\"description\":\"\",\"potentialAction\":[{\"@type\":\"SearchAction\",\"target\":{\"@type\":\"EntryPoint\",\"urlTemplate\":\"https:\/\/veritasinfo.org\/?s={search_term_string}\"},\"query-input\":{\"@type\":\"PropertyValueSpecification\",\"valueRequired\":true,\"valueName\":\"search_term_string\"}}],\"inLanguage\":\"en-US\"},{\"@type\":\"Person\",\"@id\":\"https:\/\/veritasinfo.org\/#\/schema\/person\/7701f8c088bece422266b100a712374f\",\"name\":\"admin\",\"image\":{\"@type\":\"ImageObject\",\"inLanguage\":\"en-US\",\"@id\":\"https:\/\/veritasinfo.org\/#\/schema\/person\/image\/\",\"url\":\"https:\/\/secure.gravatar.com\/avatar\/ea53aa3bf6c9a12d5fde8ce4deff43fef3885ae33cf60184161a50d6987cfd2f?s=96&d=mm&r=g\",\"contentUrl\":\"https:\/\/secure.gravatar.com\/avatar\/ea53aa3bf6c9a12d5fde8ce4deff43fef3885ae33cf60184161a50d6987cfd2f?s=96&d=mm&r=g\",\"caption\":\"admin\"},\"sameAs\":[\"https:\/\/veritasinfo.org\"],\"url\":\"https:\/\/veritasinfo.org\/?author=1\"}]}<\/script>\n<!-- \/ Yoast SEO plugin. -->","yoast_head_json":{"title":"Hungaria bojkoton deklarat\u00ebn e BE-s\u00eb p\u00ebr Ukrain\u00ebn -","robots":{"index":"index","follow":"follow","max-snippet":"max-snippet:-1","max-image-preview":"max-image-preview:large","max-video-preview":"max-video-preview:-1"},"canonical":"https:\/\/veritasinfo.org\/?p=7836","og_locale":"en_US","og_type":"article","og_title":"Hungaria bojkoton deklarat\u00ebn e BE-s\u00eb p\u00ebr Ukrain\u00ebn -","og_description":"Budapest, 13 Gusht 2025 Pas samitit nd\u00ebrmjet presidentit t\u00eb SHBA-s\u00eb Trump dhe homologut rus, Putin, pothuajse t\u00eb gjitha qeverit\u00eb e vendeve t\u00eb BE-s\u00eb ran\u00eb dakord","og_url":"https:\/\/veritasinfo.org\/?p=7836","article_published_time":"2025-08-13T06:49:43+00:00","og_image":[{"width":780,"height":500,"url":"https:\/\/veritasinfo.org\/wp-content\/uploads\/2025\/08\/IMG_2957.jpeg","type":"image\/jpeg"}],"author":"admin","twitter_card":"summary_large_image","twitter_misc":{"Written by":"admin","Est. reading time":"2 minutes"},"schema":{"@context":"https:\/\/schema.org","@graph":[{"@type":"WebPage","@id":"https:\/\/veritasinfo.org\/?p=7836","url":"https:\/\/veritasinfo.org\/?p=7836","name":"Hungaria bojkoton deklarat\u00ebn e BE-s\u00eb p\u00ebr Ukrain\u00ebn -","isPartOf":{"@id":"https:\/\/veritasinfo.org\/#website"},"primaryImageOfPage":{"@id":"https:\/\/veritasinfo.org\/?p=7836#primaryimage"},"image":{"@id":"https:\/\/veritasinfo.org\/?p=7836#primaryimage"},"thumbnailUrl":"https:\/\/veritasinfo.org\/wp-content\/uploads\/2025\/08\/IMG_2957.jpeg","datePublished":"2025-08-13T06:49:43+00:00","author":{"@id":"https:\/\/veritasinfo.org\/#\/schema\/person\/7701f8c088bece422266b100a712374f"},"breadcrumb":{"@id":"https:\/\/veritasinfo.org\/?p=7836#breadcrumb"},"inLanguage":"en-US","potentialAction":[{"@type":"ReadAction","target":["https:\/\/veritasinfo.org\/?p=7836"]}]},{"@type":"ImageObject","inLanguage":"en-US","@id":"https:\/\/veritasinfo.org\/?p=7836#primaryimage","url":"https:\/\/veritasinfo.org\/wp-content\/uploads\/2025\/08\/IMG_2957.jpeg","contentUrl":"https:\/\/veritasinfo.org\/wp-content\/uploads\/2025\/08\/IMG_2957.jpeg","width":780,"height":500},{"@type":"BreadcrumbList","@id":"https:\/\/veritasinfo.org\/?p=7836#breadcrumb","itemListElement":[{"@type":"ListItem","position":1,"name":"Home","item":"https:\/\/veritasinfo.org\/"},{"@type":"ListItem","position":2,"name":"Hungaria bojkoton deklarat\u00ebn e BE-s\u00eb p\u00ebr Ukrain\u00ebn"}]},{"@type":"WebSite","@id":"https:\/\/veritasinfo.org\/#website","url":"https:\/\/veritasinfo.org\/","name":"","description":"","potentialAction":[{"@type":"SearchAction","target":{"@type":"EntryPoint","urlTemplate":"https:\/\/veritasinfo.org\/?s={search_term_string}"},"query-input":{"@type":"PropertyValueSpecification","valueRequired":true,"valueName":"search_term_string"}}],"inLanguage":"en-US"},{"@type":"Person","@id":"https:\/\/veritasinfo.org\/#\/schema\/person\/7701f8c088bece422266b100a712374f","name":"admin","image":{"@type":"ImageObject","inLanguage":"en-US","@id":"https:\/\/veritasinfo.org\/#\/schema\/person\/image\/","url":"https:\/\/secure.gravatar.com\/avatar\/ea53aa3bf6c9a12d5fde8ce4deff43fef3885ae33cf60184161a50d6987cfd2f?s=96&d=mm&r=g","contentUrl":"https:\/\/secure.gravatar.com\/avatar\/ea53aa3bf6c9a12d5fde8ce4deff43fef3885ae33cf60184161a50d6987cfd2f?s=96&d=mm&r=g","caption":"admin"},"sameAs":["https:\/\/veritasinfo.org"],"url":"https:\/\/veritasinfo.org\/?author=1"}]}},"featured_image_urls":{"full":["https:\/\/veritasinfo.org\/wp-content\/uploads\/2025\/08\/IMG_2957.jpeg",780,500,false],"thumbnail":["https:\/\/veritasinfo.org\/wp-content\/uploads\/2025\/08\/IMG_2957-150x150.jpeg",150,150,true],"medium":["https:\/\/veritasinfo.org\/wp-content\/uploads\/2025\/08\/IMG_2957-300x192.jpeg",300,192,true],"medium_large":["https:\/\/veritasinfo.org\/wp-content\/uploads\/2025\/08\/IMG_2957-768x492.jpeg",640,410,true],"large":["https:\/\/veritasinfo.org\/wp-content\/uploads\/2025\/08\/IMG_2957.jpeg",640,410,false],"1536x1536":["https:\/\/veritasinfo.org\/wp-content\/uploads\/2025\/08\/IMG_2957.jpeg",780,500,false],"2048x2048":["https:\/\/veritasinfo.org\/wp-content\/uploads\/2025\/08\/IMG_2957.jpeg",780,500,false],"kreeti-slider-full":["https:\/\/veritasinfo.org\/wp-content\/uploads\/2025\/08\/IMG_2957.jpeg",780,500,false],"kreeti-featured":["https:\/\/veritasinfo.org\/wp-content\/uploads\/2025\/08\/IMG_2957.jpeg",780,500,false],"kreeti-medium":["https:\/\/veritasinfo.org\/wp-content\/uploads\/2025\/08\/IMG_2957.jpeg",720,462,false],"kreeti-medium-square":["https:\/\/veritasinfo.org\/wp-content\/uploads\/2025\/08\/IMG_2957.jpeg",350,224,false]},"author_info":{"info":["admin"]},"category_info":"<a href=\"https:\/\/veritasinfo.org\/?cat=72\" rel=\"category\">Bota<\/a>","tag_info":"Bota","comment_count":"0","_links":{"self":[{"href":"https:\/\/veritasinfo.org\/index.php?rest_route=\/wp\/v2\/posts\/7836","targetHints":{"allow":["GET"]}}],"collection":[{"href":"https:\/\/veritasinfo.org\/index.php?rest_route=\/wp\/v2\/posts"}],"about":[{"href":"https:\/\/veritasinfo.org\/index.php?rest_route=\/wp\/v2\/types\/post"}],"author":[{"embeddable":true,"href":"https:\/\/veritasinfo.org\/index.php?rest_route=\/wp\/v2\/users\/1"}],"replies":[{"embeddable":true,"href":"https:\/\/veritasinfo.org\/index.php?rest_route=%2Fwp%2Fv2%2Fcomments&post=7836"}],"version-history":[{"count":1,"href":"https:\/\/veritasinfo.org\/index.php?rest_route=\/wp\/v2\/posts\/7836\/revisions"}],"predecessor-version":[{"id":7837,"href":"https:\/\/veritasinfo.org\/index.php?rest_route=\/wp\/v2\/posts\/7836\/revisions\/7837"}],"wp:featuredmedia":[{"embeddable":true,"href":"https:\/\/veritasinfo.org\/index.php?rest_route=\/wp\/v2\/media\/7834"}],"wp:attachment":[{"href":"https:\/\/veritasinfo.org\/index.php?rest_route=%2Fwp%2Fv2%2Fmedia&parent=7836"}],"wp:term":[{"taxonomy":"category","embeddable":true,"href":"https:\/\/veritasinfo.org\/index.php?rest_route=%2Fwp%2Fv2%2Fcategories&post=7836"},{"taxonomy":"post_tag","embeddable":true,"href":"https:\/\/veritasinfo.org\/index.php?rest_route=%2Fwp%2Fv2%2Ftags&post=7836"}],"curies":[{"name":"wp","href":"https:\/\/api.w.org\/{rel}","templated":true}]}}