{"id":7828,"date":"2025-08-13T08:35:12","date_gmt":"2025-08-13T06:35:12","guid":{"rendered":"https:\/\/veritasinfo.org\/?p=7828"},"modified":"2025-08-13T14:51:13","modified_gmt":"2025-08-13T12:51:13","slug":"sot-perfundon-afati-per-certifikim-te-partive-e-kandidateve-per-zgjedhje","status":"publish","type":"post","link":"https:\/\/veritasinfo.org\/?p=7828","title":{"rendered":"Sot p\u00ebrfundon afati p\u00ebr certifikim t\u00eb partive e kandidat\u00ebve p\u00ebr zgjedhje"},"content":{"rendered":"<p>Prishtin\u00eb, 13 Gusht 2025<\/p>\n<p>Sot, do t\u00eb p\u00ebrfundoj\u00eb afati p\u00ebr certifikim t\u00eb subjekteve politike dhe t\u00eb kandidat\u00ebve t\u00eb tyre p\u00ebr zgjedhje lokale t\u00eb 12 tetorit.<\/p>\n<p>Drejtori i Zyr\u00ebs p\u00ebr Regjistrim, Certifikim dhe Kontrollin Financiar t\u00eb Partive Politike n\u00eb KQZ, Besnik Buzhala dje tha se t\u00eb m\u00ebrkur\u00ebn do t\u00eb p\u00ebrfundoj\u00eb afati p\u00ebr certifikim t\u00eb subjekteve politike dhe t\u00eb kandidat\u00ebve t\u00eb tyre p\u00ebr zgjedhje lokale t\u00eb 12 tetorit.<\/p>\n<div class=\"jeg_ad jeg_ad_article jnews_content_inline_ads \">\n<div class=\"ads-wrapper align-center \">\u201cPeriudha e aplikimit p\u00ebr certifikim t\u00eb subjekteve politike dhe t\u00eb kandidat\u00ebve t\u00eb tyre p\u00ebr zgjedhjet lokale t\u00eb dat\u00ebs 12 tetor 2025 p\u00ebrfundon me dat\u00eb 13 gusht n\u00eb or\u00ebn 23:59. Lidhur me aplikimin p\u00ebr certifikim gjithsej dhjet\u00eb subjekte politike e kan\u00eb p\u00ebrfunduar aplikimin p\u00ebrmes platform\u00ebs digjitale e cila \u00ebsht\u00eb lansuar nga KQZ dhe e cila platform\u00eb p\u00ebrdoret p\u00ebr her\u00eb t\u00eb dyt\u00eb n\u00eb k\u00ebto zgjedhje lokale\u201d, deklaroi ai.<\/div>\n<\/div>\n","protected":false},"excerpt":{"rendered":"<p>Prishtin\u00eb, 13 Gusht 2025 Sot, do t\u00eb p\u00ebrfundoj\u00eb afati p\u00ebr certifikim t\u00eb subjekteve politike dhe t\u00eb kandidat\u00ebve t\u00eb tyre p\u00ebr zgjedhje lokale t\u00eb 12 tetorit.<\/p>\n","protected":false},"author":1,"featured_media":7422,"comment_status":"open","ping_status":"open","sticky":false,"template":"","format":"standard","meta":{"footnotes":""},"categories":[93],"tags":[],"class_list":["post-7828","post","type-post","status-publish","format-standard","has-post-thumbnail","hentry","category-politika-sq"],"yoast_head":"<!-- This site is optimized with the Yoast SEO plugin v25.3.1 - https:\/\/yoast.com\/wordpress\/plugins\/seo\/ -->\n<title>Sot p\u00ebrfundon afati p\u00ebr certifikim t\u00eb partive e kandidat\u00ebve p\u00ebr zgjedhje -<\/title>\n<meta name=\"robots\" content=\"index, follow, max-snippet:-1, max-image-preview:large, max-video-preview:-1\" \/>\n<link rel=\"canonical\" href=\"https:\/\/veritasinfo.org\/?p=7828\" \/>\n<meta property=\"og:locale\" content=\"en_US\" \/>\n<meta property=\"og:type\" content=\"article\" \/>\n<meta property=\"og:title\" content=\"Sot p\u00ebrfundon afati p\u00ebr certifikim t\u00eb partive e kandidat\u00ebve p\u00ebr zgjedhje -\" \/>\n<meta property=\"og:description\" content=\"Prishtin\u00eb, 13 Gusht 2025 Sot, do t\u00eb p\u00ebrfundoj\u00eb afati p\u00ebr certifikim t\u00eb subjekteve politike dhe t\u00eb kandidat\u00ebve t\u00eb tyre p\u00ebr zgjedhje lokale t\u00eb 12 tetorit.\" \/>\n<meta property=\"og:url\" content=\"https:\/\/veritasinfo.org\/?p=7828\" \/>\n<meta property=\"article:published_time\" content=\"2025-08-13T06:35:12+00:00\" \/>\n<meta property=\"article:modified_time\" content=\"2025-08-13T12:51:13+00:00\" \/>\n<meta property=\"og:image\" content=\"https:\/\/veritasinfo.org\/wp-content\/uploads\/2025\/08\/KQZJA.jpg\" \/>\n\t<meta property=\"og:image:width\" content=\"780\" \/>\n\t<meta property=\"og:image:height\" content=\"440\" \/>\n\t<meta property=\"og:image:type\" content=\"image\/jpeg\" \/>\n<meta name=\"author\" content=\"admin\" \/>\n<meta name=\"twitter:card\" content=\"summary_large_image\" \/>\n<meta name=\"twitter:label1\" content=\"Written by\" \/>\n\t<meta name=\"twitter:data1\" content=\"admin\" \/>\n\t<meta name=\"twitter:label2\" content=\"Est. reading time\" \/>\n\t<meta name=\"twitter:data2\" content=\"1 minute\" \/>\n<script type=\"application\/ld+json\" class=\"yoast-schema-graph\">{\"@context\":\"https:\/\/schema.org\",\"@graph\":[{\"@type\":\"WebPage\",\"@id\":\"https:\/\/veritasinfo.org\/?p=7828\",\"url\":\"https:\/\/veritasinfo.org\/?p=7828\",\"name\":\"Sot p\u00ebrfundon afati p\u00ebr certifikim t\u00eb partive e kandidat\u00ebve p\u00ebr zgjedhje -\",\"isPartOf\":{\"@id\":\"https:\/\/veritasinfo.org\/#website\"},\"primaryImageOfPage\":{\"@id\":\"https:\/\/veritasinfo.org\/?p=7828#primaryimage\"},\"image\":{\"@id\":\"https:\/\/veritasinfo.org\/?p=7828#primaryimage\"},\"thumbnailUrl\":\"https:\/\/veritasinfo.org\/wp-content\/uploads\/2025\/08\/KQZJA.jpg\",\"datePublished\":\"2025-08-13T06:35:12+00:00\",\"dateModified\":\"2025-08-13T12:51:13+00:00\",\"author\":{\"@id\":\"https:\/\/veritasinfo.org\/#\/schema\/person\/7701f8c088bece422266b100a712374f\"},\"breadcrumb\":{\"@id\":\"https:\/\/veritasinfo.org\/?p=7828#breadcrumb\"},\"inLanguage\":\"en-US\",\"potentialAction\":[{\"@type\":\"ReadAction\",\"target\":[\"https:\/\/veritasinfo.org\/?p=7828\"]}]},{\"@type\":\"ImageObject\",\"inLanguage\":\"en-US\",\"@id\":\"https:\/\/veritasinfo.org\/?p=7828#primaryimage\",\"url\":\"https:\/\/veritasinfo.org\/wp-content\/uploads\/2025\/08\/KQZJA.jpg\",\"contentUrl\":\"https:\/\/veritasinfo.org\/wp-content\/uploads\/2025\/08\/KQZJA.jpg\",\"width\":780,\"height\":440},{\"@type\":\"BreadcrumbList\",\"@id\":\"https:\/\/veritasinfo.org\/?p=7828#breadcrumb\",\"itemListElement\":[{\"@type\":\"ListItem\",\"position\":1,\"name\":\"Home\",\"item\":\"https:\/\/veritasinfo.org\/\"},{\"@type\":\"ListItem\",\"position\":2,\"name\":\"Sot p\u00ebrfundon afati p\u00ebr certifikim t\u00eb partive e kandidat\u00ebve p\u00ebr zgjedhje\"}]},{\"@type\":\"WebSite\",\"@id\":\"https:\/\/veritasinfo.org\/#website\",\"url\":\"https:\/\/veritasinfo.org\/\",\"name\":\"\",\"description\":\"\",\"potentialAction\":[{\"@type\":\"SearchAction\",\"target\":{\"@type\":\"EntryPoint\",\"urlTemplate\":\"https:\/\/veritasinfo.org\/?s={search_term_string}\"},\"query-input\":{\"@type\":\"PropertyValueSpecification\",\"valueRequired\":true,\"valueName\":\"search_term_string\"}}],\"inLanguage\":\"en-US\"},{\"@type\":\"Person\",\"@id\":\"https:\/\/veritasinfo.org\/#\/schema\/person\/7701f8c088bece422266b100a712374f\",\"name\":\"admin\",\"image\":{\"@type\":\"ImageObject\",\"inLanguage\":\"en-US\",\"@id\":\"https:\/\/veritasinfo.org\/#\/schema\/person\/image\/\",\"url\":\"https:\/\/secure.gravatar.com\/avatar\/ea53aa3bf6c9a12d5fde8ce4deff43fef3885ae33cf60184161a50d6987cfd2f?s=96&d=mm&r=g\",\"contentUrl\":\"https:\/\/secure.gravatar.com\/avatar\/ea53aa3bf6c9a12d5fde8ce4deff43fef3885ae33cf60184161a50d6987cfd2f?s=96&d=mm&r=g\",\"caption\":\"admin\"},\"sameAs\":[\"https:\/\/veritasinfo.org\"],\"url\":\"https:\/\/veritasinfo.org\/?author=1\"}]}<\/script>\n<!-- \/ Yoast SEO plugin. -->","yoast_head_json":{"title":"Sot p\u00ebrfundon afati p\u00ebr certifikim t\u00eb partive e kandidat\u00ebve p\u00ebr zgjedhje -","robots":{"index":"index","follow":"follow","max-snippet":"max-snippet:-1","max-image-preview":"max-image-preview:large","max-video-preview":"max-video-preview:-1"},"canonical":"https:\/\/veritasinfo.org\/?p=7828","og_locale":"en_US","og_type":"article","og_title":"Sot p\u00ebrfundon afati p\u00ebr certifikim t\u00eb partive e kandidat\u00ebve p\u00ebr zgjedhje -","og_description":"Prishtin\u00eb, 13 Gusht 2025 Sot, do t\u00eb p\u00ebrfundoj\u00eb afati p\u00ebr certifikim t\u00eb subjekteve politike dhe t\u00eb kandidat\u00ebve t\u00eb tyre p\u00ebr zgjedhje lokale t\u00eb 12 tetorit.","og_url":"https:\/\/veritasinfo.org\/?p=7828","article_published_time":"2025-08-13T06:35:12+00:00","article_modified_time":"2025-08-13T12:51:13+00:00","og_image":[{"width":780,"height":440,"url":"https:\/\/veritasinfo.org\/wp-content\/uploads\/2025\/08\/KQZJA.jpg","type":"image\/jpeg"}],"author":"admin","twitter_card":"summary_large_image","twitter_misc":{"Written by":"admin","Est. reading time":"1 minute"},"schema":{"@context":"https:\/\/schema.org","@graph":[{"@type":"WebPage","@id":"https:\/\/veritasinfo.org\/?p=7828","url":"https:\/\/veritasinfo.org\/?p=7828","name":"Sot p\u00ebrfundon afati p\u00ebr certifikim t\u00eb partive e kandidat\u00ebve p\u00ebr zgjedhje -","isPartOf":{"@id":"https:\/\/veritasinfo.org\/#website"},"primaryImageOfPage":{"@id":"https:\/\/veritasinfo.org\/?p=7828#primaryimage"},"image":{"@id":"https:\/\/veritasinfo.org\/?p=7828#primaryimage"},"thumbnailUrl":"https:\/\/veritasinfo.org\/wp-content\/uploads\/2025\/08\/KQZJA.jpg","datePublished":"2025-08-13T06:35:12+00:00","dateModified":"2025-08-13T12:51:13+00:00","author":{"@id":"https:\/\/veritasinfo.org\/#\/schema\/person\/7701f8c088bece422266b100a712374f"},"breadcrumb":{"@id":"https:\/\/veritasinfo.org\/?p=7828#breadcrumb"},"inLanguage":"en-US","potentialAction":[{"@type":"ReadAction","target":["https:\/\/veritasinfo.org\/?p=7828"]}]},{"@type":"ImageObject","inLanguage":"en-US","@id":"https:\/\/veritasinfo.org\/?p=7828#primaryimage","url":"https:\/\/veritasinfo.org\/wp-content\/uploads\/2025\/08\/KQZJA.jpg","contentUrl":"https:\/\/veritasinfo.org\/wp-content\/uploads\/2025\/08\/KQZJA.jpg","width":780,"height":440},{"@type":"BreadcrumbList","@id":"https:\/\/veritasinfo.org\/?p=7828#breadcrumb","itemListElement":[{"@type":"ListItem","position":1,"name":"Home","item":"https:\/\/veritasinfo.org\/"},{"@type":"ListItem","position":2,"name":"Sot p\u00ebrfundon afati p\u00ebr certifikim t\u00eb partive e kandidat\u00ebve p\u00ebr zgjedhje"}]},{"@type":"WebSite","@id":"https:\/\/veritasinfo.org\/#website","url":"https:\/\/veritasinfo.org\/","name":"","description":"","potentialAction":[{"@type":"SearchAction","target":{"@type":"EntryPoint","urlTemplate":"https:\/\/veritasinfo.org\/?s={search_term_string}"},"query-input":{"@type":"PropertyValueSpecification","valueRequired":true,"valueName":"search_term_string"}}],"inLanguage":"en-US"},{"@type":"Person","@id":"https:\/\/veritasinfo.org\/#\/schema\/person\/7701f8c088bece422266b100a712374f","name":"admin","image":{"@type":"ImageObject","inLanguage":"en-US","@id":"https:\/\/veritasinfo.org\/#\/schema\/person\/image\/","url":"https:\/\/secure.gravatar.com\/avatar\/ea53aa3bf6c9a12d5fde8ce4deff43fef3885ae33cf60184161a50d6987cfd2f?s=96&d=mm&r=g","contentUrl":"https:\/\/secure.gravatar.com\/avatar\/ea53aa3bf6c9a12d5fde8ce4deff43fef3885ae33cf60184161a50d6987cfd2f?s=96&d=mm&r=g","caption":"admin"},"sameAs":["https:\/\/veritasinfo.org"],"url":"https:\/\/veritasinfo.org\/?author=1"}]}},"featured_image_urls":{"full":["https:\/\/veritasinfo.org\/wp-content\/uploads\/2025\/08\/KQZJA.jpg",780,440,false],"thumbnail":["https:\/\/veritasinfo.org\/wp-content\/uploads\/2025\/08\/KQZJA-150x150.jpg",150,150,true],"medium":["https:\/\/veritasinfo.org\/wp-content\/uploads\/2025\/08\/KQZJA-300x169.jpg",300,169,true],"medium_large":["https:\/\/veritasinfo.org\/wp-content\/uploads\/2025\/08\/KQZJA-768x433.jpg",640,361,true],"large":["https:\/\/veritasinfo.org\/wp-content\/uploads\/2025\/08\/KQZJA.jpg",640,361,false],"1536x1536":["https:\/\/veritasinfo.org\/wp-content\/uploads\/2025\/08\/KQZJA.jpg",780,440,false],"2048x2048":["https:\/\/veritasinfo.org\/wp-content\/uploads\/2025\/08\/KQZJA.jpg",780,440,false],"kreeti-slider-full":["https:\/\/veritasinfo.org\/wp-content\/uploads\/2025\/08\/KQZJA.jpg",780,440,false],"kreeti-featured":["https:\/\/veritasinfo.org\/wp-content\/uploads\/2025\/08\/KQZJA.jpg",780,440,false],"kreeti-medium":["https:\/\/veritasinfo.org\/wp-content\/uploads\/2025\/08\/KQZJA.jpg",720,406,false],"kreeti-medium-square":["https:\/\/veritasinfo.org\/wp-content\/uploads\/2025\/08\/KQZJA.jpg",350,197,false]},"author_info":{"info":["admin"]},"category_info":"<a href=\"https:\/\/veritasinfo.org\/?cat=93\" rel=\"category\">Politika<\/a>","tag_info":"Politika","comment_count":"0","_links":{"self":[{"href":"https:\/\/veritasinfo.org\/index.php?rest_route=\/wp\/v2\/posts\/7828","targetHints":{"allow":["GET"]}}],"collection":[{"href":"https:\/\/veritasinfo.org\/index.php?rest_route=\/wp\/v2\/posts"}],"about":[{"href":"https:\/\/veritasinfo.org\/index.php?rest_route=\/wp\/v2\/types\/post"}],"author":[{"embeddable":true,"href":"https:\/\/veritasinfo.org\/index.php?rest_route=\/wp\/v2\/users\/1"}],"replies":[{"embeddable":true,"href":"https:\/\/veritasinfo.org\/index.php?rest_route=%2Fwp%2Fv2%2Fcomments&post=7828"}],"version-history":[{"count":1,"href":"https:\/\/veritasinfo.org\/index.php?rest_route=\/wp\/v2\/posts\/7828\/revisions"}],"predecessor-version":[{"id":7829,"href":"https:\/\/veritasinfo.org\/index.php?rest_route=\/wp\/v2\/posts\/7828\/revisions\/7829"}],"wp:featuredmedia":[{"embeddable":true,"href":"https:\/\/veritasinfo.org\/index.php?rest_route=\/wp\/v2\/media\/7422"}],"wp:attachment":[{"href":"https:\/\/veritasinfo.org\/index.php?rest_route=%2Fwp%2Fv2%2Fmedia&parent=7828"}],"wp:term":[{"taxonomy":"category","embeddable":true,"href":"https:\/\/veritasinfo.org\/index.php?rest_route=%2Fwp%2Fv2%2Fcategories&post=7828"},{"taxonomy":"post_tag","embeddable":true,"href":"https:\/\/veritasinfo.org\/index.php?rest_route=%2Fwp%2Fv2%2Ftags&post=7828"}],"curies":[{"name":"wp","href":"https:\/\/api.w.org\/{rel}","templated":true}]}}