{"id":7822,"date":"2025-08-13T08:19:27","date_gmt":"2025-08-13T06:19:27","guid":{"rendered":"https:\/\/veritasinfo.org\/?p=7822"},"modified":"2025-08-13T08:19:27","modified_gmt":"2025-08-13T06:19:27","slug":"perkrahesit-e-vucicit-sulmojne-protestuesit-ne-qytetin-e-verbasit","status":"publish","type":"post","link":"https:\/\/veritasinfo.org\/?p=7822","title":{"rendered":"P\u00ebrkrah\u00ebsit e  Vu\u00e7i\u00e7it sulmojn\u00eb protestuesit n\u00eb qytetin e V\u00ebrbasit"},"content":{"rendered":"<p>V\u00ebrbas, 13 gusht 2025<\/p>\n<p>N\u00eb Sheshin Nikola Pashiq n\u00eb Vrbas, filloi nj\u00eb protest\u00eb e student\u00ebve dhe qytetar\u00ebve rreth or\u00ebs 20:00, dhe nj\u00eb kordon policie ndau mb\u00ebshtet\u00ebsit e mbledhur t\u00eb Partis\u00eb Progresive Serbe nga student\u00ebt dhe qytetar\u00ebt.<\/p>\n<p>Rreth or\u00ebs 21:40, filluan incidentet, shishe, piroteknik\u00eb, gur\u00eb dhe objekte t\u00eb tjera t\u00eb ndryshme u hodh\u00ebn mbi qytetar\u00ebt. N\u00eb t\u00eb nj\u00ebjt\u00ebn koh\u00eb, nj\u00eb sulm i sinkronizuar u krye edhe mbi ata q\u00eb ishin mbledhur n\u00eb protest\u00eb n\u00eb Baqka Palanka. Dhe nd\u00ebrsa student\u00ebt d\u00ebnojn\u00eb sulmin e simpatizant\u00ebve t\u00eb SNS ndaj qytetar\u00ebve, Ministria e Pun\u00ebve t\u00eb Brendshme e Serbis\u00eb paraqet nj\u00eb version tjet\u00ebr.<\/p>\n<p>&#8220;Demonstruesit sulmuan mb\u00ebshtet\u00ebsit e SNS&#8221;. Nj\u00eb student q\u00eb ishte n\u00eb protest\u00eb i tha k\u00ebtij media se progresist\u00ebt sulmuan njer\u00ebzit dhe se ata erdh\u00ebn &#8220;t\u00eb armatosur&#8221; me akullnaja, flakadan dhe fishekzjarre.<br \/>\nNdryshe nga student\u00ebt, Ministria e Pun\u00ebve t\u00eb Brendshme pretendon se qytetar\u00ebt q\u00eb organizuan protest\u00ebn dyshohet se sulmuan an\u00ebtar\u00eb t\u00eb SNS. Kjo ministri njoftoi se, gjat\u00eb tubimeve t\u00eb padeklaruara n\u00eb Vrbas dhe Baqka Palanka, deri m\u00eb tani jan\u00eb plagosur kat\u00ebr oficer\u00eb policie.<\/p>\n","protected":false},"excerpt":{"rendered":"<p>V\u00ebrbas, 13 gusht 2025 N\u00eb Sheshin Nikola Pashiq n\u00eb Vrbas, filloi nj\u00eb protest\u00eb e student\u00ebve dhe qytetar\u00ebve rreth or\u00ebs 20:00, dhe nj\u00eb kordon policie ndau<\/p>\n","protected":false},"author":1,"featured_media":7823,"comment_status":"open","ping_status":"open","sticky":false,"template":"","format":"standard","meta":{"footnotes":""},"categories":[72],"tags":[],"class_list":["post-7822","post","type-post","status-publish","format-standard","has-post-thumbnail","hentry","category-bota"],"yoast_head":"<!-- This site is optimized with the Yoast SEO plugin v25.3.1 - https:\/\/yoast.com\/wordpress\/plugins\/seo\/ -->\n<title>P\u00ebrkrah\u00ebsit e Vu\u00e7i\u00e7it sulmojn\u00eb protestuesit n\u00eb qytetin e V\u00ebrbasit -<\/title>\n<meta name=\"robots\" content=\"index, follow, max-snippet:-1, max-image-preview:large, max-video-preview:-1\" \/>\n<link rel=\"canonical\" href=\"https:\/\/veritasinfo.org\/?p=7822\" \/>\n<meta property=\"og:locale\" content=\"en_US\" \/>\n<meta property=\"og:type\" content=\"article\" \/>\n<meta property=\"og:title\" content=\"P\u00ebrkrah\u00ebsit e Vu\u00e7i\u00e7it sulmojn\u00eb protestuesit n\u00eb qytetin e V\u00ebrbasit -\" \/>\n<meta property=\"og:description\" content=\"V\u00ebrbas, 13 gusht 2025 N\u00eb Sheshin Nikola Pashiq n\u00eb Vrbas, filloi nj\u00eb protest\u00eb e student\u00ebve dhe qytetar\u00ebve rreth or\u00ebs 20:00, dhe nj\u00eb kordon policie ndau\" \/>\n<meta property=\"og:url\" content=\"https:\/\/veritasinfo.org\/?p=7822\" \/>\n<meta property=\"article:published_time\" content=\"2025-08-13T06:19:27+00:00\" \/>\n<meta property=\"og:image\" content=\"https:\/\/veritasinfo.org\/wp-content\/uploads\/2025\/08\/sukob.jpeg\" \/>\n\t<meta property=\"og:image:width\" content=\"1920\" \/>\n\t<meta property=\"og:image:height\" content=\"1080\" \/>\n\t<meta property=\"og:image:type\" content=\"image\/jpeg\" \/>\n<meta name=\"author\" content=\"admin\" \/>\n<meta name=\"twitter:card\" content=\"summary_large_image\" \/>\n<meta name=\"twitter:label1\" content=\"Written by\" \/>\n\t<meta name=\"twitter:data1\" content=\"admin\" \/>\n\t<meta name=\"twitter:label2\" content=\"Est. reading time\" \/>\n\t<meta name=\"twitter:data2\" content=\"1 minute\" \/>\n<script type=\"application\/ld+json\" class=\"yoast-schema-graph\">{\"@context\":\"https:\/\/schema.org\",\"@graph\":[{\"@type\":\"WebPage\",\"@id\":\"https:\/\/veritasinfo.org\/?p=7822\",\"url\":\"https:\/\/veritasinfo.org\/?p=7822\",\"name\":\"P\u00ebrkrah\u00ebsit e Vu\u00e7i\u00e7it sulmojn\u00eb protestuesit n\u00eb qytetin e V\u00ebrbasit -\",\"isPartOf\":{\"@id\":\"https:\/\/veritasinfo.org\/#website\"},\"primaryImageOfPage\":{\"@id\":\"https:\/\/veritasinfo.org\/?p=7822#primaryimage\"},\"image\":{\"@id\":\"https:\/\/veritasinfo.org\/?p=7822#primaryimage\"},\"thumbnailUrl\":\"https:\/\/veritasinfo.org\/wp-content\/uploads\/2025\/08\/sukob.jpeg\",\"datePublished\":\"2025-08-13T06:19:27+00:00\",\"author\":{\"@id\":\"https:\/\/veritasinfo.org\/#\/schema\/person\/7701f8c088bece422266b100a712374f\"},\"breadcrumb\":{\"@id\":\"https:\/\/veritasinfo.org\/?p=7822#breadcrumb\"},\"inLanguage\":\"en-US\",\"potentialAction\":[{\"@type\":\"ReadAction\",\"target\":[\"https:\/\/veritasinfo.org\/?p=7822\"]}]},{\"@type\":\"ImageObject\",\"inLanguage\":\"en-US\",\"@id\":\"https:\/\/veritasinfo.org\/?p=7822#primaryimage\",\"url\":\"https:\/\/veritasinfo.org\/wp-content\/uploads\/2025\/08\/sukob.jpeg\",\"contentUrl\":\"https:\/\/veritasinfo.org\/wp-content\/uploads\/2025\/08\/sukob.jpeg\",\"width\":1920,\"height\":1080},{\"@type\":\"BreadcrumbList\",\"@id\":\"https:\/\/veritasinfo.org\/?p=7822#breadcrumb\",\"itemListElement\":[{\"@type\":\"ListItem\",\"position\":1,\"name\":\"Home\",\"item\":\"https:\/\/veritasinfo.org\/\"},{\"@type\":\"ListItem\",\"position\":2,\"name\":\"P\u00ebrkrah\u00ebsit e Vu\u00e7i\u00e7it sulmojn\u00eb protestuesit n\u00eb qytetin e V\u00ebrbasit\"}]},{\"@type\":\"WebSite\",\"@id\":\"https:\/\/veritasinfo.org\/#website\",\"url\":\"https:\/\/veritasinfo.org\/\",\"name\":\"\",\"description\":\"\",\"potentialAction\":[{\"@type\":\"SearchAction\",\"target\":{\"@type\":\"EntryPoint\",\"urlTemplate\":\"https:\/\/veritasinfo.org\/?s={search_term_string}\"},\"query-input\":{\"@type\":\"PropertyValueSpecification\",\"valueRequired\":true,\"valueName\":\"search_term_string\"}}],\"inLanguage\":\"en-US\"},{\"@type\":\"Person\",\"@id\":\"https:\/\/veritasinfo.org\/#\/schema\/person\/7701f8c088bece422266b100a712374f\",\"name\":\"admin\",\"image\":{\"@type\":\"ImageObject\",\"inLanguage\":\"en-US\",\"@id\":\"https:\/\/veritasinfo.org\/#\/schema\/person\/image\/\",\"url\":\"https:\/\/secure.gravatar.com\/avatar\/ea53aa3bf6c9a12d5fde8ce4deff43fef3885ae33cf60184161a50d6987cfd2f?s=96&d=mm&r=g\",\"contentUrl\":\"https:\/\/secure.gravatar.com\/avatar\/ea53aa3bf6c9a12d5fde8ce4deff43fef3885ae33cf60184161a50d6987cfd2f?s=96&d=mm&r=g\",\"caption\":\"admin\"},\"sameAs\":[\"https:\/\/veritasinfo.org\"],\"url\":\"https:\/\/veritasinfo.org\/?author=1\"}]}<\/script>\n<!-- \/ Yoast SEO plugin. -->","yoast_head_json":{"title":"P\u00ebrkrah\u00ebsit e Vu\u00e7i\u00e7it sulmojn\u00eb protestuesit n\u00eb qytetin e V\u00ebrbasit -","robots":{"index":"index","follow":"follow","max-snippet":"max-snippet:-1","max-image-preview":"max-image-preview:large","max-video-preview":"max-video-preview:-1"},"canonical":"https:\/\/veritasinfo.org\/?p=7822","og_locale":"en_US","og_type":"article","og_title":"P\u00ebrkrah\u00ebsit e Vu\u00e7i\u00e7it sulmojn\u00eb protestuesit n\u00eb qytetin e V\u00ebrbasit -","og_description":"V\u00ebrbas, 13 gusht 2025 N\u00eb Sheshin Nikola Pashiq n\u00eb Vrbas, filloi nj\u00eb protest\u00eb e student\u00ebve dhe qytetar\u00ebve rreth or\u00ebs 20:00, dhe nj\u00eb kordon policie ndau","og_url":"https:\/\/veritasinfo.org\/?p=7822","article_published_time":"2025-08-13T06:19:27+00:00","og_image":[{"width":1920,"height":1080,"url":"https:\/\/veritasinfo.org\/wp-content\/uploads\/2025\/08\/sukob.jpeg","type":"image\/jpeg"}],"author":"admin","twitter_card":"summary_large_image","twitter_misc":{"Written by":"admin","Est. reading time":"1 minute"},"schema":{"@context":"https:\/\/schema.org","@graph":[{"@type":"WebPage","@id":"https:\/\/veritasinfo.org\/?p=7822","url":"https:\/\/veritasinfo.org\/?p=7822","name":"P\u00ebrkrah\u00ebsit e Vu\u00e7i\u00e7it sulmojn\u00eb protestuesit n\u00eb qytetin e V\u00ebrbasit -","isPartOf":{"@id":"https:\/\/veritasinfo.org\/#website"},"primaryImageOfPage":{"@id":"https:\/\/veritasinfo.org\/?p=7822#primaryimage"},"image":{"@id":"https:\/\/veritasinfo.org\/?p=7822#primaryimage"},"thumbnailUrl":"https:\/\/veritasinfo.org\/wp-content\/uploads\/2025\/08\/sukob.jpeg","datePublished":"2025-08-13T06:19:27+00:00","author":{"@id":"https:\/\/veritasinfo.org\/#\/schema\/person\/7701f8c088bece422266b100a712374f"},"breadcrumb":{"@id":"https:\/\/veritasinfo.org\/?p=7822#breadcrumb"},"inLanguage":"en-US","potentialAction":[{"@type":"ReadAction","target":["https:\/\/veritasinfo.org\/?p=7822"]}]},{"@type":"ImageObject","inLanguage":"en-US","@id":"https:\/\/veritasinfo.org\/?p=7822#primaryimage","url":"https:\/\/veritasinfo.org\/wp-content\/uploads\/2025\/08\/sukob.jpeg","contentUrl":"https:\/\/veritasinfo.org\/wp-content\/uploads\/2025\/08\/sukob.jpeg","width":1920,"height":1080},{"@type":"BreadcrumbList","@id":"https:\/\/veritasinfo.org\/?p=7822#breadcrumb","itemListElement":[{"@type":"ListItem","position":1,"name":"Home","item":"https:\/\/veritasinfo.org\/"},{"@type":"ListItem","position":2,"name":"P\u00ebrkrah\u00ebsit e Vu\u00e7i\u00e7it sulmojn\u00eb protestuesit n\u00eb qytetin e V\u00ebrbasit"}]},{"@type":"WebSite","@id":"https:\/\/veritasinfo.org\/#website","url":"https:\/\/veritasinfo.org\/","name":"","description":"","potentialAction":[{"@type":"SearchAction","target":{"@type":"EntryPoint","urlTemplate":"https:\/\/veritasinfo.org\/?s={search_term_string}"},"query-input":{"@type":"PropertyValueSpecification","valueRequired":true,"valueName":"search_term_string"}}],"inLanguage":"en-US"},{"@type":"Person","@id":"https:\/\/veritasinfo.org\/#\/schema\/person\/7701f8c088bece422266b100a712374f","name":"admin","image":{"@type":"ImageObject","inLanguage":"en-US","@id":"https:\/\/veritasinfo.org\/#\/schema\/person\/image\/","url":"https:\/\/secure.gravatar.com\/avatar\/ea53aa3bf6c9a12d5fde8ce4deff43fef3885ae33cf60184161a50d6987cfd2f?s=96&d=mm&r=g","contentUrl":"https:\/\/secure.gravatar.com\/avatar\/ea53aa3bf6c9a12d5fde8ce4deff43fef3885ae33cf60184161a50d6987cfd2f?s=96&d=mm&r=g","caption":"admin"},"sameAs":["https:\/\/veritasinfo.org"],"url":"https:\/\/veritasinfo.org\/?author=1"}]}},"featured_image_urls":{"full":["https:\/\/veritasinfo.org\/wp-content\/uploads\/2025\/08\/sukob.jpeg",1920,1080,false],"thumbnail":["https:\/\/veritasinfo.org\/wp-content\/uploads\/2025\/08\/sukob-150x150.jpeg",150,150,true],"medium":["https:\/\/veritasinfo.org\/wp-content\/uploads\/2025\/08\/sukob-300x169.jpeg",300,169,true],"medium_large":["https:\/\/veritasinfo.org\/wp-content\/uploads\/2025\/08\/sukob-768x432.jpeg",640,360,true],"large":["https:\/\/veritasinfo.org\/wp-content\/uploads\/2025\/08\/sukob-1024x576.jpeg",640,360,true],"1536x1536":["https:\/\/veritasinfo.org\/wp-content\/uploads\/2025\/08\/sukob-1536x864.jpeg",1536,864,true],"2048x2048":["https:\/\/veritasinfo.org\/wp-content\/uploads\/2025\/08\/sukob.jpeg",1920,1080,false],"kreeti-slider-full":["https:\/\/veritasinfo.org\/wp-content\/uploads\/2025\/08\/sukob.jpeg",1280,720,false],"kreeti-featured":["https:\/\/veritasinfo.org\/wp-content\/uploads\/2025\/08\/sukob.jpeg",1024,576,false],"kreeti-medium":["https:\/\/veritasinfo.org\/wp-content\/uploads\/2025\/08\/sukob.jpeg",720,405,false],"kreeti-medium-square":["https:\/\/veritasinfo.org\/wp-content\/uploads\/2025\/08\/sukob.jpeg",350,197,false]},"author_info":{"info":["admin"]},"category_info":"<a href=\"https:\/\/veritasinfo.org\/?cat=72\" rel=\"category\">Bota<\/a>","tag_info":"Bota","comment_count":"0","_links":{"self":[{"href":"https:\/\/veritasinfo.org\/index.php?rest_route=\/wp\/v2\/posts\/7822","targetHints":{"allow":["GET"]}}],"collection":[{"href":"https:\/\/veritasinfo.org\/index.php?rest_route=\/wp\/v2\/posts"}],"about":[{"href":"https:\/\/veritasinfo.org\/index.php?rest_route=\/wp\/v2\/types\/post"}],"author":[{"embeddable":true,"href":"https:\/\/veritasinfo.org\/index.php?rest_route=\/wp\/v2\/users\/1"}],"replies":[{"embeddable":true,"href":"https:\/\/veritasinfo.org\/index.php?rest_route=%2Fwp%2Fv2%2Fcomments&post=7822"}],"version-history":[{"count":1,"href":"https:\/\/veritasinfo.org\/index.php?rest_route=\/wp\/v2\/posts\/7822\/revisions"}],"predecessor-version":[{"id":7824,"href":"https:\/\/veritasinfo.org\/index.php?rest_route=\/wp\/v2\/posts\/7822\/revisions\/7824"}],"wp:featuredmedia":[{"embeddable":true,"href":"https:\/\/veritasinfo.org\/index.php?rest_route=\/wp\/v2\/media\/7823"}],"wp:attachment":[{"href":"https:\/\/veritasinfo.org\/index.php?rest_route=%2Fwp%2Fv2%2Fmedia&parent=7822"}],"wp:term":[{"taxonomy":"category","embeddable":true,"href":"https:\/\/veritasinfo.org\/index.php?rest_route=%2Fwp%2Fv2%2Fcategories&post=7822"},{"taxonomy":"post_tag","embeddable":true,"href":"https:\/\/veritasinfo.org\/index.php?rest_route=%2Fwp%2Fv2%2Ftags&post=7822"}],"curies":[{"name":"wp","href":"https:\/\/api.w.org\/{rel}","templated":true}]}}