{"id":7801,"date":"2025-08-12T21:04:54","date_gmt":"2025-08-12T19:04:54","guid":{"rendered":"https:\/\/veritasinfo.org\/?p=7801"},"modified":"2025-08-12T21:04:54","modified_gmt":"2025-08-12T19:04:54","slug":"kurti-kosova-sot-gezon-perfaqesimin-diplomatik-me-te-gjere-ne-historine-e-saj","status":"publish","type":"post","link":"https:\/\/veritasinfo.org\/?p=7801","title":{"rendered":"Kurti: Kosova sot g\u00ebzon p\u00ebrfaq\u00ebsimin diplomatik m\u00eb t\u00eb gjer\u00eb n\u00eb historin\u00eb e saj"},"content":{"rendered":"<p>Prishtin\u00eb, 12 Gusht 2025<\/p>\n<p>Kryeministri n\u00eb detyr\u00eb i Republik\u00ebs s\u00eb Kosov\u00ebs, Albin Kurti, ka deklaruar se Kosova ka p\u00ebrfaq\u00ebsimin dhe shtrirjen diplomatike m\u00eb t\u00eb gjer\u00eb n\u00eb historin\u00eb e saj.<\/p>\n<p>Kurti thot\u00eb se gjat\u00eb mandatit t\u00eb tij \u00ebsht\u00eb zgjeruar prania diplomatike e Kosov\u00ebs me ambasad\u00eb t\u00eb re n\u00eb Kolumbi, Malajzi, nj\u00eb mision n\u00eb Poloni e nj\u00eb n\u00eb Selin\u00eb e Shenjt\u00eb.<\/p>\n<p>\u201cKosova sot g\u00ebzon p\u00ebrfaq\u00ebsimin dhe shtrirjen diplomatike m\u00eb t\u00eb gjer\u00eb n\u00eb historin\u00eb e saj.<\/p>\n<p>Jemi krenar\u00eb q\u00eb gjat\u00eb mandatit ton\u00eb e kemi zgjeruar pranin\u00eb ton\u00eb diplomatike n\u00eb nivele t\u00eb papara, duke hapur nj\u00eb ambasad\u00eb t\u00eb re n\u00eb Kolumbi, nj\u00eb ambasad\u00eb t\u00eb re n\u00eb Malajzi, nj\u00eb mision n\u00eb Poloni dhe nj\u00eb mision t\u00eb posa\u00e7\u00ebm n\u00eb Selin\u00eb e Shenjt\u00eb.<br \/>\nK\u00ebto momente t\u00eb r\u00ebnd\u00ebsishme forcojn\u00eb z\u00ebrin e Kosov\u00ebs n\u00eb sken\u00ebn globale dhe thellojn\u00eb partneritetet e saj n\u00eb t\u00eb gjith\u00eb bot\u00ebn\u201d deklaroi Kurti.<\/p>\n","protected":false},"excerpt":{"rendered":"<p>Prishtin\u00eb, 12 Gusht 2025 Kryeministri n\u00eb detyr\u00eb i Republik\u00ebs s\u00eb Kosov\u00ebs, Albin Kurti, ka deklaruar se Kosova ka p\u00ebrfaq\u00ebsimin dhe shtrirjen diplomatike m\u00eb t\u00eb gjer\u00eb<\/p>\n","protected":false},"author":1,"featured_media":7733,"comment_status":"open","ping_status":"open","sticky":false,"template":"","format":"standard","meta":{"footnotes":""},"categories":[93],"tags":[],"class_list":["post-7801","post","type-post","status-publish","format-standard","has-post-thumbnail","hentry","category-politika-sq"],"yoast_head":"<!-- This site is optimized with the Yoast SEO plugin v25.3.1 - https:\/\/yoast.com\/wordpress\/plugins\/seo\/ -->\n<title>Kurti: Kosova sot g\u00ebzon p\u00ebrfaq\u00ebsimin diplomatik m\u00eb t\u00eb gjer\u00eb n\u00eb historin\u00eb e saj -<\/title>\n<meta name=\"robots\" content=\"index, follow, max-snippet:-1, max-image-preview:large, max-video-preview:-1\" \/>\n<link rel=\"canonical\" href=\"https:\/\/veritasinfo.org\/?p=7801\" \/>\n<meta property=\"og:locale\" content=\"en_US\" \/>\n<meta property=\"og:type\" content=\"article\" \/>\n<meta property=\"og:title\" content=\"Kurti: Kosova sot g\u00ebzon p\u00ebrfaq\u00ebsimin diplomatik m\u00eb t\u00eb gjer\u00eb n\u00eb historin\u00eb e saj -\" \/>\n<meta property=\"og:description\" content=\"Prishtin\u00eb, 12 Gusht 2025 Kryeministri n\u00eb detyr\u00eb i Republik\u00ebs s\u00eb Kosov\u00ebs, Albin Kurti, ka deklaruar se Kosova ka p\u00ebrfaq\u00ebsimin dhe shtrirjen diplomatike m\u00eb t\u00eb gjer\u00eb\" \/>\n<meta property=\"og:url\" content=\"https:\/\/veritasinfo.org\/?p=7801\" \/>\n<meta property=\"article:published_time\" content=\"2025-08-12T19:04:54+00:00\" \/>\n<meta property=\"og:image\" content=\"https:\/\/veritasinfo.org\/wp-content\/uploads\/2025\/08\/IMG_2943.jpeg\" \/>\n\t<meta property=\"og:image:width\" content=\"1080\" \/>\n\t<meta property=\"og:image:height\" content=\"608\" \/>\n\t<meta property=\"og:image:type\" content=\"image\/jpeg\" \/>\n<meta name=\"author\" content=\"admin\" \/>\n<meta name=\"twitter:card\" content=\"summary_large_image\" \/>\n<meta name=\"twitter:label1\" content=\"Written by\" \/>\n\t<meta name=\"twitter:data1\" content=\"admin\" \/>\n\t<meta name=\"twitter:label2\" content=\"Est. reading time\" \/>\n\t<meta name=\"twitter:data2\" content=\"1 minute\" \/>\n<script type=\"application\/ld+json\" class=\"yoast-schema-graph\">{\"@context\":\"https:\/\/schema.org\",\"@graph\":[{\"@type\":\"WebPage\",\"@id\":\"https:\/\/veritasinfo.org\/?p=7801\",\"url\":\"https:\/\/veritasinfo.org\/?p=7801\",\"name\":\"Kurti: Kosova sot g\u00ebzon p\u00ebrfaq\u00ebsimin diplomatik m\u00eb t\u00eb gjer\u00eb n\u00eb historin\u00eb e saj -\",\"isPartOf\":{\"@id\":\"https:\/\/veritasinfo.org\/#website\"},\"primaryImageOfPage\":{\"@id\":\"https:\/\/veritasinfo.org\/?p=7801#primaryimage\"},\"image\":{\"@id\":\"https:\/\/veritasinfo.org\/?p=7801#primaryimage\"},\"thumbnailUrl\":\"https:\/\/veritasinfo.org\/wp-content\/uploads\/2025\/08\/IMG_2943.jpeg\",\"datePublished\":\"2025-08-12T19:04:54+00:00\",\"author\":{\"@id\":\"https:\/\/veritasinfo.org\/#\/schema\/person\/7701f8c088bece422266b100a712374f\"},\"breadcrumb\":{\"@id\":\"https:\/\/veritasinfo.org\/?p=7801#breadcrumb\"},\"inLanguage\":\"en-US\",\"potentialAction\":[{\"@type\":\"ReadAction\",\"target\":[\"https:\/\/veritasinfo.org\/?p=7801\"]}]},{\"@type\":\"ImageObject\",\"inLanguage\":\"en-US\",\"@id\":\"https:\/\/veritasinfo.org\/?p=7801#primaryimage\",\"url\":\"https:\/\/veritasinfo.org\/wp-content\/uploads\/2025\/08\/IMG_2943.jpeg\",\"contentUrl\":\"https:\/\/veritasinfo.org\/wp-content\/uploads\/2025\/08\/IMG_2943.jpeg\",\"width\":1080,\"height\":608},{\"@type\":\"BreadcrumbList\",\"@id\":\"https:\/\/veritasinfo.org\/?p=7801#breadcrumb\",\"itemListElement\":[{\"@type\":\"ListItem\",\"position\":1,\"name\":\"Home\",\"item\":\"https:\/\/veritasinfo.org\/\"},{\"@type\":\"ListItem\",\"position\":2,\"name\":\"Kurti: Kosova sot g\u00ebzon p\u00ebrfaq\u00ebsimin diplomatik m\u00eb t\u00eb gjer\u00eb n\u00eb historin\u00eb e saj\"}]},{\"@type\":\"WebSite\",\"@id\":\"https:\/\/veritasinfo.org\/#website\",\"url\":\"https:\/\/veritasinfo.org\/\",\"name\":\"\",\"description\":\"\",\"potentialAction\":[{\"@type\":\"SearchAction\",\"target\":{\"@type\":\"EntryPoint\",\"urlTemplate\":\"https:\/\/veritasinfo.org\/?s={search_term_string}\"},\"query-input\":{\"@type\":\"PropertyValueSpecification\",\"valueRequired\":true,\"valueName\":\"search_term_string\"}}],\"inLanguage\":\"en-US\"},{\"@type\":\"Person\",\"@id\":\"https:\/\/veritasinfo.org\/#\/schema\/person\/7701f8c088bece422266b100a712374f\",\"name\":\"admin\",\"image\":{\"@type\":\"ImageObject\",\"inLanguage\":\"en-US\",\"@id\":\"https:\/\/veritasinfo.org\/#\/schema\/person\/image\/\",\"url\":\"https:\/\/secure.gravatar.com\/avatar\/ea53aa3bf6c9a12d5fde8ce4deff43fef3885ae33cf60184161a50d6987cfd2f?s=96&d=mm&r=g\",\"contentUrl\":\"https:\/\/secure.gravatar.com\/avatar\/ea53aa3bf6c9a12d5fde8ce4deff43fef3885ae33cf60184161a50d6987cfd2f?s=96&d=mm&r=g\",\"caption\":\"admin\"},\"sameAs\":[\"https:\/\/veritasinfo.org\"],\"url\":\"https:\/\/veritasinfo.org\/?author=1\"}]}<\/script>\n<!-- \/ Yoast SEO plugin. -->","yoast_head_json":{"title":"Kurti: Kosova sot g\u00ebzon p\u00ebrfaq\u00ebsimin diplomatik m\u00eb t\u00eb gjer\u00eb n\u00eb historin\u00eb e saj -","robots":{"index":"index","follow":"follow","max-snippet":"max-snippet:-1","max-image-preview":"max-image-preview:large","max-video-preview":"max-video-preview:-1"},"canonical":"https:\/\/veritasinfo.org\/?p=7801","og_locale":"en_US","og_type":"article","og_title":"Kurti: Kosova sot g\u00ebzon p\u00ebrfaq\u00ebsimin diplomatik m\u00eb t\u00eb gjer\u00eb n\u00eb historin\u00eb e saj -","og_description":"Prishtin\u00eb, 12 Gusht 2025 Kryeministri n\u00eb detyr\u00eb i Republik\u00ebs s\u00eb Kosov\u00ebs, Albin Kurti, ka deklaruar se Kosova ka p\u00ebrfaq\u00ebsimin dhe shtrirjen diplomatike m\u00eb t\u00eb gjer\u00eb","og_url":"https:\/\/veritasinfo.org\/?p=7801","article_published_time":"2025-08-12T19:04:54+00:00","og_image":[{"width":1080,"height":608,"url":"https:\/\/veritasinfo.org\/wp-content\/uploads\/2025\/08\/IMG_2943.jpeg","type":"image\/jpeg"}],"author":"admin","twitter_card":"summary_large_image","twitter_misc":{"Written by":"admin","Est. reading time":"1 minute"},"schema":{"@context":"https:\/\/schema.org","@graph":[{"@type":"WebPage","@id":"https:\/\/veritasinfo.org\/?p=7801","url":"https:\/\/veritasinfo.org\/?p=7801","name":"Kurti: Kosova sot g\u00ebzon p\u00ebrfaq\u00ebsimin diplomatik m\u00eb t\u00eb gjer\u00eb n\u00eb historin\u00eb e saj -","isPartOf":{"@id":"https:\/\/veritasinfo.org\/#website"},"primaryImageOfPage":{"@id":"https:\/\/veritasinfo.org\/?p=7801#primaryimage"},"image":{"@id":"https:\/\/veritasinfo.org\/?p=7801#primaryimage"},"thumbnailUrl":"https:\/\/veritasinfo.org\/wp-content\/uploads\/2025\/08\/IMG_2943.jpeg","datePublished":"2025-08-12T19:04:54+00:00","author":{"@id":"https:\/\/veritasinfo.org\/#\/schema\/person\/7701f8c088bece422266b100a712374f"},"breadcrumb":{"@id":"https:\/\/veritasinfo.org\/?p=7801#breadcrumb"},"inLanguage":"en-US","potentialAction":[{"@type":"ReadAction","target":["https:\/\/veritasinfo.org\/?p=7801"]}]},{"@type":"ImageObject","inLanguage":"en-US","@id":"https:\/\/veritasinfo.org\/?p=7801#primaryimage","url":"https:\/\/veritasinfo.org\/wp-content\/uploads\/2025\/08\/IMG_2943.jpeg","contentUrl":"https:\/\/veritasinfo.org\/wp-content\/uploads\/2025\/08\/IMG_2943.jpeg","width":1080,"height":608},{"@type":"BreadcrumbList","@id":"https:\/\/veritasinfo.org\/?p=7801#breadcrumb","itemListElement":[{"@type":"ListItem","position":1,"name":"Home","item":"https:\/\/veritasinfo.org\/"},{"@type":"ListItem","position":2,"name":"Kurti: Kosova sot g\u00ebzon p\u00ebrfaq\u00ebsimin diplomatik m\u00eb t\u00eb gjer\u00eb n\u00eb historin\u00eb e saj"}]},{"@type":"WebSite","@id":"https:\/\/veritasinfo.org\/#website","url":"https:\/\/veritasinfo.org\/","name":"","description":"","potentialAction":[{"@type":"SearchAction","target":{"@type":"EntryPoint","urlTemplate":"https:\/\/veritasinfo.org\/?s={search_term_string}"},"query-input":{"@type":"PropertyValueSpecification","valueRequired":true,"valueName":"search_term_string"}}],"inLanguage":"en-US"},{"@type":"Person","@id":"https:\/\/veritasinfo.org\/#\/schema\/person\/7701f8c088bece422266b100a712374f","name":"admin","image":{"@type":"ImageObject","inLanguage":"en-US","@id":"https:\/\/veritasinfo.org\/#\/schema\/person\/image\/","url":"https:\/\/secure.gravatar.com\/avatar\/ea53aa3bf6c9a12d5fde8ce4deff43fef3885ae33cf60184161a50d6987cfd2f?s=96&d=mm&r=g","contentUrl":"https:\/\/secure.gravatar.com\/avatar\/ea53aa3bf6c9a12d5fde8ce4deff43fef3885ae33cf60184161a50d6987cfd2f?s=96&d=mm&r=g","caption":"admin"},"sameAs":["https:\/\/veritasinfo.org"],"url":"https:\/\/veritasinfo.org\/?author=1"}]}},"featured_image_urls":{"full":["https:\/\/veritasinfo.org\/wp-content\/uploads\/2025\/08\/IMG_2943.jpeg",1080,608,false],"thumbnail":["https:\/\/veritasinfo.org\/wp-content\/uploads\/2025\/08\/IMG_2943-150x150.jpeg",150,150,true],"medium":["https:\/\/veritasinfo.org\/wp-content\/uploads\/2025\/08\/IMG_2943-300x169.jpeg",300,169,true],"medium_large":["https:\/\/veritasinfo.org\/wp-content\/uploads\/2025\/08\/IMG_2943-768x432.jpeg",640,360,true],"large":["https:\/\/veritasinfo.org\/wp-content\/uploads\/2025\/08\/IMG_2943-1024x576.jpeg",640,360,true],"1536x1536":["https:\/\/veritasinfo.org\/wp-content\/uploads\/2025\/08\/IMG_2943.jpeg",1080,608,false],"2048x2048":["https:\/\/veritasinfo.org\/wp-content\/uploads\/2025\/08\/IMG_2943.jpeg",1080,608,false],"kreeti-slider-full":["https:\/\/veritasinfo.org\/wp-content\/uploads\/2025\/08\/IMG_2943.jpeg",1080,608,false],"kreeti-featured":["https:\/\/veritasinfo.org\/wp-content\/uploads\/2025\/08\/IMG_2943.jpeg",1024,576,false],"kreeti-medium":["https:\/\/veritasinfo.org\/wp-content\/uploads\/2025\/08\/IMG_2943.jpeg",720,405,false],"kreeti-medium-square":["https:\/\/veritasinfo.org\/wp-content\/uploads\/2025\/08\/IMG_2943.jpeg",350,197,false]},"author_info":{"info":["admin"]},"category_info":"<a href=\"https:\/\/veritasinfo.org\/?cat=93\" rel=\"category\">Politika<\/a>","tag_info":"Politika","comment_count":"0","_links":{"self":[{"href":"https:\/\/veritasinfo.org\/index.php?rest_route=\/wp\/v2\/posts\/7801","targetHints":{"allow":["GET"]}}],"collection":[{"href":"https:\/\/veritasinfo.org\/index.php?rest_route=\/wp\/v2\/posts"}],"about":[{"href":"https:\/\/veritasinfo.org\/index.php?rest_route=\/wp\/v2\/types\/post"}],"author":[{"embeddable":true,"href":"https:\/\/veritasinfo.org\/index.php?rest_route=\/wp\/v2\/users\/1"}],"replies":[{"embeddable":true,"href":"https:\/\/veritasinfo.org\/index.php?rest_route=%2Fwp%2Fv2%2Fcomments&post=7801"}],"version-history":[{"count":1,"href":"https:\/\/veritasinfo.org\/index.php?rest_route=\/wp\/v2\/posts\/7801\/revisions"}],"predecessor-version":[{"id":7802,"href":"https:\/\/veritasinfo.org\/index.php?rest_route=\/wp\/v2\/posts\/7801\/revisions\/7802"}],"wp:featuredmedia":[{"embeddable":true,"href":"https:\/\/veritasinfo.org\/index.php?rest_route=\/wp\/v2\/media\/7733"}],"wp:attachment":[{"href":"https:\/\/veritasinfo.org\/index.php?rest_route=%2Fwp%2Fv2%2Fmedia&parent=7801"}],"wp:term":[{"taxonomy":"category","embeddable":true,"href":"https:\/\/veritasinfo.org\/index.php?rest_route=%2Fwp%2Fv2%2Fcategories&post=7801"},{"taxonomy":"post_tag","embeddable":true,"href":"https:\/\/veritasinfo.org\/index.php?rest_route=%2Fwp%2Fv2%2Ftags&post=7801"}],"curies":[{"name":"wp","href":"https:\/\/api.w.org\/{rel}","templated":true}]}}