{"id":7774,"date":"2025-08-12T15:11:57","date_gmt":"2025-08-12T13:11:57","guid":{"rendered":"https:\/\/veritasinfo.org\/?p=7774"},"modified":"2025-08-12T15:15:14","modified_gmt":"2025-08-12T13:15:14","slug":"fundi-i-monopolit-te-listes-serbe-qytetaret-e-mitrovices-se-veriut-kerkojne-opsione-te-reja","status":"publish","type":"post","link":"https:\/\/veritasinfo.org\/?p=7774","title":{"rendered":"Fundi i monopolit t\u00eb List\u00ebs Serbe? Qytetar\u00ebt e Mitrovic\u00ebs s\u00eb Veriut k\u00ebrkojn\u00eb opsione t\u00eb reja"},"content":{"rendered":"<p data-start=\"196\" data-end=\"232\">Mitrovic\u00eb e Veriut, gusht 2025<\/p>\n<p data-start=\"234\" data-end=\"638\">P\u00ebr her\u00eb t\u00eb par\u00eb q\u00eb kur mbahen zgjedhjet lokale n\u00eb veri t\u00eb Kosov\u00ebs, qytetar\u00ebt e Mitrovic\u00ebs s\u00eb Veriut do t\u00eb ken\u00eb mund\u00ebsin\u00eb t\u00eb zgjedhin mes disa opsioneve politike serbe. P\u00ebrve\u00e7 List\u00ebs Serbe, n\u00eb flet\u00ebvotim do t\u00eb jen\u00eb edhe t\u00eb pakt\u00ebn tre parti t\u00eb tjera q\u00eb p\u00ebrfaq\u00ebsojn\u00eb serb\u00ebt \u2013 <strong data-start=\"508\" data-end=\"577\">L\u00ebvizja Popullore Serbe, Demokracia Serbe dhe Iniciativa Qytetare<\/strong> \u2013 gj\u00eb q\u00eb hap mund\u00ebsi p\u00ebr konkurrenc\u00eb m\u00eb t\u00eb madhe politike.<\/p>\n<p data-start=\"640\" data-end=\"806\">Reagimet e qytetar\u00ebve jan\u00eb t\u00eb ndara \u2013 disa e p\u00ebrsh\u00ebndesin ofert\u00ebn m\u00eb t\u00eb gjer\u00eb t\u00eb kandidat\u00ebve, nd\u00ebrsa t\u00eb tjer\u00eb frik\u00ebsohen nga ndarjet e reja dhe rritja e tensioneve.<\/p>\n<p data-start=\"808\" data-end=\"1033\">\u201c\u00cbsht\u00eb mir\u00eb q\u00eb do t\u00eb kemi m\u00eb shum\u00eb zgjedhje. Deri tani gjith\u00e7ka dihej paraprakisht, nd\u00ebrsa tani ndoshta do t\u00eb d\u00ebgjojm\u00eb edhe zgjidhje t\u00eb reja p\u00ebr problemet tona\u201d, thot\u00eb Milosh, ekonomist 42-vje\u00e7ar nga Mitrovica e Veriut.<\/p>\n<p data-start=\"1035\" data-end=\"1319\">Nga ana tjet\u00ebr, ka edhe skeptik\u00eb. \u201cNuk besoj se do t\u00eb ndryshoj\u00eb ndonj\u00eb gj\u00eb. Tek ne partit\u00eb shpesh jan\u00eb vet\u00ebm formalisht t\u00eb ndryshme, por n\u00eb thelb veprojn\u00eb nj\u00ebsoj. Kam frik\u00eb se kjo vet\u00ebm do ta ndaj\u00eb m\u00eb shum\u00eb popullin\u201d, thot\u00eb Dragica, pensioniste nga lagjja Mahalla e Boshnjak\u00ebve.<\/p>\n<p data-start=\"1321\" data-end=\"1566\">Disa shohin mund\u00ebsi p\u00ebr ndryshim p\u00ebrmes opsioneve m\u00eb t\u00eb vogla. \u201cDo t\u2019i jap shansin ndonj\u00eb liste t\u00eb re. Ka ardhur koha t\u00eb shohim n\u00ebse dikush mund t\u00eb punoj\u00eb m\u00eb mir\u00eb, sidomos p\u00ebr pun\u00ebsimin dhe problemet komunale\u201d, thot\u00eb studenti Nikola Saviq.<\/p>\n<p data-start=\"1568\" data-end=\"1847\">Marija, nj\u00eb sip\u00ebrmarr\u00ebse e re, thekson se p\u00ebr t\u00eb \u00ebsht\u00eb e r\u00ebnd\u00ebsishme q\u00eb kandidat\u00ebt t\u00eb ofrojn\u00eb plane konkrete: \u201cNuk ka r\u00ebnd\u00ebsi emri, por \u00e7far\u00eb mund t\u00eb b\u00ebjn\u00eb. N\u00ebse dikush paraqet nj\u00eb plan real p\u00ebr hapjen e vendeve t\u00eb pun\u00ebs dhe rregullimin e qytetit, menj\u00ebher\u00eb ka vot\u00ebn time.\u201d<\/p>\n<p data-start=\"1849\" data-end=\"2093\">Marko, tregtar 38-vje\u00e7ar, mendon se dalja e m\u00eb shum\u00eb opsioneve mund t\u00eb thyej\u00eb monopolin e deritanish\u00ebm: \u201cLista Serbe ka vendosur vet\u00eb p\u00ebr shum\u00eb koh\u00eb se kush do ta drejtoj\u00eb qytetin. Tani do t\u00eb duhet t\u00eb p\u00ebrpiqen p\u00ebr ta merituar vot\u00ebn ton\u00eb.\u201d<\/p>\n<p data-start=\"2095\" data-end=\"2348\">Megjithat\u00eb, ka edhe nga ata q\u00eb besojn\u00eb se kjo \u00ebsht\u00eb vet\u00ebm nj\u00eb pamje e rreme e demokracis\u00eb. \u201cK\u00ebto jan\u00eb t\u00eb gjitha t\u00eb nj\u00ebjtat ekipe, vet\u00ebm shtiren si konkurrenc\u00eb. N\u00eb fund gjith\u00e7ka do t\u00eb mbetet nj\u00ebsoj\u201d, thot\u00eb Shnezhana, pun\u00ebtore e nd\u00ebrmarrjes komunale.<\/p>\n<p data-start=\"2350\" data-end=\"2550\">Zoran, pensionist, shpreh shqet\u00ebsim p\u00ebr p\u00ebrplasjet e mundshme: \u201cSapo t\u00eb ket\u00eb m\u00eb shum\u00eb kandidat\u00eb, fillojn\u00eb akuzat, presionet dhe k\u00ebrc\u00ebnimet. Kam frik\u00eb se kjo do t\u00eb sjell\u00eb edhe m\u00eb shum\u00eb p\u00ebr\u00e7arje.\u201d<\/p>\n<p data-start=\"2552\" data-end=\"2808\">Pjesa m\u00eb e re e popullsis\u00eb sheh nj\u00eb mund\u00ebsi p\u00ebr politik\u00eb t\u00eb re. \u201cNe t\u00eb rinjve na duhen vende pune, shkolla dhe investime, jo vet\u00ebm fytyrat e nj\u00ebjta q\u00eb i d\u00ebgjojm\u00eb prej vitesh dhe fjalimet p\u00ebr Beogradin e Prishtin\u00ebn\u201d, thot\u00eb Milica, studente 23-vje\u00e7are.<\/p>\n<p data-start=\"2810\" data-end=\"3034\">Nd\u00ebrkoh\u00eb q\u00eb fushata po avancon, pritet q\u00eb atmosfera n\u00eb qytet t\u00eb b\u00ebhet m\u00eb e tensionuar. Rrjetet sociale jan\u00eb t\u00eb mbushura me faqe dhe slogane t\u00eb reja politike, nd\u00ebrsa kafenet\u00eb jan\u00eb shnd\u00ebrruar n\u00eb \u201cshtabe\u201d joformale zgjedhore.<\/p>\n<p data-start=\"3036\" data-end=\"3233\">\u201cV\u00eblla, ka ardhur koha. T\u00eb nj\u00ebjt\u00ebt njer\u00ebz prej vitesh, nd\u00ebrsa populli g\u00ebrmon n\u00eb plehra. Tani le t\u00eb shohim kush \u00ebsht\u00eb p\u00ebr popullin e kush p\u00ebr karrigen\u201d, thot\u00eb Llubisha nga lagjja Mikronaselje.<\/p>\n<p data-start=\"3235\" data-end=\"3433\">Nikola, kamarier 25-vje\u00e7ar, shton: \u201cNuk na duhen fjal\u00eb boshe p\u00ebr patriotiz\u00ebm, por pun\u00eb, paga normale dhe rrug\u00eb t\u00eb rregulluara. Kush e ofron k\u00ebt\u00eb \u2013 ka vot\u00ebn time, edhe sikur t\u00eb vij\u00eb nga Marsi.\u201d<\/p>\n<p data-start=\"3435\" data-end=\"3586\">Mitar, shofer i pensionuar, p\u00ebrfundon: \u201cKur ka m\u00eb shum\u00eb kandidat\u00eb, ka edhe sharje e presione. Por m\u00eb mir\u00eb k\u00ebshtu sesa t\u00eb mos ket\u00eb fare zgjedhje.\u201d<\/p>\n<p data-start=\"3588\" data-end=\"3736\">Qytetar\u00ebt thon\u00eb se k\u00ebto zgjedhje lokale mund t\u00eb jen\u00eb nj\u00eb pik\u00eb kthese \u2013 ose nj\u00eb ndarje e re. P\u00ebrgjigjen do ta japin votuesit n\u00eb dit\u00ebn e zgjedhjeve.<\/p>\n","protected":false},"excerpt":{"rendered":"<p>Mitrovic\u00eb e Veriut, gusht 2025 P\u00ebr her\u00eb t\u00eb par\u00eb q\u00eb kur mbahen zgjedhjet lokale n\u00eb veri t\u00eb Kosov\u00ebs, qytetar\u00ebt e Mitrovic\u00ebs s\u00eb Veriut do t\u00eb<\/p>\n","protected":false},"author":1,"featured_media":7770,"comment_status":"open","ping_status":"open","sticky":false,"template":"","format":"standard","meta":{"footnotes":""},"categories":[58],"tags":[],"class_list":["post-7774","post","type-post","status-publish","format-standard","has-post-thumbnail","hentry","category-politike-sq"],"yoast_head":"<!-- This site is optimized with the Yoast SEO plugin v25.3.1 - https:\/\/yoast.com\/wordpress\/plugins\/seo\/ -->\n<title>Fundi i monopolit t\u00eb List\u00ebs Serbe? Qytetar\u00ebt e Mitrovic\u00ebs s\u00eb Veriut k\u00ebrkojn\u00eb opsione t\u00eb reja -<\/title>\n<meta name=\"robots\" content=\"index, follow, max-snippet:-1, max-image-preview:large, max-video-preview:-1\" \/>\n<link rel=\"canonical\" href=\"https:\/\/veritasinfo.org\/?p=7774\" \/>\n<meta property=\"og:locale\" content=\"en_US\" \/>\n<meta property=\"og:type\" content=\"article\" \/>\n<meta property=\"og:title\" content=\"Fundi i monopolit t\u00eb List\u00ebs Serbe? Qytetar\u00ebt e Mitrovic\u00ebs s\u00eb Veriut k\u00ebrkojn\u00eb opsione t\u00eb reja -\" \/>\n<meta property=\"og:description\" content=\"Mitrovic\u00eb e Veriut, gusht 2025 P\u00ebr her\u00eb t\u00eb par\u00eb q\u00eb kur mbahen zgjedhjet lokale n\u00eb veri t\u00eb Kosov\u00ebs, qytetar\u00ebt e Mitrovic\u00ebs s\u00eb Veriut do t\u00eb\" \/>\n<meta property=\"og:url\" content=\"https:\/\/veritasinfo.org\/?p=7774\" \/>\n<meta property=\"article:published_time\" content=\"2025-08-12T13:11:57+00:00\" \/>\n<meta property=\"article:modified_time\" content=\"2025-08-12T13:15:14+00:00\" \/>\n<meta property=\"og:image\" content=\"https:\/\/veritasinfo.org\/wp-content\/uploads\/2025\/08\/FB_IMG_1755002384501.jpg\" \/>\n\t<meta property=\"og:image:width\" content=\"2048\" \/>\n\t<meta property=\"og:image:height\" content=\"1496\" \/>\n\t<meta property=\"og:image:type\" content=\"image\/jpeg\" \/>\n<meta name=\"author\" content=\"admin\" \/>\n<meta name=\"twitter:card\" content=\"summary_large_image\" \/>\n<meta name=\"twitter:label1\" content=\"Written by\" \/>\n\t<meta name=\"twitter:data1\" content=\"admin\" \/>\n\t<meta name=\"twitter:label2\" content=\"Est. reading time\" \/>\n\t<meta name=\"twitter:data2\" content=\"3 minutes\" \/>\n<script type=\"application\/ld+json\" class=\"yoast-schema-graph\">{\"@context\":\"https:\/\/schema.org\",\"@graph\":[{\"@type\":\"WebPage\",\"@id\":\"https:\/\/veritasinfo.org\/?p=7774\",\"url\":\"https:\/\/veritasinfo.org\/?p=7774\",\"name\":\"Fundi i monopolit t\u00eb List\u00ebs Serbe? Qytetar\u00ebt e Mitrovic\u00ebs s\u00eb Veriut k\u00ebrkojn\u00eb opsione t\u00eb reja -\",\"isPartOf\":{\"@id\":\"https:\/\/veritasinfo.org\/#website\"},\"primaryImageOfPage\":{\"@id\":\"https:\/\/veritasinfo.org\/?p=7774#primaryimage\"},\"image\":{\"@id\":\"https:\/\/veritasinfo.org\/?p=7774#primaryimage\"},\"thumbnailUrl\":\"https:\/\/veritasinfo.org\/wp-content\/uploads\/2025\/08\/FB_IMG_1755002384501.jpg\",\"datePublished\":\"2025-08-12T13:11:57+00:00\",\"dateModified\":\"2025-08-12T13:15:14+00:00\",\"author\":{\"@id\":\"https:\/\/veritasinfo.org\/#\/schema\/person\/7701f8c088bece422266b100a712374f\"},\"breadcrumb\":{\"@id\":\"https:\/\/veritasinfo.org\/?p=7774#breadcrumb\"},\"inLanguage\":\"en-US\",\"potentialAction\":[{\"@type\":\"ReadAction\",\"target\":[\"https:\/\/veritasinfo.org\/?p=7774\"]}]},{\"@type\":\"ImageObject\",\"inLanguage\":\"en-US\",\"@id\":\"https:\/\/veritasinfo.org\/?p=7774#primaryimage\",\"url\":\"https:\/\/veritasinfo.org\/wp-content\/uploads\/2025\/08\/FB_IMG_1755002384501.jpg\",\"contentUrl\":\"https:\/\/veritasinfo.org\/wp-content\/uploads\/2025\/08\/FB_IMG_1755002384501.jpg\",\"width\":2048,\"height\":1496},{\"@type\":\"BreadcrumbList\",\"@id\":\"https:\/\/veritasinfo.org\/?p=7774#breadcrumb\",\"itemListElement\":[{\"@type\":\"ListItem\",\"position\":1,\"name\":\"Home\",\"item\":\"https:\/\/veritasinfo.org\/\"},{\"@type\":\"ListItem\",\"position\":2,\"name\":\"Fundi i monopolit t\u00eb List\u00ebs Serbe? Qytetar\u00ebt e Mitrovic\u00ebs s\u00eb Veriut k\u00ebrkojn\u00eb opsione t\u00eb reja\"}]},{\"@type\":\"WebSite\",\"@id\":\"https:\/\/veritasinfo.org\/#website\",\"url\":\"https:\/\/veritasinfo.org\/\",\"name\":\"\",\"description\":\"\",\"potentialAction\":[{\"@type\":\"SearchAction\",\"target\":{\"@type\":\"EntryPoint\",\"urlTemplate\":\"https:\/\/veritasinfo.org\/?s={search_term_string}\"},\"query-input\":{\"@type\":\"PropertyValueSpecification\",\"valueRequired\":true,\"valueName\":\"search_term_string\"}}],\"inLanguage\":\"en-US\"},{\"@type\":\"Person\",\"@id\":\"https:\/\/veritasinfo.org\/#\/schema\/person\/7701f8c088bece422266b100a712374f\",\"name\":\"admin\",\"image\":{\"@type\":\"ImageObject\",\"inLanguage\":\"en-US\",\"@id\":\"https:\/\/veritasinfo.org\/#\/schema\/person\/image\/\",\"url\":\"https:\/\/secure.gravatar.com\/avatar\/ea53aa3bf6c9a12d5fde8ce4deff43fef3885ae33cf60184161a50d6987cfd2f?s=96&d=mm&r=g\",\"contentUrl\":\"https:\/\/secure.gravatar.com\/avatar\/ea53aa3bf6c9a12d5fde8ce4deff43fef3885ae33cf60184161a50d6987cfd2f?s=96&d=mm&r=g\",\"caption\":\"admin\"},\"sameAs\":[\"https:\/\/veritasinfo.org\"],\"url\":\"https:\/\/veritasinfo.org\/?author=1\"}]}<\/script>\n<!-- \/ Yoast SEO plugin. -->","yoast_head_json":{"title":"Fundi i monopolit t\u00eb List\u00ebs Serbe? Qytetar\u00ebt e Mitrovic\u00ebs s\u00eb Veriut k\u00ebrkojn\u00eb opsione t\u00eb reja -","robots":{"index":"index","follow":"follow","max-snippet":"max-snippet:-1","max-image-preview":"max-image-preview:large","max-video-preview":"max-video-preview:-1"},"canonical":"https:\/\/veritasinfo.org\/?p=7774","og_locale":"en_US","og_type":"article","og_title":"Fundi i monopolit t\u00eb List\u00ebs Serbe? Qytetar\u00ebt e Mitrovic\u00ebs s\u00eb Veriut k\u00ebrkojn\u00eb opsione t\u00eb reja -","og_description":"Mitrovic\u00eb e Veriut, gusht 2025 P\u00ebr her\u00eb t\u00eb par\u00eb q\u00eb kur mbahen zgjedhjet lokale n\u00eb veri t\u00eb Kosov\u00ebs, qytetar\u00ebt e Mitrovic\u00ebs s\u00eb Veriut do t\u00eb","og_url":"https:\/\/veritasinfo.org\/?p=7774","article_published_time":"2025-08-12T13:11:57+00:00","article_modified_time":"2025-08-12T13:15:14+00:00","og_image":[{"width":2048,"height":1496,"url":"https:\/\/veritasinfo.org\/wp-content\/uploads\/2025\/08\/FB_IMG_1755002384501.jpg","type":"image\/jpeg"}],"author":"admin","twitter_card":"summary_large_image","twitter_misc":{"Written by":"admin","Est. reading time":"3 minutes"},"schema":{"@context":"https:\/\/schema.org","@graph":[{"@type":"WebPage","@id":"https:\/\/veritasinfo.org\/?p=7774","url":"https:\/\/veritasinfo.org\/?p=7774","name":"Fundi i monopolit t\u00eb List\u00ebs Serbe? Qytetar\u00ebt e Mitrovic\u00ebs s\u00eb Veriut k\u00ebrkojn\u00eb opsione t\u00eb reja -","isPartOf":{"@id":"https:\/\/veritasinfo.org\/#website"},"primaryImageOfPage":{"@id":"https:\/\/veritasinfo.org\/?p=7774#primaryimage"},"image":{"@id":"https:\/\/veritasinfo.org\/?p=7774#primaryimage"},"thumbnailUrl":"https:\/\/veritasinfo.org\/wp-content\/uploads\/2025\/08\/FB_IMG_1755002384501.jpg","datePublished":"2025-08-12T13:11:57+00:00","dateModified":"2025-08-12T13:15:14+00:00","author":{"@id":"https:\/\/veritasinfo.org\/#\/schema\/person\/7701f8c088bece422266b100a712374f"},"breadcrumb":{"@id":"https:\/\/veritasinfo.org\/?p=7774#breadcrumb"},"inLanguage":"en-US","potentialAction":[{"@type":"ReadAction","target":["https:\/\/veritasinfo.org\/?p=7774"]}]},{"@type":"ImageObject","inLanguage":"en-US","@id":"https:\/\/veritasinfo.org\/?p=7774#primaryimage","url":"https:\/\/veritasinfo.org\/wp-content\/uploads\/2025\/08\/FB_IMG_1755002384501.jpg","contentUrl":"https:\/\/veritasinfo.org\/wp-content\/uploads\/2025\/08\/FB_IMG_1755002384501.jpg","width":2048,"height":1496},{"@type":"BreadcrumbList","@id":"https:\/\/veritasinfo.org\/?p=7774#breadcrumb","itemListElement":[{"@type":"ListItem","position":1,"name":"Home","item":"https:\/\/veritasinfo.org\/"},{"@type":"ListItem","position":2,"name":"Fundi i monopolit t\u00eb List\u00ebs Serbe? Qytetar\u00ebt e Mitrovic\u00ebs s\u00eb Veriut k\u00ebrkojn\u00eb opsione t\u00eb reja"}]},{"@type":"WebSite","@id":"https:\/\/veritasinfo.org\/#website","url":"https:\/\/veritasinfo.org\/","name":"","description":"","potentialAction":[{"@type":"SearchAction","target":{"@type":"EntryPoint","urlTemplate":"https:\/\/veritasinfo.org\/?s={search_term_string}"},"query-input":{"@type":"PropertyValueSpecification","valueRequired":true,"valueName":"search_term_string"}}],"inLanguage":"en-US"},{"@type":"Person","@id":"https:\/\/veritasinfo.org\/#\/schema\/person\/7701f8c088bece422266b100a712374f","name":"admin","image":{"@type":"ImageObject","inLanguage":"en-US","@id":"https:\/\/veritasinfo.org\/#\/schema\/person\/image\/","url":"https:\/\/secure.gravatar.com\/avatar\/ea53aa3bf6c9a12d5fde8ce4deff43fef3885ae33cf60184161a50d6987cfd2f?s=96&d=mm&r=g","contentUrl":"https:\/\/secure.gravatar.com\/avatar\/ea53aa3bf6c9a12d5fde8ce4deff43fef3885ae33cf60184161a50d6987cfd2f?s=96&d=mm&r=g","caption":"admin"},"sameAs":["https:\/\/veritasinfo.org"],"url":"https:\/\/veritasinfo.org\/?author=1"}]}},"featured_image_urls":{"full":["https:\/\/veritasinfo.org\/wp-content\/uploads\/2025\/08\/FB_IMG_1755002384501.jpg",2048,1496,false],"thumbnail":["https:\/\/veritasinfo.org\/wp-content\/uploads\/2025\/08\/FB_IMG_1755002384501-150x150.jpg",150,150,true],"medium":["https:\/\/veritasinfo.org\/wp-content\/uploads\/2025\/08\/FB_IMG_1755002384501-300x219.jpg",300,219,true],"medium_large":["https:\/\/veritasinfo.org\/wp-content\/uploads\/2025\/08\/FB_IMG_1755002384501-768x561.jpg",640,468,true],"large":["https:\/\/veritasinfo.org\/wp-content\/uploads\/2025\/08\/FB_IMG_1755002384501-1024x748.jpg",640,468,true],"1536x1536":["https:\/\/veritasinfo.org\/wp-content\/uploads\/2025\/08\/FB_IMG_1755002384501-1536x1122.jpg",1536,1122,true],"2048x2048":["https:\/\/veritasinfo.org\/wp-content\/uploads\/2025\/08\/FB_IMG_1755002384501.jpg",2048,1496,false],"kreeti-slider-full":["https:\/\/veritasinfo.org\/wp-content\/uploads\/2025\/08\/FB_IMG_1755002384501.jpg",986,720,false],"kreeti-featured":["https:\/\/veritasinfo.org\/wp-content\/uploads\/2025\/08\/FB_IMG_1755002384501.jpg",1024,748,false],"kreeti-medium":["https:\/\/veritasinfo.org\/wp-content\/uploads\/2025\/08\/FB_IMG_1755002384501.jpg",720,526,false],"kreeti-medium-square":["https:\/\/veritasinfo.org\/wp-content\/uploads\/2025\/08\/FB_IMG_1755002384501.jpg",350,256,false]},"author_info":{"info":["admin"]},"category_info":"<a href=\"https:\/\/veritasinfo.org\/?cat=58\" rel=\"category\">Politik\u00eb<\/a>","tag_info":"Politik\u00eb","comment_count":"0","_links":{"self":[{"href":"https:\/\/veritasinfo.org\/index.php?rest_route=\/wp\/v2\/posts\/7774","targetHints":{"allow":["GET"]}}],"collection":[{"href":"https:\/\/veritasinfo.org\/index.php?rest_route=\/wp\/v2\/posts"}],"about":[{"href":"https:\/\/veritasinfo.org\/index.php?rest_route=\/wp\/v2\/types\/post"}],"author":[{"embeddable":true,"href":"https:\/\/veritasinfo.org\/index.php?rest_route=\/wp\/v2\/users\/1"}],"replies":[{"embeddable":true,"href":"https:\/\/veritasinfo.org\/index.php?rest_route=%2Fwp%2Fv2%2Fcomments&post=7774"}],"version-history":[{"count":1,"href":"https:\/\/veritasinfo.org\/index.php?rest_route=\/wp\/v2\/posts\/7774\/revisions"}],"predecessor-version":[{"id":7775,"href":"https:\/\/veritasinfo.org\/index.php?rest_route=\/wp\/v2\/posts\/7774\/revisions\/7775"}],"wp:featuredmedia":[{"embeddable":true,"href":"https:\/\/veritasinfo.org\/index.php?rest_route=\/wp\/v2\/media\/7770"}],"wp:attachment":[{"href":"https:\/\/veritasinfo.org\/index.php?rest_route=%2Fwp%2Fv2%2Fmedia&parent=7774"}],"wp:term":[{"taxonomy":"category","embeddable":true,"href":"https:\/\/veritasinfo.org\/index.php?rest_route=%2Fwp%2Fv2%2Fcategories&post=7774"},{"taxonomy":"post_tag","embeddable":true,"href":"https:\/\/veritasinfo.org\/index.php?rest_route=%2Fwp%2Fv2%2Ftags&post=7774"}],"curies":[{"name":"wp","href":"https:\/\/api.w.org\/{rel}","templated":true}]}}