{"id":7732,"date":"2025-08-12T12:20:56","date_gmt":"2025-08-12T10:20:56","guid":{"rendered":"https:\/\/veritasinfo.org\/?p=7732"},"modified":"2025-08-12T12:20:56","modified_gmt":"2025-08-12T10:20:56","slug":"kurti-dogana-ka-qene-shtylle-e-sovranitetit-dhe-vije-e-pare-kunder-krimit","status":"publish","type":"post","link":"https:\/\/veritasinfo.org\/?p=7732","title":{"rendered":"Kurti: Dogana ka qen\u00eb shtyll\u00eb e sovranitetit dhe vij\u00eb e par\u00eb kund\u00ebr krimit"},"content":{"rendered":"<p style=\"text-align: left;\">Prishtin\u00eb, 12 Gusht 2025<\/p>\n<p><strong>Kryeministri n\u00eb detyr\u00eb, Albin Kurti, ka vler\u00ebsuar lart rolin e Dogan\u00ebs s\u00eb Kosov\u00ebs, n\u00eb ceremonin\u00eb e diplomimit t\u00eb oficer\u00ebve t\u00eb rinj doganor\u00eb dhe n\u00eb sh\u00ebnimin e 26-vjetorit t\u00eb themelimit t\u00eb k\u00ebtij institucioni.<\/strong><\/p>\n<p>&nbsp;<\/p>\n<p>N\u00eb fjal\u00ebn e tij, Kurti theksoi se Dogana e Kosov\u00ebs ka qen\u00eb m\u00eb shum\u00eb se nj\u00eb institucion fiskal.<\/p>\n<p>\u201cKa qen\u00eb shtyll\u00eb e mbrojtjes s\u00eb sovranitetit shtet\u00ebror, nj\u00eb mekaniz\u00ebm i domosdosh\u00ebm p\u00ebr sigurin\u00eb ekonomike dhe nj\u00eb vij\u00eb e par\u00eb kund\u00ebr kontraband\u00ebs, korrupsionit dhe krimit t\u00eb organizuar\u201d, deklaroi ai.<\/p>\n<p>Kurti kujtoi rrug\u00ebn e v\u00ebshtir\u00eb q\u00eb ka kaluar Dogana n\u00eb k\u00ebto 26 vite, p\u00ebrfshir\u00eb vitet pas luft\u00ebs, sfidat p\u00ebr konsolidimin e kufijve, si dhe sulmet n\u00eb veri t\u00eb vendit, ku pikat doganore jan\u00eb djegur dhe shkat\u00ebrruar nga grupe kriminale t\u00eb mb\u00ebshtetura nga Serbia.<\/p>\n<p>Ai nderoi sakrific\u00ebn e oficer\u00ebve policor\u00eb q\u00eb kan\u00eb dh\u00ebn\u00eb jet\u00ebn n\u00eb krye t\u00eb detyr\u00ebs.\u00a0\u201cDo t\u00eb kujtojm\u00eb gjithmon\u00eb heronjt\u00eb tan\u00eb\u00a0Enver Zymberi dhe rreshter Afrim Bunjaku\u201d, tha ai.<\/p>\n<p>Duke folur p\u00ebr rezultatet e pun\u00ebs s\u00eb Dogan\u00ebs, Kurti theksoi se n\u00ebn qeverisjen e tij jan\u00eb nd\u00ebrmarr\u00eb hapa t\u00eb qarta p\u00ebr forcimin e rendit dhe ligjit n\u00eb t\u00eb gjith\u00eb territorin, p\u00ebrfshir\u00eb edhe veriun e Mitrovic\u00ebs.<\/p>\n<p>\u201cRezultatet jan\u00eb t\u00eb dukshme\u00a0kemi rritje t\u00eb ndjeshme t\u00eb konfiskimeve, kontroll m\u00eb t\u00eb madh n\u00eb kufij dhe t\u00eb hyra rekord p\u00ebr shtetin\u201d, shtoi ai.<\/p>\n<p>Nd\u00ebrkaq, ministri n\u00eb detyr\u00eb i Financave, Pun\u00ebs dhe Transfereve, Hekuran Murati tha se Dogana e Kosov\u00ebs \u00ebsht\u00eb nj\u00ebra prej institucioneve ky\u00e7e n\u00eb vend dhe k\u00ebsisoj mund t\u00eb flitet p\u00ebr shum\u00eb suksese dhe t\u00eb arritura. \u201cKemi pasur rritje dyshifrore n\u00eb vazhdim\u00ebsi t\u00eb t\u00eb hyrave doganore pa ndryshuar ndonj\u00eb politik\u00eb fiskale. Kjo \u00ebsht\u00eb arritur fal\u00eb angazhimit t\u00eb oficer\u00ebve doganor\u00eb p\u00ebr ta luftuar kontraband\u00ebn dhe krimin e organizuar\u201d, tha Murati.<\/p>\n<p>Nj\u00eb tjer\u00ebt e arritur e k\u00ebtyre viteve sipas tij ka qen\u00eb edhe kthimi i terminaleve doganore n\u00eb pron\u00ebsi t\u00eb shtetit. E kjo, sipas tij, e ka leht\u00ebsuar edhe koston financiare t\u00eb shum\u00eb bizneseve.<\/p>\n<p>E drejtori i Dogan\u00ebs s\u00eb Kosov\u00ebs, Agron Llugaliu, n\u00eb fjal\u00ebn e tij gjat\u00eb ceremonis\u00eb, theksoi aspektet ky\u00e7e t\u00eb pun\u00ebs s\u00eb institucionit q\u00eb drejton dhe t\u00eb arriturat p\u00ebrgjat\u00eb viteve. Ai shprehu mir\u00ebnjohje p\u00ebr t\u00eb gjith\u00eb punonj\u00ebsit e Dogan\u00ebs, duke i vler\u00ebsuar p\u00ebr pun\u00ebn me integritet dhe p\u00ebrkushtim.<\/p>\n<p>\u201cDogana \u00ebsht\u00eb orientuar drejt praktikave evropiane, duke ndjekur standardet e Bashkimit Evropian n\u00eb funksionimin e saj\u201d, tha Llugaliu.Ai kujtoi se n\u00eb fillimet e pasluft\u00ebs, institucioni \u00ebsht\u00eb p\u00ebrballur me sfida serioze, p\u00ebrfshir\u00eb munges\u00ebn e sundimit t\u00eb ligjit dhe shfaqjen e krimit t\u00eb organizuar.<\/p>\n<p>\u201cMe bashk\u00ebpunim institucional, kemi arritur t\u00eb neutralizojm\u00eb grupe t\u00eb fuqishme t\u00eb krimit t\u00eb organizuar n\u00eb gjith\u00eb territorin e Kosov\u00ebs. Megjithat\u00eb, pjesa veriore e Mitrovic\u00ebs ka vazhduar t\u00eb jet\u00eb sfiduese deri n\u00eb vitet e fundit\u201d, theksoi Llugaliu.<\/p>\n<p>Ai shtoi se fal\u00eb veprimeve konkrete n\u00eb veri t\u00eb Mitrovic\u00ebs \u00ebsht\u00eb arritur rikthimi i funksionalitetit t\u00eb plot\u00eb t\u00eb shtetit n\u00eb gjith\u00eb territorin e Kosov\u00ebs.Llugaliu p\u00ebrmendi gjithashtu rritjen e t\u00eb hyrave dhe luft\u00ebn e pand\u00ebrprer\u00eb kund\u00ebr ekonomis\u00eb informale.<\/p>\n<p>\u201cQ\u00eb nga themelimi, Dogana e Kosov\u00ebs ka mbledhur rreth 22 miliard\u00eb euro. Nd\u00ebrsa, k\u00ebt\u00eb vit pritet q\u00eb, p\u00ebr her\u00eb t\u00eb par\u00eb, t\u00eb tejkalohen dy miliard\u00eb euro t\u00eb hyra brenda nj\u00eb viti fiskal\u201d, deklaroi ai.<\/p>\n<p>&nbsp;<\/p>\n","protected":false},"excerpt":{"rendered":"<p>Prishtin\u00eb, 12 Gusht 2025 Kryeministri n\u00eb detyr\u00eb, Albin Kurti, ka vler\u00ebsuar lart rolin e Dogan\u00ebs s\u00eb Kosov\u00ebs, n\u00eb ceremonin\u00eb e diplomimit t\u00eb oficer\u00ebve t\u00eb rinj<\/p>\n","protected":false},"author":1,"featured_media":7733,"comment_status":"open","ping_status":"open","sticky":false,"template":"","format":"standard","meta":{"footnotes":""},"categories":[60],"tags":[],"class_list":["post-7732","post","type-post","status-publish","format-standard","has-post-thumbnail","hentry","category-shoqerore-sq"],"yoast_head":"<!-- This site is optimized with the Yoast SEO plugin v25.3.1 - https:\/\/yoast.com\/wordpress\/plugins\/seo\/ -->\n<title>Kurti: Dogana ka qen\u00eb shtyll\u00eb e sovranitetit dhe vij\u00eb e par\u00eb kund\u00ebr krimit -<\/title>\n<meta name=\"robots\" content=\"index, follow, max-snippet:-1, max-image-preview:large, max-video-preview:-1\" \/>\n<link rel=\"canonical\" href=\"https:\/\/veritasinfo.org\/?p=7732\" \/>\n<meta property=\"og:locale\" content=\"en_US\" \/>\n<meta property=\"og:type\" content=\"article\" \/>\n<meta property=\"og:title\" content=\"Kurti: Dogana ka qen\u00eb shtyll\u00eb e sovranitetit dhe vij\u00eb e par\u00eb kund\u00ebr krimit -\" \/>\n<meta property=\"og:description\" content=\"Prishtin\u00eb, 12 Gusht 2025 Kryeministri n\u00eb detyr\u00eb, Albin Kurti, ka vler\u00ebsuar lart rolin e Dogan\u00ebs s\u00eb Kosov\u00ebs, n\u00eb ceremonin\u00eb e diplomimit t\u00eb oficer\u00ebve t\u00eb rinj\" \/>\n<meta property=\"og:url\" content=\"https:\/\/veritasinfo.org\/?p=7732\" \/>\n<meta property=\"article:published_time\" content=\"2025-08-12T10:20:56+00:00\" \/>\n<meta property=\"og:image\" content=\"https:\/\/veritasinfo.org\/wp-content\/uploads\/2025\/08\/IMG_2943.jpeg\" \/>\n\t<meta property=\"og:image:width\" content=\"1080\" \/>\n\t<meta property=\"og:image:height\" content=\"608\" \/>\n\t<meta property=\"og:image:type\" content=\"image\/jpeg\" \/>\n<meta name=\"author\" content=\"admin\" \/>\n<meta name=\"twitter:card\" content=\"summary_large_image\" \/>\n<meta name=\"twitter:label1\" content=\"Written by\" \/>\n\t<meta name=\"twitter:data1\" content=\"admin\" \/>\n\t<meta name=\"twitter:label2\" content=\"Est. reading time\" \/>\n\t<meta name=\"twitter:data2\" content=\"3 minutes\" \/>\n<script type=\"application\/ld+json\" class=\"yoast-schema-graph\">{\"@context\":\"https:\/\/schema.org\",\"@graph\":[{\"@type\":\"WebPage\",\"@id\":\"https:\/\/veritasinfo.org\/?p=7732\",\"url\":\"https:\/\/veritasinfo.org\/?p=7732\",\"name\":\"Kurti: Dogana ka qen\u00eb shtyll\u00eb e sovranitetit dhe vij\u00eb e par\u00eb kund\u00ebr krimit -\",\"isPartOf\":{\"@id\":\"https:\/\/veritasinfo.org\/#website\"},\"primaryImageOfPage\":{\"@id\":\"https:\/\/veritasinfo.org\/?p=7732#primaryimage\"},\"image\":{\"@id\":\"https:\/\/veritasinfo.org\/?p=7732#primaryimage\"},\"thumbnailUrl\":\"https:\/\/veritasinfo.org\/wp-content\/uploads\/2025\/08\/IMG_2943.jpeg\",\"datePublished\":\"2025-08-12T10:20:56+00:00\",\"author\":{\"@id\":\"https:\/\/veritasinfo.org\/#\/schema\/person\/7701f8c088bece422266b100a712374f\"},\"breadcrumb\":{\"@id\":\"https:\/\/veritasinfo.org\/?p=7732#breadcrumb\"},\"inLanguage\":\"en-US\",\"potentialAction\":[{\"@type\":\"ReadAction\",\"target\":[\"https:\/\/veritasinfo.org\/?p=7732\"]}]},{\"@type\":\"ImageObject\",\"inLanguage\":\"en-US\",\"@id\":\"https:\/\/veritasinfo.org\/?p=7732#primaryimage\",\"url\":\"https:\/\/veritasinfo.org\/wp-content\/uploads\/2025\/08\/IMG_2943.jpeg\",\"contentUrl\":\"https:\/\/veritasinfo.org\/wp-content\/uploads\/2025\/08\/IMG_2943.jpeg\",\"width\":1080,\"height\":608},{\"@type\":\"BreadcrumbList\",\"@id\":\"https:\/\/veritasinfo.org\/?p=7732#breadcrumb\",\"itemListElement\":[{\"@type\":\"ListItem\",\"position\":1,\"name\":\"Home\",\"item\":\"https:\/\/veritasinfo.org\/\"},{\"@type\":\"ListItem\",\"position\":2,\"name\":\"Kurti: Dogana ka qen\u00eb shtyll\u00eb e sovranitetit dhe vij\u00eb e par\u00eb kund\u00ebr krimit\"}]},{\"@type\":\"WebSite\",\"@id\":\"https:\/\/veritasinfo.org\/#website\",\"url\":\"https:\/\/veritasinfo.org\/\",\"name\":\"\",\"description\":\"\",\"potentialAction\":[{\"@type\":\"SearchAction\",\"target\":{\"@type\":\"EntryPoint\",\"urlTemplate\":\"https:\/\/veritasinfo.org\/?s={search_term_string}\"},\"query-input\":{\"@type\":\"PropertyValueSpecification\",\"valueRequired\":true,\"valueName\":\"search_term_string\"}}],\"inLanguage\":\"en-US\"},{\"@type\":\"Person\",\"@id\":\"https:\/\/veritasinfo.org\/#\/schema\/person\/7701f8c088bece422266b100a712374f\",\"name\":\"admin\",\"image\":{\"@type\":\"ImageObject\",\"inLanguage\":\"en-US\",\"@id\":\"https:\/\/veritasinfo.org\/#\/schema\/person\/image\/\",\"url\":\"https:\/\/secure.gravatar.com\/avatar\/ea53aa3bf6c9a12d5fde8ce4deff43fef3885ae33cf60184161a50d6987cfd2f?s=96&d=mm&r=g\",\"contentUrl\":\"https:\/\/secure.gravatar.com\/avatar\/ea53aa3bf6c9a12d5fde8ce4deff43fef3885ae33cf60184161a50d6987cfd2f?s=96&d=mm&r=g\",\"caption\":\"admin\"},\"sameAs\":[\"https:\/\/veritasinfo.org\"],\"url\":\"https:\/\/veritasinfo.org\/?author=1\"}]}<\/script>\n<!-- \/ Yoast SEO plugin. -->","yoast_head_json":{"title":"Kurti: Dogana ka qen\u00eb shtyll\u00eb e sovranitetit dhe vij\u00eb e par\u00eb kund\u00ebr krimit -","robots":{"index":"index","follow":"follow","max-snippet":"max-snippet:-1","max-image-preview":"max-image-preview:large","max-video-preview":"max-video-preview:-1"},"canonical":"https:\/\/veritasinfo.org\/?p=7732","og_locale":"en_US","og_type":"article","og_title":"Kurti: Dogana ka qen\u00eb shtyll\u00eb e sovranitetit dhe vij\u00eb e par\u00eb kund\u00ebr krimit -","og_description":"Prishtin\u00eb, 12 Gusht 2025 Kryeministri n\u00eb detyr\u00eb, Albin Kurti, ka vler\u00ebsuar lart rolin e Dogan\u00ebs s\u00eb Kosov\u00ebs, n\u00eb ceremonin\u00eb e diplomimit t\u00eb oficer\u00ebve t\u00eb rinj","og_url":"https:\/\/veritasinfo.org\/?p=7732","article_published_time":"2025-08-12T10:20:56+00:00","og_image":[{"width":1080,"height":608,"url":"https:\/\/veritasinfo.org\/wp-content\/uploads\/2025\/08\/IMG_2943.jpeg","type":"image\/jpeg"}],"author":"admin","twitter_card":"summary_large_image","twitter_misc":{"Written by":"admin","Est. reading time":"3 minutes"},"schema":{"@context":"https:\/\/schema.org","@graph":[{"@type":"WebPage","@id":"https:\/\/veritasinfo.org\/?p=7732","url":"https:\/\/veritasinfo.org\/?p=7732","name":"Kurti: Dogana ka qen\u00eb shtyll\u00eb e sovranitetit dhe vij\u00eb e par\u00eb kund\u00ebr krimit -","isPartOf":{"@id":"https:\/\/veritasinfo.org\/#website"},"primaryImageOfPage":{"@id":"https:\/\/veritasinfo.org\/?p=7732#primaryimage"},"image":{"@id":"https:\/\/veritasinfo.org\/?p=7732#primaryimage"},"thumbnailUrl":"https:\/\/veritasinfo.org\/wp-content\/uploads\/2025\/08\/IMG_2943.jpeg","datePublished":"2025-08-12T10:20:56+00:00","author":{"@id":"https:\/\/veritasinfo.org\/#\/schema\/person\/7701f8c088bece422266b100a712374f"},"breadcrumb":{"@id":"https:\/\/veritasinfo.org\/?p=7732#breadcrumb"},"inLanguage":"en-US","potentialAction":[{"@type":"ReadAction","target":["https:\/\/veritasinfo.org\/?p=7732"]}]},{"@type":"ImageObject","inLanguage":"en-US","@id":"https:\/\/veritasinfo.org\/?p=7732#primaryimage","url":"https:\/\/veritasinfo.org\/wp-content\/uploads\/2025\/08\/IMG_2943.jpeg","contentUrl":"https:\/\/veritasinfo.org\/wp-content\/uploads\/2025\/08\/IMG_2943.jpeg","width":1080,"height":608},{"@type":"BreadcrumbList","@id":"https:\/\/veritasinfo.org\/?p=7732#breadcrumb","itemListElement":[{"@type":"ListItem","position":1,"name":"Home","item":"https:\/\/veritasinfo.org\/"},{"@type":"ListItem","position":2,"name":"Kurti: Dogana ka qen\u00eb shtyll\u00eb e sovranitetit dhe vij\u00eb e par\u00eb kund\u00ebr krimit"}]},{"@type":"WebSite","@id":"https:\/\/veritasinfo.org\/#website","url":"https:\/\/veritasinfo.org\/","name":"","description":"","potentialAction":[{"@type":"SearchAction","target":{"@type":"EntryPoint","urlTemplate":"https:\/\/veritasinfo.org\/?s={search_term_string}"},"query-input":{"@type":"PropertyValueSpecification","valueRequired":true,"valueName":"search_term_string"}}],"inLanguage":"en-US"},{"@type":"Person","@id":"https:\/\/veritasinfo.org\/#\/schema\/person\/7701f8c088bece422266b100a712374f","name":"admin","image":{"@type":"ImageObject","inLanguage":"en-US","@id":"https:\/\/veritasinfo.org\/#\/schema\/person\/image\/","url":"https:\/\/secure.gravatar.com\/avatar\/ea53aa3bf6c9a12d5fde8ce4deff43fef3885ae33cf60184161a50d6987cfd2f?s=96&d=mm&r=g","contentUrl":"https:\/\/secure.gravatar.com\/avatar\/ea53aa3bf6c9a12d5fde8ce4deff43fef3885ae33cf60184161a50d6987cfd2f?s=96&d=mm&r=g","caption":"admin"},"sameAs":["https:\/\/veritasinfo.org"],"url":"https:\/\/veritasinfo.org\/?author=1"}]}},"featured_image_urls":{"full":["https:\/\/veritasinfo.org\/wp-content\/uploads\/2025\/08\/IMG_2943.jpeg",1080,608,false],"thumbnail":["https:\/\/veritasinfo.org\/wp-content\/uploads\/2025\/08\/IMG_2943-150x150.jpeg",150,150,true],"medium":["https:\/\/veritasinfo.org\/wp-content\/uploads\/2025\/08\/IMG_2943-300x169.jpeg",300,169,true],"medium_large":["https:\/\/veritasinfo.org\/wp-content\/uploads\/2025\/08\/IMG_2943-768x432.jpeg",640,360,true],"large":["https:\/\/veritasinfo.org\/wp-content\/uploads\/2025\/08\/IMG_2943-1024x576.jpeg",640,360,true],"1536x1536":["https:\/\/veritasinfo.org\/wp-content\/uploads\/2025\/08\/IMG_2943.jpeg",1080,608,false],"2048x2048":["https:\/\/veritasinfo.org\/wp-content\/uploads\/2025\/08\/IMG_2943.jpeg",1080,608,false],"kreeti-slider-full":["https:\/\/veritasinfo.org\/wp-content\/uploads\/2025\/08\/IMG_2943.jpeg",1080,608,false],"kreeti-featured":["https:\/\/veritasinfo.org\/wp-content\/uploads\/2025\/08\/IMG_2943.jpeg",1024,576,false],"kreeti-medium":["https:\/\/veritasinfo.org\/wp-content\/uploads\/2025\/08\/IMG_2943.jpeg",720,405,false],"kreeti-medium-square":["https:\/\/veritasinfo.org\/wp-content\/uploads\/2025\/08\/IMG_2943.jpeg",350,197,false]},"author_info":{"info":["admin"]},"category_info":"<a href=\"https:\/\/veritasinfo.org\/?cat=60\" rel=\"category\">Shoq\u00ebrore<\/a>","tag_info":"Shoq\u00ebrore","comment_count":"0","_links":{"self":[{"href":"https:\/\/veritasinfo.org\/index.php?rest_route=\/wp\/v2\/posts\/7732","targetHints":{"allow":["GET"]}}],"collection":[{"href":"https:\/\/veritasinfo.org\/index.php?rest_route=\/wp\/v2\/posts"}],"about":[{"href":"https:\/\/veritasinfo.org\/index.php?rest_route=\/wp\/v2\/types\/post"}],"author":[{"embeddable":true,"href":"https:\/\/veritasinfo.org\/index.php?rest_route=\/wp\/v2\/users\/1"}],"replies":[{"embeddable":true,"href":"https:\/\/veritasinfo.org\/index.php?rest_route=%2Fwp%2Fv2%2Fcomments&post=7732"}],"version-history":[{"count":1,"href":"https:\/\/veritasinfo.org\/index.php?rest_route=\/wp\/v2\/posts\/7732\/revisions"}],"predecessor-version":[{"id":7734,"href":"https:\/\/veritasinfo.org\/index.php?rest_route=\/wp\/v2\/posts\/7732\/revisions\/7734"}],"wp:featuredmedia":[{"embeddable":true,"href":"https:\/\/veritasinfo.org\/index.php?rest_route=\/wp\/v2\/media\/7733"}],"wp:attachment":[{"href":"https:\/\/veritasinfo.org\/index.php?rest_route=%2Fwp%2Fv2%2Fmedia&parent=7732"}],"wp:term":[{"taxonomy":"category","embeddable":true,"href":"https:\/\/veritasinfo.org\/index.php?rest_route=%2Fwp%2Fv2%2Fcategories&post=7732"},{"taxonomy":"post_tag","embeddable":true,"href":"https:\/\/veritasinfo.org\/index.php?rest_route=%2Fwp%2Fv2%2Ftags&post=7732"}],"curies":[{"name":"wp","href":"https:\/\/api.w.org\/{rel}","templated":true}]}}