{"id":7714,"date":"2025-08-12T08:51:58","date_gmt":"2025-08-12T06:51:58","guid":{"rendered":"https:\/\/veritasinfo.org\/?p=7714"},"modified":"2025-08-12T08:51:58","modified_gmt":"2025-08-12T06:51:58","slug":"slikar-dardania-ka-promociji-albanske-umetnosti-u-miluzu","status":"publish","type":"post","link":"https:\/\/veritasinfo.org\/?p=7714&lang=sr","title":{"rendered":"Slikar Dardania ka promociji albanske umetnosti u Miluzu"},"content":{"rendered":"<p>Pri\u0161tina, 12. avgust 2025.<\/p>\n<p>Svojim vizuelnim umetni\u010dkim radom, umetnik sa Kosova Rame Dardania jo\u0161 jednom uspeva da unapredi predstavljanje Albanaca na me\u0111unarodnoj sceni. Muzej i Galerija savremene umetnosti \u201eDan Gerbo\u201c u Miluzu (Francuska) 5. septembra ugosti\u0107e Dardaniju, koji \u0107e predstaviti svoj jedinstveni opus kroz samostalnu izlo\u017ebu. Muzej raspola\u017ee posebnim prostorom namenjenim izlo\u017ebama, u kojem se tokom godine predstavlja rad 12 umetnika iz sveta. Za mesec septembar odabran je slikar sa Kosova, koji \u017eivi i radi u \u017denevi.<\/p>\n<p>Njegova karijera u slikarstvu zapo\u010dela je 2006. godine, kada se preselio u \u017denevu. Kao umetnik u Evropi, u svom radu spaja boje i forme koje prevazilaze granice konformizma. Otvaranje izlo\u017ebe zakazano je za 5. septembar i o\u010dekuje se topla, prijatna atmosfera za ljubitelje umetnosti i predstavnike medija. Lokalna \u0161tampa i kriti\u010dari ve\u0107 su izrazili pozitivna o\u010dekivanja, ocenjuju\u0107i ovaj doga\u0111aj kao zna\u010dajan trenutak u kulturnom kalendaru Miluza.<\/p>\n<p>Izlo\u017eba, koja \u0107e za publiku i umetni\u010dku zajednicu biti otvorena od 1. do 30. septembra, fokusira\u0107e se na istra\u017eivanje slika i emocija, koriste\u0107i lica i apstraktne forme kao umetni\u010dki jezik za preno\u0161enje dubokih i univerzalnih poruka. Ova postavka odra\u017eava umetni\u010dko i emotivno putovanje koje ima za cilj da pove\u017ee posetioce sa razli\u010ditim dimenzijama ljudskog iskustva.<\/p>\n<p>\u201eIzlo\u017eba \u0107e obuhvatiti slike i portrete u mom jedinstvenom stilu \u2013 lica razli\u010ditih izraza, patni\u010dka, umorna, ali i radosna \u2013 koja oslikavaju razna emotivna stanja i ljudska iskustva. Svako delo je vizuelna pri\u010da, bez pisanog teksta, ali sa pri\u010dama koje se ose\u0107aju kroz izraze i boje\u201c, rekao je Ram\u00eb Dardania.<\/p>\n<p>Njegove slike prikazuju tanku liniju izme\u0111u vidljivog i skrivenog, ostavljaju\u0107i prostor za li\u010dnu interpretaciju. U zavisnosti od posmatra\u010da, umetnik \u2013 kroz tehnike, forme i boje koje bira \u2013 prenosi poruke koje jasno odra\u017eavaju ljudske emocije. U\u010de\u0161\u0107e na ovoj izlo\u017ebi za njega je i prilika da albansku umetnost predstavi na me\u0111unarodnoj sceni, donose\u0107i svoj glas i viziju u globalni kontekst.<\/p>\n<p>\u201ePosebno je zna\u010dajno \u0161to sam ove radove uglavnom naslikao na Kosovu, u svom rodnom selu Ko\u0161are, tokom letnjeg odmora, u dvori\u0161tu ku\u0107e u kojoj sam odrastao. Oni nose energiju, se\u0107anja i atmosferu mog zavi\u010daja, \u0161to im daje emocionalni i autenti\u010dni naboj koji retko nalazim u ranijim radovima\u201c, istakao je Dardania, koji je u januaru pro\u0161le godine izlagao u galeriji savremene umetnosti \u201eMedina Art Gallery\u201c u Rimu.<\/p>\n<p>Kao multidisciplinarni umetnik, razvija posebnu praksu koja obuhvata slikarstvo, performans i video. Dijalog izme\u0111u pro\u0161losti i sada\u0161njosti inspiri\u0161e ga da koristi lica, emocije i likove iz igara kako bi obradio teme patnje, nade i radosti, stvaraju\u0107i otvoren i senzibilan umetni\u010dki univerzum. Istakao se na razli\u010ditim me\u0111unarodnim scenama \u2013 od Francuske do Sjedinjenih Ameri\u010dkih Dr\u017eava \u2013 i osvojio je vi\u0161e nagrada za svoja dela. U 2025. godini nagra\u0111en je od strane jednog muzeja.<\/p>\n<p>\u201eIzlaganje u prostoru u kome su predstavljeni i poznati me\u0111unarodni umetnici, me\u0111u kojima i Laura Chaplin, unuka \u010carlija \u010caplina, daje mi poseban ose\u0107aj ponosa i odgovornosti, jer ne predstavljam samo sebe, ve\u0107 i Kosovo i albansku umetnost na presti\u017enoj sceni\u201c, kazao je Dardania.<\/p>\n<p>Jo\u0161 jedna va\u017ena ta\u010dka u njegovom kalendaru bi\u0107e izlo\u017eba u \u017denevi, u umetni\u010dkoj ku\u0107i, kao i na jednom univerzitetu, posve\u0107ena temi nestalih u ratu na Kosovu. Nakon toga, u\u010destvova\u0107e i na drugim evropskim doga\u0111ajima, predstavljaju\u0107i sebe i Kosovo kroz umetnost.<\/p>\n<p>\u201eU narednim danima izlo\u017ei\u0107u u Umetni\u010dkoj ku\u0107i \u2018Gr\u00fctli\u2019 u \u017denevi, kao i na jednom univerzitetu na temu nestalih u ratu na Kosovu. Zatim \u0107u u\u010destvovati na Salonu umetnosti u Lozani, a najzna\u010dajniji projekat bi\u0107e izlo\u017eba na Fakultetu umetnosti u Solunu, gde \u0107u odr\u017eati i radionicu za studente, organizovanu od strane fondacije za umetnost \u2018Way\u2019\u201c, dodao je umetnik.<\/p>\n<p>Posle toga planira put u Tiranu \u201ena zajedni\u010dku izlo\u017ebu sa umetnicama iz Izraela i Rusije\u201c.<\/p>\n<p>Na ovom putovanju vidi sebe i kao ambasadora svoje zemlje. Pored promocije sopstvene umetnosti, pronalazi prostor i za promociju Kosova, zemlje iz koje, kako ka\u017ee, \u201ekulturni talasi izviru i tra\u017ee scenu da budu prikazani\u201c.<\/p>\n<p>\u201eTo je od \u017eivotnog zna\u010daja. Me\u0111unarodna promocija omogu\u0107ava albanskim umetnicima da predstave na\u0161e pri\u010de, kulturu i kreativnost van granica. To poma\u017ee ne samo li\u010dnom afirmisanju umetnika, ve\u0107 i stvaranju bogatije i istinitije slike albanske umetnosti u svetu\u201c, naglasio je Dardania.<\/p>\n<p>Njegov rad u oblasti figurativne umetnosti, zapo\u010det pre vi\u0161e godina, istakao se originalnim slikama koje, pored individualnosti umetnika, prenose i fragmente njegovog albanskog identiteta. Izlagao je u Milanu (\u201eArcadia Art Gallery\u201c), Bolonji, \u017denevi i Sarajevu.<\/p>\n","protected":false},"excerpt":{"rendered":"<p>Pri\u0161tina, 12. avgust 2025. Svojim vizuelnim umetni\u010dkim radom, umetnik sa Kosova Rame Dardania jo\u0161 jednom uspeva da unapredi predstavljanje Albanaca na me\u0111unarodnoj sceni. Muzej i<\/p>\n","protected":false},"author":1,"featured_media":7707,"comment_status":"open","ping_status":"open","sticky":false,"template":"","format":"standard","meta":{"footnotes":""},"categories":[34],"tags":[],"class_list":["post-7714","post","type-post","status-publish","format-standard","has-post-thumbnail","hentry","category-kultura"],"yoast_head":"<!-- This site is optimized with the Yoast SEO plugin v25.3.1 - https:\/\/yoast.com\/wordpress\/plugins\/seo\/ -->\n<title>Slikar Dardania ka promociji albanske umetnosti u Miluzu -<\/title>\n<meta name=\"robots\" content=\"index, follow, max-snippet:-1, max-image-preview:large, max-video-preview:-1\" \/>\n<link rel=\"canonical\" href=\"https:\/\/veritasinfo.org\/?p=7714&lang=sr\" \/>\n<meta property=\"og:locale\" content=\"en_US\" \/>\n<meta property=\"og:type\" content=\"article\" \/>\n<meta property=\"og:title\" content=\"Slikar Dardania ka promociji albanske umetnosti u Miluzu -\" \/>\n<meta property=\"og:description\" content=\"Pri\u0161tina, 12. avgust 2025. Svojim vizuelnim umetni\u010dkim radom, umetnik sa Kosova Rame Dardania jo\u0161 jednom uspeva da unapredi predstavljanje Albanaca na me\u0111unarodnoj sceni. Muzej i\" \/>\n<meta property=\"og:url\" content=\"https:\/\/veritasinfo.org\/?p=7714&amp;lang=sr\" \/>\n<meta property=\"article:published_time\" content=\"2025-08-12T06:51:58+00:00\" \/>\n<meta property=\"og:image\" content=\"https:\/\/veritasinfo.org\/wp-content\/uploads\/2025\/08\/IMG_2938.webp\" \/>\n\t<meta property=\"og:image:width\" content=\"917\" \/>\n\t<meta property=\"og:image:height\" content=\"689\" \/>\n\t<meta property=\"og:image:type\" content=\"image\/webp\" \/>\n<meta name=\"author\" content=\"admin\" \/>\n<meta name=\"twitter:card\" content=\"summary_large_image\" \/>\n<meta name=\"twitter:label1\" content=\"Written by\" \/>\n\t<meta name=\"twitter:data1\" content=\"admin\" \/>\n\t<meta name=\"twitter:label2\" content=\"Est. reading time\" \/>\n\t<meta name=\"twitter:data2\" content=\"4 minutes\" \/>\n<script type=\"application\/ld+json\" class=\"yoast-schema-graph\">{\"@context\":\"https:\/\/schema.org\",\"@graph\":[{\"@type\":\"WebPage\",\"@id\":\"https:\/\/veritasinfo.org\/?p=7714&lang=sr\",\"url\":\"https:\/\/veritasinfo.org\/?p=7714&lang=sr\",\"name\":\"Slikar Dardania ka promociji albanske umetnosti u Miluzu -\",\"isPartOf\":{\"@id\":\"https:\/\/veritasinfo.org\/#website\"},\"primaryImageOfPage\":{\"@id\":\"https:\/\/veritasinfo.org\/?p=7714&lang=sr#primaryimage\"},\"image\":{\"@id\":\"https:\/\/veritasinfo.org\/?p=7714&lang=sr#primaryimage\"},\"thumbnailUrl\":\"https:\/\/veritasinfo.org\/wp-content\/uploads\/2025\/08\/IMG_2938.webp\",\"datePublished\":\"2025-08-12T06:51:58+00:00\",\"author\":{\"@id\":\"https:\/\/veritasinfo.org\/#\/schema\/person\/7701f8c088bece422266b100a712374f\"},\"breadcrumb\":{\"@id\":\"https:\/\/veritasinfo.org\/?p=7714&lang=sr#breadcrumb\"},\"inLanguage\":\"en-US\",\"potentialAction\":[{\"@type\":\"ReadAction\",\"target\":[\"https:\/\/veritasinfo.org\/?p=7714&lang=sr\"]}]},{\"@type\":\"ImageObject\",\"inLanguage\":\"en-US\",\"@id\":\"https:\/\/veritasinfo.org\/?p=7714&lang=sr#primaryimage\",\"url\":\"https:\/\/veritasinfo.org\/wp-content\/uploads\/2025\/08\/IMG_2938.webp\",\"contentUrl\":\"https:\/\/veritasinfo.org\/wp-content\/uploads\/2025\/08\/IMG_2938.webp\",\"width\":917,\"height\":689},{\"@type\":\"BreadcrumbList\",\"@id\":\"https:\/\/veritasinfo.org\/?p=7714&lang=sr#breadcrumb\",\"itemListElement\":[{\"@type\":\"ListItem\",\"position\":1,\"name\":\"Home\",\"item\":\"https:\/\/veritasinfo.org\/\"},{\"@type\":\"ListItem\",\"position\":2,\"name\":\"Slikar Dardania ka promociji albanske umetnosti u Miluzu\"}]},{\"@type\":\"WebSite\",\"@id\":\"https:\/\/veritasinfo.org\/#website\",\"url\":\"https:\/\/veritasinfo.org\/\",\"name\":\"\",\"description\":\"\",\"potentialAction\":[{\"@type\":\"SearchAction\",\"target\":{\"@type\":\"EntryPoint\",\"urlTemplate\":\"https:\/\/veritasinfo.org\/?s={search_term_string}\"},\"query-input\":{\"@type\":\"PropertyValueSpecification\",\"valueRequired\":true,\"valueName\":\"search_term_string\"}}],\"inLanguage\":\"en-US\"},{\"@type\":\"Person\",\"@id\":\"https:\/\/veritasinfo.org\/#\/schema\/person\/7701f8c088bece422266b100a712374f\",\"name\":\"admin\",\"image\":{\"@type\":\"ImageObject\",\"inLanguage\":\"en-US\",\"@id\":\"https:\/\/veritasinfo.org\/#\/schema\/person\/image\/\",\"url\":\"https:\/\/secure.gravatar.com\/avatar\/ea53aa3bf6c9a12d5fde8ce4deff43fef3885ae33cf60184161a50d6987cfd2f?s=96&d=mm&r=g\",\"contentUrl\":\"https:\/\/secure.gravatar.com\/avatar\/ea53aa3bf6c9a12d5fde8ce4deff43fef3885ae33cf60184161a50d6987cfd2f?s=96&d=mm&r=g\",\"caption\":\"admin\"},\"sameAs\":[\"https:\/\/veritasinfo.org\"],\"url\":\"https:\/\/veritasinfo.org\/?author=1\"}]}<\/script>\n<!-- \/ Yoast SEO plugin. -->","yoast_head_json":{"title":"Slikar Dardania ka promociji albanske umetnosti u Miluzu -","robots":{"index":"index","follow":"follow","max-snippet":"max-snippet:-1","max-image-preview":"max-image-preview:large","max-video-preview":"max-video-preview:-1"},"canonical":"https:\/\/veritasinfo.org\/?p=7714&lang=sr","og_locale":"en_US","og_type":"article","og_title":"Slikar Dardania ka promociji albanske umetnosti u Miluzu -","og_description":"Pri\u0161tina, 12. avgust 2025. Svojim vizuelnim umetni\u010dkim radom, umetnik sa Kosova Rame Dardania jo\u0161 jednom uspeva da unapredi predstavljanje Albanaca na me\u0111unarodnoj sceni. Muzej i","og_url":"https:\/\/veritasinfo.org\/?p=7714&lang=sr","article_published_time":"2025-08-12T06:51:58+00:00","og_image":[{"width":917,"height":689,"url":"https:\/\/veritasinfo.org\/wp-content\/uploads\/2025\/08\/IMG_2938.webp","type":"image\/webp"}],"author":"admin","twitter_card":"summary_large_image","twitter_misc":{"Written by":"admin","Est. reading time":"4 minutes"},"schema":{"@context":"https:\/\/schema.org","@graph":[{"@type":"WebPage","@id":"https:\/\/veritasinfo.org\/?p=7714&lang=sr","url":"https:\/\/veritasinfo.org\/?p=7714&lang=sr","name":"Slikar Dardania ka promociji albanske umetnosti u Miluzu -","isPartOf":{"@id":"https:\/\/veritasinfo.org\/#website"},"primaryImageOfPage":{"@id":"https:\/\/veritasinfo.org\/?p=7714&lang=sr#primaryimage"},"image":{"@id":"https:\/\/veritasinfo.org\/?p=7714&lang=sr#primaryimage"},"thumbnailUrl":"https:\/\/veritasinfo.org\/wp-content\/uploads\/2025\/08\/IMG_2938.webp","datePublished":"2025-08-12T06:51:58+00:00","author":{"@id":"https:\/\/veritasinfo.org\/#\/schema\/person\/7701f8c088bece422266b100a712374f"},"breadcrumb":{"@id":"https:\/\/veritasinfo.org\/?p=7714&lang=sr#breadcrumb"},"inLanguage":"en-US","potentialAction":[{"@type":"ReadAction","target":["https:\/\/veritasinfo.org\/?p=7714&lang=sr"]}]},{"@type":"ImageObject","inLanguage":"en-US","@id":"https:\/\/veritasinfo.org\/?p=7714&lang=sr#primaryimage","url":"https:\/\/veritasinfo.org\/wp-content\/uploads\/2025\/08\/IMG_2938.webp","contentUrl":"https:\/\/veritasinfo.org\/wp-content\/uploads\/2025\/08\/IMG_2938.webp","width":917,"height":689},{"@type":"BreadcrumbList","@id":"https:\/\/veritasinfo.org\/?p=7714&lang=sr#breadcrumb","itemListElement":[{"@type":"ListItem","position":1,"name":"Home","item":"https:\/\/veritasinfo.org\/"},{"@type":"ListItem","position":2,"name":"Slikar Dardania ka promociji albanske umetnosti u Miluzu"}]},{"@type":"WebSite","@id":"https:\/\/veritasinfo.org\/#website","url":"https:\/\/veritasinfo.org\/","name":"","description":"","potentialAction":[{"@type":"SearchAction","target":{"@type":"EntryPoint","urlTemplate":"https:\/\/veritasinfo.org\/?s={search_term_string}"},"query-input":{"@type":"PropertyValueSpecification","valueRequired":true,"valueName":"search_term_string"}}],"inLanguage":"en-US"},{"@type":"Person","@id":"https:\/\/veritasinfo.org\/#\/schema\/person\/7701f8c088bece422266b100a712374f","name":"admin","image":{"@type":"ImageObject","inLanguage":"en-US","@id":"https:\/\/veritasinfo.org\/#\/schema\/person\/image\/","url":"https:\/\/secure.gravatar.com\/avatar\/ea53aa3bf6c9a12d5fde8ce4deff43fef3885ae33cf60184161a50d6987cfd2f?s=96&d=mm&r=g","contentUrl":"https:\/\/secure.gravatar.com\/avatar\/ea53aa3bf6c9a12d5fde8ce4deff43fef3885ae33cf60184161a50d6987cfd2f?s=96&d=mm&r=g","caption":"admin"},"sameAs":["https:\/\/veritasinfo.org"],"url":"https:\/\/veritasinfo.org\/?author=1"}]}},"featured_image_urls":{"full":["https:\/\/veritasinfo.org\/wp-content\/uploads\/2025\/08\/IMG_2938.webp",917,689,false],"thumbnail":["https:\/\/veritasinfo.org\/wp-content\/uploads\/2025\/08\/IMG_2938-150x150.webp",150,150,true],"medium":["https:\/\/veritasinfo.org\/wp-content\/uploads\/2025\/08\/IMG_2938-300x225.webp",300,225,true],"medium_large":["https:\/\/veritasinfo.org\/wp-content\/uploads\/2025\/08\/IMG_2938-768x577.webp",640,481,true],"large":["https:\/\/veritasinfo.org\/wp-content\/uploads\/2025\/08\/IMG_2938.webp",640,481,false],"1536x1536":["https:\/\/veritasinfo.org\/wp-content\/uploads\/2025\/08\/IMG_2938.webp",917,689,false],"2048x2048":["https:\/\/veritasinfo.org\/wp-content\/uploads\/2025\/08\/IMG_2938.webp",917,689,false],"kreeti-slider-full":["https:\/\/veritasinfo.org\/wp-content\/uploads\/2025\/08\/IMG_2938.webp",917,689,false],"kreeti-featured":["https:\/\/veritasinfo.org\/wp-content\/uploads\/2025\/08\/IMG_2938.webp",917,689,false],"kreeti-medium":["https:\/\/veritasinfo.org\/wp-content\/uploads\/2025\/08\/IMG_2938.webp",705,530,false],"kreeti-medium-square":["https:\/\/veritasinfo.org\/wp-content\/uploads\/2025\/08\/IMG_2938.webp",350,263,false]},"author_info":{"info":["admin"]},"category_info":"<a href=\"https:\/\/veritasinfo.org\/?cat=34&#038;lang=sr\" rel=\"category\">Kultura<\/a>","tag_info":"Kultura","comment_count":"0","_links":{"self":[{"href":"https:\/\/veritasinfo.org\/index.php?rest_route=\/wp\/v2\/posts\/7714","targetHints":{"allow":["GET"]}}],"collection":[{"href":"https:\/\/veritasinfo.org\/index.php?rest_route=\/wp\/v2\/posts"}],"about":[{"href":"https:\/\/veritasinfo.org\/index.php?rest_route=\/wp\/v2\/types\/post"}],"author":[{"embeddable":true,"href":"https:\/\/veritasinfo.org\/index.php?rest_route=\/wp\/v2\/users\/1"}],"replies":[{"embeddable":true,"href":"https:\/\/veritasinfo.org\/index.php?rest_route=%2Fwp%2Fv2%2Fcomments&post=7714"}],"version-history":[{"count":1,"href":"https:\/\/veritasinfo.org\/index.php?rest_route=\/wp\/v2\/posts\/7714\/revisions"}],"predecessor-version":[{"id":7716,"href":"https:\/\/veritasinfo.org\/index.php?rest_route=\/wp\/v2\/posts\/7714\/revisions\/7716"}],"wp:featuredmedia":[{"embeddable":true,"href":"https:\/\/veritasinfo.org\/index.php?rest_route=\/wp\/v2\/media\/7707"}],"wp:attachment":[{"href":"https:\/\/veritasinfo.org\/index.php?rest_route=%2Fwp%2Fv2%2Fmedia&parent=7714"}],"wp:term":[{"taxonomy":"category","embeddable":true,"href":"https:\/\/veritasinfo.org\/index.php?rest_route=%2Fwp%2Fv2%2Fcategories&post=7714"},{"taxonomy":"post_tag","embeddable":true,"href":"https:\/\/veritasinfo.org\/index.php?rest_route=%2Fwp%2Fv2%2Ftags&post=7714"}],"curies":[{"name":"wp","href":"https:\/\/api.w.org\/{rel}","templated":true}]}}